{"id":24178,"date":"2023-12-16T11:02:40","date_gmt":"2023-12-16T14:02:40","guid":{"rendered":"https:\/\/www.scuola.cl\/sivm\/?p=24178"},"modified":"2023-12-28T10:50:45","modified_gmt":"2023-12-28T13:50:45","slug":"final-coppa-babbo-cannoniere","status":"publish","type":"post","link":"https:\/\/www.scuola.cl\/sivm\/final-coppa-babbo-cannoniere\/","title":{"rendered":"Final Coppa Babbo Cannoniere"},"content":{"rendered":"\n<p><em>(Por <a href=\"https:\/\/www.instagram.com\/babbo_cannoniere_sivm\/?utm_source=ig_web_button_share_sheet&amp;igshid=OGQ5ZDc2ODk2ZA==\" target=\"_blank\" rel=\"noopener\">@babbo_cannoniere_sivm<\/a>)<\/em><\/p>\n<p>De la mejor manera cerramos esta temporada, tras una intensa y entretenida Copa, que gana equipos y adeptos a\u00f1o a a\u00f1o.<br \/>Con un gran marco de p\u00fablico y un ambiente familiar, se vivi\u00f3 el viernes 15 de diciembre la jornada de Finales, con 4 tremendos partidos, donde se definieron los Podios del Oro y la Plata.<\/p>\n<div><b><u>Copa Plata<\/u><\/b><\/div>\n<div>\u00a0<\/div>\n<div>1\u00b0 Lugar: Sportivo Peroni<\/div>\n<div>2\u00b0 Lugar: Strega FC<\/div>\n<div>3\u00b0 Lugar:\u00a0 AC Ragusa<\/div>\n<div>\u00a0<\/div>\n<div>\u00a0<\/div>\n<div><b><u>Copa de Oro<\/u><\/b><\/div>\n<div><b><u>\u00a0<\/u><\/b><\/div>\n<div>\n<div>1\u00b0 Lugar:\u00a0 Parrilleros<\/div>\n<div>2\u00b0 Lugar: Profesores<\/div>\n<div>3\u00b0 Lugar: Atl\u00e9tico Fatiga<\/div>\n<div>\u00a0<\/div>\n<\/div>\n<div>\u00a0<\/div>\n<div>Mejor jugador:\u00a0 Sebastian Pinto &#8211; Atl\u00e9tico\u00a0Fatiga<\/div>\n<div>Mejor Arquero:\u00a0 Italo Pellacani &#8211; Bud Spencer<\/div>\n<div>Goleador: Rodrigo Ernst &#8211; Parrilleros<\/div>\n<p><br \/><br \/>Felicitaciones a todos los equipos por sus destacadas participaciones:<\/p>\n<p>\u00a0Parrilleros\u00a0<a class=\"x1i10hfl xjbqb8w x6umtig x1b1mbwd xaqea5y xav7gou x9f619 x1ypdohk xt0psk2 xe8uvvx xdj266r x11i5rnm xat24cr x1mh8g0r xexx8yu x4uap5 x18d9i69 xkhd6sd x16tdsg8 x1hl2dhg xggy1nq x1a2a7pz notranslate _a6hd\" tabindex=\"0\" role=\"link\" href=\"https:\/\/www.instagram.com\/parrilleros_sivm\/?hl=es-la\">@parrilleros_sivm<\/a>\u00a0<br \/>&#8211; Profesores\u00a0<br \/>&#8211; Atl\u00e9tico Fatiga\u00a0<a class=\"x1i10hfl xjbqb8w x6umtig x1b1mbwd xaqea5y xav7gou x9f619 x1ypdohk xt0psk2 xe8uvvx xdj266r x11i5rnm xat24cr x1mh8g0r xexx8yu x4uap5 x18d9i69 xkhd6sd x16tdsg8 x1hl2dhg xggy1nq x1a2a7pz notranslate _a6hd\" tabindex=\"0\" role=\"link\" href=\"https:\/\/www.instagram.com\/atleticofatiga\/?hl=es-la\">@atleticofatiga<\/a>\u00a0<br \/>&#8211; Bestia Nera\u00a0<a class=\"x1i10hfl xjbqb8w x6umtig x1b1mbwd xaqea5y xav7gou x9f619 x1ypdohk xt0psk2 xe8uvvx xdj266r x11i5rnm xat24cr x1mh8g0r xexx8yu x4uap5 x18d9i69 xkhd6sd x16tdsg8 x1hl2dhg xggy1nq x1a2a7pz notranslate _a6hd\" tabindex=\"0\" role=\"link\" href=\"https:\/\/www.instagram.com\/bestianera_ac\/?hl=es-la\">@bestianera_ac<\/a>\u00a0<br \/>&#8211; Sportivo Peroni\u00a0<a class=\"x1i10hfl xjbqb8w x6umtig x1b1mbwd xaqea5y xav7gou x9f619 x1ypdohk xt0psk2 xe8uvvx xdj266r x11i5rnm xat24cr x1mh8g0r xexx8yu x4uap5 x18d9i69 xkhd6sd x16tdsg8 x1hl2dhg xggy1nq x1a2a7pz notranslate _a6hd\" tabindex=\"0\" role=\"link\" href=\"https:\/\/www.instagram.com\/sportivoperoni\/?hl=es-la\">@sportivoperoni<\/a>\u00a0<br \/>&#8211; Strega FC\u00a0<a class=\"x1i10hfl xjbqb8w x6umtig x1b1mbwd xaqea5y xav7gou x9f619 x1ypdohk xt0psk2 xe8uvvx xdj266r x11i5rnm xat24cr x1mh8g0r xexx8yu x4uap5 x18d9i69 xkhd6sd x16tdsg8 x1hl2dhg xggy1nq x1a2a7pz notranslate _a6hd\" tabindex=\"0\" role=\"link\" href=\"https:\/\/www.instagram.com\/strega_fc\/?hl=es-la\">@strega_fc<\/a>\u00a0<br \/>&#8211; Sportivo Bud Spencer\u00a0<a class=\"x1i10hfl xjbqb8w x6umtig x1b1mbwd xaqea5y xav7gou x9f619 x1ypdohk xt0psk2 xe8uvvx xdj266r x11i5rnm xat24cr x1mh8g0r xexx8yu x4uap5 x18d9i69 xkhd6sd x16tdsg8 x1hl2dhg xggy1nq x1a2a7pz notranslate _a6hd\" tabindex=\"0\" role=\"link\" href=\"https:\/\/www.instagram.com\/sportivobudspencer\/?hl=es-la\">@sportivobudspencer<\/a>\u00a0<br \/>&#8211; AC Ragusa\u00a0<a class=\"x1i10hfl xjbqb8w x6umtig x1b1mbwd xaqea5y xav7gou x9f619 x1ypdohk xt0psk2 xe8uvvx xdj266r x11i5rnm xat24cr x1mh8g0r xexx8yu x4uap5 x18d9i69 xkhd6sd x16tdsg8 x1hl2dhg xggy1nq x1a2a7pz notranslate _a6hd\" tabindex=\"0\" role=\"link\" href=\"https:\/\/www.instagram.com\/ac_ragusa\/?hl=es-la\">@ac_ragusa<\/a>\u00a0<br \/>&#8211; Carbonara\u00a0<br \/>&#8211; Mil\u00e1n PKC\u00a0<a class=\"x1i10hfl xjbqb8w x6umtig x1b1mbwd xaqea5y xav7gou x9f619 x1ypdohk xt0psk2 xe8uvvx xdj266r x11i5rnm xat24cr x1mh8g0r xexx8yu x4uap5 x18d9i69 xkhd6sd x16tdsg8 x1hl2dhg xggy1nq x1a2a7pz notranslate _a6hd\" tabindex=\"0\" role=\"link\" href=\"https:\/\/www.instagram.com\/milan.pkc\/?hl=es-la\">@milan.pkc<\/a>\u00a0<br \/>&#8211; Nido Prima AC\u00a0<br \/><br \/>S\u00f3lo queda agradecer, en primer lugar a la Scuola Italiana\u00a0 por permitir estas instancias de camarader\u00eda y deporte en familia. A Daniel Mu\u00f1oz y Jos\u00e9 Bustos, los Profesores que trabajaron por hacer posible este evento semana a semana. A Rodrigo Del Gaiso, que se la jug\u00f3 siempre por el grupo y por organizar el asado que disfrutamos en esta Final. Y a todos los equipos, jugadores, \u00e1rbitros, personal de la Scuola, familias y amigos por acompa\u00f1arnos y ser parte de este m\u00e1gico evento que queremos siga existiendo y creciendo siempre.<br \/><br \/>Hasta el 2024!<\/p>\n<p><a href=\"https:\/\/drive.google.com\/drive\/folders\/1njh8oaJ-SujJ5jw722iBHXJGJhlaMmmb?usp=sharing\" target=\"_blank\" rel=\"noopener\">Ver fotos<\/a><\/p>\n<p><img loading=\"lazy\" decoding=\"async\" class=\"alignnone wp-image-24238 size-large\" src=\"https:\/\/www.scuola.cl\/sivm\/wp-content\/uploads\/2023\/12\/Finale-Coppa-Babbo-Cannoniere-700x1657.jpg\" alt=\"\" width=\"433\" height=\"1024\" srcset=\"https:\/\/www.scuola.cl\/sivm\/wp-content\/uploads\/2023\/12\/Finale-Coppa-Babbo-Cannoniere-700x1657.jpg 700w, https:\/\/www.scuola.cl\/sivm\/wp-content\/uploads\/2023\/12\/Finale-Coppa-Babbo-Cannoniere-250x592.jpg 250w, https:\/\/www.scuola.cl\/sivm\/wp-content\/uploads\/2023\/12\/Finale-Coppa-Babbo-Cannoniere-768x1818.jpg 768w, https:\/\/www.scuola.cl\/sivm\/wp-content\/uploads\/2023\/12\/Finale-Coppa-Babbo-Cannoniere-649x1536.jpg 649w, https:\/\/www.scuola.cl\/sivm\/wp-content\/uploads\/2023\/12\/Finale-Coppa-Babbo-Cannoniere-120x284.jpg 120w, https:\/\/www.scuola.cl\/sivm\/wp-content\/uploads\/2023\/12\/Finale-Coppa-Babbo-Cannoniere.jpg 845w\" sizes=\"auto, (max-width: 433px) 100vw, 433px\" \/><\/p>\n","protected":false},"excerpt":{"rendered":"Con un gran p\u00fablico y un ambiente familiar, el 15 de diciembre se vivieron las finales del Torneo de Clausura de la Coppa Babbo Cannoniere, con 4 partidos donde se definieron los Podios del Oro y la Plata.","protected":false},"author":2,"featured_media":24181,"comment_status":"closed","ping_status":"closed","sticky":false,"template":"","format":"standard","meta":{"_acf_changed":false,"footnotes":""},"categories":[12,5],"tags":[],"class_list":["post-24178","post","type-post","status-publish","format-standard","has-post-thumbnail","hentry","category-deportes","category-noticias"],"acf":[],"yoast_head":"<!-- This site is optimized with the Yoast SEO plugin v27.1.1 - https:\/\/yoast.com\/product\/yoast-seo-wordpress\/ -->\n<title>Final Coppa Babbo Cannoniere - Scuola Italiana<\/title>\n<meta name=\"robots\" content=\"index, follow, max-snippet:-1, max-image-preview:large, max-video-preview:-1\" \/>\n<link rel=\"canonical\" href=\"https:\/\/www.scuola.cl\/sivm\/final-coppa-babbo-cannoniere\/\" \/>\n<meta property=\"og:locale\" content=\"es_ES\" \/>\n<meta property=\"og:type\" content=\"article\" \/>\n<meta property=\"og:title\" content=\"Final Coppa Babbo Cannoniere - Scuola Italiana\" \/>\n<meta property=\"og:description\" content=\"Con un gran p\u00fablico y un ambiente familiar, el 15 de diciembre se vivieron las finales del Torneo de Clausura de la Coppa Babbo Cannoniere, con 4 partidos donde se definieron los Podios del Oro y la Plata.\" \/>\n<meta property=\"og:url\" content=\"https:\/\/www.scuola.cl\/sivm\/final-coppa-babbo-cannoniere\/\" \/>\n<meta property=\"og:site_name\" content=\"Scuola Italiana\" \/>\n<meta property=\"article:published_time\" content=\"2023-12-16T14:02:40+00:00\" \/>\n<meta property=\"article:modified_time\" content=\"2023-12-28T13:50:45+00:00\" \/>\n<meta property=\"og:image\" content=\"https:\/\/www.scuola.cl\/sivm\/wp-content\/uploads\/2023\/12\/babbo-final-web.jpg\" \/>\n\t<meta property=\"og:image:width\" content=\"900\" \/>\n\t<meta property=\"og:image:height\" content=\"610\" \/>\n\t<meta property=\"og:image:type\" content=\"image\/jpeg\" \/>\n<meta name=\"author\" content=\"Comunicaciones\" \/>\n<meta name=\"twitter:card\" content=\"summary_large_image\" \/>\n<meta name=\"twitter:label1\" content=\"Escrito por\" \/>\n\t<meta name=\"twitter:data1\" content=\"Comunicaciones\" \/>\n\t<meta name=\"twitter:label2\" content=\"Tiempo de lectura\" \/>\n\t<meta name=\"twitter:data2\" content=\"2 minutos\" \/>\n<script type=\"application\/ld+json\" class=\"yoast-schema-graph\">{\"@context\":\"https:\/\/schema.org\",\"@graph\":[{\"@type\":\"Article\",\"@id\":\"https:\/\/www.scuola.cl\/sivm\/final-coppa-babbo-cannoniere\/#article\",\"isPartOf\":{\"@id\":\"https:\/\/www.scuola.cl\/sivm\/final-coppa-babbo-cannoniere\/\"},\"author\":{\"name\":\"Comunicaciones\",\"@id\":\"https:\/\/www.scuola.cl\/sivm\/#\/schema\/person\/2ac68abc1b548ee6d8e16c4d3727d1b2\"},\"headline\":\"Final Coppa Babbo Cannoniere\",\"datePublished\":\"2023-12-16T14:02:40+00:00\",\"dateModified\":\"2023-12-28T13:50:45+00:00\",\"mainEntityOfPage\":{\"@id\":\"https:\/\/www.scuola.cl\/sivm\/final-coppa-babbo-cannoniere\/\"},\"wordCount\":261,\"publisher\":{\"@id\":\"https:\/\/www.scuola.cl\/sivm\/#organization\"},\"image\":{\"@id\":\"https:\/\/www.scuola.cl\/sivm\/final-coppa-babbo-cannoniere\/#primaryimage\"},\"thumbnailUrl\":\"https:\/\/www.scuola.cl\/sivm\/wp-content\/uploads\/2023\/12\/babbo-final-web.jpg\",\"articleSection\":[\"Deportes\",\"Noticias\"],\"inLanguage\":\"es\"},{\"@type\":\"WebPage\",\"@id\":\"https:\/\/www.scuola.cl\/sivm\/final-coppa-babbo-cannoniere\/\",\"url\":\"https:\/\/www.scuola.cl\/sivm\/final-coppa-babbo-cannoniere\/\",\"name\":\"Final Coppa Babbo Cannoniere - Scuola Italiana\",\"isPartOf\":{\"@id\":\"https:\/\/www.scuola.cl\/sivm\/#website\"},\"primaryImageOfPage\":{\"@id\":\"https:\/\/www.scuola.cl\/sivm\/final-coppa-babbo-cannoniere\/#primaryimage\"},\"image\":{\"@id\":\"https:\/\/www.scuola.cl\/sivm\/final-coppa-babbo-cannoniere\/#primaryimage\"},\"thumbnailUrl\":\"https:\/\/www.scuola.cl\/sivm\/wp-content\/uploads\/2023\/12\/babbo-final-web.jpg\",\"datePublished\":\"2023-12-16T14:02:40+00:00\",\"dateModified\":\"2023-12-28T13:50:45+00:00\",\"breadcrumb\":{\"@id\":\"https:\/\/www.scuola.cl\/sivm\/final-coppa-babbo-cannoniere\/#breadcrumb\"},\"inLanguage\":\"es\",\"potentialAction\":[{\"@type\":\"ReadAction\",\"target\":[\"https:\/\/www.scuola.cl\/sivm\/final-coppa-babbo-cannoniere\/\"]}]},{\"@type\":\"ImageObject\",\"inLanguage\":\"es\",\"@id\":\"https:\/\/www.scuola.cl\/sivm\/final-coppa-babbo-cannoniere\/#primaryimage\",\"url\":\"https:\/\/www.scuola.cl\/sivm\/wp-content\/uploads\/2023\/12\/babbo-final-web.jpg\",\"contentUrl\":\"https:\/\/www.scuola.cl\/sivm\/wp-content\/uploads\/2023\/12\/babbo-final-web.jpg\",\"width\":900,\"height\":610},{\"@type\":\"BreadcrumbList\",\"@id\":\"https:\/\/www.scuola.cl\/sivm\/final-coppa-babbo-cannoniere\/#breadcrumb\",\"itemListElement\":[{\"@type\":\"ListItem\",\"position\":1,\"name\":\"Inicio\",\"item\":\"https:\/\/www.scuola.cl\/sivm\/\"},{\"@type\":\"ListItem\",\"position\":2,\"name\":\"Noticias\",\"item\":\"https:\/\/www.scuola.cl\/sivm\/category\/noticias\/\"},{\"@type\":\"ListItem\",\"position\":3,\"name\":\"Final Coppa Babbo Cannoniere\"}]},{\"@type\":\"WebSite\",\"@id\":\"https:\/\/www.scuola.cl\/sivm\/#website\",\"url\":\"https:\/\/www.scuola.cl\/sivm\/\",\"name\":\"Scuola Italiana\",\"description\":\"Vittorio Montiglio\",\"publisher\":{\"@id\":\"https:\/\/www.scuola.cl\/sivm\/#organization\"},\"potentialAction\":[{\"@type\":\"SearchAction\",\"target\":{\"@type\":\"EntryPoint\",\"urlTemplate\":\"https:\/\/www.scuola.cl\/sivm\/?s={search_term_string}\"},\"query-input\":{\"@type\":\"PropertyValueSpecification\",\"valueRequired\":true,\"valueName\":\"search_term_string\"}}],\"inLanguage\":\"es\"},{\"@type\":\"Organization\",\"@id\":\"https:\/\/www.scuola.cl\/sivm\/#organization\",\"name\":\"Scuola Italiana Vittorio Montiglio\",\"url\":\"https:\/\/www.scuola.cl\/sivm\/\",\"logo\":{\"@type\":\"ImageObject\",\"inLanguage\":\"es\",\"@id\":\"https:\/\/www.scuola.cl\/sivm\/#\/schema\/logo\/image\/\",\"url\":\"https:\/\/www.scuola.cl\/sivm\/wp-content\/uploads\/2019\/06\/Logo_Scuola-01-001-1000x1000.png\",\"contentUrl\":\"https:\/\/www.scuola.cl\/sivm\/wp-content\/uploads\/2019\/06\/Logo_Scuola-01-001-1000x1000.png\",\"width\":1000,\"height\":1000,\"caption\":\"Scuola Italiana Vittorio Montiglio\"},\"image\":{\"@id\":\"https:\/\/www.scuola.cl\/sivm\/#\/schema\/logo\/image\/\"}},{\"@type\":\"Person\",\"@id\":\"https:\/\/www.scuola.cl\/sivm\/#\/schema\/person\/2ac68abc1b548ee6d8e16c4d3727d1b2\",\"name\":\"Comunicaciones\",\"image\":{\"@type\":\"ImageObject\",\"inLanguage\":\"es\",\"@id\":\"https:\/\/www.scuola.cl\/sivm\/#\/schema\/person\/image\/\",\"url\":\"https:\/\/secure.gravatar.com\/avatar\/0b29fd7cdce1ec9939eded19ce85d6ed73acf03fb52d098b0641aed356fe6aeb?s=96&d=mm&r=g\",\"contentUrl\":\"https:\/\/secure.gravatar.com\/avatar\/0b29fd7cdce1ec9939eded19ce85d6ed73acf03fb52d098b0641aed356fe6aeb?s=96&d=mm&r=g\",\"caption\":\"Comunicaciones\"},\"url\":\"https:\/\/www.scuola.cl\/sivm\/author\/comunicaciones-scuola\/\"}]}<\/script>\n<!-- \/ Yoast SEO plugin. -->","yoast_head_json":{"title":"Final Coppa Babbo Cannoniere - Scuola Italiana","robots":{"index":"index","follow":"follow","max-snippet":"max-snippet:-1","max-image-preview":"max-image-preview:large","max-video-preview":"max-video-preview:-1"},"canonical":"https:\/\/www.scuola.cl\/sivm\/final-coppa-babbo-cannoniere\/","og_locale":"es_ES","og_type":"article","og_title":"Final Coppa Babbo Cannoniere - Scuola Italiana","og_description":"Con un gran p\u00fablico y un ambiente familiar, el 15 de diciembre se vivieron las finales del Torneo de Clausura de la Coppa Babbo Cannoniere, con 4 partidos donde se definieron los Podios del Oro y la Plata.","og_url":"https:\/\/www.scuola.cl\/sivm\/final-coppa-babbo-cannoniere\/","og_site_name":"Scuola Italiana","article_published_time":"2023-12-16T14:02:40+00:00","article_modified_time":"2023-12-28T13:50:45+00:00","og_image":[{"width":900,"height":610,"url":"https:\/\/www.scuola.cl\/sivm\/wp-content\/uploads\/2023\/12\/babbo-final-web.jpg","type":"image\/jpeg"}],"author":"Comunicaciones","twitter_card":"summary_large_image","twitter_misc":{"Escrito por":"Comunicaciones","Tiempo de lectura":"2 minutos"},"schema":{"@context":"https:\/\/schema.org","@graph":[{"@type":"Article","@id":"https:\/\/www.scuola.cl\/sivm\/final-coppa-babbo-cannoniere\/#article","isPartOf":{"@id":"https:\/\/www.scuola.cl\/sivm\/final-coppa-babbo-cannoniere\/"},"author":{"name":"Comunicaciones","@id":"https:\/\/www.scuola.cl\/sivm\/#\/schema\/person\/2ac68abc1b548ee6d8e16c4d3727d1b2"},"headline":"Final Coppa Babbo Cannoniere","datePublished":"2023-12-16T14:02:40+00:00","dateModified":"2023-12-28T13:50:45+00:00","mainEntityOfPage":{"@id":"https:\/\/www.scuola.cl\/sivm\/final-coppa-babbo-cannoniere\/"},"wordCount":261,"publisher":{"@id":"https:\/\/www.scuola.cl\/sivm\/#organization"},"image":{"@id":"https:\/\/www.scuola.cl\/sivm\/final-coppa-babbo-cannoniere\/#primaryimage"},"thumbnailUrl":"https:\/\/www.scuola.cl\/sivm\/wp-content\/uploads\/2023\/12\/babbo-final-web.jpg","articleSection":["Deportes","Noticias"],"inLanguage":"es"},{"@type":"WebPage","@id":"https:\/\/www.scuola.cl\/sivm\/final-coppa-babbo-cannoniere\/","url":"https:\/\/www.scuola.cl\/sivm\/final-coppa-babbo-cannoniere\/","name":"Final Coppa Babbo Cannoniere - Scuola Italiana","isPartOf":{"@id":"https:\/\/www.scuola.cl\/sivm\/#website"},"primaryImageOfPage":{"@id":"https:\/\/www.scuola.cl\/sivm\/final-coppa-babbo-cannoniere\/#primaryimage"},"image":{"@id":"https:\/\/www.scuola.cl\/sivm\/final-coppa-babbo-cannoniere\/#primaryimage"},"thumbnailUrl":"https:\/\/www.scuola.cl\/sivm\/wp-content\/uploads\/2023\/12\/babbo-final-web.jpg","datePublished":"2023-12-16T14:02:40+00:00","dateModified":"2023-12-28T13:50:45+00:00","breadcrumb":{"@id":"https:\/\/www.scuola.cl\/sivm\/final-coppa-babbo-cannoniere\/#breadcrumb"},"inLanguage":"es","potentialAction":[{"@type":"ReadAction","target":["https:\/\/www.scuola.cl\/sivm\/final-coppa-babbo-cannoniere\/"]}]},{"@type":"ImageObject","inLanguage":"es","@id":"https:\/\/www.scuola.cl\/sivm\/final-coppa-babbo-cannoniere\/#primaryimage","url":"https:\/\/www.scuola.cl\/sivm\/wp-content\/uploads\/2023\/12\/babbo-final-web.jpg","contentUrl":"https:\/\/www.scuola.cl\/sivm\/wp-content\/uploads\/2023\/12\/babbo-final-web.jpg","width":900,"height":610},{"@type":"BreadcrumbList","@id":"https:\/\/www.scuola.cl\/sivm\/final-coppa-babbo-cannoniere\/#breadcrumb","itemListElement":[{"@type":"ListItem","position":1,"name":"Inicio","item":"https:\/\/www.scuola.cl\/sivm\/"},{"@type":"ListItem","position":2,"name":"Noticias","item":"https:\/\/www.scuola.cl\/sivm\/category\/noticias\/"},{"@type":"ListItem","position":3,"name":"Final Coppa Babbo Cannoniere"}]},{"@type":"WebSite","@id":"https:\/\/www.scuola.cl\/sivm\/#website","url":"https:\/\/www.scuola.cl\/sivm\/","name":"Scuola Italiana","description":"Vittorio Montiglio","publisher":{"@id":"https:\/\/www.scuola.cl\/sivm\/#organization"},"potentialAction":[{"@type":"SearchAction","target":{"@type":"EntryPoint","urlTemplate":"https:\/\/www.scuola.cl\/sivm\/?s={search_term_string}"},"query-input":{"@type":"PropertyValueSpecification","valueRequired":true,"valueName":"search_term_string"}}],"inLanguage":"es"},{"@type":"Organization","@id":"https:\/\/www.scuola.cl\/sivm\/#organization","name":"Scuola Italiana Vittorio Montiglio","url":"https:\/\/www.scuola.cl\/sivm\/","logo":{"@type":"ImageObject","inLanguage":"es","@id":"https:\/\/www.scuola.cl\/sivm\/#\/schema\/logo\/image\/","url":"https:\/\/www.scuola.cl\/sivm\/wp-content\/uploads\/2019\/06\/Logo_Scuola-01-001-1000x1000.png","contentUrl":"https:\/\/www.scuola.cl\/sivm\/wp-content\/uploads\/2019\/06\/Logo_Scuola-01-001-1000x1000.png","width":1000,"height":1000,"caption":"Scuola Italiana Vittorio Montiglio"},"image":{"@id":"https:\/\/www.scuola.cl\/sivm\/#\/schema\/logo\/image\/"}},{"@type":"Person","@id":"https:\/\/www.scuola.cl\/sivm\/#\/schema\/person\/2ac68abc1b548ee6d8e16c4d3727d1b2","name":"Comunicaciones","image":{"@type":"ImageObject","inLanguage":"es","@id":"https:\/\/www.scuola.cl\/sivm\/#\/schema\/person\/image\/","url":"https:\/\/secure.gravatar.com\/avatar\/0b29fd7cdce1ec9939eded19ce85d6ed73acf03fb52d098b0641aed356fe6aeb?s=96&d=mm&r=g","contentUrl":"https:\/\/secure.gravatar.com\/avatar\/0b29fd7cdce1ec9939eded19ce85d6ed73acf03fb52d098b0641aed356fe6aeb?s=96&d=mm&r=g","caption":"Comunicaciones"},"url":"https:\/\/www.scuola.cl\/sivm\/author\/comunicaciones-scuola\/"}]}},"_links":{"self":[{"href":"https:\/\/www.scuola.cl\/sivm\/wp-json\/wp\/v2\/posts\/24178","targetHints":{"allow":["GET"]}}],"collection":[{"href":"https:\/\/www.scuola.cl\/sivm\/wp-json\/wp\/v2\/posts"}],"about":[{"href":"https:\/\/www.scuola.cl\/sivm\/wp-json\/wp\/v2\/types\/post"}],"author":[{"embeddable":true,"href":"https:\/\/www.scuola.cl\/sivm\/wp-json\/wp\/v2\/users\/2"}],"replies":[{"embeddable":true,"href":"https:\/\/www.scuola.cl\/sivm\/wp-json\/wp\/v2\/comments?post=24178"}],"version-history":[{"count":16,"href":"https:\/\/www.scuola.cl\/sivm\/wp-json\/wp\/v2\/posts\/24178\/revisions"}],"predecessor-version":[{"id":24267,"href":"https:\/\/www.scuola.cl\/sivm\/wp-json\/wp\/v2\/posts\/24178\/revisions\/24267"}],"wp:featuredmedia":[{"embeddable":true,"href":"https:\/\/www.scuola.cl\/sivm\/wp-json\/wp\/v2\/media\/24181"}],"wp:attachment":[{"href":"https:\/\/www.scuola.cl\/sivm\/wp-json\/wp\/v2\/media?parent=24178"}],"wp:term":[{"taxonomy":"category","embeddable":true,"href":"https:\/\/www.scuola.cl\/sivm\/wp-json\/wp\/v2\/categories?post=24178"},{"taxonomy":"post_tag","embeddable":true,"href":"https:\/\/www.scuola.cl\/sivm\/wp-json\/wp\/v2\/tags?post=24178"}],"curies":[{"name":"wp","href":"https:\/\/api.w.org\/{rel}","templated":true}]}}