{"id":23971,"date":"2023-11-26T17:43:30","date_gmt":"2023-11-26T20:43:30","guid":{"rendered":"https:\/\/www.scuola.cl\/sivm\/?p=23971"},"modified":"2023-11-28T17:44:11","modified_gmt":"2023-11-28T20:44:11","slug":"un-cierre-de-ano-victorioso","status":"publish","type":"post","link":"https:\/\/www.scuola.cl\/sivm\/un-cierre-de-ano-victorioso\/","title":{"rendered":"Un cierre de a\u00f1o victorioso"},"content":{"rendered":"\n<p>(Por\u00a0<a href=\"https:\/\/www.instagram.com\/deportes_sivm\/?utm_source=ig_web_button_share_sheet&amp;igshid=OGQ5ZDc2ODk2ZA==\" target=\"_blank\" rel=\"noopener\">@deportes_sivm<\/a>\u00a0)<\/p>\n<p>Para ir cerrando de a poco este gran a\u00f1o, la rama de B\u00e1squetbol de la Scuola tuvo un fin de semana con mucho movimiento.<\/p>\n<p>La categor\u00eda Infantil fue invitada al campeonato La Misi\u00f3n, una copa de 3 d\u00edas en el que participaron 6 equipos de Santiago y de regiones. Un torneo de buen nivel, donde nuestras chicas demostraron un gran trabajo en equipo, coron\u00e1ndose campeonas invictas!!<\/p>\n<p>Las locales y el equipo de Puerto Montt nos hicieron muy dif\u00edcil la tarea, pero las chicas ya ven\u00edan muy entrenadas y eso se vio reflejado en la cancha. Destacar que Dominique Cassis sali\u00f3 elegida la Mejor Jugadora y fue parte del \u201cequipo ideal\u201d del torneo.<\/p>\n<p>Por otro lado, se jug\u00f3 el 3\u00b0 Lugar Superior de la Copa de Oro en Libascopar, partido que se disput\u00f3 en nuestra Scuola y, si bien era un s\u00e1bado muy temprano, logr\u00f3 juntar mucho p\u00fablico (Gracias gracias gracias!). El colegio Alem\u00e1n DS, rival de toda la vida de esta generaci\u00f3n, fue un adversario muy duro y, despu\u00e9s de un partido no apto para card\u00edacos, ellas se quedaron con la victoria por un doble.<\/p>\n<p>Este fue el \u00faltimo partido oficial de nuestras gigantes de IV Medio quienes, durante su trayectoria deportiva, lograron muchas copas y mantuvieron siempre a la Scuola en los podios de las ligas escolares. Con mucho cari\u00f1o y agradecimiento, despedimos a: Sof\u00eda Conca (C), Rafaela Rienzi, Giulia Martini y Constanza Abarca.<\/p>\n<p>Felicitaciones a todas las deportistas de la Rama y gracias por todo \u201dpeque\u00f1as\u201d\u2026 hasta siempre!!<\/p>\n<p><img loading=\"lazy\" decoding=\"async\" class=\"alignnone wp-image-23974 size-large\" src=\"https:\/\/www.scuola.cl\/sivm\/wp-content\/uploads\/2023\/11\/7dc644e0-7a0a-4061-98ad-e485517c71c6-700x525.jpg\" alt=\"\" width=\"700\" height=\"525\" srcset=\"https:\/\/www.scuola.cl\/sivm\/wp-content\/uploads\/2023\/11\/7dc644e0-7a0a-4061-98ad-e485517c71c6-700x525.jpg 700w, https:\/\/www.scuola.cl\/sivm\/wp-content\/uploads\/2023\/11\/7dc644e0-7a0a-4061-98ad-e485517c71c6-250x188.jpg 250w, https:\/\/www.scuola.cl\/sivm\/wp-content\/uploads\/2023\/11\/7dc644e0-7a0a-4061-98ad-e485517c71c6-768x576.jpg 768w, https:\/\/www.scuola.cl\/sivm\/wp-content\/uploads\/2023\/11\/7dc644e0-7a0a-4061-98ad-e485517c71c6-1536x1152.jpg 1536w, https:\/\/www.scuola.cl\/sivm\/wp-content\/uploads\/2023\/11\/7dc644e0-7a0a-4061-98ad-e485517c71c6-120x90.jpg 120w, https:\/\/www.scuola.cl\/sivm\/wp-content\/uploads\/2023\/11\/7dc644e0-7a0a-4061-98ad-e485517c71c6.jpg 1600w\" sizes=\"auto, (max-width: 700px) 100vw, 700px\" \/><\/p>\n","protected":false},"excerpt":{"rendered":"La rama de B\u00e1squetbol de la Scuola tuvo un fin de semana con mucho movimiento. La categor\u00eda Infantil fue invitada al Campeonato La Misi\u00f3n y la Superior disput\u00f3 el 3\u00b0 Lugar de la Copa de Oro en Libascopar.","protected":false},"author":2,"featured_media":23975,"comment_status":"closed","ping_status":"closed","sticky":false,"template":"","format":"standard","meta":{"_acf_changed":false,"footnotes":""},"categories":[12,39,5],"tags":[],"class_list":["post-23971","post","type-post","status-publish","format-standard","has-post-thumbnail","hentry","category-deportes","category-deportes-2","category-noticias"],"acf":[],"yoast_head":"<!-- This site is optimized with the Yoast SEO plugin v27.1.1 - https:\/\/yoast.com\/product\/yoast-seo-wordpress\/ -->\n<title>Un cierre de a\u00f1o victorioso - Scuola Italiana<\/title>\n<meta name=\"robots\" content=\"index, follow, max-snippet:-1, max-image-preview:large, max-video-preview:-1\" \/>\n<link rel=\"canonical\" href=\"https:\/\/www.scuola.cl\/sivm\/un-cierre-de-ano-victorioso\/\" \/>\n<meta property=\"og:locale\" content=\"es_ES\" \/>\n<meta property=\"og:type\" content=\"article\" \/>\n<meta property=\"og:title\" content=\"Un cierre de a\u00f1o victorioso - Scuola Italiana\" \/>\n<meta property=\"og:description\" content=\"La rama de B\u00e1squetbol de la Scuola tuvo un fin de semana con mucho movimiento. La categor\u00eda Infantil fue invitada al Campeonato La Misi\u00f3n y la Superior disput\u00f3 el 3\u00b0 Lugar de la Copa de Oro en Libascopar.\" \/>\n<meta property=\"og:url\" content=\"https:\/\/www.scuola.cl\/sivm\/un-cierre-de-ano-victorioso\/\" \/>\n<meta property=\"og:site_name\" content=\"Scuola Italiana\" \/>\n<meta property=\"article:published_time\" content=\"2023-11-26T20:43:30+00:00\" \/>\n<meta property=\"article:modified_time\" content=\"2023-11-28T20:44:11+00:00\" \/>\n<meta property=\"og:image\" content=\"https:\/\/www.scuola.cl\/sivm\/wp-content\/uploads\/2023\/11\/c378a7a0-4c45-424f-8bc5-7b72e736ffb9.jpg\" \/>\n\t<meta property=\"og:image:width\" content=\"900\" \/>\n\t<meta property=\"og:image:height\" content=\"610\" \/>\n\t<meta property=\"og:image:type\" content=\"image\/jpeg\" \/>\n<meta name=\"author\" content=\"Comunicaciones\" \/>\n<meta name=\"twitter:card\" content=\"summary_large_image\" \/>\n<meta name=\"twitter:label1\" content=\"Escrito por\" \/>\n\t<meta name=\"twitter:data1\" content=\"Comunicaciones\" \/>\n\t<meta name=\"twitter:label2\" content=\"Tiempo de lectura\" \/>\n\t<meta name=\"twitter:data2\" content=\"2 minutos\" \/>\n<script type=\"application\/ld+json\" class=\"yoast-schema-graph\">{\"@context\":\"https:\/\/schema.org\",\"@graph\":[{\"@type\":\"Article\",\"@id\":\"https:\/\/www.scuola.cl\/sivm\/un-cierre-de-ano-victorioso\/#article\",\"isPartOf\":{\"@id\":\"https:\/\/www.scuola.cl\/sivm\/un-cierre-de-ano-victorioso\/\"},\"author\":{\"name\":\"Comunicaciones\",\"@id\":\"https:\/\/www.scuola.cl\/sivm\/#\/schema\/person\/2ac68abc1b548ee6d8e16c4d3727d1b2\"},\"headline\":\"Un cierre de a\u00f1o victorioso\",\"datePublished\":\"2023-11-26T20:43:30+00:00\",\"dateModified\":\"2023-11-28T20:44:11+00:00\",\"mainEntityOfPage\":{\"@id\":\"https:\/\/www.scuola.cl\/sivm\/un-cierre-de-ano-victorioso\/\"},\"wordCount\":273,\"publisher\":{\"@id\":\"https:\/\/www.scuola.cl\/sivm\/#organization\"},\"image\":{\"@id\":\"https:\/\/www.scuola.cl\/sivm\/un-cierre-de-ano-victorioso\/#primaryimage\"},\"thumbnailUrl\":\"https:\/\/www.scuola.cl\/sivm\/wp-content\/uploads\/2023\/11\/c378a7a0-4c45-424f-8bc5-7b72e736ffb9.jpg\",\"articleSection\":[\"Deportes\",\"Deportes\",\"Noticias\"],\"inLanguage\":\"es\"},{\"@type\":\"WebPage\",\"@id\":\"https:\/\/www.scuola.cl\/sivm\/un-cierre-de-ano-victorioso\/\",\"url\":\"https:\/\/www.scuola.cl\/sivm\/un-cierre-de-ano-victorioso\/\",\"name\":\"Un cierre de a\u00f1o victorioso - Scuola Italiana\",\"isPartOf\":{\"@id\":\"https:\/\/www.scuola.cl\/sivm\/#website\"},\"primaryImageOfPage\":{\"@id\":\"https:\/\/www.scuola.cl\/sivm\/un-cierre-de-ano-victorioso\/#primaryimage\"},\"image\":{\"@id\":\"https:\/\/www.scuola.cl\/sivm\/un-cierre-de-ano-victorioso\/#primaryimage\"},\"thumbnailUrl\":\"https:\/\/www.scuola.cl\/sivm\/wp-content\/uploads\/2023\/11\/c378a7a0-4c45-424f-8bc5-7b72e736ffb9.jpg\",\"datePublished\":\"2023-11-26T20:43:30+00:00\",\"dateModified\":\"2023-11-28T20:44:11+00:00\",\"breadcrumb\":{\"@id\":\"https:\/\/www.scuola.cl\/sivm\/un-cierre-de-ano-victorioso\/#breadcrumb\"},\"inLanguage\":\"es\",\"potentialAction\":[{\"@type\":\"ReadAction\",\"target\":[\"https:\/\/www.scuola.cl\/sivm\/un-cierre-de-ano-victorioso\/\"]}]},{\"@type\":\"ImageObject\",\"inLanguage\":\"es\",\"@id\":\"https:\/\/www.scuola.cl\/sivm\/un-cierre-de-ano-victorioso\/#primaryimage\",\"url\":\"https:\/\/www.scuola.cl\/sivm\/wp-content\/uploads\/2023\/11\/c378a7a0-4c45-424f-8bc5-7b72e736ffb9.jpg\",\"contentUrl\":\"https:\/\/www.scuola.cl\/sivm\/wp-content\/uploads\/2023\/11\/c378a7a0-4c45-424f-8bc5-7b72e736ffb9.jpg\",\"width\":900,\"height\":610},{\"@type\":\"BreadcrumbList\",\"@id\":\"https:\/\/www.scuola.cl\/sivm\/un-cierre-de-ano-victorioso\/#breadcrumb\",\"itemListElement\":[{\"@type\":\"ListItem\",\"position\":1,\"name\":\"Inicio\",\"item\":\"https:\/\/www.scuola.cl\/sivm\/\"},{\"@type\":\"ListItem\",\"position\":2,\"name\":\"Noticias\",\"item\":\"https:\/\/www.scuola.cl\/sivm\/category\/noticias\/\"},{\"@type\":\"ListItem\",\"position\":3,\"name\":\"Un cierre de a\u00f1o victorioso\"}]},{\"@type\":\"WebSite\",\"@id\":\"https:\/\/www.scuola.cl\/sivm\/#website\",\"url\":\"https:\/\/www.scuola.cl\/sivm\/\",\"name\":\"Scuola Italiana\",\"description\":\"Vittorio Montiglio\",\"publisher\":{\"@id\":\"https:\/\/www.scuola.cl\/sivm\/#organization\"},\"potentialAction\":[{\"@type\":\"SearchAction\",\"target\":{\"@type\":\"EntryPoint\",\"urlTemplate\":\"https:\/\/www.scuola.cl\/sivm\/?s={search_term_string}\"},\"query-input\":{\"@type\":\"PropertyValueSpecification\",\"valueRequired\":true,\"valueName\":\"search_term_string\"}}],\"inLanguage\":\"es\"},{\"@type\":\"Organization\",\"@id\":\"https:\/\/www.scuola.cl\/sivm\/#organization\",\"name\":\"Scuola Italiana Vittorio Montiglio\",\"url\":\"https:\/\/www.scuola.cl\/sivm\/\",\"logo\":{\"@type\":\"ImageObject\",\"inLanguage\":\"es\",\"@id\":\"https:\/\/www.scuola.cl\/sivm\/#\/schema\/logo\/image\/\",\"url\":\"https:\/\/www.scuola.cl\/sivm\/wp-content\/uploads\/2019\/06\/Logo_Scuola-01-001-1000x1000.png\",\"contentUrl\":\"https:\/\/www.scuola.cl\/sivm\/wp-content\/uploads\/2019\/06\/Logo_Scuola-01-001-1000x1000.png\",\"width\":1000,\"height\":1000,\"caption\":\"Scuola Italiana Vittorio Montiglio\"},\"image\":{\"@id\":\"https:\/\/www.scuola.cl\/sivm\/#\/schema\/logo\/image\/\"}},{\"@type\":\"Person\",\"@id\":\"https:\/\/www.scuola.cl\/sivm\/#\/schema\/person\/2ac68abc1b548ee6d8e16c4d3727d1b2\",\"name\":\"Comunicaciones\",\"image\":{\"@type\":\"ImageObject\",\"inLanguage\":\"es\",\"@id\":\"https:\/\/www.scuola.cl\/sivm\/#\/schema\/person\/image\/\",\"url\":\"https:\/\/secure.gravatar.com\/avatar\/0b29fd7cdce1ec9939eded19ce85d6ed73acf03fb52d098b0641aed356fe6aeb?s=96&d=mm&r=g\",\"contentUrl\":\"https:\/\/secure.gravatar.com\/avatar\/0b29fd7cdce1ec9939eded19ce85d6ed73acf03fb52d098b0641aed356fe6aeb?s=96&d=mm&r=g\",\"caption\":\"Comunicaciones\"},\"url\":\"https:\/\/www.scuola.cl\/sivm\/author\/comunicaciones-scuola\/\"}]}<\/script>\n<!-- \/ Yoast SEO plugin. -->","yoast_head_json":{"title":"Un cierre de a\u00f1o victorioso - Scuola Italiana","robots":{"index":"index","follow":"follow","max-snippet":"max-snippet:-1","max-image-preview":"max-image-preview:large","max-video-preview":"max-video-preview:-1"},"canonical":"https:\/\/www.scuola.cl\/sivm\/un-cierre-de-ano-victorioso\/","og_locale":"es_ES","og_type":"article","og_title":"Un cierre de a\u00f1o victorioso - Scuola Italiana","og_description":"La rama de B\u00e1squetbol de la Scuola tuvo un fin de semana con mucho movimiento. La categor\u00eda Infantil fue invitada al Campeonato La Misi\u00f3n y la Superior disput\u00f3 el 3\u00b0 Lugar de la Copa de Oro en Libascopar.","og_url":"https:\/\/www.scuola.cl\/sivm\/un-cierre-de-ano-victorioso\/","og_site_name":"Scuola Italiana","article_published_time":"2023-11-26T20:43:30+00:00","article_modified_time":"2023-11-28T20:44:11+00:00","og_image":[{"width":900,"height":610,"url":"https:\/\/www.scuola.cl\/sivm\/wp-content\/uploads\/2023\/11\/c378a7a0-4c45-424f-8bc5-7b72e736ffb9.jpg","type":"image\/jpeg"}],"author":"Comunicaciones","twitter_card":"summary_large_image","twitter_misc":{"Escrito por":"Comunicaciones","Tiempo de lectura":"2 minutos"},"schema":{"@context":"https:\/\/schema.org","@graph":[{"@type":"Article","@id":"https:\/\/www.scuola.cl\/sivm\/un-cierre-de-ano-victorioso\/#article","isPartOf":{"@id":"https:\/\/www.scuola.cl\/sivm\/un-cierre-de-ano-victorioso\/"},"author":{"name":"Comunicaciones","@id":"https:\/\/www.scuola.cl\/sivm\/#\/schema\/person\/2ac68abc1b548ee6d8e16c4d3727d1b2"},"headline":"Un cierre de a\u00f1o victorioso","datePublished":"2023-11-26T20:43:30+00:00","dateModified":"2023-11-28T20:44:11+00:00","mainEntityOfPage":{"@id":"https:\/\/www.scuola.cl\/sivm\/un-cierre-de-ano-victorioso\/"},"wordCount":273,"publisher":{"@id":"https:\/\/www.scuola.cl\/sivm\/#organization"},"image":{"@id":"https:\/\/www.scuola.cl\/sivm\/un-cierre-de-ano-victorioso\/#primaryimage"},"thumbnailUrl":"https:\/\/www.scuola.cl\/sivm\/wp-content\/uploads\/2023\/11\/c378a7a0-4c45-424f-8bc5-7b72e736ffb9.jpg","articleSection":["Deportes","Deportes","Noticias"],"inLanguage":"es"},{"@type":"WebPage","@id":"https:\/\/www.scuola.cl\/sivm\/un-cierre-de-ano-victorioso\/","url":"https:\/\/www.scuola.cl\/sivm\/un-cierre-de-ano-victorioso\/","name":"Un cierre de a\u00f1o victorioso - Scuola Italiana","isPartOf":{"@id":"https:\/\/www.scuola.cl\/sivm\/#website"},"primaryImageOfPage":{"@id":"https:\/\/www.scuola.cl\/sivm\/un-cierre-de-ano-victorioso\/#primaryimage"},"image":{"@id":"https:\/\/www.scuola.cl\/sivm\/un-cierre-de-ano-victorioso\/#primaryimage"},"thumbnailUrl":"https:\/\/www.scuola.cl\/sivm\/wp-content\/uploads\/2023\/11\/c378a7a0-4c45-424f-8bc5-7b72e736ffb9.jpg","datePublished":"2023-11-26T20:43:30+00:00","dateModified":"2023-11-28T20:44:11+00:00","breadcrumb":{"@id":"https:\/\/www.scuola.cl\/sivm\/un-cierre-de-ano-victorioso\/#breadcrumb"},"inLanguage":"es","potentialAction":[{"@type":"ReadAction","target":["https:\/\/www.scuola.cl\/sivm\/un-cierre-de-ano-victorioso\/"]}]},{"@type":"ImageObject","inLanguage":"es","@id":"https:\/\/www.scuola.cl\/sivm\/un-cierre-de-ano-victorioso\/#primaryimage","url":"https:\/\/www.scuola.cl\/sivm\/wp-content\/uploads\/2023\/11\/c378a7a0-4c45-424f-8bc5-7b72e736ffb9.jpg","contentUrl":"https:\/\/www.scuola.cl\/sivm\/wp-content\/uploads\/2023\/11\/c378a7a0-4c45-424f-8bc5-7b72e736ffb9.jpg","width":900,"height":610},{"@type":"BreadcrumbList","@id":"https:\/\/www.scuola.cl\/sivm\/un-cierre-de-ano-victorioso\/#breadcrumb","itemListElement":[{"@type":"ListItem","position":1,"name":"Inicio","item":"https:\/\/www.scuola.cl\/sivm\/"},{"@type":"ListItem","position":2,"name":"Noticias","item":"https:\/\/www.scuola.cl\/sivm\/category\/noticias\/"},{"@type":"ListItem","position":3,"name":"Un cierre de a\u00f1o victorioso"}]},{"@type":"WebSite","@id":"https:\/\/www.scuola.cl\/sivm\/#website","url":"https:\/\/www.scuola.cl\/sivm\/","name":"Scuola Italiana","description":"Vittorio Montiglio","publisher":{"@id":"https:\/\/www.scuola.cl\/sivm\/#organization"},"potentialAction":[{"@type":"SearchAction","target":{"@type":"EntryPoint","urlTemplate":"https:\/\/www.scuola.cl\/sivm\/?s={search_term_string}"},"query-input":{"@type":"PropertyValueSpecification","valueRequired":true,"valueName":"search_term_string"}}],"inLanguage":"es"},{"@type":"Organization","@id":"https:\/\/www.scuola.cl\/sivm\/#organization","name":"Scuola Italiana Vittorio Montiglio","url":"https:\/\/www.scuola.cl\/sivm\/","logo":{"@type":"ImageObject","inLanguage":"es","@id":"https:\/\/www.scuola.cl\/sivm\/#\/schema\/logo\/image\/","url":"https:\/\/www.scuola.cl\/sivm\/wp-content\/uploads\/2019\/06\/Logo_Scuola-01-001-1000x1000.png","contentUrl":"https:\/\/www.scuola.cl\/sivm\/wp-content\/uploads\/2019\/06\/Logo_Scuola-01-001-1000x1000.png","width":1000,"height":1000,"caption":"Scuola Italiana Vittorio Montiglio"},"image":{"@id":"https:\/\/www.scuola.cl\/sivm\/#\/schema\/logo\/image\/"}},{"@type":"Person","@id":"https:\/\/www.scuola.cl\/sivm\/#\/schema\/person\/2ac68abc1b548ee6d8e16c4d3727d1b2","name":"Comunicaciones","image":{"@type":"ImageObject","inLanguage":"es","@id":"https:\/\/www.scuola.cl\/sivm\/#\/schema\/person\/image\/","url":"https:\/\/secure.gravatar.com\/avatar\/0b29fd7cdce1ec9939eded19ce85d6ed73acf03fb52d098b0641aed356fe6aeb?s=96&d=mm&r=g","contentUrl":"https:\/\/secure.gravatar.com\/avatar\/0b29fd7cdce1ec9939eded19ce85d6ed73acf03fb52d098b0641aed356fe6aeb?s=96&d=mm&r=g","caption":"Comunicaciones"},"url":"https:\/\/www.scuola.cl\/sivm\/author\/comunicaciones-scuola\/"}]}},"_links":{"self":[{"href":"https:\/\/www.scuola.cl\/sivm\/wp-json\/wp\/v2\/posts\/23971","targetHints":{"allow":["GET"]}}],"collection":[{"href":"https:\/\/www.scuola.cl\/sivm\/wp-json\/wp\/v2\/posts"}],"about":[{"href":"https:\/\/www.scuola.cl\/sivm\/wp-json\/wp\/v2\/types\/post"}],"author":[{"embeddable":true,"href":"https:\/\/www.scuola.cl\/sivm\/wp-json\/wp\/v2\/users\/2"}],"replies":[{"embeddable":true,"href":"https:\/\/www.scuola.cl\/sivm\/wp-json\/wp\/v2\/comments?post=23971"}],"version-history":[{"count":2,"href":"https:\/\/www.scuola.cl\/sivm\/wp-json\/wp\/v2\/posts\/23971\/revisions"}],"predecessor-version":[{"id":23976,"href":"https:\/\/www.scuola.cl\/sivm\/wp-json\/wp\/v2\/posts\/23971\/revisions\/23976"}],"wp:featuredmedia":[{"embeddable":true,"href":"https:\/\/www.scuola.cl\/sivm\/wp-json\/wp\/v2\/media\/23975"}],"wp:attachment":[{"href":"https:\/\/www.scuola.cl\/sivm\/wp-json\/wp\/v2\/media?parent=23971"}],"wp:term":[{"taxonomy":"category","embeddable":true,"href":"https:\/\/www.scuola.cl\/sivm\/wp-json\/wp\/v2\/categories?post=23971"},{"taxonomy":"post_tag","embeddable":true,"href":"https:\/\/www.scuola.cl\/sivm\/wp-json\/wp\/v2\/tags?post=23971"}],"curies":[{"name":"wp","href":"https:\/\/api.w.org\/{rel}","templated":true}]}}