{"id":23964,"date":"2023-11-26T17:17:19","date_gmt":"2023-11-26T20:17:19","guid":{"rendered":"https:\/\/www.scuola.cl\/sivm\/?p=23964"},"modified":"2023-11-28T17:18:01","modified_gmt":"2023-11-28T20:18:01","slug":"copa-nuoto-2023","status":"publish","type":"post","link":"https:\/\/www.scuola.cl\/sivm\/copa-nuoto-2023\/","title":{"rendered":"\u00a0Copa Nuoto 2023"},"content":{"rendered":"\n<p>(Por <a href=\"https:\/\/www.instagram.com\/deportes_sivm\/?utm_source=ig_web_button_share_sheet&amp;igshid=OGQ5ZDc2ODk2ZA==\" target=\"_blank\" rel=\"noopener\">@deportes_sivm<\/a> )<\/p>\n<p>El s\u00e1bado 25 de noviembre se realiz\u00f3 la IX versi\u00f3n de la Copa Nuoto Scuola Italiana 2023, en la que participaron m\u00e1s de 230 nadadores de los colegios Nido de \u00c1guilas, Santiago College, Grace College, Trewhelas School y la Scuola.<br \/><br \/>Nuestra squadra, conformada por alumnos de 1\u00b0 B\u00e1sico a IV Medio, se luci\u00f3 en la piscina y logr\u00f3 el podio en el 2\u00b0 Lugar!!!\u00a0<\/p>\n<p>Bravissimi ragazzi!\u00a0<\/p>\n<p><img loading=\"lazy\" decoding=\"async\" class=\"alignnone  wp-image-23966\" src=\"https:\/\/www.scuola.cl\/sivm\/wp-content\/uploads\/2023\/11\/WhatsApp-Image-2023-11-27-at-10.40.41-250x444.jpeg\" alt=\"\" width=\"199\" height=\"353\" srcset=\"https:\/\/www.scuola.cl\/sivm\/wp-content\/uploads\/2023\/11\/WhatsApp-Image-2023-11-27-at-10.40.41-250x444.jpeg 250w, https:\/\/www.scuola.cl\/sivm\/wp-content\/uploads\/2023\/11\/WhatsApp-Image-2023-11-27-at-10.40.41-700x1244.jpeg 700w, https:\/\/www.scuola.cl\/sivm\/wp-content\/uploads\/2023\/11\/WhatsApp-Image-2023-11-27-at-10.40.41-768x1365.jpeg 768w, https:\/\/www.scuola.cl\/sivm\/wp-content\/uploads\/2023\/11\/WhatsApp-Image-2023-11-27-at-10.40.41-864x1536.jpeg 864w, https:\/\/www.scuola.cl\/sivm\/wp-content\/uploads\/2023\/11\/WhatsApp-Image-2023-11-27-at-10.40.41-120x213.jpeg 120w, https:\/\/www.scuola.cl\/sivm\/wp-content\/uploads\/2023\/11\/WhatsApp-Image-2023-11-27-at-10.40.41.jpeg 900w\" sizes=\"auto, (max-width: 199px) 100vw, 199px\" \/> <img loading=\"lazy\" decoding=\"async\" class=\"alignnone  wp-image-23967\" src=\"https:\/\/www.scuola.cl\/sivm\/wp-content\/uploads\/2023\/11\/WhatsApp-Image-2023-11-27-at-10.40.28-250x333.jpeg\" alt=\"\" width=\"266\" height=\"354\" srcset=\"https:\/\/www.scuola.cl\/sivm\/wp-content\/uploads\/2023\/11\/WhatsApp-Image-2023-11-27-at-10.40.28-250x333.jpeg 250w, https:\/\/www.scuola.cl\/sivm\/wp-content\/uploads\/2023\/11\/WhatsApp-Image-2023-11-27-at-10.40.28-700x933.jpeg 700w, https:\/\/www.scuola.cl\/sivm\/wp-content\/uploads\/2023\/11\/WhatsApp-Image-2023-11-27-at-10.40.28-120x160.jpeg 120w, https:\/\/www.scuola.cl\/sivm\/wp-content\/uploads\/2023\/11\/WhatsApp-Image-2023-11-27-at-10.40.28.jpeg 768w\" sizes=\"auto, (max-width: 266px) 100vw, 266px\" \/><\/p>\n","protected":false},"excerpt":{"rendered":"El 25 de noviembre se realiz\u00f3 la IX versi\u00f3n de la Copa Nuoto Scuola 2023, en la que participaron m\u00e1s de 230 nadadores de los colegios Nido de \u00c1guilas, Santiago College, Grace College, Trewhelas School y la Scuola.","protected":false},"author":2,"featured_media":23965,"comment_status":"closed","ping_status":"closed","sticky":false,"template":"","format":"standard","meta":{"_acf_changed":false,"footnotes":""},"categories":[12,5],"tags":[],"class_list":["post-23964","post","type-post","status-publish","format-standard","has-post-thumbnail","hentry","category-deportes","category-noticias"],"acf":[],"yoast_head":"<!-- This site is optimized with the Yoast SEO plugin v27.1.1 - https:\/\/yoast.com\/product\/yoast-seo-wordpress\/ -->\n<title>\u00a0Copa Nuoto 2023 - Scuola Italiana<\/title>\n<meta name=\"robots\" content=\"index, follow, max-snippet:-1, max-image-preview:large, max-video-preview:-1\" \/>\n<link rel=\"canonical\" href=\"https:\/\/www.scuola.cl\/sivm\/copa-nuoto-2023\/\" \/>\n<meta property=\"og:locale\" content=\"es_ES\" \/>\n<meta property=\"og:type\" content=\"article\" \/>\n<meta property=\"og:title\" content=\"\u00a0Copa Nuoto 2023 - Scuola Italiana\" \/>\n<meta property=\"og:description\" content=\"El 25 de noviembre se realiz\u00f3 la IX versi\u00f3n de la Copa Nuoto Scuola 2023, en la que participaron m\u00e1s de 230 nadadores de los colegios Nido de \u00c1guilas, Santiago College, Grace College, Trewhelas School y la Scuola.\" \/>\n<meta property=\"og:url\" content=\"https:\/\/www.scuola.cl\/sivm\/copa-nuoto-2023\/\" \/>\n<meta property=\"og:site_name\" content=\"Scuola Italiana\" \/>\n<meta property=\"article:published_time\" content=\"2023-11-26T20:17:19+00:00\" \/>\n<meta property=\"article:modified_time\" content=\"2023-11-28T20:18:01+00:00\" \/>\n<meta property=\"og:image\" content=\"https:\/\/www.scuola.cl\/sivm\/wp-content\/uploads\/2023\/11\/copa-Nuoto-web.jpg\" \/>\n\t<meta property=\"og:image:width\" content=\"900\" \/>\n\t<meta property=\"og:image:height\" content=\"610\" \/>\n\t<meta property=\"og:image:type\" content=\"image\/jpeg\" \/>\n<meta name=\"author\" content=\"Comunicaciones\" \/>\n<meta name=\"twitter:card\" content=\"summary_large_image\" \/>\n<meta name=\"twitter:label1\" content=\"Escrito por\" \/>\n\t<meta name=\"twitter:data1\" content=\"Comunicaciones\" \/>\n\t<meta name=\"twitter:label2\" content=\"Tiempo de lectura\" \/>\n\t<meta name=\"twitter:data2\" content=\"1 minuto\" \/>\n<script type=\"application\/ld+json\" class=\"yoast-schema-graph\">{\"@context\":\"https:\/\/schema.org\",\"@graph\":[{\"@type\":\"Article\",\"@id\":\"https:\/\/www.scuola.cl\/sivm\/copa-nuoto-2023\/#article\",\"isPartOf\":{\"@id\":\"https:\/\/www.scuola.cl\/sivm\/copa-nuoto-2023\/\"},\"author\":{\"name\":\"Comunicaciones\",\"@id\":\"https:\/\/www.scuola.cl\/sivm\/#\/schema\/person\/2ac68abc1b548ee6d8e16c4d3727d1b2\"},\"headline\":\"\u00a0Copa Nuoto 2023\",\"datePublished\":\"2023-11-26T20:17:19+00:00\",\"dateModified\":\"2023-11-28T20:18:01+00:00\",\"mainEntityOfPage\":{\"@id\":\"https:\/\/www.scuola.cl\/sivm\/copa-nuoto-2023\/\"},\"wordCount\":70,\"publisher\":{\"@id\":\"https:\/\/www.scuola.cl\/sivm\/#organization\"},\"image\":{\"@id\":\"https:\/\/www.scuola.cl\/sivm\/copa-nuoto-2023\/#primaryimage\"},\"thumbnailUrl\":\"https:\/\/www.scuola.cl\/sivm\/wp-content\/uploads\/2023\/11\/copa-Nuoto-web.jpg\",\"articleSection\":[\"Deportes\",\"Noticias\"],\"inLanguage\":\"es\"},{\"@type\":\"WebPage\",\"@id\":\"https:\/\/www.scuola.cl\/sivm\/copa-nuoto-2023\/\",\"url\":\"https:\/\/www.scuola.cl\/sivm\/copa-nuoto-2023\/\",\"name\":\"\u00a0Copa Nuoto 2023 - Scuola Italiana\",\"isPartOf\":{\"@id\":\"https:\/\/www.scuola.cl\/sivm\/#website\"},\"primaryImageOfPage\":{\"@id\":\"https:\/\/www.scuola.cl\/sivm\/copa-nuoto-2023\/#primaryimage\"},\"image\":{\"@id\":\"https:\/\/www.scuola.cl\/sivm\/copa-nuoto-2023\/#primaryimage\"},\"thumbnailUrl\":\"https:\/\/www.scuola.cl\/sivm\/wp-content\/uploads\/2023\/11\/copa-Nuoto-web.jpg\",\"datePublished\":\"2023-11-26T20:17:19+00:00\",\"dateModified\":\"2023-11-28T20:18:01+00:00\",\"breadcrumb\":{\"@id\":\"https:\/\/www.scuola.cl\/sivm\/copa-nuoto-2023\/#breadcrumb\"},\"inLanguage\":\"es\",\"potentialAction\":[{\"@type\":\"ReadAction\",\"target\":[\"https:\/\/www.scuola.cl\/sivm\/copa-nuoto-2023\/\"]}]},{\"@type\":\"ImageObject\",\"inLanguage\":\"es\",\"@id\":\"https:\/\/www.scuola.cl\/sivm\/copa-nuoto-2023\/#primaryimage\",\"url\":\"https:\/\/www.scuola.cl\/sivm\/wp-content\/uploads\/2023\/11\/copa-Nuoto-web.jpg\",\"contentUrl\":\"https:\/\/www.scuola.cl\/sivm\/wp-content\/uploads\/2023\/11\/copa-Nuoto-web.jpg\",\"width\":900,\"height\":610},{\"@type\":\"BreadcrumbList\",\"@id\":\"https:\/\/www.scuola.cl\/sivm\/copa-nuoto-2023\/#breadcrumb\",\"itemListElement\":[{\"@type\":\"ListItem\",\"position\":1,\"name\":\"Inicio\",\"item\":\"https:\/\/www.scuola.cl\/sivm\/\"},{\"@type\":\"ListItem\",\"position\":2,\"name\":\"Noticias\",\"item\":\"https:\/\/www.scuola.cl\/sivm\/category\/noticias\/\"},{\"@type\":\"ListItem\",\"position\":3,\"name\":\"\u00a0Copa Nuoto 2023\"}]},{\"@type\":\"WebSite\",\"@id\":\"https:\/\/www.scuola.cl\/sivm\/#website\",\"url\":\"https:\/\/www.scuola.cl\/sivm\/\",\"name\":\"Scuola Italiana\",\"description\":\"Vittorio Montiglio\",\"publisher\":{\"@id\":\"https:\/\/www.scuola.cl\/sivm\/#organization\"},\"potentialAction\":[{\"@type\":\"SearchAction\",\"target\":{\"@type\":\"EntryPoint\",\"urlTemplate\":\"https:\/\/www.scuola.cl\/sivm\/?s={search_term_string}\"},\"query-input\":{\"@type\":\"PropertyValueSpecification\",\"valueRequired\":true,\"valueName\":\"search_term_string\"}}],\"inLanguage\":\"es\"},{\"@type\":\"Organization\",\"@id\":\"https:\/\/www.scuola.cl\/sivm\/#organization\",\"name\":\"Scuola Italiana Vittorio Montiglio\",\"url\":\"https:\/\/www.scuola.cl\/sivm\/\",\"logo\":{\"@type\":\"ImageObject\",\"inLanguage\":\"es\",\"@id\":\"https:\/\/www.scuola.cl\/sivm\/#\/schema\/logo\/image\/\",\"url\":\"https:\/\/www.scuola.cl\/sivm\/wp-content\/uploads\/2019\/06\/Logo_Scuola-01-001-1000x1000.png\",\"contentUrl\":\"https:\/\/www.scuola.cl\/sivm\/wp-content\/uploads\/2019\/06\/Logo_Scuola-01-001-1000x1000.png\",\"width\":1000,\"height\":1000,\"caption\":\"Scuola Italiana Vittorio Montiglio\"},\"image\":{\"@id\":\"https:\/\/www.scuola.cl\/sivm\/#\/schema\/logo\/image\/\"}},{\"@type\":\"Person\",\"@id\":\"https:\/\/www.scuola.cl\/sivm\/#\/schema\/person\/2ac68abc1b548ee6d8e16c4d3727d1b2\",\"name\":\"Comunicaciones\",\"image\":{\"@type\":\"ImageObject\",\"inLanguage\":\"es\",\"@id\":\"https:\/\/www.scuola.cl\/sivm\/#\/schema\/person\/image\/\",\"url\":\"https:\/\/secure.gravatar.com\/avatar\/0b29fd7cdce1ec9939eded19ce85d6ed73acf03fb52d098b0641aed356fe6aeb?s=96&d=mm&r=g\",\"contentUrl\":\"https:\/\/secure.gravatar.com\/avatar\/0b29fd7cdce1ec9939eded19ce85d6ed73acf03fb52d098b0641aed356fe6aeb?s=96&d=mm&r=g\",\"caption\":\"Comunicaciones\"},\"url\":\"https:\/\/www.scuola.cl\/sivm\/author\/comunicaciones-scuola\/\"}]}<\/script>\n<!-- \/ Yoast SEO plugin. -->","yoast_head_json":{"title":"\u00a0Copa Nuoto 2023 - Scuola Italiana","robots":{"index":"index","follow":"follow","max-snippet":"max-snippet:-1","max-image-preview":"max-image-preview:large","max-video-preview":"max-video-preview:-1"},"canonical":"https:\/\/www.scuola.cl\/sivm\/copa-nuoto-2023\/","og_locale":"es_ES","og_type":"article","og_title":"\u00a0Copa Nuoto 2023 - Scuola Italiana","og_description":"El 25 de noviembre se realiz\u00f3 la IX versi\u00f3n de la Copa Nuoto Scuola 2023, en la que participaron m\u00e1s de 230 nadadores de los colegios Nido de \u00c1guilas, Santiago College, Grace College, Trewhelas School y la Scuola.","og_url":"https:\/\/www.scuola.cl\/sivm\/copa-nuoto-2023\/","og_site_name":"Scuola Italiana","article_published_time":"2023-11-26T20:17:19+00:00","article_modified_time":"2023-11-28T20:18:01+00:00","og_image":[{"width":900,"height":610,"url":"https:\/\/www.scuola.cl\/sivm\/wp-content\/uploads\/2023\/11\/copa-Nuoto-web.jpg","type":"image\/jpeg"}],"author":"Comunicaciones","twitter_card":"summary_large_image","twitter_misc":{"Escrito por":"Comunicaciones","Tiempo de lectura":"1 minuto"},"schema":{"@context":"https:\/\/schema.org","@graph":[{"@type":"Article","@id":"https:\/\/www.scuola.cl\/sivm\/copa-nuoto-2023\/#article","isPartOf":{"@id":"https:\/\/www.scuola.cl\/sivm\/copa-nuoto-2023\/"},"author":{"name":"Comunicaciones","@id":"https:\/\/www.scuola.cl\/sivm\/#\/schema\/person\/2ac68abc1b548ee6d8e16c4d3727d1b2"},"headline":"\u00a0Copa Nuoto 2023","datePublished":"2023-11-26T20:17:19+00:00","dateModified":"2023-11-28T20:18:01+00:00","mainEntityOfPage":{"@id":"https:\/\/www.scuola.cl\/sivm\/copa-nuoto-2023\/"},"wordCount":70,"publisher":{"@id":"https:\/\/www.scuola.cl\/sivm\/#organization"},"image":{"@id":"https:\/\/www.scuola.cl\/sivm\/copa-nuoto-2023\/#primaryimage"},"thumbnailUrl":"https:\/\/www.scuola.cl\/sivm\/wp-content\/uploads\/2023\/11\/copa-Nuoto-web.jpg","articleSection":["Deportes","Noticias"],"inLanguage":"es"},{"@type":"WebPage","@id":"https:\/\/www.scuola.cl\/sivm\/copa-nuoto-2023\/","url":"https:\/\/www.scuola.cl\/sivm\/copa-nuoto-2023\/","name":"\u00a0Copa Nuoto 2023 - Scuola Italiana","isPartOf":{"@id":"https:\/\/www.scuola.cl\/sivm\/#website"},"primaryImageOfPage":{"@id":"https:\/\/www.scuola.cl\/sivm\/copa-nuoto-2023\/#primaryimage"},"image":{"@id":"https:\/\/www.scuola.cl\/sivm\/copa-nuoto-2023\/#primaryimage"},"thumbnailUrl":"https:\/\/www.scuola.cl\/sivm\/wp-content\/uploads\/2023\/11\/copa-Nuoto-web.jpg","datePublished":"2023-11-26T20:17:19+00:00","dateModified":"2023-11-28T20:18:01+00:00","breadcrumb":{"@id":"https:\/\/www.scuola.cl\/sivm\/copa-nuoto-2023\/#breadcrumb"},"inLanguage":"es","potentialAction":[{"@type":"ReadAction","target":["https:\/\/www.scuola.cl\/sivm\/copa-nuoto-2023\/"]}]},{"@type":"ImageObject","inLanguage":"es","@id":"https:\/\/www.scuola.cl\/sivm\/copa-nuoto-2023\/#primaryimage","url":"https:\/\/www.scuola.cl\/sivm\/wp-content\/uploads\/2023\/11\/copa-Nuoto-web.jpg","contentUrl":"https:\/\/www.scuola.cl\/sivm\/wp-content\/uploads\/2023\/11\/copa-Nuoto-web.jpg","width":900,"height":610},{"@type":"BreadcrumbList","@id":"https:\/\/www.scuola.cl\/sivm\/copa-nuoto-2023\/#breadcrumb","itemListElement":[{"@type":"ListItem","position":1,"name":"Inicio","item":"https:\/\/www.scuola.cl\/sivm\/"},{"@type":"ListItem","position":2,"name":"Noticias","item":"https:\/\/www.scuola.cl\/sivm\/category\/noticias\/"},{"@type":"ListItem","position":3,"name":"\u00a0Copa Nuoto 2023"}]},{"@type":"WebSite","@id":"https:\/\/www.scuola.cl\/sivm\/#website","url":"https:\/\/www.scuola.cl\/sivm\/","name":"Scuola Italiana","description":"Vittorio Montiglio","publisher":{"@id":"https:\/\/www.scuola.cl\/sivm\/#organization"},"potentialAction":[{"@type":"SearchAction","target":{"@type":"EntryPoint","urlTemplate":"https:\/\/www.scuola.cl\/sivm\/?s={search_term_string}"},"query-input":{"@type":"PropertyValueSpecification","valueRequired":true,"valueName":"search_term_string"}}],"inLanguage":"es"},{"@type":"Organization","@id":"https:\/\/www.scuola.cl\/sivm\/#organization","name":"Scuola Italiana Vittorio Montiglio","url":"https:\/\/www.scuola.cl\/sivm\/","logo":{"@type":"ImageObject","inLanguage":"es","@id":"https:\/\/www.scuola.cl\/sivm\/#\/schema\/logo\/image\/","url":"https:\/\/www.scuola.cl\/sivm\/wp-content\/uploads\/2019\/06\/Logo_Scuola-01-001-1000x1000.png","contentUrl":"https:\/\/www.scuola.cl\/sivm\/wp-content\/uploads\/2019\/06\/Logo_Scuola-01-001-1000x1000.png","width":1000,"height":1000,"caption":"Scuola Italiana Vittorio Montiglio"},"image":{"@id":"https:\/\/www.scuola.cl\/sivm\/#\/schema\/logo\/image\/"}},{"@type":"Person","@id":"https:\/\/www.scuola.cl\/sivm\/#\/schema\/person\/2ac68abc1b548ee6d8e16c4d3727d1b2","name":"Comunicaciones","image":{"@type":"ImageObject","inLanguage":"es","@id":"https:\/\/www.scuola.cl\/sivm\/#\/schema\/person\/image\/","url":"https:\/\/secure.gravatar.com\/avatar\/0b29fd7cdce1ec9939eded19ce85d6ed73acf03fb52d098b0641aed356fe6aeb?s=96&d=mm&r=g","contentUrl":"https:\/\/secure.gravatar.com\/avatar\/0b29fd7cdce1ec9939eded19ce85d6ed73acf03fb52d098b0641aed356fe6aeb?s=96&d=mm&r=g","caption":"Comunicaciones"},"url":"https:\/\/www.scuola.cl\/sivm\/author\/comunicaciones-scuola\/"}]}},"_links":{"self":[{"href":"https:\/\/www.scuola.cl\/sivm\/wp-json\/wp\/v2\/posts\/23964","targetHints":{"allow":["GET"]}}],"collection":[{"href":"https:\/\/www.scuola.cl\/sivm\/wp-json\/wp\/v2\/posts"}],"about":[{"href":"https:\/\/www.scuola.cl\/sivm\/wp-json\/wp\/v2\/types\/post"}],"author":[{"embeddable":true,"href":"https:\/\/www.scuola.cl\/sivm\/wp-json\/wp\/v2\/users\/2"}],"replies":[{"embeddable":true,"href":"https:\/\/www.scuola.cl\/sivm\/wp-json\/wp\/v2\/comments?post=23964"}],"version-history":[{"count":2,"href":"https:\/\/www.scuola.cl\/sivm\/wp-json\/wp\/v2\/posts\/23964\/revisions"}],"predecessor-version":[{"id":23970,"href":"https:\/\/www.scuola.cl\/sivm\/wp-json\/wp\/v2\/posts\/23964\/revisions\/23970"}],"wp:featuredmedia":[{"embeddable":true,"href":"https:\/\/www.scuola.cl\/sivm\/wp-json\/wp\/v2\/media\/23965"}],"wp:attachment":[{"href":"https:\/\/www.scuola.cl\/sivm\/wp-json\/wp\/v2\/media?parent=23964"}],"wp:term":[{"taxonomy":"category","embeddable":true,"href":"https:\/\/www.scuola.cl\/sivm\/wp-json\/wp\/v2\/categories?post=23964"},{"taxonomy":"post_tag","embeddable":true,"href":"https:\/\/www.scuola.cl\/sivm\/wp-json\/wp\/v2\/tags?post=23964"}],"curies":[{"name":"wp","href":"https:\/\/api.w.org\/{rel}","templated":true}]}}