{"id":23915,"date":"2023-11-24T09:28:40","date_gmt":"2023-11-24T12:28:40","guid":{"rendered":"https:\/\/www.scuola.cl\/sivm\/?p=23915"},"modified":"2023-11-28T17:44:44","modified_gmt":"2023-11-28T20:44:44","slug":"presentacion-de-flamenco-2","status":"publish","type":"post","link":"https:\/\/www.scuola.cl\/sivm\/presentacion-de-flamenco-2\/","title":{"rendered":"Presentaci\u00f3n de Flamenco"},"content":{"rendered":"\n\n\n<p>Con una gran asistencia de p\u00fablico que replet\u00f3 el Teatro Giuseppe Verdi, se present\u00f3 el jueves 23 de noviembre la compa\u00f1\u00eda \u00abLa Moreneta\u00bb, con el montaje de danza flamenca: \u00abEl jaleo: Arsa y Toma\u00bb.<\/p>\n<p>Un espect\u00e1culo conformado por diversas coreograf\u00edas representativas de los diferentes estilos, \u00e9pocas y evoluci\u00f3n que ha tenido el Flamenco hasta la actualidad.<\/p>\n<p>Una puesta en escena atractiva e inolvidable, en la que se destac\u00f3 la pasi\u00f3n y entrega que demostraron las 11 \u00abbailaoras\u00bb sobre el escenario con los coloridos trajes e indumentarias t\u00edpicas de esta expresi\u00f3n art\u00edstica tan famosa en el mundo entero.<\/p>\n<p><a href=\"https:\/\/drive.google.com\/drive\/folders\/1k3Y-JefghABfJ1WQdzKiC8Gib-UC1ubK?usp=sharing\" target=\"_blank\" rel=\"noopener\">Ver galer\u00eda de im\u00e1genes<\/a><\/p>\n<p><img loading=\"lazy\" decoding=\"async\" class=\"alignnone wp-image-23916 size-large\" src=\"https:\/\/www.scuola.cl\/sivm\/wp-content\/uploads\/2023\/11\/flamenco-web-700x474.jpg\" alt=\"\" width=\"700\" height=\"474\" srcset=\"https:\/\/www.scuola.cl\/sivm\/wp-content\/uploads\/2023\/11\/flamenco-web-700x474.jpg 700w, https:\/\/www.scuola.cl\/sivm\/wp-content\/uploads\/2023\/11\/flamenco-web-250x169.jpg 250w, https:\/\/www.scuola.cl\/sivm\/wp-content\/uploads\/2023\/11\/flamenco-web-768x521.jpg 768w, https:\/\/www.scuola.cl\/sivm\/wp-content\/uploads\/2023\/11\/flamenco-web-120x81.jpg 120w, https:\/\/www.scuola.cl\/sivm\/wp-content\/uploads\/2023\/11\/flamenco-web.jpg 900w\" sizes=\"auto, (max-width: 700px) 100vw, 700px\" \/><\/p>\n","protected":false},"excerpt":{"rendered":"Con una gran asistencia de p\u00fablico que replet\u00f3 el Teatro Giuseppe Verdi, se present\u00f3 el jueves 23 de noviembre la compa\u00f1\u00eda \u00abLa Moreneta\u00bb, con el montaje de danza flamenca: \u00abEl jaleo: Arsa y Toma\u00bb.","protected":false},"author":2,"featured_media":23916,"comment_status":"closed","ping_status":"closed","sticky":false,"template":"","format":"standard","meta":{"_acf_changed":false,"footnotes":""},"categories":[6,18,5],"tags":[],"class_list":["post-23915","post","type-post","status-publish","format-standard","has-post-thumbnail","hentry","category-actividades","category-centrocultural","category-noticias"],"acf":[],"yoast_head":"<!-- This site is optimized with the Yoast SEO plugin v27.1.1 - https:\/\/yoast.com\/product\/yoast-seo-wordpress\/ -->\n<title>Presentaci\u00f3n de Flamenco - Scuola Italiana<\/title>\n<meta name=\"robots\" content=\"index, follow, max-snippet:-1, max-image-preview:large, max-video-preview:-1\" \/>\n<link rel=\"canonical\" href=\"https:\/\/www.scuola.cl\/sivm\/presentacion-de-flamenco-2\/\" \/>\n<meta property=\"og:locale\" content=\"es_ES\" \/>\n<meta property=\"og:type\" content=\"article\" \/>\n<meta property=\"og:title\" content=\"Presentaci\u00f3n de Flamenco - Scuola Italiana\" \/>\n<meta property=\"og:description\" content=\"Con una gran asistencia de p\u00fablico que replet\u00f3 el Teatro Giuseppe Verdi, se present\u00f3 el jueves 23 de noviembre la compa\u00f1\u00eda &quot;La Moreneta&quot;, con el montaje de danza flamenca: &quot;El jaleo: Arsa y Toma&quot;.\" \/>\n<meta property=\"og:url\" content=\"https:\/\/www.scuola.cl\/sivm\/presentacion-de-flamenco-2\/\" \/>\n<meta property=\"og:site_name\" content=\"Scuola Italiana\" \/>\n<meta property=\"article:published_time\" content=\"2023-11-24T12:28:40+00:00\" \/>\n<meta property=\"article:modified_time\" content=\"2023-11-28T20:44:44+00:00\" \/>\n<meta property=\"og:image\" content=\"https:\/\/www.scuola.cl\/sivm\/wp-content\/uploads\/2023\/11\/flamenco-web.jpg\" \/>\n\t<meta property=\"og:image:width\" content=\"900\" \/>\n\t<meta property=\"og:image:height\" content=\"610\" \/>\n\t<meta property=\"og:image:type\" content=\"image\/jpeg\" \/>\n<meta name=\"author\" content=\"Comunicaciones\" \/>\n<meta name=\"twitter:card\" content=\"summary_large_image\" \/>\n<meta name=\"twitter:label1\" content=\"Escrito por\" \/>\n\t<meta name=\"twitter:data1\" content=\"Comunicaciones\" \/>\n\t<meta name=\"twitter:label2\" content=\"Tiempo de lectura\" \/>\n\t<meta name=\"twitter:data2\" content=\"1 minuto\" \/>\n<script type=\"application\/ld+json\" class=\"yoast-schema-graph\">{\"@context\":\"https:\/\/schema.org\",\"@graph\":[{\"@type\":\"Article\",\"@id\":\"https:\/\/www.scuola.cl\/sivm\/presentacion-de-flamenco-2\/#article\",\"isPartOf\":{\"@id\":\"https:\/\/www.scuola.cl\/sivm\/presentacion-de-flamenco-2\/\"},\"author\":{\"name\":\"Comunicaciones\",\"@id\":\"https:\/\/www.scuola.cl\/sivm\/#\/schema\/person\/2ac68abc1b548ee6d8e16c4d3727d1b2\"},\"headline\":\"Presentaci\u00f3n de Flamenco\",\"datePublished\":\"2023-11-24T12:28:40+00:00\",\"dateModified\":\"2023-11-28T20:44:44+00:00\",\"mainEntityOfPage\":{\"@id\":\"https:\/\/www.scuola.cl\/sivm\/presentacion-de-flamenco-2\/\"},\"wordCount\":114,\"publisher\":{\"@id\":\"https:\/\/www.scuola.cl\/sivm\/#organization\"},\"image\":{\"@id\":\"https:\/\/www.scuola.cl\/sivm\/presentacion-de-flamenco-2\/#primaryimage\"},\"thumbnailUrl\":\"https:\/\/www.scuola.cl\/sivm\/wp-content\/uploads\/2023\/11\/flamenco-web.jpg\",\"articleSection\":[\"Actividades\",\"Centro Cultural\",\"Noticias\"],\"inLanguage\":\"es\"},{\"@type\":\"WebPage\",\"@id\":\"https:\/\/www.scuola.cl\/sivm\/presentacion-de-flamenco-2\/\",\"url\":\"https:\/\/www.scuola.cl\/sivm\/presentacion-de-flamenco-2\/\",\"name\":\"Presentaci\u00f3n de Flamenco - Scuola Italiana\",\"isPartOf\":{\"@id\":\"https:\/\/www.scuola.cl\/sivm\/#website\"},\"primaryImageOfPage\":{\"@id\":\"https:\/\/www.scuola.cl\/sivm\/presentacion-de-flamenco-2\/#primaryimage\"},\"image\":{\"@id\":\"https:\/\/www.scuola.cl\/sivm\/presentacion-de-flamenco-2\/#primaryimage\"},\"thumbnailUrl\":\"https:\/\/www.scuola.cl\/sivm\/wp-content\/uploads\/2023\/11\/flamenco-web.jpg\",\"datePublished\":\"2023-11-24T12:28:40+00:00\",\"dateModified\":\"2023-11-28T20:44:44+00:00\",\"breadcrumb\":{\"@id\":\"https:\/\/www.scuola.cl\/sivm\/presentacion-de-flamenco-2\/#breadcrumb\"},\"inLanguage\":\"es\",\"potentialAction\":[{\"@type\":\"ReadAction\",\"target\":[\"https:\/\/www.scuola.cl\/sivm\/presentacion-de-flamenco-2\/\"]}]},{\"@type\":\"ImageObject\",\"inLanguage\":\"es\",\"@id\":\"https:\/\/www.scuola.cl\/sivm\/presentacion-de-flamenco-2\/#primaryimage\",\"url\":\"https:\/\/www.scuola.cl\/sivm\/wp-content\/uploads\/2023\/11\/flamenco-web.jpg\",\"contentUrl\":\"https:\/\/www.scuola.cl\/sivm\/wp-content\/uploads\/2023\/11\/flamenco-web.jpg\",\"width\":900,\"height\":610},{\"@type\":\"BreadcrumbList\",\"@id\":\"https:\/\/www.scuola.cl\/sivm\/presentacion-de-flamenco-2\/#breadcrumb\",\"itemListElement\":[{\"@type\":\"ListItem\",\"position\":1,\"name\":\"Inicio\",\"item\":\"https:\/\/www.scuola.cl\/sivm\/\"},{\"@type\":\"ListItem\",\"position\":2,\"name\":\"Actividades\",\"item\":\"https:\/\/www.scuola.cl\/sivm\/category\/actividades\/\"},{\"@type\":\"ListItem\",\"position\":3,\"name\":\"Presentaci\u00f3n de Flamenco\"}]},{\"@type\":\"WebSite\",\"@id\":\"https:\/\/www.scuola.cl\/sivm\/#website\",\"url\":\"https:\/\/www.scuola.cl\/sivm\/\",\"name\":\"Scuola Italiana\",\"description\":\"Vittorio Montiglio\",\"publisher\":{\"@id\":\"https:\/\/www.scuola.cl\/sivm\/#organization\"},\"potentialAction\":[{\"@type\":\"SearchAction\",\"target\":{\"@type\":\"EntryPoint\",\"urlTemplate\":\"https:\/\/www.scuola.cl\/sivm\/?s={search_term_string}\"},\"query-input\":{\"@type\":\"PropertyValueSpecification\",\"valueRequired\":true,\"valueName\":\"search_term_string\"}}],\"inLanguage\":\"es\"},{\"@type\":\"Organization\",\"@id\":\"https:\/\/www.scuola.cl\/sivm\/#organization\",\"name\":\"Scuola Italiana Vittorio Montiglio\",\"url\":\"https:\/\/www.scuola.cl\/sivm\/\",\"logo\":{\"@type\":\"ImageObject\",\"inLanguage\":\"es\",\"@id\":\"https:\/\/www.scuola.cl\/sivm\/#\/schema\/logo\/image\/\",\"url\":\"https:\/\/www.scuola.cl\/sivm\/wp-content\/uploads\/2019\/06\/Logo_Scuola-01-001-1000x1000.png\",\"contentUrl\":\"https:\/\/www.scuola.cl\/sivm\/wp-content\/uploads\/2019\/06\/Logo_Scuola-01-001-1000x1000.png\",\"width\":1000,\"height\":1000,\"caption\":\"Scuola Italiana Vittorio Montiglio\"},\"image\":{\"@id\":\"https:\/\/www.scuola.cl\/sivm\/#\/schema\/logo\/image\/\"}},{\"@type\":\"Person\",\"@id\":\"https:\/\/www.scuola.cl\/sivm\/#\/schema\/person\/2ac68abc1b548ee6d8e16c4d3727d1b2\",\"name\":\"Comunicaciones\",\"image\":{\"@type\":\"ImageObject\",\"inLanguage\":\"es\",\"@id\":\"https:\/\/www.scuola.cl\/sivm\/#\/schema\/person\/image\/\",\"url\":\"https:\/\/secure.gravatar.com\/avatar\/0b29fd7cdce1ec9939eded19ce85d6ed73acf03fb52d098b0641aed356fe6aeb?s=96&d=mm&r=g\",\"contentUrl\":\"https:\/\/secure.gravatar.com\/avatar\/0b29fd7cdce1ec9939eded19ce85d6ed73acf03fb52d098b0641aed356fe6aeb?s=96&d=mm&r=g\",\"caption\":\"Comunicaciones\"},\"url\":\"https:\/\/www.scuola.cl\/sivm\/author\/comunicaciones-scuola\/\"}]}<\/script>\n<!-- \/ Yoast SEO plugin. -->","yoast_head_json":{"title":"Presentaci\u00f3n de Flamenco - Scuola Italiana","robots":{"index":"index","follow":"follow","max-snippet":"max-snippet:-1","max-image-preview":"max-image-preview:large","max-video-preview":"max-video-preview:-1"},"canonical":"https:\/\/www.scuola.cl\/sivm\/presentacion-de-flamenco-2\/","og_locale":"es_ES","og_type":"article","og_title":"Presentaci\u00f3n de Flamenco - Scuola Italiana","og_description":"Con una gran asistencia de p\u00fablico que replet\u00f3 el Teatro Giuseppe Verdi, se present\u00f3 el jueves 23 de noviembre la compa\u00f1\u00eda \"La Moreneta\", con el montaje de danza flamenca: \"El jaleo: Arsa y Toma\".","og_url":"https:\/\/www.scuola.cl\/sivm\/presentacion-de-flamenco-2\/","og_site_name":"Scuola Italiana","article_published_time":"2023-11-24T12:28:40+00:00","article_modified_time":"2023-11-28T20:44:44+00:00","og_image":[{"width":900,"height":610,"url":"https:\/\/www.scuola.cl\/sivm\/wp-content\/uploads\/2023\/11\/flamenco-web.jpg","type":"image\/jpeg"}],"author":"Comunicaciones","twitter_card":"summary_large_image","twitter_misc":{"Escrito por":"Comunicaciones","Tiempo de lectura":"1 minuto"},"schema":{"@context":"https:\/\/schema.org","@graph":[{"@type":"Article","@id":"https:\/\/www.scuola.cl\/sivm\/presentacion-de-flamenco-2\/#article","isPartOf":{"@id":"https:\/\/www.scuola.cl\/sivm\/presentacion-de-flamenco-2\/"},"author":{"name":"Comunicaciones","@id":"https:\/\/www.scuola.cl\/sivm\/#\/schema\/person\/2ac68abc1b548ee6d8e16c4d3727d1b2"},"headline":"Presentaci\u00f3n de Flamenco","datePublished":"2023-11-24T12:28:40+00:00","dateModified":"2023-11-28T20:44:44+00:00","mainEntityOfPage":{"@id":"https:\/\/www.scuola.cl\/sivm\/presentacion-de-flamenco-2\/"},"wordCount":114,"publisher":{"@id":"https:\/\/www.scuola.cl\/sivm\/#organization"},"image":{"@id":"https:\/\/www.scuola.cl\/sivm\/presentacion-de-flamenco-2\/#primaryimage"},"thumbnailUrl":"https:\/\/www.scuola.cl\/sivm\/wp-content\/uploads\/2023\/11\/flamenco-web.jpg","articleSection":["Actividades","Centro Cultural","Noticias"],"inLanguage":"es"},{"@type":"WebPage","@id":"https:\/\/www.scuola.cl\/sivm\/presentacion-de-flamenco-2\/","url":"https:\/\/www.scuola.cl\/sivm\/presentacion-de-flamenco-2\/","name":"Presentaci\u00f3n de Flamenco - Scuola Italiana","isPartOf":{"@id":"https:\/\/www.scuola.cl\/sivm\/#website"},"primaryImageOfPage":{"@id":"https:\/\/www.scuola.cl\/sivm\/presentacion-de-flamenco-2\/#primaryimage"},"image":{"@id":"https:\/\/www.scuola.cl\/sivm\/presentacion-de-flamenco-2\/#primaryimage"},"thumbnailUrl":"https:\/\/www.scuola.cl\/sivm\/wp-content\/uploads\/2023\/11\/flamenco-web.jpg","datePublished":"2023-11-24T12:28:40+00:00","dateModified":"2023-11-28T20:44:44+00:00","breadcrumb":{"@id":"https:\/\/www.scuola.cl\/sivm\/presentacion-de-flamenco-2\/#breadcrumb"},"inLanguage":"es","potentialAction":[{"@type":"ReadAction","target":["https:\/\/www.scuola.cl\/sivm\/presentacion-de-flamenco-2\/"]}]},{"@type":"ImageObject","inLanguage":"es","@id":"https:\/\/www.scuola.cl\/sivm\/presentacion-de-flamenco-2\/#primaryimage","url":"https:\/\/www.scuola.cl\/sivm\/wp-content\/uploads\/2023\/11\/flamenco-web.jpg","contentUrl":"https:\/\/www.scuola.cl\/sivm\/wp-content\/uploads\/2023\/11\/flamenco-web.jpg","width":900,"height":610},{"@type":"BreadcrumbList","@id":"https:\/\/www.scuola.cl\/sivm\/presentacion-de-flamenco-2\/#breadcrumb","itemListElement":[{"@type":"ListItem","position":1,"name":"Inicio","item":"https:\/\/www.scuola.cl\/sivm\/"},{"@type":"ListItem","position":2,"name":"Actividades","item":"https:\/\/www.scuola.cl\/sivm\/category\/actividades\/"},{"@type":"ListItem","position":3,"name":"Presentaci\u00f3n de Flamenco"}]},{"@type":"WebSite","@id":"https:\/\/www.scuola.cl\/sivm\/#website","url":"https:\/\/www.scuola.cl\/sivm\/","name":"Scuola Italiana","description":"Vittorio Montiglio","publisher":{"@id":"https:\/\/www.scuola.cl\/sivm\/#organization"},"potentialAction":[{"@type":"SearchAction","target":{"@type":"EntryPoint","urlTemplate":"https:\/\/www.scuola.cl\/sivm\/?s={search_term_string}"},"query-input":{"@type":"PropertyValueSpecification","valueRequired":true,"valueName":"search_term_string"}}],"inLanguage":"es"},{"@type":"Organization","@id":"https:\/\/www.scuola.cl\/sivm\/#organization","name":"Scuola Italiana Vittorio Montiglio","url":"https:\/\/www.scuola.cl\/sivm\/","logo":{"@type":"ImageObject","inLanguage":"es","@id":"https:\/\/www.scuola.cl\/sivm\/#\/schema\/logo\/image\/","url":"https:\/\/www.scuola.cl\/sivm\/wp-content\/uploads\/2019\/06\/Logo_Scuola-01-001-1000x1000.png","contentUrl":"https:\/\/www.scuola.cl\/sivm\/wp-content\/uploads\/2019\/06\/Logo_Scuola-01-001-1000x1000.png","width":1000,"height":1000,"caption":"Scuola Italiana Vittorio Montiglio"},"image":{"@id":"https:\/\/www.scuola.cl\/sivm\/#\/schema\/logo\/image\/"}},{"@type":"Person","@id":"https:\/\/www.scuola.cl\/sivm\/#\/schema\/person\/2ac68abc1b548ee6d8e16c4d3727d1b2","name":"Comunicaciones","image":{"@type":"ImageObject","inLanguage":"es","@id":"https:\/\/www.scuola.cl\/sivm\/#\/schema\/person\/image\/","url":"https:\/\/secure.gravatar.com\/avatar\/0b29fd7cdce1ec9939eded19ce85d6ed73acf03fb52d098b0641aed356fe6aeb?s=96&d=mm&r=g","contentUrl":"https:\/\/secure.gravatar.com\/avatar\/0b29fd7cdce1ec9939eded19ce85d6ed73acf03fb52d098b0641aed356fe6aeb?s=96&d=mm&r=g","caption":"Comunicaciones"},"url":"https:\/\/www.scuola.cl\/sivm\/author\/comunicaciones-scuola\/"}]}},"_links":{"self":[{"href":"https:\/\/www.scuola.cl\/sivm\/wp-json\/wp\/v2\/posts\/23915","targetHints":{"allow":["GET"]}}],"collection":[{"href":"https:\/\/www.scuola.cl\/sivm\/wp-json\/wp\/v2\/posts"}],"about":[{"href":"https:\/\/www.scuola.cl\/sivm\/wp-json\/wp\/v2\/types\/post"}],"author":[{"embeddable":true,"href":"https:\/\/www.scuola.cl\/sivm\/wp-json\/wp\/v2\/users\/2"}],"replies":[{"embeddable":true,"href":"https:\/\/www.scuola.cl\/sivm\/wp-json\/wp\/v2\/comments?post=23915"}],"version-history":[{"count":7,"href":"https:\/\/www.scuola.cl\/sivm\/wp-json\/wp\/v2\/posts\/23915\/revisions"}],"predecessor-version":[{"id":23930,"href":"https:\/\/www.scuola.cl\/sivm\/wp-json\/wp\/v2\/posts\/23915\/revisions\/23930"}],"wp:featuredmedia":[{"embeddable":true,"href":"https:\/\/www.scuola.cl\/sivm\/wp-json\/wp\/v2\/media\/23916"}],"wp:attachment":[{"href":"https:\/\/www.scuola.cl\/sivm\/wp-json\/wp\/v2\/media?parent=23915"}],"wp:term":[{"taxonomy":"category","embeddable":true,"href":"https:\/\/www.scuola.cl\/sivm\/wp-json\/wp\/v2\/categories?post=23915"},{"taxonomy":"post_tag","embeddable":true,"href":"https:\/\/www.scuola.cl\/sivm\/wp-json\/wp\/v2\/tags?post=23915"}],"curies":[{"name":"wp","href":"https:\/\/api.w.org\/{rel}","templated":true}]}}