{"id":23748,"date":"2023-11-13T16:53:00","date_gmt":"2023-11-13T19:53:00","guid":{"rendered":"https:\/\/www.scuola.cl\/sivm\/?p=23748"},"modified":"2023-11-16T19:05:34","modified_gmt":"2023-11-16T22:05:34","slug":"ultimo-campeonato-club-lega","status":"publish","type":"post","link":"https:\/\/www.scuola.cl\/sivm\/ultimo-campeonato-club-lega\/","title":{"rendered":"\u00daltimo\u00a0Campeonato Club LEGA"},"content":{"rendered":"\n<p>(Por\u00a0<a class=\"x1i10hfl xjbqb8w x6umtig x1b1mbwd xaqea5y xav7gou x9f619 x1ypdohk xt0psk2 xe8uvvx xdj266r x11i5rnm xat24cr x1mh8g0r xexx8yu x4uap5 x18d9i69 xkhd6sd x16tdsg8 x1hl2dhg xggy1nq x1a2a7pz _acan _acao _acat _acaw _aj1- _a6hd\" tabindex=\"0\" role=\"link\" href=\"https:\/\/www.instagram.com\/deportes_sivm\/?hl=es-la&amp;e=f666810d-b08d-4272-a9f1-18efa3dbb35c&amp;g=5\">deportes_sivm<\/a>)<\/p>\n<p>El s\u00e1bado 11 de noviembre finaliz\u00f3 la temporada 2023 del Torneo Club\u00a0LEGA, con el campeonato de los niveles 4, 5, 6, 7 y 8, siendo \u00e9stos los m\u00e1s altos de la gimnasia art\u00edstica femenina.<\/p>\n<p>Nuestra Scuola estuvo representada por:<\/p>\n<p><strong>Nivel 4:<\/strong> Ignacia Espinosa Pazos, Amparo Torres Pellegrino, Magdalena Bravo Gonz\u00e1les, Mar\u00eda Gracia Torres Musa, Emilia Olivi Reyes y Javiera Orellana Marcus.<\/p>\n<p><strong>Nivel 5:<\/strong> Elisa Antonia Pattillo Orsini y Emilia Misseroni Aguayo.<\/p>\n<p><strong>Nivel 7:<\/strong> Rafaella Daziano Salinas.<\/p>\n<p>Todas ellas lograron subir a la Scuola al podio, obteniendo el 3\u00b0 Lugar por equipos.<\/p>\n<p>Adem\u00e1s, en la competencia individual destacaron las deportistas:<\/p>\n<p>Javiera Orellana Marcus con el 3er Lugar\u00a0en el nivel 4 en franja 4, siendo as\u00ed promovida al nivel 5.\u00a0<\/p>\n<p>Rafaella Daziano Salinas con el 1er Lugar\u00a0en el nivel 7, siendo promovida al nivel 8.\u00a0<\/p>\n<p>Queremos hacer una menci\u00f3n especial a Emilia Olivi Reyes, alumna de IV Medio, quien compiti\u00f3 por \u00faltima vez por la Scuola. Gracias por todos tus a\u00f1os de compromiso para con la selecci\u00f3n de GAF Scuola y por compartir todos tus logros a lo largo de tu trayectoria.\u00a0<\/p>\n<p><a href=\"https:\/\/www.instagram.com\/p\/CzkIHGKgNX5\/?hl=es-la&amp;img_index=1\" target=\"_blank\" rel=\"noopener\">Ver fotos<\/a><\/p>\n<p><img loading=\"lazy\" decoding=\"async\" class=\"alignnone wp-image-23832 size-large\" src=\"https:\/\/www.scuola.cl\/sivm\/wp-content\/uploads\/2023\/11\/gym-web-700x474.jpg\" alt=\"\" width=\"700\" height=\"474\" srcset=\"https:\/\/www.scuola.cl\/sivm\/wp-content\/uploads\/2023\/11\/gym-web-700x474.jpg 700w, https:\/\/www.scuola.cl\/sivm\/wp-content\/uploads\/2023\/11\/gym-web-250x169.jpg 250w, https:\/\/www.scuola.cl\/sivm\/wp-content\/uploads\/2023\/11\/gym-web-768x521.jpg 768w, https:\/\/www.scuola.cl\/sivm\/wp-content\/uploads\/2023\/11\/gym-web-120x81.jpg 120w, https:\/\/www.scuola.cl\/sivm\/wp-content\/uploads\/2023\/11\/gym-web.jpg 900w\" sizes=\"auto, (max-width: 700px) 100vw, 700px\" \/><\/p>\n<p>El s\u00e1bado 4 noviembre, la Scuola hab\u00eda conseguido el 2\u00b0Lugar\u00a0por equipos, en el \u00faltimo Campeonato de Nivel 3 del Club LEGA de la temporada 2023, el cual reuni\u00f3 a los 11 mejores clubes y colegios del circuito.\u00a0<\/p>\n<p>Junto a esto, en la competencia individual destacaron las siguientes deportistas:<\/p>\n<p>Franja 2:\u00a0<\/p>\n<p>Bel\u00e9n Salom Borie, 2\u00b0 Lugar.<\/p>\n<p>Julieta Osorio Silva, 3\u00b0 Lugar.<\/p>\n<p>Mar\u00eda Trinidad\u00a0Carvajal Bacigalupo, 5\u00b0 Lugar.\u00a0<\/p>\n<p>Franja 3:\u00a0<\/p>\n<p>Julieta\u00a0Camilla\u00a0Sanhueza, 2\u00b0 Lugar.\u00a0<\/p>\n<p>Mar\u00eda Consuelo Leyton Spagnolli, 3\u00b0 Lugar.\u00a0<\/p>\n<p>Franja 5:<\/p>\n<p>Emma Montanari Fuentes, 6\u00b0 Lugar.<\/p>\n<p><a href=\"https:\/\/www.instagram.com\/p\/CzSINjtg9JK\/?hl=es-la&amp;img_index=1\" target=\"_blank\" rel=\"noopener\">Ver fotos<\/a><\/p>\n<p><img loading=\"lazy\" decoding=\"async\" class=\"alignnone wp-image-23754 size-full\" src=\"https:\/\/www.scuola.cl\/sivm\/wp-content\/uploads\/2023\/11\/gimnasia-2.png\" alt=\"\" width=\"642\" height=\"587\" srcset=\"https:\/\/www.scuola.cl\/sivm\/wp-content\/uploads\/2023\/11\/gimnasia-2.png 642w, https:\/\/www.scuola.cl\/sivm\/wp-content\/uploads\/2023\/11\/gimnasia-2-250x229.png 250w, https:\/\/www.scuola.cl\/sivm\/wp-content\/uploads\/2023\/11\/gimnasia-2-120x110.png 120w\" sizes=\"auto, (max-width: 642px) 100vw, 642px\" \/><\/p>\n<p>Agradecemos a todas nuestras gimnastas por su compromiso y empe\u00f1o durante todo este a\u00f1o.<\/p>\n<p>Complimenti ragazze!<\/p>\n<p>\u00a0<\/p>\n<p>\u00a0<\/p>\n","protected":false},"excerpt":{"rendered":"Finaliz\u00f3 la temporada 2023 del Torneo Club LEGA, con el campeonato de los niveles 4, 5, 6, 7 y 8, siendo \u00e9stos los m\u00e1s altos de la gimnasia art\u00edstica femenina, obteniendo el 3\u00b0 Lugar por equipos y el 2do en Nivel 3.","protected":false},"author":2,"featured_media":23832,"comment_status":"closed","ping_status":"closed","sticky":false,"template":"","format":"standard","meta":{"_acf_changed":false,"footnotes":""},"categories":[12,5],"tags":[],"class_list":["post-23748","post","type-post","status-publish","format-standard","has-post-thumbnail","hentry","category-deportes","category-noticias"],"acf":[],"yoast_head":"<!-- This site is optimized with the Yoast SEO plugin v27.1.1 - https:\/\/yoast.com\/product\/yoast-seo-wordpress\/ -->\n<title>\u00daltimo\u00a0Campeonato Club LEGA - Scuola Italiana<\/title>\n<meta name=\"robots\" content=\"index, follow, max-snippet:-1, max-image-preview:large, max-video-preview:-1\" \/>\n<link rel=\"canonical\" href=\"https:\/\/www.scuola.cl\/sivm\/ultimo-campeonato-club-lega\/\" \/>\n<meta property=\"og:locale\" content=\"es_ES\" \/>\n<meta property=\"og:type\" content=\"article\" \/>\n<meta property=\"og:title\" content=\"\u00daltimo\u00a0Campeonato Club LEGA - Scuola Italiana\" \/>\n<meta property=\"og:description\" content=\"Finaliz\u00f3 la temporada 2023 del Torneo Club LEGA, con el campeonato de los niveles 4, 5, 6, 7 y 8, siendo \u00e9stos los m\u00e1s altos de la gimnasia art\u00edstica femenina, obteniendo el 3\u00b0 Lugar por equipos y el 2do en Nivel 3.\" \/>\n<meta property=\"og:url\" content=\"https:\/\/www.scuola.cl\/sivm\/ultimo-campeonato-club-lega\/\" \/>\n<meta property=\"og:site_name\" content=\"Scuola Italiana\" \/>\n<meta property=\"article:published_time\" content=\"2023-11-13T19:53:00+00:00\" \/>\n<meta property=\"article:modified_time\" content=\"2023-11-16T22:05:34+00:00\" \/>\n<meta property=\"og:image\" content=\"https:\/\/www.scuola.cl\/sivm\/wp-content\/uploads\/2023\/11\/gym-web.jpg\" \/>\n\t<meta property=\"og:image:width\" content=\"900\" \/>\n\t<meta property=\"og:image:height\" content=\"610\" \/>\n\t<meta property=\"og:image:type\" content=\"image\/jpeg\" \/>\n<meta name=\"author\" content=\"Comunicaciones\" \/>\n<meta name=\"twitter:card\" content=\"summary_large_image\" \/>\n<meta name=\"twitter:label1\" content=\"Escrito por\" \/>\n\t<meta name=\"twitter:data1\" content=\"Comunicaciones\" \/>\n\t<meta name=\"twitter:label2\" content=\"Tiempo de lectura\" \/>\n\t<meta name=\"twitter:data2\" content=\"2 minutos\" \/>\n<script type=\"application\/ld+json\" class=\"yoast-schema-graph\">{\"@context\":\"https:\/\/schema.org\",\"@graph\":[{\"@type\":\"Article\",\"@id\":\"https:\/\/www.scuola.cl\/sivm\/ultimo-campeonato-club-lega\/#article\",\"isPartOf\":{\"@id\":\"https:\/\/www.scuola.cl\/sivm\/ultimo-campeonato-club-lega\/\"},\"author\":{\"name\":\"Comunicaciones\",\"@id\":\"https:\/\/www.scuola.cl\/sivm\/#\/schema\/person\/2ac68abc1b548ee6d8e16c4d3727d1b2\"},\"headline\":\"\u00daltimo\u00a0Campeonato Club LEGA\",\"datePublished\":\"2023-11-13T19:53:00+00:00\",\"dateModified\":\"2023-11-16T22:05:34+00:00\",\"mainEntityOfPage\":{\"@id\":\"https:\/\/www.scuola.cl\/sivm\/ultimo-campeonato-club-lega\/\"},\"wordCount\":284,\"publisher\":{\"@id\":\"https:\/\/www.scuola.cl\/sivm\/#organization\"},\"image\":{\"@id\":\"https:\/\/www.scuola.cl\/sivm\/ultimo-campeonato-club-lega\/#primaryimage\"},\"thumbnailUrl\":\"https:\/\/www.scuola.cl\/sivm\/wp-content\/uploads\/2023\/11\/gym-web.jpg\",\"articleSection\":[\"Deportes\",\"Noticias\"],\"inLanguage\":\"es\"},{\"@type\":\"WebPage\",\"@id\":\"https:\/\/www.scuola.cl\/sivm\/ultimo-campeonato-club-lega\/\",\"url\":\"https:\/\/www.scuola.cl\/sivm\/ultimo-campeonato-club-lega\/\",\"name\":\"\u00daltimo\u00a0Campeonato Club LEGA - Scuola Italiana\",\"isPartOf\":{\"@id\":\"https:\/\/www.scuola.cl\/sivm\/#website\"},\"primaryImageOfPage\":{\"@id\":\"https:\/\/www.scuola.cl\/sivm\/ultimo-campeonato-club-lega\/#primaryimage\"},\"image\":{\"@id\":\"https:\/\/www.scuola.cl\/sivm\/ultimo-campeonato-club-lega\/#primaryimage\"},\"thumbnailUrl\":\"https:\/\/www.scuola.cl\/sivm\/wp-content\/uploads\/2023\/11\/gym-web.jpg\",\"datePublished\":\"2023-11-13T19:53:00+00:00\",\"dateModified\":\"2023-11-16T22:05:34+00:00\",\"breadcrumb\":{\"@id\":\"https:\/\/www.scuola.cl\/sivm\/ultimo-campeonato-club-lega\/#breadcrumb\"},\"inLanguage\":\"es\",\"potentialAction\":[{\"@type\":\"ReadAction\",\"target\":[\"https:\/\/www.scuola.cl\/sivm\/ultimo-campeonato-club-lega\/\"]}]},{\"@type\":\"ImageObject\",\"inLanguage\":\"es\",\"@id\":\"https:\/\/www.scuola.cl\/sivm\/ultimo-campeonato-club-lega\/#primaryimage\",\"url\":\"https:\/\/www.scuola.cl\/sivm\/wp-content\/uploads\/2023\/11\/gym-web.jpg\",\"contentUrl\":\"https:\/\/www.scuola.cl\/sivm\/wp-content\/uploads\/2023\/11\/gym-web.jpg\",\"width\":900,\"height\":610},{\"@type\":\"BreadcrumbList\",\"@id\":\"https:\/\/www.scuola.cl\/sivm\/ultimo-campeonato-club-lega\/#breadcrumb\",\"itemListElement\":[{\"@type\":\"ListItem\",\"position\":1,\"name\":\"Inicio\",\"item\":\"https:\/\/www.scuola.cl\/sivm\/\"},{\"@type\":\"ListItem\",\"position\":2,\"name\":\"Noticias\",\"item\":\"https:\/\/www.scuola.cl\/sivm\/category\/noticias\/\"},{\"@type\":\"ListItem\",\"position\":3,\"name\":\"\u00daltimo\u00a0Campeonato Club LEGA\"}]},{\"@type\":\"WebSite\",\"@id\":\"https:\/\/www.scuola.cl\/sivm\/#website\",\"url\":\"https:\/\/www.scuola.cl\/sivm\/\",\"name\":\"Scuola Italiana\",\"description\":\"Vittorio Montiglio\",\"publisher\":{\"@id\":\"https:\/\/www.scuola.cl\/sivm\/#organization\"},\"potentialAction\":[{\"@type\":\"SearchAction\",\"target\":{\"@type\":\"EntryPoint\",\"urlTemplate\":\"https:\/\/www.scuola.cl\/sivm\/?s={search_term_string}\"},\"query-input\":{\"@type\":\"PropertyValueSpecification\",\"valueRequired\":true,\"valueName\":\"search_term_string\"}}],\"inLanguage\":\"es\"},{\"@type\":\"Organization\",\"@id\":\"https:\/\/www.scuola.cl\/sivm\/#organization\",\"name\":\"Scuola Italiana Vittorio Montiglio\",\"url\":\"https:\/\/www.scuola.cl\/sivm\/\",\"logo\":{\"@type\":\"ImageObject\",\"inLanguage\":\"es\",\"@id\":\"https:\/\/www.scuola.cl\/sivm\/#\/schema\/logo\/image\/\",\"url\":\"https:\/\/www.scuola.cl\/sivm\/wp-content\/uploads\/2019\/06\/Logo_Scuola-01-001-1000x1000.png\",\"contentUrl\":\"https:\/\/www.scuola.cl\/sivm\/wp-content\/uploads\/2019\/06\/Logo_Scuola-01-001-1000x1000.png\",\"width\":1000,\"height\":1000,\"caption\":\"Scuola Italiana Vittorio Montiglio\"},\"image\":{\"@id\":\"https:\/\/www.scuola.cl\/sivm\/#\/schema\/logo\/image\/\"}},{\"@type\":\"Person\",\"@id\":\"https:\/\/www.scuola.cl\/sivm\/#\/schema\/person\/2ac68abc1b548ee6d8e16c4d3727d1b2\",\"name\":\"Comunicaciones\",\"image\":{\"@type\":\"ImageObject\",\"inLanguage\":\"es\",\"@id\":\"https:\/\/www.scuola.cl\/sivm\/#\/schema\/person\/image\/\",\"url\":\"https:\/\/secure.gravatar.com\/avatar\/0b29fd7cdce1ec9939eded19ce85d6ed73acf03fb52d098b0641aed356fe6aeb?s=96&d=mm&r=g\",\"contentUrl\":\"https:\/\/secure.gravatar.com\/avatar\/0b29fd7cdce1ec9939eded19ce85d6ed73acf03fb52d098b0641aed356fe6aeb?s=96&d=mm&r=g\",\"caption\":\"Comunicaciones\"},\"url\":\"https:\/\/www.scuola.cl\/sivm\/author\/comunicaciones-scuola\/\"}]}<\/script>\n<!-- \/ Yoast SEO plugin. -->","yoast_head_json":{"title":"\u00daltimo\u00a0Campeonato Club LEGA - Scuola Italiana","robots":{"index":"index","follow":"follow","max-snippet":"max-snippet:-1","max-image-preview":"max-image-preview:large","max-video-preview":"max-video-preview:-1"},"canonical":"https:\/\/www.scuola.cl\/sivm\/ultimo-campeonato-club-lega\/","og_locale":"es_ES","og_type":"article","og_title":"\u00daltimo\u00a0Campeonato Club LEGA - Scuola Italiana","og_description":"Finaliz\u00f3 la temporada 2023 del Torneo Club LEGA, con el campeonato de los niveles 4, 5, 6, 7 y 8, siendo \u00e9stos los m\u00e1s altos de la gimnasia art\u00edstica femenina, obteniendo el 3\u00b0 Lugar por equipos y el 2do en Nivel 3.","og_url":"https:\/\/www.scuola.cl\/sivm\/ultimo-campeonato-club-lega\/","og_site_name":"Scuola Italiana","article_published_time":"2023-11-13T19:53:00+00:00","article_modified_time":"2023-11-16T22:05:34+00:00","og_image":[{"width":900,"height":610,"url":"https:\/\/www.scuola.cl\/sivm\/wp-content\/uploads\/2023\/11\/gym-web.jpg","type":"image\/jpeg"}],"author":"Comunicaciones","twitter_card":"summary_large_image","twitter_misc":{"Escrito por":"Comunicaciones","Tiempo de lectura":"2 minutos"},"schema":{"@context":"https:\/\/schema.org","@graph":[{"@type":"Article","@id":"https:\/\/www.scuola.cl\/sivm\/ultimo-campeonato-club-lega\/#article","isPartOf":{"@id":"https:\/\/www.scuola.cl\/sivm\/ultimo-campeonato-club-lega\/"},"author":{"name":"Comunicaciones","@id":"https:\/\/www.scuola.cl\/sivm\/#\/schema\/person\/2ac68abc1b548ee6d8e16c4d3727d1b2"},"headline":"\u00daltimo\u00a0Campeonato Club LEGA","datePublished":"2023-11-13T19:53:00+00:00","dateModified":"2023-11-16T22:05:34+00:00","mainEntityOfPage":{"@id":"https:\/\/www.scuola.cl\/sivm\/ultimo-campeonato-club-lega\/"},"wordCount":284,"publisher":{"@id":"https:\/\/www.scuola.cl\/sivm\/#organization"},"image":{"@id":"https:\/\/www.scuola.cl\/sivm\/ultimo-campeonato-club-lega\/#primaryimage"},"thumbnailUrl":"https:\/\/www.scuola.cl\/sivm\/wp-content\/uploads\/2023\/11\/gym-web.jpg","articleSection":["Deportes","Noticias"],"inLanguage":"es"},{"@type":"WebPage","@id":"https:\/\/www.scuola.cl\/sivm\/ultimo-campeonato-club-lega\/","url":"https:\/\/www.scuola.cl\/sivm\/ultimo-campeonato-club-lega\/","name":"\u00daltimo\u00a0Campeonato Club LEGA - Scuola Italiana","isPartOf":{"@id":"https:\/\/www.scuola.cl\/sivm\/#website"},"primaryImageOfPage":{"@id":"https:\/\/www.scuola.cl\/sivm\/ultimo-campeonato-club-lega\/#primaryimage"},"image":{"@id":"https:\/\/www.scuola.cl\/sivm\/ultimo-campeonato-club-lega\/#primaryimage"},"thumbnailUrl":"https:\/\/www.scuola.cl\/sivm\/wp-content\/uploads\/2023\/11\/gym-web.jpg","datePublished":"2023-11-13T19:53:00+00:00","dateModified":"2023-11-16T22:05:34+00:00","breadcrumb":{"@id":"https:\/\/www.scuola.cl\/sivm\/ultimo-campeonato-club-lega\/#breadcrumb"},"inLanguage":"es","potentialAction":[{"@type":"ReadAction","target":["https:\/\/www.scuola.cl\/sivm\/ultimo-campeonato-club-lega\/"]}]},{"@type":"ImageObject","inLanguage":"es","@id":"https:\/\/www.scuola.cl\/sivm\/ultimo-campeonato-club-lega\/#primaryimage","url":"https:\/\/www.scuola.cl\/sivm\/wp-content\/uploads\/2023\/11\/gym-web.jpg","contentUrl":"https:\/\/www.scuola.cl\/sivm\/wp-content\/uploads\/2023\/11\/gym-web.jpg","width":900,"height":610},{"@type":"BreadcrumbList","@id":"https:\/\/www.scuola.cl\/sivm\/ultimo-campeonato-club-lega\/#breadcrumb","itemListElement":[{"@type":"ListItem","position":1,"name":"Inicio","item":"https:\/\/www.scuola.cl\/sivm\/"},{"@type":"ListItem","position":2,"name":"Noticias","item":"https:\/\/www.scuola.cl\/sivm\/category\/noticias\/"},{"@type":"ListItem","position":3,"name":"\u00daltimo\u00a0Campeonato Club LEGA"}]},{"@type":"WebSite","@id":"https:\/\/www.scuola.cl\/sivm\/#website","url":"https:\/\/www.scuola.cl\/sivm\/","name":"Scuola Italiana","description":"Vittorio Montiglio","publisher":{"@id":"https:\/\/www.scuola.cl\/sivm\/#organization"},"potentialAction":[{"@type":"SearchAction","target":{"@type":"EntryPoint","urlTemplate":"https:\/\/www.scuola.cl\/sivm\/?s={search_term_string}"},"query-input":{"@type":"PropertyValueSpecification","valueRequired":true,"valueName":"search_term_string"}}],"inLanguage":"es"},{"@type":"Organization","@id":"https:\/\/www.scuola.cl\/sivm\/#organization","name":"Scuola Italiana Vittorio Montiglio","url":"https:\/\/www.scuola.cl\/sivm\/","logo":{"@type":"ImageObject","inLanguage":"es","@id":"https:\/\/www.scuola.cl\/sivm\/#\/schema\/logo\/image\/","url":"https:\/\/www.scuola.cl\/sivm\/wp-content\/uploads\/2019\/06\/Logo_Scuola-01-001-1000x1000.png","contentUrl":"https:\/\/www.scuola.cl\/sivm\/wp-content\/uploads\/2019\/06\/Logo_Scuola-01-001-1000x1000.png","width":1000,"height":1000,"caption":"Scuola Italiana Vittorio Montiglio"},"image":{"@id":"https:\/\/www.scuola.cl\/sivm\/#\/schema\/logo\/image\/"}},{"@type":"Person","@id":"https:\/\/www.scuola.cl\/sivm\/#\/schema\/person\/2ac68abc1b548ee6d8e16c4d3727d1b2","name":"Comunicaciones","image":{"@type":"ImageObject","inLanguage":"es","@id":"https:\/\/www.scuola.cl\/sivm\/#\/schema\/person\/image\/","url":"https:\/\/secure.gravatar.com\/avatar\/0b29fd7cdce1ec9939eded19ce85d6ed73acf03fb52d098b0641aed356fe6aeb?s=96&d=mm&r=g","contentUrl":"https:\/\/secure.gravatar.com\/avatar\/0b29fd7cdce1ec9939eded19ce85d6ed73acf03fb52d098b0641aed356fe6aeb?s=96&d=mm&r=g","caption":"Comunicaciones"},"url":"https:\/\/www.scuola.cl\/sivm\/author\/comunicaciones-scuola\/"}]}},"_links":{"self":[{"href":"https:\/\/www.scuola.cl\/sivm\/wp-json\/wp\/v2\/posts\/23748","targetHints":{"allow":["GET"]}}],"collection":[{"href":"https:\/\/www.scuola.cl\/sivm\/wp-json\/wp\/v2\/posts"}],"about":[{"href":"https:\/\/www.scuola.cl\/sivm\/wp-json\/wp\/v2\/types\/post"}],"author":[{"embeddable":true,"href":"https:\/\/www.scuola.cl\/sivm\/wp-json\/wp\/v2\/users\/2"}],"replies":[{"embeddable":true,"href":"https:\/\/www.scuola.cl\/sivm\/wp-json\/wp\/v2\/comments?post=23748"}],"version-history":[{"count":6,"href":"https:\/\/www.scuola.cl\/sivm\/wp-json\/wp\/v2\/posts\/23748\/revisions"}],"predecessor-version":[{"id":23833,"href":"https:\/\/www.scuola.cl\/sivm\/wp-json\/wp\/v2\/posts\/23748\/revisions\/23833"}],"wp:featuredmedia":[{"embeddable":true,"href":"https:\/\/www.scuola.cl\/sivm\/wp-json\/wp\/v2\/media\/23832"}],"wp:attachment":[{"href":"https:\/\/www.scuola.cl\/sivm\/wp-json\/wp\/v2\/media?parent=23748"}],"wp:term":[{"taxonomy":"category","embeddable":true,"href":"https:\/\/www.scuola.cl\/sivm\/wp-json\/wp\/v2\/categories?post=23748"},{"taxonomy":"post_tag","embeddable":true,"href":"https:\/\/www.scuola.cl\/sivm\/wp-json\/wp\/v2\/tags?post=23748"}],"curies":[{"name":"wp","href":"https:\/\/api.w.org\/{rel}","templated":true}]}}