{"id":23353,"date":"2023-10-18T15:46:45","date_gmt":"2023-10-18T18:46:45","guid":{"rendered":"https:\/\/www.scuola.cl\/sivm\/?p=23353"},"modified":"2023-10-18T15:50:08","modified_gmt":"2023-10-18T18:50:08","slug":"panamericanos-2023","status":"publish","type":"post","link":"https:\/\/www.scuola.cl\/sivm\/panamericanos-2023\/","title":{"rendered":"Panamericanos 2023"},"content":{"rendered":"\n<p>Con inmensa alegr\u00eda y orgullo les informamos que nuestros alumnos de IV Medio, Antonia Puelma y Bruno Reginato, forman parte de la Selecci\u00f3n de Waterpolo que representar\u00e1 a Chile en los Juegos Panamericanos de Santiago 2023.<\/p>\n<p>Los invitamos a conocer un poco m\u00e1s de la trayectoria de estos destacados deportistas.<\/p>\n<p>Antonia comenz\u00f3 a practicar Waterpolo en el taller de nataci\u00f3n de la Scuola a fines del 2019. En pandemia, continu\u00f3 entrenando en el Stadio Italiano y posteriormente pas\u00f3 a ser Seleccionada Nacional. Desde entonces, ha participado en m\u00faltiples campeonatos internacionales, tales como el Mundial Sub 20 y el Sudamericano Sub 18 y, en este \u00faltimo, obteniendo un resultado hist\u00f3rico para este deporte ya que consiguieron por primera vez un puesto en el p\u00f3dium, el 2\u00b0 Lugar.\u00a0<\/p>\n<p>Bruno en cambio, siempre ha estado conectado al mundo acu\u00e1tico, con s\u00f3lo 11 a\u00f1os y siguiendo los pasos de su pap\u00e1 en el Stadio Italiano, se decidi\u00f3 por el Waterpolo como disciplina formando parte de la rama de dicho Club.\u00a0<\/p>\n<p>Ha participado con la Selecci\u00f3n chilena en varios campeonatos Sudamericanos y en los Juegos Odesur 2022, y representando al Stadio, ha viajado a Argentina, Per\u00fa, Brasil, y otros pa\u00edses de la Regi\u00f3n.<\/p>\n<p>Este a\u00f1o tuvo una experiencia que marc\u00f3 su vida, cuando cruz\u00f3 el Atl\u00e1ntico para jugar con un equipo en una Liga Juvenil en Espa\u00f1a, pa\u00eds donde el Waterpolo se juega de forma profesional, lo que signific\u00f3 una gran experiencia para \u00e9l ya que lo nutri\u00f3 tanto a nivel personal como a nivel deportivo.<\/p>\n<p>Cuando les preguntamos por sus rutinas, Antonia nos cuenta que entrena entre tres y cuatro horas al d\u00eda de lunes a viernes, y que ha aprendido a organizarse en el \u00e1mbito escolar, en el que ha recibido apoyo, flexibilidad y facilidades por parte de la Scuola, logrando compatibilizar, y teniendo muy presente que debe equilibrar, los estudios con el deporte. Por si fuera poco, tambi\u00e9n es parte del C.A.S.I. al cual siempre le dedica el tiempo necesario y, a la vez, siente el apoyo de sus compa\u00f1eros cuando est\u00e1 viajando para competir.<\/p>\n<p>Bruno en cambio, entrena entre 5 y 6 horas diarias, para lo cual tambi\u00e9n reconoce y agradece que ha sido fundamental el apoyo de parte de la Scuola para poder cumplir con las exigencias deportivas y acad\u00e9micas.\u00a0<\/p>\n<p>Antonia quiere entrar a la universidad a estudiar Comunicaci\u00f3n Audiovisual, sin dejar de lado su carrera deportiva, reconociendo que existe poco apoyo a nivel nacional: \u201chay solamente siete equipos de Waterpolo en Chile y es un deporte poco conocido, lo que implica que la competencia sea muy baja ya que competimos siempre las mismas, sumando el hecho de que no todos los equipos tienen una piscina donde entrenar. Adem\u00e1s, los viajes para competir en el extranjero son financiados de forma privada o bien haciendo colectas y eventos pro fondos, todo esto aleja el sue\u00f1o de convertirse alg\u00fan d\u00eda en una profesional del deporte en Chile\u201d, nos se\u00f1ala Antonia.\u00a0<\/p>\n<p>Bruno en cambio, s\u00ed considera el Waterpolo como un proyecto de vida ya que cuando salga del colegio se ir\u00e1 a Espa\u00f1a para jugar en Primera Divisi\u00f3n.<\/p>\n<p>En estos d\u00edas, Antonia y Bruno est\u00e1n con la mira puesta en los Panamericanos 2023, de lo cual estamos tremendamente orgullosos,\u00a0estaremos atentos a su desempe\u00f1o y les mandamos los mejores deseos en este nuevo desaf\u00edo.<\/p>\n<p>In bocca al lupo!!!!<\/p>\n<p><img loading=\"lazy\" decoding=\"async\" class=\"alignnone wp-image-23362 size-large\" src=\"https:\/\/www.scuola.cl\/sivm\/wp-content\/uploads\/2023\/10\/Anto-6-700x933.jpeg\" alt=\"\" width=\"700\" height=\"933\" srcset=\"https:\/\/www.scuola.cl\/sivm\/wp-content\/uploads\/2023\/10\/Anto-6-700x933.jpeg 700w, https:\/\/www.scuola.cl\/sivm\/wp-content\/uploads\/2023\/10\/Anto-6-250x333.jpeg 250w, https:\/\/www.scuola.cl\/sivm\/wp-content\/uploads\/2023\/10\/Anto-6-768x1024.jpeg 768w, https:\/\/www.scuola.cl\/sivm\/wp-content\/uploads\/2023\/10\/Anto-6-120x160.jpeg 120w, https:\/\/www.scuola.cl\/sivm\/wp-content\/uploads\/2023\/10\/Anto-6.jpeg 960w\" sizes=\"auto, (max-width: 700px) 100vw, 700px\" \/><\/p>\n<p><img loading=\"lazy\" decoding=\"async\" class=\"alignnone wp-image-23364 size-large\" src=\"https:\/\/www.scuola.cl\/sivm\/wp-content\/uploads\/2023\/10\/Bruno-3-700x466.jpeg\" alt=\"\" width=\"700\" height=\"466\" srcset=\"https:\/\/www.scuola.cl\/sivm\/wp-content\/uploads\/2023\/10\/Bruno-3-700x466.jpeg 700w, https:\/\/www.scuola.cl\/sivm\/wp-content\/uploads\/2023\/10\/Bruno-3-250x167.jpeg 250w, https:\/\/www.scuola.cl\/sivm\/wp-content\/uploads\/2023\/10\/Bruno-3-768x512.jpeg 768w, https:\/\/www.scuola.cl\/sivm\/wp-content\/uploads\/2023\/10\/Bruno-3-1536x1023.jpeg 1536w, https:\/\/www.scuola.cl\/sivm\/wp-content\/uploads\/2023\/10\/Bruno-3-120x80.jpeg 120w, https:\/\/www.scuola.cl\/sivm\/wp-content\/uploads\/2023\/10\/Bruno-3.jpeg 1600w\" sizes=\"auto, (max-width: 700px) 100vw, 700px\" \/><\/p>\n","protected":false},"excerpt":{"rendered":"Con inmensa alegr\u00eda y orgullo les informamos que nuestros alumnos de IV Medio, Antonia Puelma y Bruno Reginato, forman parte de la Selecci\u00f3n de Waterpolo que representar\u00e1 a Chile en los Juegos Panamericanos 2023.","protected":false},"author":2,"featured_media":23359,"comment_status":"closed","ping_status":"closed","sticky":false,"template":"","format":"standard","meta":{"_acf_changed":false,"footnotes":""},"categories":[12,39,5],"tags":[],"class_list":["post-23353","post","type-post","status-publish","format-standard","has-post-thumbnail","hentry","category-deportes","category-deportes-2","category-noticias"],"acf":[],"yoast_head":"<!-- This site is optimized with the Yoast SEO plugin v27.1.1 - https:\/\/yoast.com\/product\/yoast-seo-wordpress\/ -->\n<title>Panamericanos 2023 - Scuola Italiana<\/title>\n<meta name=\"robots\" content=\"index, follow, max-snippet:-1, max-image-preview:large, max-video-preview:-1\" \/>\n<link rel=\"canonical\" href=\"https:\/\/www.scuola.cl\/sivm\/panamericanos-2023\/\" \/>\n<meta property=\"og:locale\" content=\"es_ES\" \/>\n<meta property=\"og:type\" content=\"article\" \/>\n<meta property=\"og:title\" content=\"Panamericanos 2023 - Scuola Italiana\" \/>\n<meta property=\"og:description\" content=\"Con inmensa alegr\u00eda y orgullo les informamos que nuestros alumnos de IV Medio, Antonia Puelma y Bruno Reginato, forman parte de la Selecci\u00f3n de Waterpolo que representar\u00e1 a Chile en los Juegos Panamericanos 2023.\" \/>\n<meta property=\"og:url\" content=\"https:\/\/www.scuola.cl\/sivm\/panamericanos-2023\/\" \/>\n<meta property=\"og:site_name\" content=\"Scuola Italiana\" \/>\n<meta property=\"article:published_time\" content=\"2023-10-18T18:46:45+00:00\" \/>\n<meta property=\"article:modified_time\" content=\"2023-10-18T18:50:08+00:00\" \/>\n<meta property=\"og:image\" content=\"https:\/\/www.scuola.cl\/sivm\/wp-content\/uploads\/2023\/10\/panamericanos.jpg\" \/>\n\t<meta property=\"og:image:width\" content=\"900\" \/>\n\t<meta property=\"og:image:height\" content=\"610\" \/>\n\t<meta property=\"og:image:type\" content=\"image\/jpeg\" \/>\n<meta name=\"author\" content=\"Comunicaciones\" \/>\n<meta name=\"twitter:card\" content=\"summary_large_image\" \/>\n<meta name=\"twitter:label1\" content=\"Escrito por\" \/>\n\t<meta name=\"twitter:data1\" content=\"Comunicaciones\" \/>\n\t<meta name=\"twitter:label2\" content=\"Tiempo de lectura\" \/>\n\t<meta name=\"twitter:data2\" content=\"3 minutos\" \/>\n<script type=\"application\/ld+json\" class=\"yoast-schema-graph\">{\"@context\":\"https:\/\/schema.org\",\"@graph\":[{\"@type\":\"Article\",\"@id\":\"https:\/\/www.scuola.cl\/sivm\/panamericanos-2023\/#article\",\"isPartOf\":{\"@id\":\"https:\/\/www.scuola.cl\/sivm\/panamericanos-2023\/\"},\"author\":{\"name\":\"Comunicaciones\",\"@id\":\"https:\/\/www.scuola.cl\/sivm\/#\/schema\/person\/2ac68abc1b548ee6d8e16c4d3727d1b2\"},\"headline\":\"Panamericanos 2023\",\"datePublished\":\"2023-10-18T18:46:45+00:00\",\"dateModified\":\"2023-10-18T18:50:08+00:00\",\"mainEntityOfPage\":{\"@id\":\"https:\/\/www.scuola.cl\/sivm\/panamericanos-2023\/\"},\"wordCount\":583,\"publisher\":{\"@id\":\"https:\/\/www.scuola.cl\/sivm\/#organization\"},\"image\":{\"@id\":\"https:\/\/www.scuola.cl\/sivm\/panamericanos-2023\/#primaryimage\"},\"thumbnailUrl\":\"https:\/\/www.scuola.cl\/sivm\/wp-content\/uploads\/2023\/10\/panamericanos.jpg\",\"articleSection\":[\"Deportes\",\"Deportes\",\"Noticias\"],\"inLanguage\":\"es\"},{\"@type\":\"WebPage\",\"@id\":\"https:\/\/www.scuola.cl\/sivm\/panamericanos-2023\/\",\"url\":\"https:\/\/www.scuola.cl\/sivm\/panamericanos-2023\/\",\"name\":\"Panamericanos 2023 - Scuola Italiana\",\"isPartOf\":{\"@id\":\"https:\/\/www.scuola.cl\/sivm\/#website\"},\"primaryImageOfPage\":{\"@id\":\"https:\/\/www.scuola.cl\/sivm\/panamericanos-2023\/#primaryimage\"},\"image\":{\"@id\":\"https:\/\/www.scuola.cl\/sivm\/panamericanos-2023\/#primaryimage\"},\"thumbnailUrl\":\"https:\/\/www.scuola.cl\/sivm\/wp-content\/uploads\/2023\/10\/panamericanos.jpg\",\"datePublished\":\"2023-10-18T18:46:45+00:00\",\"dateModified\":\"2023-10-18T18:50:08+00:00\",\"breadcrumb\":{\"@id\":\"https:\/\/www.scuola.cl\/sivm\/panamericanos-2023\/#breadcrumb\"},\"inLanguage\":\"es\",\"potentialAction\":[{\"@type\":\"ReadAction\",\"target\":[\"https:\/\/www.scuola.cl\/sivm\/panamericanos-2023\/\"]}]},{\"@type\":\"ImageObject\",\"inLanguage\":\"es\",\"@id\":\"https:\/\/www.scuola.cl\/sivm\/panamericanos-2023\/#primaryimage\",\"url\":\"https:\/\/www.scuola.cl\/sivm\/wp-content\/uploads\/2023\/10\/panamericanos.jpg\",\"contentUrl\":\"https:\/\/www.scuola.cl\/sivm\/wp-content\/uploads\/2023\/10\/panamericanos.jpg\",\"width\":900,\"height\":610},{\"@type\":\"BreadcrumbList\",\"@id\":\"https:\/\/www.scuola.cl\/sivm\/panamericanos-2023\/#breadcrumb\",\"itemListElement\":[{\"@type\":\"ListItem\",\"position\":1,\"name\":\"Inicio\",\"item\":\"https:\/\/www.scuola.cl\/sivm\/\"},{\"@type\":\"ListItem\",\"position\":2,\"name\":\"Deportes\",\"item\":\"https:\/\/www.scuola.cl\/sivm\/category\/deportes-2\/\"},{\"@type\":\"ListItem\",\"position\":3,\"name\":\"Panamericanos 2023\"}]},{\"@type\":\"WebSite\",\"@id\":\"https:\/\/www.scuola.cl\/sivm\/#website\",\"url\":\"https:\/\/www.scuola.cl\/sivm\/\",\"name\":\"Scuola Italiana\",\"description\":\"Vittorio Montiglio\",\"publisher\":{\"@id\":\"https:\/\/www.scuola.cl\/sivm\/#organization\"},\"potentialAction\":[{\"@type\":\"SearchAction\",\"target\":{\"@type\":\"EntryPoint\",\"urlTemplate\":\"https:\/\/www.scuola.cl\/sivm\/?s={search_term_string}\"},\"query-input\":{\"@type\":\"PropertyValueSpecification\",\"valueRequired\":true,\"valueName\":\"search_term_string\"}}],\"inLanguage\":\"es\"},{\"@type\":\"Organization\",\"@id\":\"https:\/\/www.scuola.cl\/sivm\/#organization\",\"name\":\"Scuola Italiana Vittorio Montiglio\",\"url\":\"https:\/\/www.scuola.cl\/sivm\/\",\"logo\":{\"@type\":\"ImageObject\",\"inLanguage\":\"es\",\"@id\":\"https:\/\/www.scuola.cl\/sivm\/#\/schema\/logo\/image\/\",\"url\":\"https:\/\/www.scuola.cl\/sivm\/wp-content\/uploads\/2019\/06\/Logo_Scuola-01-001-1000x1000.png\",\"contentUrl\":\"https:\/\/www.scuola.cl\/sivm\/wp-content\/uploads\/2019\/06\/Logo_Scuola-01-001-1000x1000.png\",\"width\":1000,\"height\":1000,\"caption\":\"Scuola Italiana Vittorio Montiglio\"},\"image\":{\"@id\":\"https:\/\/www.scuola.cl\/sivm\/#\/schema\/logo\/image\/\"}},{\"@type\":\"Person\",\"@id\":\"https:\/\/www.scuola.cl\/sivm\/#\/schema\/person\/2ac68abc1b548ee6d8e16c4d3727d1b2\",\"name\":\"Comunicaciones\",\"image\":{\"@type\":\"ImageObject\",\"inLanguage\":\"es\",\"@id\":\"https:\/\/www.scuola.cl\/sivm\/#\/schema\/person\/image\/\",\"url\":\"https:\/\/secure.gravatar.com\/avatar\/0b29fd7cdce1ec9939eded19ce85d6ed73acf03fb52d098b0641aed356fe6aeb?s=96&d=mm&r=g\",\"contentUrl\":\"https:\/\/secure.gravatar.com\/avatar\/0b29fd7cdce1ec9939eded19ce85d6ed73acf03fb52d098b0641aed356fe6aeb?s=96&d=mm&r=g\",\"caption\":\"Comunicaciones\"},\"url\":\"https:\/\/www.scuola.cl\/sivm\/author\/comunicaciones-scuola\/\"}]}<\/script>\n<!-- \/ Yoast SEO plugin. -->","yoast_head_json":{"title":"Panamericanos 2023 - Scuola Italiana","robots":{"index":"index","follow":"follow","max-snippet":"max-snippet:-1","max-image-preview":"max-image-preview:large","max-video-preview":"max-video-preview:-1"},"canonical":"https:\/\/www.scuola.cl\/sivm\/panamericanos-2023\/","og_locale":"es_ES","og_type":"article","og_title":"Panamericanos 2023 - Scuola Italiana","og_description":"Con inmensa alegr\u00eda y orgullo les informamos que nuestros alumnos de IV Medio, Antonia Puelma y Bruno Reginato, forman parte de la Selecci\u00f3n de Waterpolo que representar\u00e1 a Chile en los Juegos Panamericanos 2023.","og_url":"https:\/\/www.scuola.cl\/sivm\/panamericanos-2023\/","og_site_name":"Scuola Italiana","article_published_time":"2023-10-18T18:46:45+00:00","article_modified_time":"2023-10-18T18:50:08+00:00","og_image":[{"width":900,"height":610,"url":"https:\/\/www.scuola.cl\/sivm\/wp-content\/uploads\/2023\/10\/panamericanos.jpg","type":"image\/jpeg"}],"author":"Comunicaciones","twitter_card":"summary_large_image","twitter_misc":{"Escrito por":"Comunicaciones","Tiempo de lectura":"3 minutos"},"schema":{"@context":"https:\/\/schema.org","@graph":[{"@type":"Article","@id":"https:\/\/www.scuola.cl\/sivm\/panamericanos-2023\/#article","isPartOf":{"@id":"https:\/\/www.scuola.cl\/sivm\/panamericanos-2023\/"},"author":{"name":"Comunicaciones","@id":"https:\/\/www.scuola.cl\/sivm\/#\/schema\/person\/2ac68abc1b548ee6d8e16c4d3727d1b2"},"headline":"Panamericanos 2023","datePublished":"2023-10-18T18:46:45+00:00","dateModified":"2023-10-18T18:50:08+00:00","mainEntityOfPage":{"@id":"https:\/\/www.scuola.cl\/sivm\/panamericanos-2023\/"},"wordCount":583,"publisher":{"@id":"https:\/\/www.scuola.cl\/sivm\/#organization"},"image":{"@id":"https:\/\/www.scuola.cl\/sivm\/panamericanos-2023\/#primaryimage"},"thumbnailUrl":"https:\/\/www.scuola.cl\/sivm\/wp-content\/uploads\/2023\/10\/panamericanos.jpg","articleSection":["Deportes","Deportes","Noticias"],"inLanguage":"es"},{"@type":"WebPage","@id":"https:\/\/www.scuola.cl\/sivm\/panamericanos-2023\/","url":"https:\/\/www.scuola.cl\/sivm\/panamericanos-2023\/","name":"Panamericanos 2023 - Scuola Italiana","isPartOf":{"@id":"https:\/\/www.scuola.cl\/sivm\/#website"},"primaryImageOfPage":{"@id":"https:\/\/www.scuola.cl\/sivm\/panamericanos-2023\/#primaryimage"},"image":{"@id":"https:\/\/www.scuola.cl\/sivm\/panamericanos-2023\/#primaryimage"},"thumbnailUrl":"https:\/\/www.scuola.cl\/sivm\/wp-content\/uploads\/2023\/10\/panamericanos.jpg","datePublished":"2023-10-18T18:46:45+00:00","dateModified":"2023-10-18T18:50:08+00:00","breadcrumb":{"@id":"https:\/\/www.scuola.cl\/sivm\/panamericanos-2023\/#breadcrumb"},"inLanguage":"es","potentialAction":[{"@type":"ReadAction","target":["https:\/\/www.scuola.cl\/sivm\/panamericanos-2023\/"]}]},{"@type":"ImageObject","inLanguage":"es","@id":"https:\/\/www.scuola.cl\/sivm\/panamericanos-2023\/#primaryimage","url":"https:\/\/www.scuola.cl\/sivm\/wp-content\/uploads\/2023\/10\/panamericanos.jpg","contentUrl":"https:\/\/www.scuola.cl\/sivm\/wp-content\/uploads\/2023\/10\/panamericanos.jpg","width":900,"height":610},{"@type":"BreadcrumbList","@id":"https:\/\/www.scuola.cl\/sivm\/panamericanos-2023\/#breadcrumb","itemListElement":[{"@type":"ListItem","position":1,"name":"Inicio","item":"https:\/\/www.scuola.cl\/sivm\/"},{"@type":"ListItem","position":2,"name":"Deportes","item":"https:\/\/www.scuola.cl\/sivm\/category\/deportes-2\/"},{"@type":"ListItem","position":3,"name":"Panamericanos 2023"}]},{"@type":"WebSite","@id":"https:\/\/www.scuola.cl\/sivm\/#website","url":"https:\/\/www.scuola.cl\/sivm\/","name":"Scuola Italiana","description":"Vittorio Montiglio","publisher":{"@id":"https:\/\/www.scuola.cl\/sivm\/#organization"},"potentialAction":[{"@type":"SearchAction","target":{"@type":"EntryPoint","urlTemplate":"https:\/\/www.scuola.cl\/sivm\/?s={search_term_string}"},"query-input":{"@type":"PropertyValueSpecification","valueRequired":true,"valueName":"search_term_string"}}],"inLanguage":"es"},{"@type":"Organization","@id":"https:\/\/www.scuola.cl\/sivm\/#organization","name":"Scuola Italiana Vittorio Montiglio","url":"https:\/\/www.scuola.cl\/sivm\/","logo":{"@type":"ImageObject","inLanguage":"es","@id":"https:\/\/www.scuola.cl\/sivm\/#\/schema\/logo\/image\/","url":"https:\/\/www.scuola.cl\/sivm\/wp-content\/uploads\/2019\/06\/Logo_Scuola-01-001-1000x1000.png","contentUrl":"https:\/\/www.scuola.cl\/sivm\/wp-content\/uploads\/2019\/06\/Logo_Scuola-01-001-1000x1000.png","width":1000,"height":1000,"caption":"Scuola Italiana Vittorio Montiglio"},"image":{"@id":"https:\/\/www.scuola.cl\/sivm\/#\/schema\/logo\/image\/"}},{"@type":"Person","@id":"https:\/\/www.scuola.cl\/sivm\/#\/schema\/person\/2ac68abc1b548ee6d8e16c4d3727d1b2","name":"Comunicaciones","image":{"@type":"ImageObject","inLanguage":"es","@id":"https:\/\/www.scuola.cl\/sivm\/#\/schema\/person\/image\/","url":"https:\/\/secure.gravatar.com\/avatar\/0b29fd7cdce1ec9939eded19ce85d6ed73acf03fb52d098b0641aed356fe6aeb?s=96&d=mm&r=g","contentUrl":"https:\/\/secure.gravatar.com\/avatar\/0b29fd7cdce1ec9939eded19ce85d6ed73acf03fb52d098b0641aed356fe6aeb?s=96&d=mm&r=g","caption":"Comunicaciones"},"url":"https:\/\/www.scuola.cl\/sivm\/author\/comunicaciones-scuola\/"}]}},"_links":{"self":[{"href":"https:\/\/www.scuola.cl\/sivm\/wp-json\/wp\/v2\/posts\/23353","targetHints":{"allow":["GET"]}}],"collection":[{"href":"https:\/\/www.scuola.cl\/sivm\/wp-json\/wp\/v2\/posts"}],"about":[{"href":"https:\/\/www.scuola.cl\/sivm\/wp-json\/wp\/v2\/types\/post"}],"author":[{"embeddable":true,"href":"https:\/\/www.scuola.cl\/sivm\/wp-json\/wp\/v2\/users\/2"}],"replies":[{"embeddable":true,"href":"https:\/\/www.scuola.cl\/sivm\/wp-json\/wp\/v2\/comments?post=23353"}],"version-history":[{"count":3,"href":"https:\/\/www.scuola.cl\/sivm\/wp-json\/wp\/v2\/posts\/23353\/revisions"}],"predecessor-version":[{"id":23365,"href":"https:\/\/www.scuola.cl\/sivm\/wp-json\/wp\/v2\/posts\/23353\/revisions\/23365"}],"wp:featuredmedia":[{"embeddable":true,"href":"https:\/\/www.scuola.cl\/sivm\/wp-json\/wp\/v2\/media\/23359"}],"wp:attachment":[{"href":"https:\/\/www.scuola.cl\/sivm\/wp-json\/wp\/v2\/media?parent=23353"}],"wp:term":[{"taxonomy":"category","embeddable":true,"href":"https:\/\/www.scuola.cl\/sivm\/wp-json\/wp\/v2\/categories?post=23353"},{"taxonomy":"post_tag","embeddable":true,"href":"https:\/\/www.scuola.cl\/sivm\/wp-json\/wp\/v2\/tags?post=23353"}],"curies":[{"name":"wp","href":"https:\/\/api.w.org\/{rel}","templated":true}]}}