{"id":23116,"date":"2023-09-28T10:30:43","date_gmt":"2023-09-28T13:30:43","guid":{"rendered":"https:\/\/www.scuola.cl\/sivm\/?p=23116"},"modified":"2023-10-02T14:14:15","modified_gmt":"2023-10-02T17:14:15","slug":"exitoso-taller-vocal","status":"publish","type":"post","link":"https:\/\/www.scuola.cl\/sivm\/exitoso-taller-vocal\/","title":{"rendered":"Exitoso Taller Vocal"},"content":{"rendered":"\n<p>El mi\u00e9rcoles 27 de septiembre en el Teatro Verdi se realiz\u00f3 el Taller Vocal, a cargo de la cantante y Ex Alumna Andrea Tessa, junto a destacados vocal coach del \u00abInstituto Modern Vocal Training Internacional\u00bb: los argentinos Paola Acosta, Juan Manuel Dechegne; y la brit\u00e1nica Rachel Black (coach vocal del cantante Seal).<\/p>\n<p>La Master Class estuvo compuesta de dos partes, la primera fue una exposici\u00f3n te\u00f3rica donde se abordaron tem\u00e1ticas biol\u00f3gicas, t\u00e9cnicas y metodol\u00f3gicas sobre el funcionamiento de la voz y el sistema que hay que considerar para ocupar estar herramienta de comunicaci\u00f3n y expresi\u00f3n de forma sana y armoniosa.\u00a0<\/p>\n<p>La segunda etapa consisti\u00f3 en la realizaci\u00f3n de ejercicios de vocalizaci\u00f3n y afinaci\u00f3n donde el p\u00fablico pudo participar, siendo asesorados permanentemente por la vocal coach Rachel Black.<\/p>\n<p>Para finalizar, Andrea Tessa comparti\u00f3 interesantes consejos sobre los mitos que existen en torno al canto, muchos de ellos err\u00f3neos y carentes de fundamento cient\u00edfico, que m\u00e1s que beneficiar entorpecen\u00a0un buen desempe\u00f1o t\u00e9cnico e interpretativo.<\/p>\n<p>Compartimos con ustedes algunas im\u00e1genes de este interesante y entretenido encuentro.<\/p>\n<p><a href=\"https:\/\/drive.google.com\/drive\/folders\/1Vjoms1-SzYMNtXek8tjvwhzK9PBQxgBU?usp=sharing\" target=\"_blank\" rel=\"noopener\">Ver galer\u00eda<\/a><\/p>\n<p>\u00a0<\/p>\n<p><img loading=\"lazy\" decoding=\"async\" class=\"alignnone wp-image-23117 size-large\" src=\"https:\/\/www.scuola.cl\/sivm\/wp-content\/uploads\/2023\/09\/web-vocal-700x474.jpg\" alt=\"\" width=\"700\" height=\"474\" srcset=\"https:\/\/www.scuola.cl\/sivm\/wp-content\/uploads\/2023\/09\/web-vocal-700x474.jpg 700w, https:\/\/www.scuola.cl\/sivm\/wp-content\/uploads\/2023\/09\/web-vocal-250x169.jpg 250w, https:\/\/www.scuola.cl\/sivm\/wp-content\/uploads\/2023\/09\/web-vocal-768x521.jpg 768w, https:\/\/www.scuola.cl\/sivm\/wp-content\/uploads\/2023\/09\/web-vocal-120x81.jpg 120w, https:\/\/www.scuola.cl\/sivm\/wp-content\/uploads\/2023\/09\/web-vocal.jpg 900w\" sizes=\"auto, (max-width: 700px) 100vw, 700px\" \/><\/p>\n<p>\u00a0<\/p>\n","protected":false},"excerpt":{"rendered":"El mi\u00e9rcoles 27 de septiembre en el Teatro Verdi se realiz\u00f3 el Taller Vocal, a cargo de la cantante y Ex Alumna Andrea Tessa, junto a destacados vocal coach del prestigioso \u00abInstituto Modern Vocal Training Internacional\u00bb.","protected":false},"author":2,"featured_media":23117,"comment_status":"closed","ping_status":"closed","sticky":false,"template":"","format":"standard","meta":{"_acf_changed":false,"footnotes":""},"categories":[6,18,22,5],"tags":[],"class_list":["post-23116","post","type-post","status-publish","format-standard","has-post-thumbnail","hentry","category-actividades","category-centrocultural","category-cultura","category-noticias"],"acf":[],"yoast_head":"<!-- This site is optimized with the Yoast SEO plugin v27.1.1 - https:\/\/yoast.com\/product\/yoast-seo-wordpress\/ -->\n<title>Exitoso Taller Vocal - Scuola Italiana<\/title>\n<meta name=\"robots\" content=\"index, follow, max-snippet:-1, max-image-preview:large, max-video-preview:-1\" \/>\n<link rel=\"canonical\" href=\"https:\/\/www.scuola.cl\/sivm\/exitoso-taller-vocal\/\" \/>\n<meta property=\"og:locale\" content=\"es_ES\" \/>\n<meta property=\"og:type\" content=\"article\" \/>\n<meta property=\"og:title\" content=\"Exitoso Taller Vocal - Scuola Italiana\" \/>\n<meta property=\"og:description\" content=\"El mi\u00e9rcoles 27 de septiembre en el Teatro Verdi se realiz\u00f3 el Taller Vocal, a cargo de la cantante y Ex Alumna Andrea Tessa, junto a destacados vocal coach del prestigioso &quot;Instituto Modern Vocal Training Internacional&quot;.\" \/>\n<meta property=\"og:url\" content=\"https:\/\/www.scuola.cl\/sivm\/exitoso-taller-vocal\/\" \/>\n<meta property=\"og:site_name\" content=\"Scuola Italiana\" \/>\n<meta property=\"article:published_time\" content=\"2023-09-28T13:30:43+00:00\" \/>\n<meta property=\"article:modified_time\" content=\"2023-10-02T17:14:15+00:00\" \/>\n<meta property=\"og:image\" content=\"https:\/\/www.scuola.cl\/sivm\/wp-content\/uploads\/2023\/09\/web-vocal.jpg\" \/>\n\t<meta property=\"og:image:width\" content=\"900\" \/>\n\t<meta property=\"og:image:height\" content=\"610\" \/>\n\t<meta property=\"og:image:type\" content=\"image\/jpeg\" \/>\n<meta name=\"author\" content=\"Comunicaciones\" \/>\n<meta name=\"twitter:card\" content=\"summary_large_image\" \/>\n<meta name=\"twitter:label1\" content=\"Escrito por\" \/>\n\t<meta name=\"twitter:data1\" content=\"Comunicaciones\" \/>\n\t<meta name=\"twitter:label2\" content=\"Tiempo de lectura\" \/>\n\t<meta name=\"twitter:data2\" content=\"2 minutos\" \/>\n<script type=\"application\/ld+json\" class=\"yoast-schema-graph\">{\"@context\":\"https:\/\/schema.org\",\"@graph\":[{\"@type\":\"Article\",\"@id\":\"https:\/\/www.scuola.cl\/sivm\/exitoso-taller-vocal\/#article\",\"isPartOf\":{\"@id\":\"https:\/\/www.scuola.cl\/sivm\/exitoso-taller-vocal\/\"},\"author\":{\"name\":\"Comunicaciones\",\"@id\":\"https:\/\/www.scuola.cl\/sivm\/#\/schema\/person\/2ac68abc1b548ee6d8e16c4d3727d1b2\"},\"headline\":\"Exitoso Taller Vocal\",\"datePublished\":\"2023-09-28T13:30:43+00:00\",\"dateModified\":\"2023-10-02T17:14:15+00:00\",\"mainEntityOfPage\":{\"@id\":\"https:\/\/www.scuola.cl\/sivm\/exitoso-taller-vocal\/\"},\"wordCount\":199,\"publisher\":{\"@id\":\"https:\/\/www.scuola.cl\/sivm\/#organization\"},\"image\":{\"@id\":\"https:\/\/www.scuola.cl\/sivm\/exitoso-taller-vocal\/#primaryimage\"},\"thumbnailUrl\":\"https:\/\/www.scuola.cl\/sivm\/wp-content\/uploads\/2023\/09\/web-vocal.jpg\",\"articleSection\":[\"Actividades\",\"Centro Cultural\",\"Cultura\",\"Noticias\"],\"inLanguage\":\"es\"},{\"@type\":\"WebPage\",\"@id\":\"https:\/\/www.scuola.cl\/sivm\/exitoso-taller-vocal\/\",\"url\":\"https:\/\/www.scuola.cl\/sivm\/exitoso-taller-vocal\/\",\"name\":\"Exitoso Taller Vocal - Scuola Italiana\",\"isPartOf\":{\"@id\":\"https:\/\/www.scuola.cl\/sivm\/#website\"},\"primaryImageOfPage\":{\"@id\":\"https:\/\/www.scuola.cl\/sivm\/exitoso-taller-vocal\/#primaryimage\"},\"image\":{\"@id\":\"https:\/\/www.scuola.cl\/sivm\/exitoso-taller-vocal\/#primaryimage\"},\"thumbnailUrl\":\"https:\/\/www.scuola.cl\/sivm\/wp-content\/uploads\/2023\/09\/web-vocal.jpg\",\"datePublished\":\"2023-09-28T13:30:43+00:00\",\"dateModified\":\"2023-10-02T17:14:15+00:00\",\"breadcrumb\":{\"@id\":\"https:\/\/www.scuola.cl\/sivm\/exitoso-taller-vocal\/#breadcrumb\"},\"inLanguage\":\"es\",\"potentialAction\":[{\"@type\":\"ReadAction\",\"target\":[\"https:\/\/www.scuola.cl\/sivm\/exitoso-taller-vocal\/\"]}]},{\"@type\":\"ImageObject\",\"inLanguage\":\"es\",\"@id\":\"https:\/\/www.scuola.cl\/sivm\/exitoso-taller-vocal\/#primaryimage\",\"url\":\"https:\/\/www.scuola.cl\/sivm\/wp-content\/uploads\/2023\/09\/web-vocal.jpg\",\"contentUrl\":\"https:\/\/www.scuola.cl\/sivm\/wp-content\/uploads\/2023\/09\/web-vocal.jpg\",\"width\":900,\"height\":610},{\"@type\":\"BreadcrumbList\",\"@id\":\"https:\/\/www.scuola.cl\/sivm\/exitoso-taller-vocal\/#breadcrumb\",\"itemListElement\":[{\"@type\":\"ListItem\",\"position\":1,\"name\":\"Inicio\",\"item\":\"https:\/\/www.scuola.cl\/sivm\/\"},{\"@type\":\"ListItem\",\"position\":2,\"name\":\"Actividades\",\"item\":\"https:\/\/www.scuola.cl\/sivm\/category\/actividades\/\"},{\"@type\":\"ListItem\",\"position\":3,\"name\":\"Exitoso Taller Vocal\"}]},{\"@type\":\"WebSite\",\"@id\":\"https:\/\/www.scuola.cl\/sivm\/#website\",\"url\":\"https:\/\/www.scuola.cl\/sivm\/\",\"name\":\"Scuola Italiana\",\"description\":\"Vittorio Montiglio\",\"publisher\":{\"@id\":\"https:\/\/www.scuola.cl\/sivm\/#organization\"},\"potentialAction\":[{\"@type\":\"SearchAction\",\"target\":{\"@type\":\"EntryPoint\",\"urlTemplate\":\"https:\/\/www.scuola.cl\/sivm\/?s={search_term_string}\"},\"query-input\":{\"@type\":\"PropertyValueSpecification\",\"valueRequired\":true,\"valueName\":\"search_term_string\"}}],\"inLanguage\":\"es\"},{\"@type\":\"Organization\",\"@id\":\"https:\/\/www.scuola.cl\/sivm\/#organization\",\"name\":\"Scuola Italiana Vittorio Montiglio\",\"url\":\"https:\/\/www.scuola.cl\/sivm\/\",\"logo\":{\"@type\":\"ImageObject\",\"inLanguage\":\"es\",\"@id\":\"https:\/\/www.scuola.cl\/sivm\/#\/schema\/logo\/image\/\",\"url\":\"https:\/\/www.scuola.cl\/sivm\/wp-content\/uploads\/2019\/06\/Logo_Scuola-01-001-1000x1000.png\",\"contentUrl\":\"https:\/\/www.scuola.cl\/sivm\/wp-content\/uploads\/2019\/06\/Logo_Scuola-01-001-1000x1000.png\",\"width\":1000,\"height\":1000,\"caption\":\"Scuola Italiana Vittorio Montiglio\"},\"image\":{\"@id\":\"https:\/\/www.scuola.cl\/sivm\/#\/schema\/logo\/image\/\"}},{\"@type\":\"Person\",\"@id\":\"https:\/\/www.scuola.cl\/sivm\/#\/schema\/person\/2ac68abc1b548ee6d8e16c4d3727d1b2\",\"name\":\"Comunicaciones\",\"image\":{\"@type\":\"ImageObject\",\"inLanguage\":\"es\",\"@id\":\"https:\/\/www.scuola.cl\/sivm\/#\/schema\/person\/image\/\",\"url\":\"https:\/\/secure.gravatar.com\/avatar\/0b29fd7cdce1ec9939eded19ce85d6ed73acf03fb52d098b0641aed356fe6aeb?s=96&d=mm&r=g\",\"contentUrl\":\"https:\/\/secure.gravatar.com\/avatar\/0b29fd7cdce1ec9939eded19ce85d6ed73acf03fb52d098b0641aed356fe6aeb?s=96&d=mm&r=g\",\"caption\":\"Comunicaciones\"},\"url\":\"https:\/\/www.scuola.cl\/sivm\/author\/comunicaciones-scuola\/\"}]}<\/script>\n<!-- \/ Yoast SEO plugin. -->","yoast_head_json":{"title":"Exitoso Taller Vocal - Scuola Italiana","robots":{"index":"index","follow":"follow","max-snippet":"max-snippet:-1","max-image-preview":"max-image-preview:large","max-video-preview":"max-video-preview:-1"},"canonical":"https:\/\/www.scuola.cl\/sivm\/exitoso-taller-vocal\/","og_locale":"es_ES","og_type":"article","og_title":"Exitoso Taller Vocal - Scuola Italiana","og_description":"El mi\u00e9rcoles 27 de septiembre en el Teatro Verdi se realiz\u00f3 el Taller Vocal, a cargo de la cantante y Ex Alumna Andrea Tessa, junto a destacados vocal coach del prestigioso \"Instituto Modern Vocal Training Internacional\".","og_url":"https:\/\/www.scuola.cl\/sivm\/exitoso-taller-vocal\/","og_site_name":"Scuola Italiana","article_published_time":"2023-09-28T13:30:43+00:00","article_modified_time":"2023-10-02T17:14:15+00:00","og_image":[{"width":900,"height":610,"url":"https:\/\/www.scuola.cl\/sivm\/wp-content\/uploads\/2023\/09\/web-vocal.jpg","type":"image\/jpeg"}],"author":"Comunicaciones","twitter_card":"summary_large_image","twitter_misc":{"Escrito por":"Comunicaciones","Tiempo de lectura":"2 minutos"},"schema":{"@context":"https:\/\/schema.org","@graph":[{"@type":"Article","@id":"https:\/\/www.scuola.cl\/sivm\/exitoso-taller-vocal\/#article","isPartOf":{"@id":"https:\/\/www.scuola.cl\/sivm\/exitoso-taller-vocal\/"},"author":{"name":"Comunicaciones","@id":"https:\/\/www.scuola.cl\/sivm\/#\/schema\/person\/2ac68abc1b548ee6d8e16c4d3727d1b2"},"headline":"Exitoso Taller Vocal","datePublished":"2023-09-28T13:30:43+00:00","dateModified":"2023-10-02T17:14:15+00:00","mainEntityOfPage":{"@id":"https:\/\/www.scuola.cl\/sivm\/exitoso-taller-vocal\/"},"wordCount":199,"publisher":{"@id":"https:\/\/www.scuola.cl\/sivm\/#organization"},"image":{"@id":"https:\/\/www.scuola.cl\/sivm\/exitoso-taller-vocal\/#primaryimage"},"thumbnailUrl":"https:\/\/www.scuola.cl\/sivm\/wp-content\/uploads\/2023\/09\/web-vocal.jpg","articleSection":["Actividades","Centro Cultural","Cultura","Noticias"],"inLanguage":"es"},{"@type":"WebPage","@id":"https:\/\/www.scuola.cl\/sivm\/exitoso-taller-vocal\/","url":"https:\/\/www.scuola.cl\/sivm\/exitoso-taller-vocal\/","name":"Exitoso Taller Vocal - Scuola Italiana","isPartOf":{"@id":"https:\/\/www.scuola.cl\/sivm\/#website"},"primaryImageOfPage":{"@id":"https:\/\/www.scuola.cl\/sivm\/exitoso-taller-vocal\/#primaryimage"},"image":{"@id":"https:\/\/www.scuola.cl\/sivm\/exitoso-taller-vocal\/#primaryimage"},"thumbnailUrl":"https:\/\/www.scuola.cl\/sivm\/wp-content\/uploads\/2023\/09\/web-vocal.jpg","datePublished":"2023-09-28T13:30:43+00:00","dateModified":"2023-10-02T17:14:15+00:00","breadcrumb":{"@id":"https:\/\/www.scuola.cl\/sivm\/exitoso-taller-vocal\/#breadcrumb"},"inLanguage":"es","potentialAction":[{"@type":"ReadAction","target":["https:\/\/www.scuola.cl\/sivm\/exitoso-taller-vocal\/"]}]},{"@type":"ImageObject","inLanguage":"es","@id":"https:\/\/www.scuola.cl\/sivm\/exitoso-taller-vocal\/#primaryimage","url":"https:\/\/www.scuola.cl\/sivm\/wp-content\/uploads\/2023\/09\/web-vocal.jpg","contentUrl":"https:\/\/www.scuola.cl\/sivm\/wp-content\/uploads\/2023\/09\/web-vocal.jpg","width":900,"height":610},{"@type":"BreadcrumbList","@id":"https:\/\/www.scuola.cl\/sivm\/exitoso-taller-vocal\/#breadcrumb","itemListElement":[{"@type":"ListItem","position":1,"name":"Inicio","item":"https:\/\/www.scuola.cl\/sivm\/"},{"@type":"ListItem","position":2,"name":"Actividades","item":"https:\/\/www.scuola.cl\/sivm\/category\/actividades\/"},{"@type":"ListItem","position":3,"name":"Exitoso Taller Vocal"}]},{"@type":"WebSite","@id":"https:\/\/www.scuola.cl\/sivm\/#website","url":"https:\/\/www.scuola.cl\/sivm\/","name":"Scuola Italiana","description":"Vittorio Montiglio","publisher":{"@id":"https:\/\/www.scuola.cl\/sivm\/#organization"},"potentialAction":[{"@type":"SearchAction","target":{"@type":"EntryPoint","urlTemplate":"https:\/\/www.scuola.cl\/sivm\/?s={search_term_string}"},"query-input":{"@type":"PropertyValueSpecification","valueRequired":true,"valueName":"search_term_string"}}],"inLanguage":"es"},{"@type":"Organization","@id":"https:\/\/www.scuola.cl\/sivm\/#organization","name":"Scuola Italiana Vittorio Montiglio","url":"https:\/\/www.scuola.cl\/sivm\/","logo":{"@type":"ImageObject","inLanguage":"es","@id":"https:\/\/www.scuola.cl\/sivm\/#\/schema\/logo\/image\/","url":"https:\/\/www.scuola.cl\/sivm\/wp-content\/uploads\/2019\/06\/Logo_Scuola-01-001-1000x1000.png","contentUrl":"https:\/\/www.scuola.cl\/sivm\/wp-content\/uploads\/2019\/06\/Logo_Scuola-01-001-1000x1000.png","width":1000,"height":1000,"caption":"Scuola Italiana Vittorio Montiglio"},"image":{"@id":"https:\/\/www.scuola.cl\/sivm\/#\/schema\/logo\/image\/"}},{"@type":"Person","@id":"https:\/\/www.scuola.cl\/sivm\/#\/schema\/person\/2ac68abc1b548ee6d8e16c4d3727d1b2","name":"Comunicaciones","image":{"@type":"ImageObject","inLanguage":"es","@id":"https:\/\/www.scuola.cl\/sivm\/#\/schema\/person\/image\/","url":"https:\/\/secure.gravatar.com\/avatar\/0b29fd7cdce1ec9939eded19ce85d6ed73acf03fb52d098b0641aed356fe6aeb?s=96&d=mm&r=g","contentUrl":"https:\/\/secure.gravatar.com\/avatar\/0b29fd7cdce1ec9939eded19ce85d6ed73acf03fb52d098b0641aed356fe6aeb?s=96&d=mm&r=g","caption":"Comunicaciones"},"url":"https:\/\/www.scuola.cl\/sivm\/author\/comunicaciones-scuola\/"}]}},"_links":{"self":[{"href":"https:\/\/www.scuola.cl\/sivm\/wp-json\/wp\/v2\/posts\/23116","targetHints":{"allow":["GET"]}}],"collection":[{"href":"https:\/\/www.scuola.cl\/sivm\/wp-json\/wp\/v2\/posts"}],"about":[{"href":"https:\/\/www.scuola.cl\/sivm\/wp-json\/wp\/v2\/types\/post"}],"author":[{"embeddable":true,"href":"https:\/\/www.scuola.cl\/sivm\/wp-json\/wp\/v2\/users\/2"}],"replies":[{"embeddable":true,"href":"https:\/\/www.scuola.cl\/sivm\/wp-json\/wp\/v2\/comments?post=23116"}],"version-history":[{"count":4,"href":"https:\/\/www.scuola.cl\/sivm\/wp-json\/wp\/v2\/posts\/23116\/revisions"}],"predecessor-version":[{"id":23160,"href":"https:\/\/www.scuola.cl\/sivm\/wp-json\/wp\/v2\/posts\/23116\/revisions\/23160"}],"wp:featuredmedia":[{"embeddable":true,"href":"https:\/\/www.scuola.cl\/sivm\/wp-json\/wp\/v2\/media\/23117"}],"wp:attachment":[{"href":"https:\/\/www.scuola.cl\/sivm\/wp-json\/wp\/v2\/media?parent=23116"}],"wp:term":[{"taxonomy":"category","embeddable":true,"href":"https:\/\/www.scuola.cl\/sivm\/wp-json\/wp\/v2\/categories?post=23116"},{"taxonomy":"post_tag","embeddable":true,"href":"https:\/\/www.scuola.cl\/sivm\/wp-json\/wp\/v2\/tags?post=23116"}],"curies":[{"name":"wp","href":"https:\/\/api.w.org\/{rel}","templated":true}]}}