{"id":22877,"date":"2023-08-25T17:10:21","date_gmt":"2023-08-25T20:10:21","guid":{"rendered":"https:\/\/www.scuola.cl\/sivm\/?p=22877"},"modified":"2023-09-07T16:39:59","modified_gmt":"2023-09-07T19:39:59","slug":"entrega-trofeo-futbol","status":"publish","type":"post","link":"https:\/\/www.scuola.cl\/sivm\/entrega-trofeo-futbol\/","title":{"rendered":"Entrega trofeo F\u00fatbol"},"content":{"rendered":"\n<p>(Por <a class=\"x1i10hfl xjbqb8w x6umtig x1b1mbwd xaqea5y xav7gou x9f619 x1ypdohk xt0psk2 xe8uvvx xdj266r x11i5rnm xat24cr x1mh8g0r xexx8yu x4uap5 x18d9i69 xkhd6sd x16tdsg8 x1hl2dhg xggy1nq x1a2a7pz notranslate _a6hd\" tabindex=\"0\" role=\"link\" href=\"https:\/\/www.instagram.com\/deportes_sivm\/?hl=es-la\">@deportes_sivm<\/a>)<\/p>\n<p>Un gran aplauso para la selecci\u00f3n de F\u00fatbol de la Scuola, que recibi\u00f3 el premio del Torneo Escolar Copa Soprole UC (I Semestre).<\/p>\n<p>La Categor\u00eda Intermedia obtuvo el 3\u00b0 puesto, mientras que la Categor\u00eda Superior se adjudic\u00f3 el 1\u00b0 Lugar.<br \/>Felicitamos a nuestros deportistas y a sus entrenadores Sebasti\u00e1n \u00c1lamos, Jos\u00e9 Bustos y Daniel Mu\u00f1oz.<\/p>\n<p><br \/>Complimenti a tutti!<\/p>\n<p>\u00a0<\/p>\n<p><img loading=\"lazy\" decoding=\"async\" class=\"alignnone wp-image-22884 size-large\" src=\"https:\/\/www.scuola.cl\/sivm\/wp-content\/uploads\/2023\/08\/1-700x467.jpeg\" alt=\"\" width=\"700\" height=\"467\" srcset=\"https:\/\/www.scuola.cl\/sivm\/wp-content\/uploads\/2023\/08\/1-700x467.jpeg 700w, https:\/\/www.scuola.cl\/sivm\/wp-content\/uploads\/2023\/08\/1-250x167.jpeg 250w, https:\/\/www.scuola.cl\/sivm\/wp-content\/uploads\/2023\/08\/1-768x512.jpeg 768w, https:\/\/www.scuola.cl\/sivm\/wp-content\/uploads\/2023\/08\/1-120x80.jpeg 120w, https:\/\/www.scuola.cl\/sivm\/wp-content\/uploads\/2023\/08\/1.jpeg 1280w\" sizes=\"auto, (max-width: 700px) 100vw, 700px\" \/><\/p>\n<p><img loading=\"lazy\" decoding=\"async\" class=\"alignnone wp-image-22885 size-large\" src=\"https:\/\/www.scuola.cl\/sivm\/wp-content\/uploads\/2023\/08\/2-700x467.jpeg\" alt=\"\" width=\"700\" height=\"467\" srcset=\"https:\/\/www.scuola.cl\/sivm\/wp-content\/uploads\/2023\/08\/2-700x467.jpeg 700w, https:\/\/www.scuola.cl\/sivm\/wp-content\/uploads\/2023\/08\/2-250x167.jpeg 250w, https:\/\/www.scuola.cl\/sivm\/wp-content\/uploads\/2023\/08\/2-768x512.jpeg 768w, https:\/\/www.scuola.cl\/sivm\/wp-content\/uploads\/2023\/08\/2-120x80.jpeg 120w, https:\/\/www.scuola.cl\/sivm\/wp-content\/uploads\/2023\/08\/2.jpeg 1280w\" sizes=\"auto, (max-width: 700px) 100vw, 700px\" \/><\/p>\n","protected":false},"excerpt":{"rendered":"El 30 de agosto, nuestra Selecci\u00f3n de F\u00fatbol recibi\u00f3 el premio del Torneo Escolar Copa Soprole UC (I Semestre). La categor\u00eda Intermedia obtuvo el 3\u00b0 puesto y la Superior se adjudic\u00f3 el 1\u00b0 Lugar.","protected":false},"author":2,"featured_media":22878,"comment_status":"closed","ping_status":"closed","sticky":false,"template":"","format":"standard","meta":{"_acf_changed":false,"footnotes":""},"categories":[39,5],"tags":[],"class_list":["post-22877","post","type-post","status-publish","format-standard","has-post-thumbnail","hentry","category-deportes-2","category-noticias"],"acf":[],"yoast_head":"<!-- This site is optimized with the Yoast SEO plugin v27.1.1 - https:\/\/yoast.com\/product\/yoast-seo-wordpress\/ -->\n<title>Entrega trofeo F\u00fatbol - Scuola Italiana<\/title>\n<meta name=\"robots\" content=\"index, follow, max-snippet:-1, max-image-preview:large, max-video-preview:-1\" \/>\n<link rel=\"canonical\" href=\"https:\/\/www.scuola.cl\/sivm\/entrega-trofeo-futbol\/\" \/>\n<meta property=\"og:locale\" content=\"es_ES\" \/>\n<meta property=\"og:type\" content=\"article\" \/>\n<meta property=\"og:title\" content=\"Entrega trofeo F\u00fatbol - Scuola Italiana\" \/>\n<meta property=\"og:description\" content=\"El 30 de agosto, nuestra Selecci\u00f3n de F\u00fatbol recibi\u00f3 el premio del Torneo Escolar Copa Soprole UC (I Semestre). La categor\u00eda Intermedia obtuvo el 3\u00b0 puesto y la Superior se adjudic\u00f3 el 1\u00b0 Lugar.\" \/>\n<meta property=\"og:url\" content=\"https:\/\/www.scuola.cl\/sivm\/entrega-trofeo-futbol\/\" \/>\n<meta property=\"og:site_name\" content=\"Scuola Italiana\" \/>\n<meta property=\"article:published_time\" content=\"2023-08-25T20:10:21+00:00\" \/>\n<meta property=\"article:modified_time\" content=\"2023-09-07T19:39:59+00:00\" \/>\n<meta property=\"og:image\" content=\"https:\/\/www.scuola.cl\/sivm\/wp-content\/uploads\/2023\/08\/fut.jpg\" \/>\n\t<meta property=\"og:image:width\" content=\"900\" \/>\n\t<meta property=\"og:image:height\" content=\"610\" \/>\n\t<meta property=\"og:image:type\" content=\"image\/jpeg\" \/>\n<meta name=\"author\" content=\"Comunicaciones\" \/>\n<meta name=\"twitter:card\" content=\"summary_large_image\" \/>\n<meta name=\"twitter:label1\" content=\"Escrito por\" \/>\n\t<meta name=\"twitter:data1\" content=\"Comunicaciones\" \/>\n\t<meta name=\"twitter:label2\" content=\"Tiempo de lectura\" \/>\n\t<meta name=\"twitter:data2\" content=\"1 minuto\" \/>\n<script type=\"application\/ld+json\" class=\"yoast-schema-graph\">{\"@context\":\"https:\/\/schema.org\",\"@graph\":[{\"@type\":\"Article\",\"@id\":\"https:\/\/www.scuola.cl\/sivm\/entrega-trofeo-futbol\/#article\",\"isPartOf\":{\"@id\":\"https:\/\/www.scuola.cl\/sivm\/entrega-trofeo-futbol\/\"},\"author\":{\"name\":\"Comunicaciones\",\"@id\":\"https:\/\/www.scuola.cl\/sivm\/#\/schema\/person\/2ac68abc1b548ee6d8e16c4d3727d1b2\"},\"headline\":\"Entrega trofeo F\u00fatbol\",\"datePublished\":\"2023-08-25T20:10:21+00:00\",\"dateModified\":\"2023-09-07T19:39:59+00:00\",\"mainEntityOfPage\":{\"@id\":\"https:\/\/www.scuola.cl\/sivm\/entrega-trofeo-futbol\/\"},\"wordCount\":69,\"publisher\":{\"@id\":\"https:\/\/www.scuola.cl\/sivm\/#organization\"},\"image\":{\"@id\":\"https:\/\/www.scuola.cl\/sivm\/entrega-trofeo-futbol\/#primaryimage\"},\"thumbnailUrl\":\"https:\/\/www.scuola.cl\/sivm\/wp-content\/uploads\/2023\/08\/fut.jpg\",\"articleSection\":[\"Deportes\",\"Noticias\"],\"inLanguage\":\"es\"},{\"@type\":\"WebPage\",\"@id\":\"https:\/\/www.scuola.cl\/sivm\/entrega-trofeo-futbol\/\",\"url\":\"https:\/\/www.scuola.cl\/sivm\/entrega-trofeo-futbol\/\",\"name\":\"Entrega trofeo F\u00fatbol - Scuola Italiana\",\"isPartOf\":{\"@id\":\"https:\/\/www.scuola.cl\/sivm\/#website\"},\"primaryImageOfPage\":{\"@id\":\"https:\/\/www.scuola.cl\/sivm\/entrega-trofeo-futbol\/#primaryimage\"},\"image\":{\"@id\":\"https:\/\/www.scuola.cl\/sivm\/entrega-trofeo-futbol\/#primaryimage\"},\"thumbnailUrl\":\"https:\/\/www.scuola.cl\/sivm\/wp-content\/uploads\/2023\/08\/fut.jpg\",\"datePublished\":\"2023-08-25T20:10:21+00:00\",\"dateModified\":\"2023-09-07T19:39:59+00:00\",\"breadcrumb\":{\"@id\":\"https:\/\/www.scuola.cl\/sivm\/entrega-trofeo-futbol\/#breadcrumb\"},\"inLanguage\":\"es\",\"potentialAction\":[{\"@type\":\"ReadAction\",\"target\":[\"https:\/\/www.scuola.cl\/sivm\/entrega-trofeo-futbol\/\"]}]},{\"@type\":\"ImageObject\",\"inLanguage\":\"es\",\"@id\":\"https:\/\/www.scuola.cl\/sivm\/entrega-trofeo-futbol\/#primaryimage\",\"url\":\"https:\/\/www.scuola.cl\/sivm\/wp-content\/uploads\/2023\/08\/fut.jpg\",\"contentUrl\":\"https:\/\/www.scuola.cl\/sivm\/wp-content\/uploads\/2023\/08\/fut.jpg\",\"width\":900,\"height\":610},{\"@type\":\"BreadcrumbList\",\"@id\":\"https:\/\/www.scuola.cl\/sivm\/entrega-trofeo-futbol\/#breadcrumb\",\"itemListElement\":[{\"@type\":\"ListItem\",\"position\":1,\"name\":\"Inicio\",\"item\":\"https:\/\/www.scuola.cl\/sivm\/\"},{\"@type\":\"ListItem\",\"position\":2,\"name\":\"Noticias\",\"item\":\"https:\/\/www.scuola.cl\/sivm\/category\/noticias\/\"},{\"@type\":\"ListItem\",\"position\":3,\"name\":\"Entrega trofeo F\u00fatbol\"}]},{\"@type\":\"WebSite\",\"@id\":\"https:\/\/www.scuola.cl\/sivm\/#website\",\"url\":\"https:\/\/www.scuola.cl\/sivm\/\",\"name\":\"Scuola Italiana\",\"description\":\"Vittorio Montiglio\",\"publisher\":{\"@id\":\"https:\/\/www.scuola.cl\/sivm\/#organization\"},\"potentialAction\":[{\"@type\":\"SearchAction\",\"target\":{\"@type\":\"EntryPoint\",\"urlTemplate\":\"https:\/\/www.scuola.cl\/sivm\/?s={search_term_string}\"},\"query-input\":{\"@type\":\"PropertyValueSpecification\",\"valueRequired\":true,\"valueName\":\"search_term_string\"}}],\"inLanguage\":\"es\"},{\"@type\":\"Organization\",\"@id\":\"https:\/\/www.scuola.cl\/sivm\/#organization\",\"name\":\"Scuola Italiana Vittorio Montiglio\",\"url\":\"https:\/\/www.scuola.cl\/sivm\/\",\"logo\":{\"@type\":\"ImageObject\",\"inLanguage\":\"es\",\"@id\":\"https:\/\/www.scuola.cl\/sivm\/#\/schema\/logo\/image\/\",\"url\":\"https:\/\/www.scuola.cl\/sivm\/wp-content\/uploads\/2019\/06\/Logo_Scuola-01-001-1000x1000.png\",\"contentUrl\":\"https:\/\/www.scuola.cl\/sivm\/wp-content\/uploads\/2019\/06\/Logo_Scuola-01-001-1000x1000.png\",\"width\":1000,\"height\":1000,\"caption\":\"Scuola Italiana Vittorio Montiglio\"},\"image\":{\"@id\":\"https:\/\/www.scuola.cl\/sivm\/#\/schema\/logo\/image\/\"}},{\"@type\":\"Person\",\"@id\":\"https:\/\/www.scuola.cl\/sivm\/#\/schema\/person\/2ac68abc1b548ee6d8e16c4d3727d1b2\",\"name\":\"Comunicaciones\",\"image\":{\"@type\":\"ImageObject\",\"inLanguage\":\"es\",\"@id\":\"https:\/\/www.scuola.cl\/sivm\/#\/schema\/person\/image\/\",\"url\":\"https:\/\/secure.gravatar.com\/avatar\/0b29fd7cdce1ec9939eded19ce85d6ed73acf03fb52d098b0641aed356fe6aeb?s=96&d=mm&r=g\",\"contentUrl\":\"https:\/\/secure.gravatar.com\/avatar\/0b29fd7cdce1ec9939eded19ce85d6ed73acf03fb52d098b0641aed356fe6aeb?s=96&d=mm&r=g\",\"caption\":\"Comunicaciones\"},\"url\":\"https:\/\/www.scuola.cl\/sivm\/author\/comunicaciones-scuola\/\"}]}<\/script>\n<!-- \/ Yoast SEO plugin. -->","yoast_head_json":{"title":"Entrega trofeo F\u00fatbol - Scuola Italiana","robots":{"index":"index","follow":"follow","max-snippet":"max-snippet:-1","max-image-preview":"max-image-preview:large","max-video-preview":"max-video-preview:-1"},"canonical":"https:\/\/www.scuola.cl\/sivm\/entrega-trofeo-futbol\/","og_locale":"es_ES","og_type":"article","og_title":"Entrega trofeo F\u00fatbol - Scuola Italiana","og_description":"El 30 de agosto, nuestra Selecci\u00f3n de F\u00fatbol recibi\u00f3 el premio del Torneo Escolar Copa Soprole UC (I Semestre). La categor\u00eda Intermedia obtuvo el 3\u00b0 puesto y la Superior se adjudic\u00f3 el 1\u00b0 Lugar.","og_url":"https:\/\/www.scuola.cl\/sivm\/entrega-trofeo-futbol\/","og_site_name":"Scuola Italiana","article_published_time":"2023-08-25T20:10:21+00:00","article_modified_time":"2023-09-07T19:39:59+00:00","og_image":[{"width":900,"height":610,"url":"https:\/\/www.scuola.cl\/sivm\/wp-content\/uploads\/2023\/08\/fut.jpg","type":"image\/jpeg"}],"author":"Comunicaciones","twitter_card":"summary_large_image","twitter_misc":{"Escrito por":"Comunicaciones","Tiempo de lectura":"1 minuto"},"schema":{"@context":"https:\/\/schema.org","@graph":[{"@type":"Article","@id":"https:\/\/www.scuola.cl\/sivm\/entrega-trofeo-futbol\/#article","isPartOf":{"@id":"https:\/\/www.scuola.cl\/sivm\/entrega-trofeo-futbol\/"},"author":{"name":"Comunicaciones","@id":"https:\/\/www.scuola.cl\/sivm\/#\/schema\/person\/2ac68abc1b548ee6d8e16c4d3727d1b2"},"headline":"Entrega trofeo F\u00fatbol","datePublished":"2023-08-25T20:10:21+00:00","dateModified":"2023-09-07T19:39:59+00:00","mainEntityOfPage":{"@id":"https:\/\/www.scuola.cl\/sivm\/entrega-trofeo-futbol\/"},"wordCount":69,"publisher":{"@id":"https:\/\/www.scuola.cl\/sivm\/#organization"},"image":{"@id":"https:\/\/www.scuola.cl\/sivm\/entrega-trofeo-futbol\/#primaryimage"},"thumbnailUrl":"https:\/\/www.scuola.cl\/sivm\/wp-content\/uploads\/2023\/08\/fut.jpg","articleSection":["Deportes","Noticias"],"inLanguage":"es"},{"@type":"WebPage","@id":"https:\/\/www.scuola.cl\/sivm\/entrega-trofeo-futbol\/","url":"https:\/\/www.scuola.cl\/sivm\/entrega-trofeo-futbol\/","name":"Entrega trofeo F\u00fatbol - Scuola Italiana","isPartOf":{"@id":"https:\/\/www.scuola.cl\/sivm\/#website"},"primaryImageOfPage":{"@id":"https:\/\/www.scuola.cl\/sivm\/entrega-trofeo-futbol\/#primaryimage"},"image":{"@id":"https:\/\/www.scuola.cl\/sivm\/entrega-trofeo-futbol\/#primaryimage"},"thumbnailUrl":"https:\/\/www.scuola.cl\/sivm\/wp-content\/uploads\/2023\/08\/fut.jpg","datePublished":"2023-08-25T20:10:21+00:00","dateModified":"2023-09-07T19:39:59+00:00","breadcrumb":{"@id":"https:\/\/www.scuola.cl\/sivm\/entrega-trofeo-futbol\/#breadcrumb"},"inLanguage":"es","potentialAction":[{"@type":"ReadAction","target":["https:\/\/www.scuola.cl\/sivm\/entrega-trofeo-futbol\/"]}]},{"@type":"ImageObject","inLanguage":"es","@id":"https:\/\/www.scuola.cl\/sivm\/entrega-trofeo-futbol\/#primaryimage","url":"https:\/\/www.scuola.cl\/sivm\/wp-content\/uploads\/2023\/08\/fut.jpg","contentUrl":"https:\/\/www.scuola.cl\/sivm\/wp-content\/uploads\/2023\/08\/fut.jpg","width":900,"height":610},{"@type":"BreadcrumbList","@id":"https:\/\/www.scuola.cl\/sivm\/entrega-trofeo-futbol\/#breadcrumb","itemListElement":[{"@type":"ListItem","position":1,"name":"Inicio","item":"https:\/\/www.scuola.cl\/sivm\/"},{"@type":"ListItem","position":2,"name":"Noticias","item":"https:\/\/www.scuola.cl\/sivm\/category\/noticias\/"},{"@type":"ListItem","position":3,"name":"Entrega trofeo F\u00fatbol"}]},{"@type":"WebSite","@id":"https:\/\/www.scuola.cl\/sivm\/#website","url":"https:\/\/www.scuola.cl\/sivm\/","name":"Scuola Italiana","description":"Vittorio Montiglio","publisher":{"@id":"https:\/\/www.scuola.cl\/sivm\/#organization"},"potentialAction":[{"@type":"SearchAction","target":{"@type":"EntryPoint","urlTemplate":"https:\/\/www.scuola.cl\/sivm\/?s={search_term_string}"},"query-input":{"@type":"PropertyValueSpecification","valueRequired":true,"valueName":"search_term_string"}}],"inLanguage":"es"},{"@type":"Organization","@id":"https:\/\/www.scuola.cl\/sivm\/#organization","name":"Scuola Italiana Vittorio Montiglio","url":"https:\/\/www.scuola.cl\/sivm\/","logo":{"@type":"ImageObject","inLanguage":"es","@id":"https:\/\/www.scuola.cl\/sivm\/#\/schema\/logo\/image\/","url":"https:\/\/www.scuola.cl\/sivm\/wp-content\/uploads\/2019\/06\/Logo_Scuola-01-001-1000x1000.png","contentUrl":"https:\/\/www.scuola.cl\/sivm\/wp-content\/uploads\/2019\/06\/Logo_Scuola-01-001-1000x1000.png","width":1000,"height":1000,"caption":"Scuola Italiana Vittorio Montiglio"},"image":{"@id":"https:\/\/www.scuola.cl\/sivm\/#\/schema\/logo\/image\/"}},{"@type":"Person","@id":"https:\/\/www.scuola.cl\/sivm\/#\/schema\/person\/2ac68abc1b548ee6d8e16c4d3727d1b2","name":"Comunicaciones","image":{"@type":"ImageObject","inLanguage":"es","@id":"https:\/\/www.scuola.cl\/sivm\/#\/schema\/person\/image\/","url":"https:\/\/secure.gravatar.com\/avatar\/0b29fd7cdce1ec9939eded19ce85d6ed73acf03fb52d098b0641aed356fe6aeb?s=96&d=mm&r=g","contentUrl":"https:\/\/secure.gravatar.com\/avatar\/0b29fd7cdce1ec9939eded19ce85d6ed73acf03fb52d098b0641aed356fe6aeb?s=96&d=mm&r=g","caption":"Comunicaciones"},"url":"https:\/\/www.scuola.cl\/sivm\/author\/comunicaciones-scuola\/"}]}},"_links":{"self":[{"href":"https:\/\/www.scuola.cl\/sivm\/wp-json\/wp\/v2\/posts\/22877","targetHints":{"allow":["GET"]}}],"collection":[{"href":"https:\/\/www.scuola.cl\/sivm\/wp-json\/wp\/v2\/posts"}],"about":[{"href":"https:\/\/www.scuola.cl\/sivm\/wp-json\/wp\/v2\/types\/post"}],"author":[{"embeddable":true,"href":"https:\/\/www.scuola.cl\/sivm\/wp-json\/wp\/v2\/users\/2"}],"replies":[{"embeddable":true,"href":"https:\/\/www.scuola.cl\/sivm\/wp-json\/wp\/v2\/comments?post=22877"}],"version-history":[{"count":3,"href":"https:\/\/www.scuola.cl\/sivm\/wp-json\/wp\/v2\/posts\/22877\/revisions"}],"predecessor-version":[{"id":22887,"href":"https:\/\/www.scuola.cl\/sivm\/wp-json\/wp\/v2\/posts\/22877\/revisions\/22887"}],"wp:featuredmedia":[{"embeddable":true,"href":"https:\/\/www.scuola.cl\/sivm\/wp-json\/wp\/v2\/media\/22878"}],"wp:attachment":[{"href":"https:\/\/www.scuola.cl\/sivm\/wp-json\/wp\/v2\/media?parent=22877"}],"wp:term":[{"taxonomy":"category","embeddable":true,"href":"https:\/\/www.scuola.cl\/sivm\/wp-json\/wp\/v2\/categories?post=22877"},{"taxonomy":"post_tag","embeddable":true,"href":"https:\/\/www.scuola.cl\/sivm\/wp-json\/wp\/v2\/tags?post=22877"}],"curies":[{"name":"wp","href":"https:\/\/api.w.org\/{rel}","templated":true}]}}