{"id":2280,"date":"2017-03-07T07:00:13","date_gmt":"2017-03-07T10:00:13","guid":{"rendered":"http:\/\/www.scuola.cl\/sivm\/?p=2280"},"modified":"2017-04-04T11:31:36","modified_gmt":"2017-04-04T14:31:36","slug":"teatro-jardin-secreto","status":"publish","type":"post","link":"https:\/\/www.scuola.cl\/sivm\/teatro-jardin-secreto\/","title":{"rendered":"Teatro: \u00abUn jard\u00edn secreto\u00bb"},"content":{"rendered":"<p><strong>La Scuola Italiana y su Centro Cultural, presentar\u00e1n el jueves 30 de marzo a las 20:00 horas la obra \u201cUn Jard\u00edn Secreto\u201d de la Compa\u00f1\u00eda Teatrotres.<\/strong><\/p>\n<p>&nbsp;<\/p>\n<p>Con las actuaciones de los destacados actores nacionales, Gaby Hern\u00e1ndez y Humberto Gallardo, y bajo la direcci\u00f3n de Mauricio Bustos, \u201cUn Jard\u00edn Secreto\u201d aborda la historia de una pareja de la tercera edad que, pese a la memoria perdida, rememora su vida tratando de encontrar la felicidad, su \u201cjard\u00edn secreto\u201d, met\u00e1fora de la etapa m\u00e1s plena de su pasado.<\/p>\n<p>&nbsp;<\/p>\n<p>Esta obra fue escrita por el dramaturgo Jorge D\u00edaz el a\u00f1o 2003 con el t\u00edtulo \u201cFugitivos de la ausencia\u201d. D\u00edaz es considerado uno de los representantes m\u00e1s importantes del teatro chileno moderno, destac\u00e1ndose por su escritura po\u00e9tica, simple, tierna y humana, cuya tem\u00e1tica tiene que ver con los adultos mayores y el amor, proponiendo la vejez como una etapa en la que tambi\u00e9n se puede amar y ser feliz.<\/p>\n<p>&nbsp;<\/p>\n<p>Entrada liberada y abierta a todo p\u00fablico previa reserva a cultura@scuola.cl o al 2 5927544.<\/p>\n<p>&nbsp;<\/p>\n<p><strong>Compa\u00f1\u00eda:<\/strong> TeatroTres<br \/>\n<strong>Direcci\u00f3n:<\/strong> Mauricio Bustos<br \/>\n<strong>Elenco:<\/strong> Gaby Hern\u00e1ndez y Humberto Gallardo<br \/>\n<strong>Edad recomendada:<\/strong> + 14 a\u00f1os<br \/>\n<strong>Teatro Giuseppe Verdi<\/strong> (Avda. Las Flores 12.707, San Carlos de Apoquindo)<\/p>\n<p>&nbsp;<\/p>\n<p>&nbsp;<\/p>\n<p><strong>Mayor informaci\u00f3n:<\/strong><br \/>\nMa. Gabriela Castillo T.<br \/>\nCoordinadora Centro Cultural Scuola<br \/>\n22 5927544<\/p>\n<p><img loading=\"lazy\" decoding=\"async\" width=\"700\" height=\"474\" class=\"alignnone size-large wp-image-2281\" src=\"http:\/\/www.scuola.cl\/sivm\/wp-content\/uploads\/2017\/02\/Jardin_Secreto_Teatro_web900x610-700x474.jpg\" alt=\"Jardin_Secreto_Teatro_web900x610\" srcset=\"https:\/\/www.scuola.cl\/sivm\/wp-content\/uploads\/2017\/02\/Jardin_Secreto_Teatro_web900x610-700x474.jpg 700w, https:\/\/www.scuola.cl\/sivm\/wp-content\/uploads\/2017\/02\/Jardin_Secreto_Teatro_web900x610-250x169.jpg 250w, https:\/\/www.scuola.cl\/sivm\/wp-content\/uploads\/2017\/02\/Jardin_Secreto_Teatro_web900x610-768x521.jpg 768w, https:\/\/www.scuola.cl\/sivm\/wp-content\/uploads\/2017\/02\/Jardin_Secreto_Teatro_web900x610-120x81.jpg 120w, https:\/\/www.scuola.cl\/sivm\/wp-content\/uploads\/2017\/02\/Jardin_Secreto_Teatro_web900x610.jpg 900w\" sizes=\"auto, (max-width: 700px) 100vw, 700px\" \/><\/p>\n","protected":false},"excerpt":{"rendered":"Esta obra del dramaturgo Jorge D\u00edaz, aborda la historia de una pareja de la tercera edad que, pese a la memoria perdida, rememora su vida pasada tratando de encontrar la felicidad, su \u201cjard\u00edn secreto\u201d.","protected":false},"author":2,"featured_media":2906,"comment_status":"open","ping_status":"open","sticky":false,"template":"","format":"standard","meta":{"_acf_changed":false,"footnotes":""},"categories":[18,22,5],"tags":[],"class_list":["post-2280","post","type-post","status-publish","format-standard","has-post-thumbnail","hentry","category-centrocultural","category-cultura","category-noticias"],"acf":[],"yoast_head":"<!-- This site is optimized with the Yoast SEO plugin v27.1.1 - https:\/\/yoast.com\/product\/yoast-seo-wordpress\/ -->\n<title>Teatro: &quot;Un jard\u00edn secreto&quot; - Scuola Italiana<\/title>\n<meta name=\"robots\" content=\"index, follow, max-snippet:-1, max-image-preview:large, max-video-preview:-1\" \/>\n<link rel=\"canonical\" href=\"https:\/\/www.scuola.cl\/sivm\/teatro-jardin-secreto\/\" \/>\n<meta property=\"og:locale\" content=\"es_ES\" \/>\n<meta property=\"og:type\" content=\"article\" \/>\n<meta property=\"og:title\" content=\"Teatro: &quot;Un jard\u00edn secreto&quot; - Scuola Italiana\" \/>\n<meta property=\"og:description\" content=\"Esta obra del dramaturgo Jorge D\u00edaz, aborda la historia de una pareja de la tercera edad que, pese a la memoria perdida, rememora su vida pasada tratando de encontrar la felicidad, su \u201cjard\u00edn secreto\u201d.\" \/>\n<meta property=\"og:url\" content=\"https:\/\/www.scuola.cl\/sivm\/teatro-jardin-secreto\/\" \/>\n<meta property=\"og:site_name\" content=\"Scuola Italiana\" \/>\n<meta property=\"article:published_time\" content=\"2017-03-07T10:00:13+00:00\" \/>\n<meta property=\"article:modified_time\" content=\"2017-04-04T14:31:36+00:00\" \/>\n<meta property=\"og:image\" content=\"https:\/\/www.scuola.cl\/sivm\/wp-content\/uploads\/2017\/03\/Jardin_aGOTADA.jpg\" \/>\n\t<meta property=\"og:image:width\" content=\"900\" \/>\n\t<meta property=\"og:image:height\" content=\"610\" \/>\n\t<meta property=\"og:image:type\" content=\"image\/jpeg\" \/>\n<meta name=\"author\" content=\"Comunicaciones\" \/>\n<meta name=\"twitter:card\" content=\"summary_large_image\" \/>\n<meta name=\"twitter:label1\" content=\"Escrito por\" \/>\n\t<meta name=\"twitter:data1\" content=\"Comunicaciones\" \/>\n\t<meta name=\"twitter:label2\" content=\"Tiempo de lectura\" \/>\n\t<meta name=\"twitter:data2\" content=\"1 minuto\" \/>\n<script type=\"application\/ld+json\" class=\"yoast-schema-graph\">{\"@context\":\"https:\/\/schema.org\",\"@graph\":[{\"@type\":\"Article\",\"@id\":\"https:\/\/www.scuola.cl\/sivm\/teatro-jardin-secreto\/#article\",\"isPartOf\":{\"@id\":\"https:\/\/www.scuola.cl\/sivm\/teatro-jardin-secreto\/\"},\"author\":{\"name\":\"Comunicaciones\",\"@id\":\"https:\/\/www.scuola.cl\/sivm\/#\/schema\/person\/2ac68abc1b548ee6d8e16c4d3727d1b2\"},\"headline\":\"Teatro: \u00abUn jard\u00edn secreto\u00bb\",\"datePublished\":\"2017-03-07T10:00:13+00:00\",\"dateModified\":\"2017-04-04T14:31:36+00:00\",\"mainEntityOfPage\":{\"@id\":\"https:\/\/www.scuola.cl\/sivm\/teatro-jardin-secreto\/\"},\"wordCount\":235,\"commentCount\":0,\"publisher\":{\"@id\":\"https:\/\/www.scuola.cl\/sivm\/#organization\"},\"image\":{\"@id\":\"https:\/\/www.scuola.cl\/sivm\/teatro-jardin-secreto\/#primaryimage\"},\"thumbnailUrl\":\"https:\/\/www.scuola.cl\/sivm\/wp-content\/uploads\/2017\/03\/Jardin_aGOTADA.jpg\",\"articleSection\":[\"Centro Cultural\",\"Cultura\",\"Noticias\"],\"inLanguage\":\"es\",\"potentialAction\":[{\"@type\":\"CommentAction\",\"name\":\"Comment\",\"target\":[\"https:\/\/www.scuola.cl\/sivm\/teatro-jardin-secreto\/#respond\"]}]},{\"@type\":\"WebPage\",\"@id\":\"https:\/\/www.scuola.cl\/sivm\/teatro-jardin-secreto\/\",\"url\":\"https:\/\/www.scuola.cl\/sivm\/teatro-jardin-secreto\/\",\"name\":\"Teatro: \\\"Un jard\u00edn secreto\\\" - Scuola Italiana\",\"isPartOf\":{\"@id\":\"https:\/\/www.scuola.cl\/sivm\/#website\"},\"primaryImageOfPage\":{\"@id\":\"https:\/\/www.scuola.cl\/sivm\/teatro-jardin-secreto\/#primaryimage\"},\"image\":{\"@id\":\"https:\/\/www.scuola.cl\/sivm\/teatro-jardin-secreto\/#primaryimage\"},\"thumbnailUrl\":\"https:\/\/www.scuola.cl\/sivm\/wp-content\/uploads\/2017\/03\/Jardin_aGOTADA.jpg\",\"datePublished\":\"2017-03-07T10:00:13+00:00\",\"dateModified\":\"2017-04-04T14:31:36+00:00\",\"breadcrumb\":{\"@id\":\"https:\/\/www.scuola.cl\/sivm\/teatro-jardin-secreto\/#breadcrumb\"},\"inLanguage\":\"es\",\"potentialAction\":[{\"@type\":\"ReadAction\",\"target\":[\"https:\/\/www.scuola.cl\/sivm\/teatro-jardin-secreto\/\"]}]},{\"@type\":\"ImageObject\",\"inLanguage\":\"es\",\"@id\":\"https:\/\/www.scuola.cl\/sivm\/teatro-jardin-secreto\/#primaryimage\",\"url\":\"https:\/\/www.scuola.cl\/sivm\/wp-content\/uploads\/2017\/03\/Jardin_aGOTADA.jpg\",\"contentUrl\":\"https:\/\/www.scuola.cl\/sivm\/wp-content\/uploads\/2017\/03\/Jardin_aGOTADA.jpg\",\"width\":900,\"height\":610},{\"@type\":\"BreadcrumbList\",\"@id\":\"https:\/\/www.scuola.cl\/sivm\/teatro-jardin-secreto\/#breadcrumb\",\"itemListElement\":[{\"@type\":\"ListItem\",\"position\":1,\"name\":\"Inicio\",\"item\":\"https:\/\/www.scuola.cl\/sivm\/\"},{\"@type\":\"ListItem\",\"position\":2,\"name\":\"Noticias\",\"item\":\"https:\/\/www.scuola.cl\/sivm\/category\/noticias\/\"},{\"@type\":\"ListItem\",\"position\":3,\"name\":\"Teatro: \u00abUn jard\u00edn secreto\u00bb\"}]},{\"@type\":\"WebSite\",\"@id\":\"https:\/\/www.scuola.cl\/sivm\/#website\",\"url\":\"https:\/\/www.scuola.cl\/sivm\/\",\"name\":\"Scuola Italiana\",\"description\":\"Vittorio Montiglio\",\"publisher\":{\"@id\":\"https:\/\/www.scuola.cl\/sivm\/#organization\"},\"potentialAction\":[{\"@type\":\"SearchAction\",\"target\":{\"@type\":\"EntryPoint\",\"urlTemplate\":\"https:\/\/www.scuola.cl\/sivm\/?s={search_term_string}\"},\"query-input\":{\"@type\":\"PropertyValueSpecification\",\"valueRequired\":true,\"valueName\":\"search_term_string\"}}],\"inLanguage\":\"es\"},{\"@type\":\"Organization\",\"@id\":\"https:\/\/www.scuola.cl\/sivm\/#organization\",\"name\":\"Scuola Italiana Vittorio Montiglio\",\"url\":\"https:\/\/www.scuola.cl\/sivm\/\",\"logo\":{\"@type\":\"ImageObject\",\"inLanguage\":\"es\",\"@id\":\"https:\/\/www.scuola.cl\/sivm\/#\/schema\/logo\/image\/\",\"url\":\"https:\/\/www.scuola.cl\/sivm\/wp-content\/uploads\/2019\/06\/Logo_Scuola-01-001-1000x1000.png\",\"contentUrl\":\"https:\/\/www.scuola.cl\/sivm\/wp-content\/uploads\/2019\/06\/Logo_Scuola-01-001-1000x1000.png\",\"width\":1000,\"height\":1000,\"caption\":\"Scuola Italiana Vittorio Montiglio\"},\"image\":{\"@id\":\"https:\/\/www.scuola.cl\/sivm\/#\/schema\/logo\/image\/\"}},{\"@type\":\"Person\",\"@id\":\"https:\/\/www.scuola.cl\/sivm\/#\/schema\/person\/2ac68abc1b548ee6d8e16c4d3727d1b2\",\"name\":\"Comunicaciones\",\"image\":{\"@type\":\"ImageObject\",\"inLanguage\":\"es\",\"@id\":\"https:\/\/www.scuola.cl\/sivm\/#\/schema\/person\/image\/\",\"url\":\"https:\/\/secure.gravatar.com\/avatar\/0b29fd7cdce1ec9939eded19ce85d6ed73acf03fb52d098b0641aed356fe6aeb?s=96&d=mm&r=g\",\"contentUrl\":\"https:\/\/secure.gravatar.com\/avatar\/0b29fd7cdce1ec9939eded19ce85d6ed73acf03fb52d098b0641aed356fe6aeb?s=96&d=mm&r=g\",\"caption\":\"Comunicaciones\"},\"url\":\"https:\/\/www.scuola.cl\/sivm\/author\/comunicaciones-scuola\/\"}]}<\/script>\n<!-- \/ Yoast SEO plugin. -->","yoast_head_json":{"title":"Teatro: \"Un jard\u00edn secreto\" - Scuola Italiana","robots":{"index":"index","follow":"follow","max-snippet":"max-snippet:-1","max-image-preview":"max-image-preview:large","max-video-preview":"max-video-preview:-1"},"canonical":"https:\/\/www.scuola.cl\/sivm\/teatro-jardin-secreto\/","og_locale":"es_ES","og_type":"article","og_title":"Teatro: \"Un jard\u00edn secreto\" - Scuola Italiana","og_description":"Esta obra del dramaturgo Jorge D\u00edaz, aborda la historia de una pareja de la tercera edad que, pese a la memoria perdida, rememora su vida pasada tratando de encontrar la felicidad, su \u201cjard\u00edn secreto\u201d.","og_url":"https:\/\/www.scuola.cl\/sivm\/teatro-jardin-secreto\/","og_site_name":"Scuola Italiana","article_published_time":"2017-03-07T10:00:13+00:00","article_modified_time":"2017-04-04T14:31:36+00:00","og_image":[{"width":900,"height":610,"url":"https:\/\/www.scuola.cl\/sivm\/wp-content\/uploads\/2017\/03\/Jardin_aGOTADA.jpg","type":"image\/jpeg"}],"author":"Comunicaciones","twitter_card":"summary_large_image","twitter_misc":{"Escrito por":"Comunicaciones","Tiempo de lectura":"1 minuto"},"schema":{"@context":"https:\/\/schema.org","@graph":[{"@type":"Article","@id":"https:\/\/www.scuola.cl\/sivm\/teatro-jardin-secreto\/#article","isPartOf":{"@id":"https:\/\/www.scuola.cl\/sivm\/teatro-jardin-secreto\/"},"author":{"name":"Comunicaciones","@id":"https:\/\/www.scuola.cl\/sivm\/#\/schema\/person\/2ac68abc1b548ee6d8e16c4d3727d1b2"},"headline":"Teatro: \u00abUn jard\u00edn secreto\u00bb","datePublished":"2017-03-07T10:00:13+00:00","dateModified":"2017-04-04T14:31:36+00:00","mainEntityOfPage":{"@id":"https:\/\/www.scuola.cl\/sivm\/teatro-jardin-secreto\/"},"wordCount":235,"commentCount":0,"publisher":{"@id":"https:\/\/www.scuola.cl\/sivm\/#organization"},"image":{"@id":"https:\/\/www.scuola.cl\/sivm\/teatro-jardin-secreto\/#primaryimage"},"thumbnailUrl":"https:\/\/www.scuola.cl\/sivm\/wp-content\/uploads\/2017\/03\/Jardin_aGOTADA.jpg","articleSection":["Centro Cultural","Cultura","Noticias"],"inLanguage":"es","potentialAction":[{"@type":"CommentAction","name":"Comment","target":["https:\/\/www.scuola.cl\/sivm\/teatro-jardin-secreto\/#respond"]}]},{"@type":"WebPage","@id":"https:\/\/www.scuola.cl\/sivm\/teatro-jardin-secreto\/","url":"https:\/\/www.scuola.cl\/sivm\/teatro-jardin-secreto\/","name":"Teatro: \"Un jard\u00edn secreto\" - Scuola Italiana","isPartOf":{"@id":"https:\/\/www.scuola.cl\/sivm\/#website"},"primaryImageOfPage":{"@id":"https:\/\/www.scuola.cl\/sivm\/teatro-jardin-secreto\/#primaryimage"},"image":{"@id":"https:\/\/www.scuola.cl\/sivm\/teatro-jardin-secreto\/#primaryimage"},"thumbnailUrl":"https:\/\/www.scuola.cl\/sivm\/wp-content\/uploads\/2017\/03\/Jardin_aGOTADA.jpg","datePublished":"2017-03-07T10:00:13+00:00","dateModified":"2017-04-04T14:31:36+00:00","breadcrumb":{"@id":"https:\/\/www.scuola.cl\/sivm\/teatro-jardin-secreto\/#breadcrumb"},"inLanguage":"es","potentialAction":[{"@type":"ReadAction","target":["https:\/\/www.scuola.cl\/sivm\/teatro-jardin-secreto\/"]}]},{"@type":"ImageObject","inLanguage":"es","@id":"https:\/\/www.scuola.cl\/sivm\/teatro-jardin-secreto\/#primaryimage","url":"https:\/\/www.scuola.cl\/sivm\/wp-content\/uploads\/2017\/03\/Jardin_aGOTADA.jpg","contentUrl":"https:\/\/www.scuola.cl\/sivm\/wp-content\/uploads\/2017\/03\/Jardin_aGOTADA.jpg","width":900,"height":610},{"@type":"BreadcrumbList","@id":"https:\/\/www.scuola.cl\/sivm\/teatro-jardin-secreto\/#breadcrumb","itemListElement":[{"@type":"ListItem","position":1,"name":"Inicio","item":"https:\/\/www.scuola.cl\/sivm\/"},{"@type":"ListItem","position":2,"name":"Noticias","item":"https:\/\/www.scuola.cl\/sivm\/category\/noticias\/"},{"@type":"ListItem","position":3,"name":"Teatro: \u00abUn jard\u00edn secreto\u00bb"}]},{"@type":"WebSite","@id":"https:\/\/www.scuola.cl\/sivm\/#website","url":"https:\/\/www.scuola.cl\/sivm\/","name":"Scuola Italiana","description":"Vittorio Montiglio","publisher":{"@id":"https:\/\/www.scuola.cl\/sivm\/#organization"},"potentialAction":[{"@type":"SearchAction","target":{"@type":"EntryPoint","urlTemplate":"https:\/\/www.scuola.cl\/sivm\/?s={search_term_string}"},"query-input":{"@type":"PropertyValueSpecification","valueRequired":true,"valueName":"search_term_string"}}],"inLanguage":"es"},{"@type":"Organization","@id":"https:\/\/www.scuola.cl\/sivm\/#organization","name":"Scuola Italiana Vittorio Montiglio","url":"https:\/\/www.scuola.cl\/sivm\/","logo":{"@type":"ImageObject","inLanguage":"es","@id":"https:\/\/www.scuola.cl\/sivm\/#\/schema\/logo\/image\/","url":"https:\/\/www.scuola.cl\/sivm\/wp-content\/uploads\/2019\/06\/Logo_Scuola-01-001-1000x1000.png","contentUrl":"https:\/\/www.scuola.cl\/sivm\/wp-content\/uploads\/2019\/06\/Logo_Scuola-01-001-1000x1000.png","width":1000,"height":1000,"caption":"Scuola Italiana Vittorio Montiglio"},"image":{"@id":"https:\/\/www.scuola.cl\/sivm\/#\/schema\/logo\/image\/"}},{"@type":"Person","@id":"https:\/\/www.scuola.cl\/sivm\/#\/schema\/person\/2ac68abc1b548ee6d8e16c4d3727d1b2","name":"Comunicaciones","image":{"@type":"ImageObject","inLanguage":"es","@id":"https:\/\/www.scuola.cl\/sivm\/#\/schema\/person\/image\/","url":"https:\/\/secure.gravatar.com\/avatar\/0b29fd7cdce1ec9939eded19ce85d6ed73acf03fb52d098b0641aed356fe6aeb?s=96&d=mm&r=g","contentUrl":"https:\/\/secure.gravatar.com\/avatar\/0b29fd7cdce1ec9939eded19ce85d6ed73acf03fb52d098b0641aed356fe6aeb?s=96&d=mm&r=g","caption":"Comunicaciones"},"url":"https:\/\/www.scuola.cl\/sivm\/author\/comunicaciones-scuola\/"}]}},"_links":{"self":[{"href":"https:\/\/www.scuola.cl\/sivm\/wp-json\/wp\/v2\/posts\/2280","targetHints":{"allow":["GET"]}}],"collection":[{"href":"https:\/\/www.scuola.cl\/sivm\/wp-json\/wp\/v2\/posts"}],"about":[{"href":"https:\/\/www.scuola.cl\/sivm\/wp-json\/wp\/v2\/types\/post"}],"author":[{"embeddable":true,"href":"https:\/\/www.scuola.cl\/sivm\/wp-json\/wp\/v2\/users\/2"}],"replies":[{"embeddable":true,"href":"https:\/\/www.scuola.cl\/sivm\/wp-json\/wp\/v2\/comments?post=2280"}],"version-history":[{"count":11,"href":"https:\/\/www.scuola.cl\/sivm\/wp-json\/wp\/v2\/posts\/2280\/revisions"}],"predecessor-version":[{"id":2784,"href":"https:\/\/www.scuola.cl\/sivm\/wp-json\/wp\/v2\/posts\/2280\/revisions\/2784"}],"wp:featuredmedia":[{"embeddable":true,"href":"https:\/\/www.scuola.cl\/sivm\/wp-json\/wp\/v2\/media\/2906"}],"wp:attachment":[{"href":"https:\/\/www.scuola.cl\/sivm\/wp-json\/wp\/v2\/media?parent=2280"}],"wp:term":[{"taxonomy":"category","embeddable":true,"href":"https:\/\/www.scuola.cl\/sivm\/wp-json\/wp\/v2\/categories?post=2280"},{"taxonomy":"post_tag","embeddable":true,"href":"https:\/\/www.scuola.cl\/sivm\/wp-json\/wp\/v2\/tags?post=2280"}],"curies":[{"name":"wp","href":"https:\/\/api.w.org\/{rel}","templated":true}]}}