{"id":22744,"date":"2023-08-18T10:20:14","date_gmt":"2023-08-18T13:20:14","guid":{"rendered":"https:\/\/www.scuola.cl\/sivm\/?p=22744"},"modified":"2023-08-28T15:30:33","modified_gmt":"2023-08-28T18:30:33","slug":"presentacion-el-sueno-de-shakespeare","status":"publish","type":"post","link":"https:\/\/www.scuola.cl\/sivm\/presentacion-el-sueno-de-shakespeare\/","title":{"rendered":"Teatro \u00abEl Sue\u00f1o de Shakespeare\u00bb"},"content":{"rendered":"\n<p>El viernes 18 de agosto en el Teatro Giuseppe Verdi se present\u00f3 la obra de teatro \u00abEl sue\u00f1o de Shakespeare\u00bb, con la actuaci\u00f3n de Humberto Gallardo y la direcci\u00f3n de Claudio Pueller.\u00a0<\/p>\n<p>El p\u00fablico presenci\u00f3 un montaje interesante y multimedial, donde el destacado actor, a trav\u00e9s de una magistral y vers\u00e1til actuaci\u00f3n, caracteriz\u00f3 e interpret\u00f3 pasajes de algunos de los personajes m\u00e1s emblem\u00e1ticos de William Shakespeare, creando una atm\u00f3sfera que nos transport\u00f3 al famoso \u00abGlobe Theatre\u00bb de Londres, donde el dramaturgo fund\u00f3 su compa\u00f1\u00eda teatral y represent\u00f3 sus obras m\u00e1s famosas en el a\u00f1o 1599.<\/p>\n<p>Compartimos con ustedes im\u00e1genes de la funci\u00f3n.<\/p>\n<p><a href=\"https:\/\/drive.google.com\/drive\/folders\/1qAaIdE4tvN-cWchgJSrXvnzJ2UEwTxqe?usp=sharing\" target=\"_blank\" rel=\"noopener\">Ver fotos<\/a><\/p>\n<p><img loading=\"lazy\" decoding=\"async\" class=\"alignnone wp-image-22762 size-large\" src=\"https:\/\/www.scuola.cl\/sivm\/wp-content\/uploads\/2023\/08\/IMG_0686-700x1050.jpg\" alt=\"\" width=\"683\" height=\"1024\" srcset=\"https:\/\/www.scuola.cl\/sivm\/wp-content\/uploads\/2023\/08\/IMG_0686-700x1050.jpg 700w, https:\/\/www.scuola.cl\/sivm\/wp-content\/uploads\/2023\/08\/IMG_0686-250x375.jpg 250w, https:\/\/www.scuola.cl\/sivm\/wp-content\/uploads\/2023\/08\/IMG_0686-768x1152.jpg 768w, https:\/\/www.scuola.cl\/sivm\/wp-content\/uploads\/2023\/08\/IMG_0686-1024x1536.jpg 1024w, https:\/\/www.scuola.cl\/sivm\/wp-content\/uploads\/2023\/08\/IMG_0686-1365x2048.jpg 1365w, https:\/\/www.scuola.cl\/sivm\/wp-content\/uploads\/2023\/08\/IMG_0686-120x180.jpg 120w, https:\/\/www.scuola.cl\/sivm\/wp-content\/uploads\/2023\/08\/IMG_0686-scaled.jpg 1707w\" sizes=\"auto, (max-width: 683px) 100vw, 683px\" \/><\/p>\n<p><img loading=\"lazy\" decoding=\"async\" class=\"alignnone wp-image-22760 size-large\" src=\"https:\/\/www.scuola.cl\/sivm\/wp-content\/uploads\/2023\/08\/IMG_0696-700x467.jpg\" alt=\"\" width=\"700\" height=\"467\" srcset=\"https:\/\/www.scuola.cl\/sivm\/wp-content\/uploads\/2023\/08\/IMG_0696-700x467.jpg 700w, https:\/\/www.scuola.cl\/sivm\/wp-content\/uploads\/2023\/08\/IMG_0696-250x167.jpg 250w, https:\/\/www.scuola.cl\/sivm\/wp-content\/uploads\/2023\/08\/IMG_0696-768x512.jpg 768w, https:\/\/www.scuola.cl\/sivm\/wp-content\/uploads\/2023\/08\/IMG_0696-1536x1024.jpg 1536w, https:\/\/www.scuola.cl\/sivm\/wp-content\/uploads\/2023\/08\/IMG_0696-2048x1365.jpg 2048w, https:\/\/www.scuola.cl\/sivm\/wp-content\/uploads\/2023\/08\/IMG_0696-120x80.jpg 120w\" sizes=\"auto, (max-width: 700px) 100vw, 700px\" \/><\/p>\n<p>\u00a0<\/p>\n<p>\u00a0<\/p>\n<p>\u00a0<\/p>\n<p>\u00a0<\/p>\n","protected":false},"excerpt":{"rendered":"El 18 de agosto presentamos la obra \u00abEl sue\u00f1o de Shakespeare\u00bb, en la cual el p\u00fablico asistente disfrut\u00f3 con la vers\u00e1til actuaci\u00f3n del destacado actor Humberto Gallardo en una interesante puesta en escena multimedial. ","protected":false},"author":2,"featured_media":22745,"comment_status":"closed","ping_status":"closed","sticky":false,"template":"","format":"standard","meta":{"_acf_changed":false,"footnotes":""},"categories":[6,18,22,5],"tags":[],"class_list":["post-22744","post","type-post","status-publish","format-standard","has-post-thumbnail","hentry","category-actividades","category-centrocultural","category-cultura","category-noticias"],"acf":[],"yoast_head":"<!-- This site is optimized with the Yoast SEO plugin v27.1.1 - https:\/\/yoast.com\/product\/yoast-seo-wordpress\/ -->\n<title>Teatro &quot;El Sue\u00f1o de Shakespeare&quot; - Scuola Italiana<\/title>\n<meta name=\"robots\" content=\"index, follow, max-snippet:-1, max-image-preview:large, max-video-preview:-1\" \/>\n<link rel=\"canonical\" href=\"https:\/\/www.scuola.cl\/sivm\/presentacion-el-sueno-de-shakespeare\/\" \/>\n<meta property=\"og:locale\" content=\"es_ES\" \/>\n<meta property=\"og:type\" content=\"article\" \/>\n<meta property=\"og:title\" content=\"Teatro &quot;El Sue\u00f1o de Shakespeare&quot; - Scuola Italiana\" \/>\n<meta property=\"og:description\" content=\"El 18 de agosto presentamos la obra &quot;El sue\u00f1o de Shakespeare&quot;, en la cual el p\u00fablico asistente disfrut\u00f3 con la vers\u00e1til actuaci\u00f3n del destacado actor Humberto Gallardo en una interesante puesta en escena multimedial.\" \/>\n<meta property=\"og:url\" content=\"https:\/\/www.scuola.cl\/sivm\/presentacion-el-sueno-de-shakespeare\/\" \/>\n<meta property=\"og:site_name\" content=\"Scuola Italiana\" \/>\n<meta property=\"article:published_time\" content=\"2023-08-18T13:20:14+00:00\" \/>\n<meta property=\"article:modified_time\" content=\"2023-08-28T18:30:33+00:00\" \/>\n<meta property=\"og:image\" content=\"https:\/\/www.scuola.cl\/sivm\/wp-content\/uploads\/2023\/08\/Shakes-banner.jpg\" \/>\n\t<meta property=\"og:image:width\" content=\"900\" \/>\n\t<meta property=\"og:image:height\" content=\"610\" \/>\n\t<meta property=\"og:image:type\" content=\"image\/jpeg\" \/>\n<meta name=\"author\" content=\"Comunicaciones\" \/>\n<meta name=\"twitter:card\" content=\"summary_large_image\" \/>\n<meta name=\"twitter:label1\" content=\"Escrito por\" \/>\n\t<meta name=\"twitter:data1\" content=\"Comunicaciones\" \/>\n\t<meta name=\"twitter:label2\" content=\"Tiempo de lectura\" \/>\n\t<meta name=\"twitter:data2\" content=\"1 minuto\" \/>\n<script type=\"application\/ld+json\" class=\"yoast-schema-graph\">{\"@context\":\"https:\/\/schema.org\",\"@graph\":[{\"@type\":\"Article\",\"@id\":\"https:\/\/www.scuola.cl\/sivm\/presentacion-el-sueno-de-shakespeare\/#article\",\"isPartOf\":{\"@id\":\"https:\/\/www.scuola.cl\/sivm\/presentacion-el-sueno-de-shakespeare\/\"},\"author\":{\"name\":\"Comunicaciones\",\"@id\":\"https:\/\/www.scuola.cl\/sivm\/#\/schema\/person\/2ac68abc1b548ee6d8e16c4d3727d1b2\"},\"headline\":\"Teatro \u00abEl Sue\u00f1o de Shakespeare\u00bb\",\"datePublished\":\"2023-08-18T13:20:14+00:00\",\"dateModified\":\"2023-08-28T18:30:33+00:00\",\"mainEntityOfPage\":{\"@id\":\"https:\/\/www.scuola.cl\/sivm\/presentacion-el-sueno-de-shakespeare\/\"},\"wordCount\":123,\"publisher\":{\"@id\":\"https:\/\/www.scuola.cl\/sivm\/#organization\"},\"image\":{\"@id\":\"https:\/\/www.scuola.cl\/sivm\/presentacion-el-sueno-de-shakespeare\/#primaryimage\"},\"thumbnailUrl\":\"https:\/\/www.scuola.cl\/sivm\/wp-content\/uploads\/2023\/08\/Shakes-banner.jpg\",\"articleSection\":[\"Actividades\",\"Centro Cultural\",\"Cultura\",\"Noticias\"],\"inLanguage\":\"es\"},{\"@type\":\"WebPage\",\"@id\":\"https:\/\/www.scuola.cl\/sivm\/presentacion-el-sueno-de-shakespeare\/\",\"url\":\"https:\/\/www.scuola.cl\/sivm\/presentacion-el-sueno-de-shakespeare\/\",\"name\":\"Teatro \\\"El Sue\u00f1o de Shakespeare\\\" - Scuola Italiana\",\"isPartOf\":{\"@id\":\"https:\/\/www.scuola.cl\/sivm\/#website\"},\"primaryImageOfPage\":{\"@id\":\"https:\/\/www.scuola.cl\/sivm\/presentacion-el-sueno-de-shakespeare\/#primaryimage\"},\"image\":{\"@id\":\"https:\/\/www.scuola.cl\/sivm\/presentacion-el-sueno-de-shakespeare\/#primaryimage\"},\"thumbnailUrl\":\"https:\/\/www.scuola.cl\/sivm\/wp-content\/uploads\/2023\/08\/Shakes-banner.jpg\",\"datePublished\":\"2023-08-18T13:20:14+00:00\",\"dateModified\":\"2023-08-28T18:30:33+00:00\",\"breadcrumb\":{\"@id\":\"https:\/\/www.scuola.cl\/sivm\/presentacion-el-sueno-de-shakespeare\/#breadcrumb\"},\"inLanguage\":\"es\",\"potentialAction\":[{\"@type\":\"ReadAction\",\"target\":[\"https:\/\/www.scuola.cl\/sivm\/presentacion-el-sueno-de-shakespeare\/\"]}]},{\"@type\":\"ImageObject\",\"inLanguage\":\"es\",\"@id\":\"https:\/\/www.scuola.cl\/sivm\/presentacion-el-sueno-de-shakespeare\/#primaryimage\",\"url\":\"https:\/\/www.scuola.cl\/sivm\/wp-content\/uploads\/2023\/08\/Shakes-banner.jpg\",\"contentUrl\":\"https:\/\/www.scuola.cl\/sivm\/wp-content\/uploads\/2023\/08\/Shakes-banner.jpg\",\"width\":900,\"height\":610},{\"@type\":\"BreadcrumbList\",\"@id\":\"https:\/\/www.scuola.cl\/sivm\/presentacion-el-sueno-de-shakespeare\/#breadcrumb\",\"itemListElement\":[{\"@type\":\"ListItem\",\"position\":1,\"name\":\"Inicio\",\"item\":\"https:\/\/www.scuola.cl\/sivm\/\"},{\"@type\":\"ListItem\",\"position\":2,\"name\":\"Actividades\",\"item\":\"https:\/\/www.scuola.cl\/sivm\/category\/actividades\/\"},{\"@type\":\"ListItem\",\"position\":3,\"name\":\"Teatro \u00abEl Sue\u00f1o de Shakespeare\u00bb\"}]},{\"@type\":\"WebSite\",\"@id\":\"https:\/\/www.scuola.cl\/sivm\/#website\",\"url\":\"https:\/\/www.scuola.cl\/sivm\/\",\"name\":\"Scuola Italiana\",\"description\":\"Vittorio Montiglio\",\"publisher\":{\"@id\":\"https:\/\/www.scuola.cl\/sivm\/#organization\"},\"potentialAction\":[{\"@type\":\"SearchAction\",\"target\":{\"@type\":\"EntryPoint\",\"urlTemplate\":\"https:\/\/www.scuola.cl\/sivm\/?s={search_term_string}\"},\"query-input\":{\"@type\":\"PropertyValueSpecification\",\"valueRequired\":true,\"valueName\":\"search_term_string\"}}],\"inLanguage\":\"es\"},{\"@type\":\"Organization\",\"@id\":\"https:\/\/www.scuola.cl\/sivm\/#organization\",\"name\":\"Scuola Italiana Vittorio Montiglio\",\"url\":\"https:\/\/www.scuola.cl\/sivm\/\",\"logo\":{\"@type\":\"ImageObject\",\"inLanguage\":\"es\",\"@id\":\"https:\/\/www.scuola.cl\/sivm\/#\/schema\/logo\/image\/\",\"url\":\"https:\/\/www.scuola.cl\/sivm\/wp-content\/uploads\/2019\/06\/Logo_Scuola-01-001-1000x1000.png\",\"contentUrl\":\"https:\/\/www.scuola.cl\/sivm\/wp-content\/uploads\/2019\/06\/Logo_Scuola-01-001-1000x1000.png\",\"width\":1000,\"height\":1000,\"caption\":\"Scuola Italiana Vittorio Montiglio\"},\"image\":{\"@id\":\"https:\/\/www.scuola.cl\/sivm\/#\/schema\/logo\/image\/\"}},{\"@type\":\"Person\",\"@id\":\"https:\/\/www.scuola.cl\/sivm\/#\/schema\/person\/2ac68abc1b548ee6d8e16c4d3727d1b2\",\"name\":\"Comunicaciones\",\"image\":{\"@type\":\"ImageObject\",\"inLanguage\":\"es\",\"@id\":\"https:\/\/www.scuola.cl\/sivm\/#\/schema\/person\/image\/\",\"url\":\"https:\/\/secure.gravatar.com\/avatar\/0b29fd7cdce1ec9939eded19ce85d6ed73acf03fb52d098b0641aed356fe6aeb?s=96&d=mm&r=g\",\"contentUrl\":\"https:\/\/secure.gravatar.com\/avatar\/0b29fd7cdce1ec9939eded19ce85d6ed73acf03fb52d098b0641aed356fe6aeb?s=96&d=mm&r=g\",\"caption\":\"Comunicaciones\"},\"url\":\"https:\/\/www.scuola.cl\/sivm\/author\/comunicaciones-scuola\/\"}]}<\/script>\n<!-- \/ Yoast SEO plugin. -->","yoast_head_json":{"title":"Teatro \"El Sue\u00f1o de Shakespeare\" - Scuola Italiana","robots":{"index":"index","follow":"follow","max-snippet":"max-snippet:-1","max-image-preview":"max-image-preview:large","max-video-preview":"max-video-preview:-1"},"canonical":"https:\/\/www.scuola.cl\/sivm\/presentacion-el-sueno-de-shakespeare\/","og_locale":"es_ES","og_type":"article","og_title":"Teatro \"El Sue\u00f1o de Shakespeare\" - Scuola Italiana","og_description":"El 18 de agosto presentamos la obra \"El sue\u00f1o de Shakespeare\", en la cual el p\u00fablico asistente disfrut\u00f3 con la vers\u00e1til actuaci\u00f3n del destacado actor Humberto Gallardo en una interesante puesta en escena multimedial.","og_url":"https:\/\/www.scuola.cl\/sivm\/presentacion-el-sueno-de-shakespeare\/","og_site_name":"Scuola Italiana","article_published_time":"2023-08-18T13:20:14+00:00","article_modified_time":"2023-08-28T18:30:33+00:00","og_image":[{"width":900,"height":610,"url":"https:\/\/www.scuola.cl\/sivm\/wp-content\/uploads\/2023\/08\/Shakes-banner.jpg","type":"image\/jpeg"}],"author":"Comunicaciones","twitter_card":"summary_large_image","twitter_misc":{"Escrito por":"Comunicaciones","Tiempo de lectura":"1 minuto"},"schema":{"@context":"https:\/\/schema.org","@graph":[{"@type":"Article","@id":"https:\/\/www.scuola.cl\/sivm\/presentacion-el-sueno-de-shakespeare\/#article","isPartOf":{"@id":"https:\/\/www.scuola.cl\/sivm\/presentacion-el-sueno-de-shakespeare\/"},"author":{"name":"Comunicaciones","@id":"https:\/\/www.scuola.cl\/sivm\/#\/schema\/person\/2ac68abc1b548ee6d8e16c4d3727d1b2"},"headline":"Teatro \u00abEl Sue\u00f1o de Shakespeare\u00bb","datePublished":"2023-08-18T13:20:14+00:00","dateModified":"2023-08-28T18:30:33+00:00","mainEntityOfPage":{"@id":"https:\/\/www.scuola.cl\/sivm\/presentacion-el-sueno-de-shakespeare\/"},"wordCount":123,"publisher":{"@id":"https:\/\/www.scuola.cl\/sivm\/#organization"},"image":{"@id":"https:\/\/www.scuola.cl\/sivm\/presentacion-el-sueno-de-shakespeare\/#primaryimage"},"thumbnailUrl":"https:\/\/www.scuola.cl\/sivm\/wp-content\/uploads\/2023\/08\/Shakes-banner.jpg","articleSection":["Actividades","Centro Cultural","Cultura","Noticias"],"inLanguage":"es"},{"@type":"WebPage","@id":"https:\/\/www.scuola.cl\/sivm\/presentacion-el-sueno-de-shakespeare\/","url":"https:\/\/www.scuola.cl\/sivm\/presentacion-el-sueno-de-shakespeare\/","name":"Teatro \"El Sue\u00f1o de Shakespeare\" - Scuola Italiana","isPartOf":{"@id":"https:\/\/www.scuola.cl\/sivm\/#website"},"primaryImageOfPage":{"@id":"https:\/\/www.scuola.cl\/sivm\/presentacion-el-sueno-de-shakespeare\/#primaryimage"},"image":{"@id":"https:\/\/www.scuola.cl\/sivm\/presentacion-el-sueno-de-shakespeare\/#primaryimage"},"thumbnailUrl":"https:\/\/www.scuola.cl\/sivm\/wp-content\/uploads\/2023\/08\/Shakes-banner.jpg","datePublished":"2023-08-18T13:20:14+00:00","dateModified":"2023-08-28T18:30:33+00:00","breadcrumb":{"@id":"https:\/\/www.scuola.cl\/sivm\/presentacion-el-sueno-de-shakespeare\/#breadcrumb"},"inLanguage":"es","potentialAction":[{"@type":"ReadAction","target":["https:\/\/www.scuola.cl\/sivm\/presentacion-el-sueno-de-shakespeare\/"]}]},{"@type":"ImageObject","inLanguage":"es","@id":"https:\/\/www.scuola.cl\/sivm\/presentacion-el-sueno-de-shakespeare\/#primaryimage","url":"https:\/\/www.scuola.cl\/sivm\/wp-content\/uploads\/2023\/08\/Shakes-banner.jpg","contentUrl":"https:\/\/www.scuola.cl\/sivm\/wp-content\/uploads\/2023\/08\/Shakes-banner.jpg","width":900,"height":610},{"@type":"BreadcrumbList","@id":"https:\/\/www.scuola.cl\/sivm\/presentacion-el-sueno-de-shakespeare\/#breadcrumb","itemListElement":[{"@type":"ListItem","position":1,"name":"Inicio","item":"https:\/\/www.scuola.cl\/sivm\/"},{"@type":"ListItem","position":2,"name":"Actividades","item":"https:\/\/www.scuola.cl\/sivm\/category\/actividades\/"},{"@type":"ListItem","position":3,"name":"Teatro \u00abEl Sue\u00f1o de Shakespeare\u00bb"}]},{"@type":"WebSite","@id":"https:\/\/www.scuola.cl\/sivm\/#website","url":"https:\/\/www.scuola.cl\/sivm\/","name":"Scuola Italiana","description":"Vittorio Montiglio","publisher":{"@id":"https:\/\/www.scuola.cl\/sivm\/#organization"},"potentialAction":[{"@type":"SearchAction","target":{"@type":"EntryPoint","urlTemplate":"https:\/\/www.scuola.cl\/sivm\/?s={search_term_string}"},"query-input":{"@type":"PropertyValueSpecification","valueRequired":true,"valueName":"search_term_string"}}],"inLanguage":"es"},{"@type":"Organization","@id":"https:\/\/www.scuola.cl\/sivm\/#organization","name":"Scuola Italiana Vittorio Montiglio","url":"https:\/\/www.scuola.cl\/sivm\/","logo":{"@type":"ImageObject","inLanguage":"es","@id":"https:\/\/www.scuola.cl\/sivm\/#\/schema\/logo\/image\/","url":"https:\/\/www.scuola.cl\/sivm\/wp-content\/uploads\/2019\/06\/Logo_Scuola-01-001-1000x1000.png","contentUrl":"https:\/\/www.scuola.cl\/sivm\/wp-content\/uploads\/2019\/06\/Logo_Scuola-01-001-1000x1000.png","width":1000,"height":1000,"caption":"Scuola Italiana Vittorio Montiglio"},"image":{"@id":"https:\/\/www.scuola.cl\/sivm\/#\/schema\/logo\/image\/"}},{"@type":"Person","@id":"https:\/\/www.scuola.cl\/sivm\/#\/schema\/person\/2ac68abc1b548ee6d8e16c4d3727d1b2","name":"Comunicaciones","image":{"@type":"ImageObject","inLanguage":"es","@id":"https:\/\/www.scuola.cl\/sivm\/#\/schema\/person\/image\/","url":"https:\/\/secure.gravatar.com\/avatar\/0b29fd7cdce1ec9939eded19ce85d6ed73acf03fb52d098b0641aed356fe6aeb?s=96&d=mm&r=g","contentUrl":"https:\/\/secure.gravatar.com\/avatar\/0b29fd7cdce1ec9939eded19ce85d6ed73acf03fb52d098b0641aed356fe6aeb?s=96&d=mm&r=g","caption":"Comunicaciones"},"url":"https:\/\/www.scuola.cl\/sivm\/author\/comunicaciones-scuola\/"}]}},"_links":{"self":[{"href":"https:\/\/www.scuola.cl\/sivm\/wp-json\/wp\/v2\/posts\/22744","targetHints":{"allow":["GET"]}}],"collection":[{"href":"https:\/\/www.scuola.cl\/sivm\/wp-json\/wp\/v2\/posts"}],"about":[{"href":"https:\/\/www.scuola.cl\/sivm\/wp-json\/wp\/v2\/types\/post"}],"author":[{"embeddable":true,"href":"https:\/\/www.scuola.cl\/sivm\/wp-json\/wp\/v2\/users\/2"}],"replies":[{"embeddable":true,"href":"https:\/\/www.scuola.cl\/sivm\/wp-json\/wp\/v2\/comments?post=22744"}],"version-history":[{"count":9,"href":"https:\/\/www.scuola.cl\/sivm\/wp-json\/wp\/v2\/posts\/22744\/revisions"}],"predecessor-version":[{"id":22808,"href":"https:\/\/www.scuola.cl\/sivm\/wp-json\/wp\/v2\/posts\/22744\/revisions\/22808"}],"wp:featuredmedia":[{"embeddable":true,"href":"https:\/\/www.scuola.cl\/sivm\/wp-json\/wp\/v2\/media\/22745"}],"wp:attachment":[{"href":"https:\/\/www.scuola.cl\/sivm\/wp-json\/wp\/v2\/media?parent=22744"}],"wp:term":[{"taxonomy":"category","embeddable":true,"href":"https:\/\/www.scuola.cl\/sivm\/wp-json\/wp\/v2\/categories?post=22744"},{"taxonomy":"post_tag","embeddable":true,"href":"https:\/\/www.scuola.cl\/sivm\/wp-json\/wp\/v2\/tags?post=22744"}],"curies":[{"name":"wp","href":"https:\/\/api.w.org\/{rel}","templated":true}]}}