{"id":22639,"date":"2023-08-10T10:14:03","date_gmt":"2023-08-10T13:14:03","guid":{"rendered":"https:\/\/www.scuola.cl\/sivm\/?p=22639"},"modified":"2023-08-10T14:42:14","modified_gmt":"2023-08-10T17:42:14","slug":"inauguracion-expo-perez-yaconi","status":"publish","type":"post","link":"https:\/\/www.scuola.cl\/sivm\/inauguracion-expo-perez-yaconi\/","title":{"rendered":"Inauguraci\u00f3n Expo P\u00e9rez-Yaconi"},"content":{"rendered":"\n<p>El mi\u00e9rcoles 9 de agosto, en la Sala Terracota, inauguramos la muestra de pinturas y fotograf\u00edas: \u00abReencuentro en un coloquio pl\u00e1stico\u00bb, de las artistas y ex alumnas (G&#8217;74), Ximena P\u00e9rez y M\u00f3nica Yaconi.<\/p>\n<p>La galer\u00eda congreg\u00f3 a familiares, amigos y ex alumnos\/as que acompa\u00f1aron a las artistas, compartiendo un grato y alegre momento, adem\u00e1s de disfrutar un montaje de gran calidad y diverso en estilos, t\u00e9cnicas y tem\u00e1ticas.<\/p>\n<p>En representaci\u00f3n de las artistas, Ximena P\u00e9rez (quien tambi\u00e9n fue Profesora de Arte de la Scuola), agradeci\u00f3 al p\u00fablico asistente y coment\u00f3 lo emocionante que era para ellas volver al colegio y constatar que el cari\u00f1o y los lazos se mantienen a pesar del tiempo y la distancia, destacando tambi\u00e9n el esp\u00edritu familiar que tanto caracteriza a nuestra comunidad escolar.<\/p>\n<p>En esta ocasi\u00f3n, contamos con los auspicios de Imprenta Italiana encargada de los cat\u00e1logos; en el Vino de Honor contamos con los productos de Vi\u00f1a Chateau Potrero Seco y Chocolates Bozzo. A todos ellos muchas gracias por el apoyo!<\/p>\n<p>La exposici\u00f3n estar\u00e1 disponible hasta el 13 de octubre. De lunes a viernes de 8:00 a 16:00 horas.<\/p>\n<p>Compartimos con ustedes im\u00e1genes del evento.<\/p>\n<p><a href=\"https:\/\/drive.google.com\/drive\/folders\/1ArMx-pL7qg2t95DYHqH81ukDJsDcSh2_?usp=sharing\" target=\"_blank\" rel=\"noopener\">Ver galer\u00eda<\/a><\/p>\n<p><img loading=\"lazy\" decoding=\"async\" class=\"alignnone wp-image-22640 size-large\" src=\"https:\/\/www.scuola.cl\/sivm\/wp-content\/uploads\/2023\/08\/IMG_20230809_203714_204-700x525.webp\" alt=\"\" width=\"700\" height=\"525\" srcset=\"https:\/\/www.scuola.cl\/sivm\/wp-content\/uploads\/2023\/08\/IMG_20230809_203714_204-700x525.webp 700w, https:\/\/www.scuola.cl\/sivm\/wp-content\/uploads\/2023\/08\/IMG_20230809_203714_204-250x188.webp 250w, https:\/\/www.scuola.cl\/sivm\/wp-content\/uploads\/2023\/08\/IMG_20230809_203714_204-768x576.webp 768w, https:\/\/www.scuola.cl\/sivm\/wp-content\/uploads\/2023\/08\/IMG_20230809_203714_204-120x90.webp 120w, https:\/\/www.scuola.cl\/sivm\/wp-content\/uploads\/2023\/08\/IMG_20230809_203714_204.webp 1440w\" sizes=\"auto, (max-width: 700px) 100vw, 700px\" \/><\/p>\n<p><img loading=\"lazy\" decoding=\"async\" class=\"alignnone wp-image-22641 size-large\" src=\"https:\/\/www.scuola.cl\/sivm\/wp-content\/uploads\/2023\/08\/IMG_4033-700x467.jpg\" alt=\"\" width=\"700\" height=\"467\" srcset=\"https:\/\/www.scuola.cl\/sivm\/wp-content\/uploads\/2023\/08\/IMG_4033-700x467.jpg 700w, https:\/\/www.scuola.cl\/sivm\/wp-content\/uploads\/2023\/08\/IMG_4033-250x167.jpg 250w, https:\/\/www.scuola.cl\/sivm\/wp-content\/uploads\/2023\/08\/IMG_4033-768x512.jpg 768w, https:\/\/www.scuola.cl\/sivm\/wp-content\/uploads\/2023\/08\/IMG_4033-1536x1024.jpg 1536w, https:\/\/www.scuola.cl\/sivm\/wp-content\/uploads\/2023\/08\/IMG_4033-2048x1365.jpg 2048w, https:\/\/www.scuola.cl\/sivm\/wp-content\/uploads\/2023\/08\/IMG_4033-120x80.jpg 120w\" sizes=\"auto, (max-width: 700px) 100vw, 700px\" \/><\/p>\n<p><img loading=\"lazy\" decoding=\"async\" class=\"alignnone wp-image-22642 size-large\" src=\"https:\/\/www.scuola.cl\/sivm\/wp-content\/uploads\/2023\/08\/IMG_4076-700x467.jpg\" alt=\"\" width=\"700\" height=\"467\" srcset=\"https:\/\/www.scuola.cl\/sivm\/wp-content\/uploads\/2023\/08\/IMG_4076-700x467.jpg 700w, https:\/\/www.scuola.cl\/sivm\/wp-content\/uploads\/2023\/08\/IMG_4076-250x167.jpg 250w, https:\/\/www.scuola.cl\/sivm\/wp-content\/uploads\/2023\/08\/IMG_4076-768x512.jpg 768w, https:\/\/www.scuola.cl\/sivm\/wp-content\/uploads\/2023\/08\/IMG_4076-1536x1024.jpg 1536w, https:\/\/www.scuola.cl\/sivm\/wp-content\/uploads\/2023\/08\/IMG_4076-2048x1365.jpg 2048w, https:\/\/www.scuola.cl\/sivm\/wp-content\/uploads\/2023\/08\/IMG_4076-120x80.jpg 120w\" sizes=\"auto, (max-width: 700px) 100vw, 700px\" \/><\/p>\n<p>\u00a0<\/p>\n","protected":false},"excerpt":{"rendered":"El 9 de agosto en la Sala Terracota, inauguramos con gran \u00e9xito la muestra de pinturas y fotograf\u00edas: \u00abReencuentro en un coloquio pl\u00e1stico\u00bb, de las artistas y ex alumnas (Generazione 74), Ximena P\u00e9rez y M\u00f3nica Yaconi.","protected":false},"author":2,"featured_media":22643,"comment_status":"closed","ping_status":"closed","sticky":false,"template":"","format":"standard","meta":{"_acf_changed":false,"footnotes":""},"categories":[6,18,22,5],"tags":[],"class_list":["post-22639","post","type-post","status-publish","format-standard","has-post-thumbnail","hentry","category-actividades","category-centrocultural","category-cultura","category-noticias"],"acf":[],"yoast_head":"<!-- This site is optimized with the Yoast SEO plugin v27.1.1 - https:\/\/yoast.com\/product\/yoast-seo-wordpress\/ -->\n<title>Inauguraci\u00f3n Expo P\u00e9rez-Yaconi - Scuola Italiana<\/title>\n<meta name=\"robots\" content=\"index, follow, max-snippet:-1, max-image-preview:large, max-video-preview:-1\" \/>\n<link rel=\"canonical\" href=\"https:\/\/www.scuola.cl\/sivm\/inauguracion-expo-perez-yaconi\/\" \/>\n<meta property=\"og:locale\" content=\"es_ES\" \/>\n<meta property=\"og:type\" content=\"article\" \/>\n<meta property=\"og:title\" content=\"Inauguraci\u00f3n Expo P\u00e9rez-Yaconi - Scuola Italiana\" \/>\n<meta property=\"og:description\" content=\"El 9 de agosto en la Sala Terracota, inauguramos con gran \u00e9xito la muestra de pinturas y fotograf\u00edas: &quot;Reencuentro en un coloquio pl\u00e1stico&quot;, de las artistas y ex alumnas (Generazione 74), Ximena P\u00e9rez y M\u00f3nica Yaconi.\" \/>\n<meta property=\"og:url\" content=\"https:\/\/www.scuola.cl\/sivm\/inauguracion-expo-perez-yaconi\/\" \/>\n<meta property=\"og:site_name\" content=\"Scuola Italiana\" \/>\n<meta property=\"article:published_time\" content=\"2023-08-10T13:14:03+00:00\" \/>\n<meta property=\"article:modified_time\" content=\"2023-08-10T17:42:14+00:00\" \/>\n<meta property=\"og:image\" content=\"https:\/\/www.scuola.cl\/sivm\/wp-content\/uploads\/2023\/08\/yaconiperez-web.jpg\" \/>\n\t<meta property=\"og:image:width\" content=\"900\" \/>\n\t<meta property=\"og:image:height\" content=\"610\" \/>\n\t<meta property=\"og:image:type\" content=\"image\/jpeg\" \/>\n<meta name=\"author\" content=\"Comunicaciones\" \/>\n<meta name=\"twitter:card\" content=\"summary_large_image\" \/>\n<meta name=\"twitter:label1\" content=\"Escrito por\" \/>\n\t<meta name=\"twitter:data1\" content=\"Comunicaciones\" \/>\n\t<meta name=\"twitter:label2\" content=\"Tiempo de lectura\" \/>\n\t<meta name=\"twitter:data2\" content=\"2 minutos\" \/>\n<script type=\"application\/ld+json\" class=\"yoast-schema-graph\">{\"@context\":\"https:\/\/schema.org\",\"@graph\":[{\"@type\":\"Article\",\"@id\":\"https:\/\/www.scuola.cl\/sivm\/inauguracion-expo-perez-yaconi\/#article\",\"isPartOf\":{\"@id\":\"https:\/\/www.scuola.cl\/sivm\/inauguracion-expo-perez-yaconi\/\"},\"author\":{\"name\":\"Comunicaciones\",\"@id\":\"https:\/\/www.scuola.cl\/sivm\/#\/schema\/person\/2ac68abc1b548ee6d8e16c4d3727d1b2\"},\"headline\":\"Inauguraci\u00f3n Expo P\u00e9rez-Yaconi\",\"datePublished\":\"2023-08-10T13:14:03+00:00\",\"dateModified\":\"2023-08-10T17:42:14+00:00\",\"mainEntityOfPage\":{\"@id\":\"https:\/\/www.scuola.cl\/sivm\/inauguracion-expo-perez-yaconi\/\"},\"wordCount\":218,\"publisher\":{\"@id\":\"https:\/\/www.scuola.cl\/sivm\/#organization\"},\"image\":{\"@id\":\"https:\/\/www.scuola.cl\/sivm\/inauguracion-expo-perez-yaconi\/#primaryimage\"},\"thumbnailUrl\":\"https:\/\/www.scuola.cl\/sivm\/wp-content\/uploads\/2023\/08\/yaconiperez-web.jpg\",\"articleSection\":[\"Actividades\",\"Centro Cultural\",\"Cultura\",\"Noticias\"],\"inLanguage\":\"es\"},{\"@type\":\"WebPage\",\"@id\":\"https:\/\/www.scuola.cl\/sivm\/inauguracion-expo-perez-yaconi\/\",\"url\":\"https:\/\/www.scuola.cl\/sivm\/inauguracion-expo-perez-yaconi\/\",\"name\":\"Inauguraci\u00f3n Expo P\u00e9rez-Yaconi - Scuola Italiana\",\"isPartOf\":{\"@id\":\"https:\/\/www.scuola.cl\/sivm\/#website\"},\"primaryImageOfPage\":{\"@id\":\"https:\/\/www.scuola.cl\/sivm\/inauguracion-expo-perez-yaconi\/#primaryimage\"},\"image\":{\"@id\":\"https:\/\/www.scuola.cl\/sivm\/inauguracion-expo-perez-yaconi\/#primaryimage\"},\"thumbnailUrl\":\"https:\/\/www.scuola.cl\/sivm\/wp-content\/uploads\/2023\/08\/yaconiperez-web.jpg\",\"datePublished\":\"2023-08-10T13:14:03+00:00\",\"dateModified\":\"2023-08-10T17:42:14+00:00\",\"breadcrumb\":{\"@id\":\"https:\/\/www.scuola.cl\/sivm\/inauguracion-expo-perez-yaconi\/#breadcrumb\"},\"inLanguage\":\"es\",\"potentialAction\":[{\"@type\":\"ReadAction\",\"target\":[\"https:\/\/www.scuola.cl\/sivm\/inauguracion-expo-perez-yaconi\/\"]}]},{\"@type\":\"ImageObject\",\"inLanguage\":\"es\",\"@id\":\"https:\/\/www.scuola.cl\/sivm\/inauguracion-expo-perez-yaconi\/#primaryimage\",\"url\":\"https:\/\/www.scuola.cl\/sivm\/wp-content\/uploads\/2023\/08\/yaconiperez-web.jpg\",\"contentUrl\":\"https:\/\/www.scuola.cl\/sivm\/wp-content\/uploads\/2023\/08\/yaconiperez-web.jpg\",\"width\":900,\"height\":610},{\"@type\":\"BreadcrumbList\",\"@id\":\"https:\/\/www.scuola.cl\/sivm\/inauguracion-expo-perez-yaconi\/#breadcrumb\",\"itemListElement\":[{\"@type\":\"ListItem\",\"position\":1,\"name\":\"Inicio\",\"item\":\"https:\/\/www.scuola.cl\/sivm\/\"},{\"@type\":\"ListItem\",\"position\":2,\"name\":\"Actividades\",\"item\":\"https:\/\/www.scuola.cl\/sivm\/category\/actividades\/\"},{\"@type\":\"ListItem\",\"position\":3,\"name\":\"Inauguraci\u00f3n Expo P\u00e9rez-Yaconi\"}]},{\"@type\":\"WebSite\",\"@id\":\"https:\/\/www.scuola.cl\/sivm\/#website\",\"url\":\"https:\/\/www.scuola.cl\/sivm\/\",\"name\":\"Scuola Italiana\",\"description\":\"Vittorio Montiglio\",\"publisher\":{\"@id\":\"https:\/\/www.scuola.cl\/sivm\/#organization\"},\"potentialAction\":[{\"@type\":\"SearchAction\",\"target\":{\"@type\":\"EntryPoint\",\"urlTemplate\":\"https:\/\/www.scuola.cl\/sivm\/?s={search_term_string}\"},\"query-input\":{\"@type\":\"PropertyValueSpecification\",\"valueRequired\":true,\"valueName\":\"search_term_string\"}}],\"inLanguage\":\"es\"},{\"@type\":\"Organization\",\"@id\":\"https:\/\/www.scuola.cl\/sivm\/#organization\",\"name\":\"Scuola Italiana Vittorio Montiglio\",\"url\":\"https:\/\/www.scuola.cl\/sivm\/\",\"logo\":{\"@type\":\"ImageObject\",\"inLanguage\":\"es\",\"@id\":\"https:\/\/www.scuola.cl\/sivm\/#\/schema\/logo\/image\/\",\"url\":\"https:\/\/www.scuola.cl\/sivm\/wp-content\/uploads\/2019\/06\/Logo_Scuola-01-001-1000x1000.png\",\"contentUrl\":\"https:\/\/www.scuola.cl\/sivm\/wp-content\/uploads\/2019\/06\/Logo_Scuola-01-001-1000x1000.png\",\"width\":1000,\"height\":1000,\"caption\":\"Scuola Italiana Vittorio Montiglio\"},\"image\":{\"@id\":\"https:\/\/www.scuola.cl\/sivm\/#\/schema\/logo\/image\/\"}},{\"@type\":\"Person\",\"@id\":\"https:\/\/www.scuola.cl\/sivm\/#\/schema\/person\/2ac68abc1b548ee6d8e16c4d3727d1b2\",\"name\":\"Comunicaciones\",\"image\":{\"@type\":\"ImageObject\",\"inLanguage\":\"es\",\"@id\":\"https:\/\/www.scuola.cl\/sivm\/#\/schema\/person\/image\/\",\"url\":\"https:\/\/secure.gravatar.com\/avatar\/0b29fd7cdce1ec9939eded19ce85d6ed73acf03fb52d098b0641aed356fe6aeb?s=96&d=mm&r=g\",\"contentUrl\":\"https:\/\/secure.gravatar.com\/avatar\/0b29fd7cdce1ec9939eded19ce85d6ed73acf03fb52d098b0641aed356fe6aeb?s=96&d=mm&r=g\",\"caption\":\"Comunicaciones\"},\"url\":\"https:\/\/www.scuola.cl\/sivm\/author\/comunicaciones-scuola\/\"}]}<\/script>\n<!-- \/ Yoast SEO plugin. -->","yoast_head_json":{"title":"Inauguraci\u00f3n Expo P\u00e9rez-Yaconi - Scuola Italiana","robots":{"index":"index","follow":"follow","max-snippet":"max-snippet:-1","max-image-preview":"max-image-preview:large","max-video-preview":"max-video-preview:-1"},"canonical":"https:\/\/www.scuola.cl\/sivm\/inauguracion-expo-perez-yaconi\/","og_locale":"es_ES","og_type":"article","og_title":"Inauguraci\u00f3n Expo P\u00e9rez-Yaconi - Scuola Italiana","og_description":"El 9 de agosto en la Sala Terracota, inauguramos con gran \u00e9xito la muestra de pinturas y fotograf\u00edas: \"Reencuentro en un coloquio pl\u00e1stico\", de las artistas y ex alumnas (Generazione 74), Ximena P\u00e9rez y M\u00f3nica Yaconi.","og_url":"https:\/\/www.scuola.cl\/sivm\/inauguracion-expo-perez-yaconi\/","og_site_name":"Scuola Italiana","article_published_time":"2023-08-10T13:14:03+00:00","article_modified_time":"2023-08-10T17:42:14+00:00","og_image":[{"width":900,"height":610,"url":"https:\/\/www.scuola.cl\/sivm\/wp-content\/uploads\/2023\/08\/yaconiperez-web.jpg","type":"image\/jpeg"}],"author":"Comunicaciones","twitter_card":"summary_large_image","twitter_misc":{"Escrito por":"Comunicaciones","Tiempo de lectura":"2 minutos"},"schema":{"@context":"https:\/\/schema.org","@graph":[{"@type":"Article","@id":"https:\/\/www.scuola.cl\/sivm\/inauguracion-expo-perez-yaconi\/#article","isPartOf":{"@id":"https:\/\/www.scuola.cl\/sivm\/inauguracion-expo-perez-yaconi\/"},"author":{"name":"Comunicaciones","@id":"https:\/\/www.scuola.cl\/sivm\/#\/schema\/person\/2ac68abc1b548ee6d8e16c4d3727d1b2"},"headline":"Inauguraci\u00f3n Expo P\u00e9rez-Yaconi","datePublished":"2023-08-10T13:14:03+00:00","dateModified":"2023-08-10T17:42:14+00:00","mainEntityOfPage":{"@id":"https:\/\/www.scuola.cl\/sivm\/inauguracion-expo-perez-yaconi\/"},"wordCount":218,"publisher":{"@id":"https:\/\/www.scuola.cl\/sivm\/#organization"},"image":{"@id":"https:\/\/www.scuola.cl\/sivm\/inauguracion-expo-perez-yaconi\/#primaryimage"},"thumbnailUrl":"https:\/\/www.scuola.cl\/sivm\/wp-content\/uploads\/2023\/08\/yaconiperez-web.jpg","articleSection":["Actividades","Centro Cultural","Cultura","Noticias"],"inLanguage":"es"},{"@type":"WebPage","@id":"https:\/\/www.scuola.cl\/sivm\/inauguracion-expo-perez-yaconi\/","url":"https:\/\/www.scuola.cl\/sivm\/inauguracion-expo-perez-yaconi\/","name":"Inauguraci\u00f3n Expo P\u00e9rez-Yaconi - Scuola Italiana","isPartOf":{"@id":"https:\/\/www.scuola.cl\/sivm\/#website"},"primaryImageOfPage":{"@id":"https:\/\/www.scuola.cl\/sivm\/inauguracion-expo-perez-yaconi\/#primaryimage"},"image":{"@id":"https:\/\/www.scuola.cl\/sivm\/inauguracion-expo-perez-yaconi\/#primaryimage"},"thumbnailUrl":"https:\/\/www.scuola.cl\/sivm\/wp-content\/uploads\/2023\/08\/yaconiperez-web.jpg","datePublished":"2023-08-10T13:14:03+00:00","dateModified":"2023-08-10T17:42:14+00:00","breadcrumb":{"@id":"https:\/\/www.scuola.cl\/sivm\/inauguracion-expo-perez-yaconi\/#breadcrumb"},"inLanguage":"es","potentialAction":[{"@type":"ReadAction","target":["https:\/\/www.scuola.cl\/sivm\/inauguracion-expo-perez-yaconi\/"]}]},{"@type":"ImageObject","inLanguage":"es","@id":"https:\/\/www.scuola.cl\/sivm\/inauguracion-expo-perez-yaconi\/#primaryimage","url":"https:\/\/www.scuola.cl\/sivm\/wp-content\/uploads\/2023\/08\/yaconiperez-web.jpg","contentUrl":"https:\/\/www.scuola.cl\/sivm\/wp-content\/uploads\/2023\/08\/yaconiperez-web.jpg","width":900,"height":610},{"@type":"BreadcrumbList","@id":"https:\/\/www.scuola.cl\/sivm\/inauguracion-expo-perez-yaconi\/#breadcrumb","itemListElement":[{"@type":"ListItem","position":1,"name":"Inicio","item":"https:\/\/www.scuola.cl\/sivm\/"},{"@type":"ListItem","position":2,"name":"Actividades","item":"https:\/\/www.scuola.cl\/sivm\/category\/actividades\/"},{"@type":"ListItem","position":3,"name":"Inauguraci\u00f3n Expo P\u00e9rez-Yaconi"}]},{"@type":"WebSite","@id":"https:\/\/www.scuola.cl\/sivm\/#website","url":"https:\/\/www.scuola.cl\/sivm\/","name":"Scuola Italiana","description":"Vittorio Montiglio","publisher":{"@id":"https:\/\/www.scuola.cl\/sivm\/#organization"},"potentialAction":[{"@type":"SearchAction","target":{"@type":"EntryPoint","urlTemplate":"https:\/\/www.scuola.cl\/sivm\/?s={search_term_string}"},"query-input":{"@type":"PropertyValueSpecification","valueRequired":true,"valueName":"search_term_string"}}],"inLanguage":"es"},{"@type":"Organization","@id":"https:\/\/www.scuola.cl\/sivm\/#organization","name":"Scuola Italiana Vittorio Montiglio","url":"https:\/\/www.scuola.cl\/sivm\/","logo":{"@type":"ImageObject","inLanguage":"es","@id":"https:\/\/www.scuola.cl\/sivm\/#\/schema\/logo\/image\/","url":"https:\/\/www.scuola.cl\/sivm\/wp-content\/uploads\/2019\/06\/Logo_Scuola-01-001-1000x1000.png","contentUrl":"https:\/\/www.scuola.cl\/sivm\/wp-content\/uploads\/2019\/06\/Logo_Scuola-01-001-1000x1000.png","width":1000,"height":1000,"caption":"Scuola Italiana Vittorio Montiglio"},"image":{"@id":"https:\/\/www.scuola.cl\/sivm\/#\/schema\/logo\/image\/"}},{"@type":"Person","@id":"https:\/\/www.scuola.cl\/sivm\/#\/schema\/person\/2ac68abc1b548ee6d8e16c4d3727d1b2","name":"Comunicaciones","image":{"@type":"ImageObject","inLanguage":"es","@id":"https:\/\/www.scuola.cl\/sivm\/#\/schema\/person\/image\/","url":"https:\/\/secure.gravatar.com\/avatar\/0b29fd7cdce1ec9939eded19ce85d6ed73acf03fb52d098b0641aed356fe6aeb?s=96&d=mm&r=g","contentUrl":"https:\/\/secure.gravatar.com\/avatar\/0b29fd7cdce1ec9939eded19ce85d6ed73acf03fb52d098b0641aed356fe6aeb?s=96&d=mm&r=g","caption":"Comunicaciones"},"url":"https:\/\/www.scuola.cl\/sivm\/author\/comunicaciones-scuola\/"}]}},"_links":{"self":[{"href":"https:\/\/www.scuola.cl\/sivm\/wp-json\/wp\/v2\/posts\/22639","targetHints":{"allow":["GET"]}}],"collection":[{"href":"https:\/\/www.scuola.cl\/sivm\/wp-json\/wp\/v2\/posts"}],"about":[{"href":"https:\/\/www.scuola.cl\/sivm\/wp-json\/wp\/v2\/types\/post"}],"author":[{"embeddable":true,"href":"https:\/\/www.scuola.cl\/sivm\/wp-json\/wp\/v2\/users\/2"}],"replies":[{"embeddable":true,"href":"https:\/\/www.scuola.cl\/sivm\/wp-json\/wp\/v2\/comments?post=22639"}],"version-history":[{"count":9,"href":"https:\/\/www.scuola.cl\/sivm\/wp-json\/wp\/v2\/posts\/22639\/revisions"}],"predecessor-version":[{"id":22656,"href":"https:\/\/www.scuola.cl\/sivm\/wp-json\/wp\/v2\/posts\/22639\/revisions\/22656"}],"wp:featuredmedia":[{"embeddable":true,"href":"https:\/\/www.scuola.cl\/sivm\/wp-json\/wp\/v2\/media\/22643"}],"wp:attachment":[{"href":"https:\/\/www.scuola.cl\/sivm\/wp-json\/wp\/v2\/media?parent=22639"}],"wp:term":[{"taxonomy":"category","embeddable":true,"href":"https:\/\/www.scuola.cl\/sivm\/wp-json\/wp\/v2\/categories?post=22639"},{"taxonomy":"post_tag","embeddable":true,"href":"https:\/\/www.scuola.cl\/sivm\/wp-json\/wp\/v2\/tags?post=22639"}],"curies":[{"name":"wp","href":"https:\/\/api.w.org\/{rel}","templated":true}]}}