{"id":2251,"date":"2017-01-20T19:14:52","date_gmt":"2017-01-20T22:14:52","guid":{"rendered":"http:\/\/www.scuola.cl\/sivm\/?p=2251"},"modified":"2017-03-08T11:10:36","modified_gmt":"2017-03-08T14:10:36","slug":"solidaridad-scuola","status":"publish","type":"post","link":"https:\/\/www.scuola.cl\/sivm\/solidaridad-scuola\/","title":{"rendered":"Solidaridad Scuola"},"content":{"rendered":"<p>Cara Comunit\u00e0 Scuola<br \/>\nCon profunda tristeza y consternaci\u00f3n, hemos sido testigos de los graves incendios que est\u00e1n afectando la zona sur de nuestro pa\u00eds, los que han superado todos los esfuerzos posibles para ser dominados y que est\u00e1n generando diversas muestras de ayuda solidaria.<\/p>\n<p>No ajenos a esta situaci\u00f3n, la Scuola organizar\u00e1 una campa\u00f1a para ir en ayuda de las zonas afectadas y as\u00ed poder contribuir con esta emergencia.<\/p>\n<p>&nbsp;<\/p>\n<p>Esperamos contar con su colaboraci\u00f3n!<\/p>\n<p>&nbsp;<\/p>\n<p>Atentamente,<\/p>\n<p>Solidaridad Scuola<\/p>\n<p><img loading=\"lazy\" decoding=\"async\" width=\"900\" height=\"610\" class=\"alignnone size-full wp-image-2252\" src=\"http:\/\/www.scuola.cl\/sivm\/wp-content\/uploads\/2017\/01\/rps20170126_190702final.jpg\" alt=\"rps20170126_190702final\" srcset=\"https:\/\/www.scuola.cl\/sivm\/wp-content\/uploads\/2017\/01\/rps20170126_190702final.jpg 900w, https:\/\/www.scuola.cl\/sivm\/wp-content\/uploads\/2017\/01\/rps20170126_190702final-250x169.jpg 250w, https:\/\/www.scuola.cl\/sivm\/wp-content\/uploads\/2017\/01\/rps20170126_190702final-768x521.jpg 768w, https:\/\/www.scuola.cl\/sivm\/wp-content\/uploads\/2017\/01\/rps20170126_190702final-700x474.jpg 700w, https:\/\/www.scuola.cl\/sivm\/wp-content\/uploads\/2017\/01\/rps20170126_190702final-120x81.jpg 120w\" sizes=\"auto, (max-width: 900px) 100vw, 900px\" \/><\/p>\n","protected":false},"excerpt":{"rendered":"Con profunda tristeza y consternaci\u00f3n, hemos sido testigos de los graves incendios que est\u00e1n afectando la zona sur de nuestro pa\u00eds&#8230;","protected":false},"author":4,"featured_media":2252,"comment_status":"open","ping_status":"open","sticky":false,"template":"","format":"standard","meta":{"_acf_changed":false,"footnotes":""},"categories":[5,24],"tags":[],"class_list":["post-2251","post","type-post","status-publish","format-standard","has-post-thumbnail","hentry","category-noticias","category-scuola"],"acf":[],"yoast_head":"<!-- This site is optimized with the Yoast SEO plugin v27.1.1 - https:\/\/yoast.com\/product\/yoast-seo-wordpress\/ -->\n<title>Solidaridad Scuola - Scuola Italiana<\/title>\n<meta name=\"robots\" content=\"index, follow, max-snippet:-1, max-image-preview:large, max-video-preview:-1\" \/>\n<link rel=\"canonical\" href=\"https:\/\/www.scuola.cl\/sivm\/solidaridad-scuola\/\" \/>\n<meta property=\"og:locale\" content=\"es_ES\" \/>\n<meta property=\"og:type\" content=\"article\" \/>\n<meta property=\"og:title\" content=\"Solidaridad Scuola - Scuola Italiana\" \/>\n<meta property=\"og:description\" content=\"Con profunda tristeza y consternaci\u00f3n, hemos sido testigos de los graves incendios que est\u00e1n afectando la zona sur de nuestro pa\u00eds...\" \/>\n<meta property=\"og:url\" content=\"https:\/\/www.scuola.cl\/sivm\/solidaridad-scuola\/\" \/>\n<meta property=\"og:site_name\" content=\"Scuola Italiana\" \/>\n<meta property=\"article:published_time\" content=\"2017-01-20T22:14:52+00:00\" \/>\n<meta property=\"article:modified_time\" content=\"2017-03-08T14:10:36+00:00\" \/>\n<meta property=\"og:image\" content=\"https:\/\/www.scuola.cl\/sivm\/wp-content\/uploads\/2017\/01\/rps20170126_190702final.jpg\" \/>\n\t<meta property=\"og:image:width\" content=\"900\" \/>\n\t<meta property=\"og:image:height\" content=\"610\" \/>\n\t<meta property=\"og:image:type\" content=\"image\/jpeg\" \/>\n<meta name=\"author\" content=\"Informatica Scuola Italiana\" \/>\n<meta name=\"twitter:card\" content=\"summary_large_image\" \/>\n<meta name=\"twitter:label1\" content=\"Escrito por\" \/>\n\t<meta name=\"twitter:data1\" content=\"Informatica Scuola Italiana\" \/>\n<script type=\"application\/ld+json\" class=\"yoast-schema-graph\">{\"@context\":\"https:\/\/schema.org\",\"@graph\":[{\"@type\":\"Article\",\"@id\":\"https:\/\/www.scuola.cl\/sivm\/solidaridad-scuola\/#article\",\"isPartOf\":{\"@id\":\"https:\/\/www.scuola.cl\/sivm\/solidaridad-scuola\/\"},\"author\":{\"name\":\"Informatica Scuola Italiana\",\"@id\":\"https:\/\/www.scuola.cl\/sivm\/#\/schema\/person\/4d2fc13c5d4d7fc15ec3d42a3005187b\"},\"headline\":\"Solidaridad Scuola\",\"datePublished\":\"2017-01-20T22:14:52+00:00\",\"dateModified\":\"2017-03-08T14:10:36+00:00\",\"mainEntityOfPage\":{\"@id\":\"https:\/\/www.scuola.cl\/sivm\/solidaridad-scuola\/\"},\"wordCount\":88,\"commentCount\":0,\"publisher\":{\"@id\":\"https:\/\/www.scuola.cl\/sivm\/#organization\"},\"image\":{\"@id\":\"https:\/\/www.scuola.cl\/sivm\/solidaridad-scuola\/#primaryimage\"},\"thumbnailUrl\":\"https:\/\/www.scuola.cl\/sivm\/wp-content\/uploads\/2017\/01\/rps20170126_190702final.jpg\",\"articleSection\":[\"Noticias\",\"Scuola\"],\"inLanguage\":\"es\",\"potentialAction\":[{\"@type\":\"CommentAction\",\"name\":\"Comment\",\"target\":[\"https:\/\/www.scuola.cl\/sivm\/solidaridad-scuola\/#respond\"]}]},{\"@type\":\"WebPage\",\"@id\":\"https:\/\/www.scuola.cl\/sivm\/solidaridad-scuola\/\",\"url\":\"https:\/\/www.scuola.cl\/sivm\/solidaridad-scuola\/\",\"name\":\"Solidaridad Scuola - Scuola Italiana\",\"isPartOf\":{\"@id\":\"https:\/\/www.scuola.cl\/sivm\/#website\"},\"primaryImageOfPage\":{\"@id\":\"https:\/\/www.scuola.cl\/sivm\/solidaridad-scuola\/#primaryimage\"},\"image\":{\"@id\":\"https:\/\/www.scuola.cl\/sivm\/solidaridad-scuola\/#primaryimage\"},\"thumbnailUrl\":\"https:\/\/www.scuola.cl\/sivm\/wp-content\/uploads\/2017\/01\/rps20170126_190702final.jpg\",\"datePublished\":\"2017-01-20T22:14:52+00:00\",\"dateModified\":\"2017-03-08T14:10:36+00:00\",\"breadcrumb\":{\"@id\":\"https:\/\/www.scuola.cl\/sivm\/solidaridad-scuola\/#breadcrumb\"},\"inLanguage\":\"es\",\"potentialAction\":[{\"@type\":\"ReadAction\",\"target\":[\"https:\/\/www.scuola.cl\/sivm\/solidaridad-scuola\/\"]}]},{\"@type\":\"ImageObject\",\"inLanguage\":\"es\",\"@id\":\"https:\/\/www.scuola.cl\/sivm\/solidaridad-scuola\/#primaryimage\",\"url\":\"https:\/\/www.scuola.cl\/sivm\/wp-content\/uploads\/2017\/01\/rps20170126_190702final.jpg\",\"contentUrl\":\"https:\/\/www.scuola.cl\/sivm\/wp-content\/uploads\/2017\/01\/rps20170126_190702final.jpg\",\"width\":900,\"height\":610},{\"@type\":\"BreadcrumbList\",\"@id\":\"https:\/\/www.scuola.cl\/sivm\/solidaridad-scuola\/#breadcrumb\",\"itemListElement\":[{\"@type\":\"ListItem\",\"position\":1,\"name\":\"Inicio\",\"item\":\"https:\/\/www.scuola.cl\/sivm\/\"},{\"@type\":\"ListItem\",\"position\":2,\"name\":\"Noticias\",\"item\":\"https:\/\/www.scuola.cl\/sivm\/category\/noticias\/\"},{\"@type\":\"ListItem\",\"position\":3,\"name\":\"Solidaridad Scuola\"}]},{\"@type\":\"WebSite\",\"@id\":\"https:\/\/www.scuola.cl\/sivm\/#website\",\"url\":\"https:\/\/www.scuola.cl\/sivm\/\",\"name\":\"Scuola Italiana\",\"description\":\"Vittorio Montiglio\",\"publisher\":{\"@id\":\"https:\/\/www.scuola.cl\/sivm\/#organization\"},\"potentialAction\":[{\"@type\":\"SearchAction\",\"target\":{\"@type\":\"EntryPoint\",\"urlTemplate\":\"https:\/\/www.scuola.cl\/sivm\/?s={search_term_string}\"},\"query-input\":{\"@type\":\"PropertyValueSpecification\",\"valueRequired\":true,\"valueName\":\"search_term_string\"}}],\"inLanguage\":\"es\"},{\"@type\":\"Organization\",\"@id\":\"https:\/\/www.scuola.cl\/sivm\/#organization\",\"name\":\"Scuola Italiana Vittorio Montiglio\",\"url\":\"https:\/\/www.scuola.cl\/sivm\/\",\"logo\":{\"@type\":\"ImageObject\",\"inLanguage\":\"es\",\"@id\":\"https:\/\/www.scuola.cl\/sivm\/#\/schema\/logo\/image\/\",\"url\":\"https:\/\/www.scuola.cl\/sivm\/wp-content\/uploads\/2019\/06\/Logo_Scuola-01-001-1000x1000.png\",\"contentUrl\":\"https:\/\/www.scuola.cl\/sivm\/wp-content\/uploads\/2019\/06\/Logo_Scuola-01-001-1000x1000.png\",\"width\":1000,\"height\":1000,\"caption\":\"Scuola Italiana Vittorio Montiglio\"},\"image\":{\"@id\":\"https:\/\/www.scuola.cl\/sivm\/#\/schema\/logo\/image\/\"}},{\"@type\":\"Person\",\"@id\":\"https:\/\/www.scuola.cl\/sivm\/#\/schema\/person\/4d2fc13c5d4d7fc15ec3d42a3005187b\",\"name\":\"Informatica Scuola Italiana\",\"image\":{\"@type\":\"ImageObject\",\"inLanguage\":\"es\",\"@id\":\"https:\/\/www.scuola.cl\/sivm\/#\/schema\/person\/image\/\",\"url\":\"https:\/\/secure.gravatar.com\/avatar\/59395519ded09462a90c0fe1a3c44c25c8f7485182d1e45ea8afcfbd7e51b37e?s=96&d=mm&r=g\",\"contentUrl\":\"https:\/\/secure.gravatar.com\/avatar\/59395519ded09462a90c0fe1a3c44c25c8f7485182d1e45ea8afcfbd7e51b37e?s=96&d=mm&r=g\",\"caption\":\"Informatica Scuola Italiana\"},\"url\":\"https:\/\/www.scuola.cl\/sivm\/author\/informatica\/\"}]}<\/script>\n<!-- \/ Yoast SEO plugin. -->","yoast_head_json":{"title":"Solidaridad Scuola - Scuola Italiana","robots":{"index":"index","follow":"follow","max-snippet":"max-snippet:-1","max-image-preview":"max-image-preview:large","max-video-preview":"max-video-preview:-1"},"canonical":"https:\/\/www.scuola.cl\/sivm\/solidaridad-scuola\/","og_locale":"es_ES","og_type":"article","og_title":"Solidaridad Scuola - Scuola Italiana","og_description":"Con profunda tristeza y consternaci\u00f3n, hemos sido testigos de los graves incendios que est\u00e1n afectando la zona sur de nuestro pa\u00eds...","og_url":"https:\/\/www.scuola.cl\/sivm\/solidaridad-scuola\/","og_site_name":"Scuola Italiana","article_published_time":"2017-01-20T22:14:52+00:00","article_modified_time":"2017-03-08T14:10:36+00:00","og_image":[{"width":900,"height":610,"url":"https:\/\/www.scuola.cl\/sivm\/wp-content\/uploads\/2017\/01\/rps20170126_190702final.jpg","type":"image\/jpeg"}],"author":"Informatica Scuola Italiana","twitter_card":"summary_large_image","twitter_misc":{"Escrito por":"Informatica Scuola Italiana"},"schema":{"@context":"https:\/\/schema.org","@graph":[{"@type":"Article","@id":"https:\/\/www.scuola.cl\/sivm\/solidaridad-scuola\/#article","isPartOf":{"@id":"https:\/\/www.scuola.cl\/sivm\/solidaridad-scuola\/"},"author":{"name":"Informatica Scuola Italiana","@id":"https:\/\/www.scuola.cl\/sivm\/#\/schema\/person\/4d2fc13c5d4d7fc15ec3d42a3005187b"},"headline":"Solidaridad Scuola","datePublished":"2017-01-20T22:14:52+00:00","dateModified":"2017-03-08T14:10:36+00:00","mainEntityOfPage":{"@id":"https:\/\/www.scuola.cl\/sivm\/solidaridad-scuola\/"},"wordCount":88,"commentCount":0,"publisher":{"@id":"https:\/\/www.scuola.cl\/sivm\/#organization"},"image":{"@id":"https:\/\/www.scuola.cl\/sivm\/solidaridad-scuola\/#primaryimage"},"thumbnailUrl":"https:\/\/www.scuola.cl\/sivm\/wp-content\/uploads\/2017\/01\/rps20170126_190702final.jpg","articleSection":["Noticias","Scuola"],"inLanguage":"es","potentialAction":[{"@type":"CommentAction","name":"Comment","target":["https:\/\/www.scuola.cl\/sivm\/solidaridad-scuola\/#respond"]}]},{"@type":"WebPage","@id":"https:\/\/www.scuola.cl\/sivm\/solidaridad-scuola\/","url":"https:\/\/www.scuola.cl\/sivm\/solidaridad-scuola\/","name":"Solidaridad Scuola - Scuola Italiana","isPartOf":{"@id":"https:\/\/www.scuola.cl\/sivm\/#website"},"primaryImageOfPage":{"@id":"https:\/\/www.scuola.cl\/sivm\/solidaridad-scuola\/#primaryimage"},"image":{"@id":"https:\/\/www.scuola.cl\/sivm\/solidaridad-scuola\/#primaryimage"},"thumbnailUrl":"https:\/\/www.scuola.cl\/sivm\/wp-content\/uploads\/2017\/01\/rps20170126_190702final.jpg","datePublished":"2017-01-20T22:14:52+00:00","dateModified":"2017-03-08T14:10:36+00:00","breadcrumb":{"@id":"https:\/\/www.scuola.cl\/sivm\/solidaridad-scuola\/#breadcrumb"},"inLanguage":"es","potentialAction":[{"@type":"ReadAction","target":["https:\/\/www.scuola.cl\/sivm\/solidaridad-scuola\/"]}]},{"@type":"ImageObject","inLanguage":"es","@id":"https:\/\/www.scuola.cl\/sivm\/solidaridad-scuola\/#primaryimage","url":"https:\/\/www.scuola.cl\/sivm\/wp-content\/uploads\/2017\/01\/rps20170126_190702final.jpg","contentUrl":"https:\/\/www.scuola.cl\/sivm\/wp-content\/uploads\/2017\/01\/rps20170126_190702final.jpg","width":900,"height":610},{"@type":"BreadcrumbList","@id":"https:\/\/www.scuola.cl\/sivm\/solidaridad-scuola\/#breadcrumb","itemListElement":[{"@type":"ListItem","position":1,"name":"Inicio","item":"https:\/\/www.scuola.cl\/sivm\/"},{"@type":"ListItem","position":2,"name":"Noticias","item":"https:\/\/www.scuola.cl\/sivm\/category\/noticias\/"},{"@type":"ListItem","position":3,"name":"Solidaridad Scuola"}]},{"@type":"WebSite","@id":"https:\/\/www.scuola.cl\/sivm\/#website","url":"https:\/\/www.scuola.cl\/sivm\/","name":"Scuola Italiana","description":"Vittorio Montiglio","publisher":{"@id":"https:\/\/www.scuola.cl\/sivm\/#organization"},"potentialAction":[{"@type":"SearchAction","target":{"@type":"EntryPoint","urlTemplate":"https:\/\/www.scuola.cl\/sivm\/?s={search_term_string}"},"query-input":{"@type":"PropertyValueSpecification","valueRequired":true,"valueName":"search_term_string"}}],"inLanguage":"es"},{"@type":"Organization","@id":"https:\/\/www.scuola.cl\/sivm\/#organization","name":"Scuola Italiana Vittorio Montiglio","url":"https:\/\/www.scuola.cl\/sivm\/","logo":{"@type":"ImageObject","inLanguage":"es","@id":"https:\/\/www.scuola.cl\/sivm\/#\/schema\/logo\/image\/","url":"https:\/\/www.scuola.cl\/sivm\/wp-content\/uploads\/2019\/06\/Logo_Scuola-01-001-1000x1000.png","contentUrl":"https:\/\/www.scuola.cl\/sivm\/wp-content\/uploads\/2019\/06\/Logo_Scuola-01-001-1000x1000.png","width":1000,"height":1000,"caption":"Scuola Italiana Vittorio Montiglio"},"image":{"@id":"https:\/\/www.scuola.cl\/sivm\/#\/schema\/logo\/image\/"}},{"@type":"Person","@id":"https:\/\/www.scuola.cl\/sivm\/#\/schema\/person\/4d2fc13c5d4d7fc15ec3d42a3005187b","name":"Informatica Scuola Italiana","image":{"@type":"ImageObject","inLanguage":"es","@id":"https:\/\/www.scuola.cl\/sivm\/#\/schema\/person\/image\/","url":"https:\/\/secure.gravatar.com\/avatar\/59395519ded09462a90c0fe1a3c44c25c8f7485182d1e45ea8afcfbd7e51b37e?s=96&d=mm&r=g","contentUrl":"https:\/\/secure.gravatar.com\/avatar\/59395519ded09462a90c0fe1a3c44c25c8f7485182d1e45ea8afcfbd7e51b37e?s=96&d=mm&r=g","caption":"Informatica Scuola Italiana"},"url":"https:\/\/www.scuola.cl\/sivm\/author\/informatica\/"}]}},"_links":{"self":[{"href":"https:\/\/www.scuola.cl\/sivm\/wp-json\/wp\/v2\/posts\/2251","targetHints":{"allow":["GET"]}}],"collection":[{"href":"https:\/\/www.scuola.cl\/sivm\/wp-json\/wp\/v2\/posts"}],"about":[{"href":"https:\/\/www.scuola.cl\/sivm\/wp-json\/wp\/v2\/types\/post"}],"author":[{"embeddable":true,"href":"https:\/\/www.scuola.cl\/sivm\/wp-json\/wp\/v2\/users\/4"}],"replies":[{"embeddable":true,"href":"https:\/\/www.scuola.cl\/sivm\/wp-json\/wp\/v2\/comments?post=2251"}],"version-history":[{"count":4,"href":"https:\/\/www.scuola.cl\/sivm\/wp-json\/wp\/v2\/posts\/2251\/revisions"}],"predecessor-version":[{"id":2672,"href":"https:\/\/www.scuola.cl\/sivm\/wp-json\/wp\/v2\/posts\/2251\/revisions\/2672"}],"wp:featuredmedia":[{"embeddable":true,"href":"https:\/\/www.scuola.cl\/sivm\/wp-json\/wp\/v2\/media\/2252"}],"wp:attachment":[{"href":"https:\/\/www.scuola.cl\/sivm\/wp-json\/wp\/v2\/media?parent=2251"}],"wp:term":[{"taxonomy":"category","embeddable":true,"href":"https:\/\/www.scuola.cl\/sivm\/wp-json\/wp\/v2\/categories?post=2251"},{"taxonomy":"post_tag","embeddable":true,"href":"https:\/\/www.scuola.cl\/sivm\/wp-json\/wp\/v2\/tags?post=2251"}],"curies":[{"name":"wp","href":"https:\/\/api.w.org\/{rel}","templated":true}]}}