{"id":22385,"date":"2023-08-04T10:25:49","date_gmt":"2023-08-04T13:25:49","guid":{"rendered":"https:\/\/www.scuola.cl\/sivm\/?p=22385"},"modified":"2023-08-19T13:14:41","modified_gmt":"2023-08-19T16:14:41","slug":"teatro-el-sueno-de-shakespeare","status":"publish","type":"post","link":"https:\/\/www.scuola.cl\/sivm\/teatro-el-sueno-de-shakespeare\/","title":{"rendered":"Teatro \u00abEl Sue\u00f1o de Shakespeare\u00bb"},"content":{"rendered":"\n\n\n<p>Los invitamos a la obra de teatro \u201cEl sue\u00f1o de Shakespeare\u201d, que presentaremos el viernes 18 de agosto a las 20:00 horas en el Teatro Giuseppe Verdi.<\/p>\n<p>Montaje escrito por el dramaturgo y periodista Juan Antonio Mu\u00f1oz, dirigido por Claudio Pueller y protagonizado por el actor Humberto Gallardo.<\/p>\n<p>Uno de los actores de la compa\u00f1\u00eda de William Shakespeare retorna al teatro \u201cThe Globe\u201d, luego de un incendio que azot\u00f3 el lugar en el a\u00f1o 1613. All\u00ed, en medio de las ruinas, como si fuera parte de un sue\u00f1o, un actor (Humberto Gallardo), rememora su pasado shakesperiano y se sume en un viaje on\u00edrico por los distintos personajes que plagaron la obra del dramaturgo ingl\u00e9s. Lady Macbeth, Julieta, Lear, Pr\u00f3spero o Hamlet, entre otros, van sucedi\u00e9ndose y abordando tem\u00e1ticas propias de la dramaturgia del autor como lo son el amor, la ambici\u00f3n, el poder y la muerte.<\/p>\n<p>El sue\u00f1o de Shakespeare es un original y \u00e1gil mon\u00f3logo que utiliza la t\u00e9cnica del Demodrama, es decir, la integraci\u00f3n y sincron\u00eda entre la actuaci\u00f3n en vivo y un atractivo montaje audiovisual de im\u00e1genes y m\u00fasica.<\/p>\n<p>Para mayores de 14 a\u00f1os.<\/p>\n<p>Duraci\u00f3n: 50 minutos<\/p>\n<p>La entrada es liberada.<\/p>\n<p>Reservas de cupos al mail\u00a0<a href=\"mailto:cultura@scuola.cl\">cultura@scuola.cl<\/a>\u00a0o al Tel.\u00a0(+56 2) 2 5927 544.<\/p>\n<p>\u00a0<\/p>\n<p><img loading=\"lazy\" decoding=\"async\" class=\"alignnone wp-image-22386 size-large\" src=\"https:\/\/www.scuola.cl\/sivm\/wp-content\/uploads\/2023\/07\/Shakes-web-1-700x474.jpg\" alt=\"\" width=\"700\" height=\"474\" srcset=\"https:\/\/www.scuola.cl\/sivm\/wp-content\/uploads\/2023\/07\/Shakes-web-1-700x474.jpg 700w, https:\/\/www.scuola.cl\/sivm\/wp-content\/uploads\/2023\/07\/Shakes-web-1-250x169.jpg 250w, https:\/\/www.scuola.cl\/sivm\/wp-content\/uploads\/2023\/07\/Shakes-web-1-768x521.jpg 768w, https:\/\/www.scuola.cl\/sivm\/wp-content\/uploads\/2023\/07\/Shakes-web-1-120x81.jpg 120w, https:\/\/www.scuola.cl\/sivm\/wp-content\/uploads\/2023\/07\/Shakes-web-1.jpg 900w\" sizes=\"auto, (max-width: 700px) 100vw, 700px\" \/><\/p>\n","protected":false},"excerpt":{"rendered":"Todav\u00eda quedan cupos para la obra de teatro \u00abEl sue\u00f1o de Shakespeare\u00bb, que presentaremos este viernes 18 de agosto a las 20:00 horas en el Teatro Verdi. La funci\u00f3n es gratuita y abierta a todo p\u00fablico.","protected":false},"author":2,"featured_media":22386,"comment_status":"closed","ping_status":"closed","sticky":false,"template":"","format":"standard","meta":{"_acf_changed":false,"footnotes":""},"categories":[6,18,22,5],"tags":[],"class_list":["post-22385","post","type-post","status-publish","format-standard","has-post-thumbnail","hentry","category-actividades","category-centrocultural","category-cultura","category-noticias"],"acf":[],"yoast_head":"<!-- This site is optimized with the Yoast SEO plugin v27.1.1 - https:\/\/yoast.com\/product\/yoast-seo-wordpress\/ -->\n<title>Teatro &quot;El Sue\u00f1o de Shakespeare&quot; - Scuola Italiana<\/title>\n<meta name=\"robots\" content=\"index, follow, max-snippet:-1, max-image-preview:large, max-video-preview:-1\" \/>\n<link rel=\"canonical\" href=\"https:\/\/www.scuola.cl\/sivm\/teatro-el-sueno-de-shakespeare\/\" \/>\n<meta property=\"og:locale\" content=\"es_ES\" \/>\n<meta property=\"og:type\" content=\"article\" \/>\n<meta property=\"og:title\" content=\"Teatro &quot;El Sue\u00f1o de Shakespeare&quot; - Scuola Italiana\" \/>\n<meta property=\"og:description\" content=\"Todav\u00eda quedan cupos para la obra de teatro &quot;El sue\u00f1o de Shakespeare&quot;, que presentaremos este viernes 18 de agosto a las 20:00 horas en el Teatro Verdi. La funci\u00f3n es gratuita y abierta a todo p\u00fablico.\" \/>\n<meta property=\"og:url\" content=\"https:\/\/www.scuola.cl\/sivm\/teatro-el-sueno-de-shakespeare\/\" \/>\n<meta property=\"og:site_name\" content=\"Scuola Italiana\" \/>\n<meta property=\"article:published_time\" content=\"2023-08-04T13:25:49+00:00\" \/>\n<meta property=\"article:modified_time\" content=\"2023-08-19T16:14:41+00:00\" \/>\n<meta property=\"og:image\" content=\"https:\/\/www.scuola.cl\/sivm\/wp-content\/uploads\/2023\/07\/Shakes-web-1.jpg\" \/>\n\t<meta property=\"og:image:width\" content=\"900\" \/>\n\t<meta property=\"og:image:height\" content=\"610\" \/>\n\t<meta property=\"og:image:type\" content=\"image\/jpeg\" \/>\n<meta name=\"author\" content=\"Comunicaciones\" \/>\n<meta name=\"twitter:card\" content=\"summary_large_image\" \/>\n<meta name=\"twitter:label1\" content=\"Escrito por\" \/>\n\t<meta name=\"twitter:data1\" content=\"Comunicaciones\" \/>\n\t<meta name=\"twitter:label2\" content=\"Tiempo de lectura\" \/>\n\t<meta name=\"twitter:data2\" content=\"2 minutos\" \/>\n<script type=\"application\/ld+json\" class=\"yoast-schema-graph\">{\"@context\":\"https:\/\/schema.org\",\"@graph\":[{\"@type\":\"Article\",\"@id\":\"https:\/\/www.scuola.cl\/sivm\/teatro-el-sueno-de-shakespeare\/#article\",\"isPartOf\":{\"@id\":\"https:\/\/www.scuola.cl\/sivm\/teatro-el-sueno-de-shakespeare\/\"},\"author\":{\"name\":\"Comunicaciones\",\"@id\":\"https:\/\/www.scuola.cl\/sivm\/#\/schema\/person\/2ac68abc1b548ee6d8e16c4d3727d1b2\"},\"headline\":\"Teatro \u00abEl Sue\u00f1o de Shakespeare\u00bb\",\"datePublished\":\"2023-08-04T13:25:49+00:00\",\"dateModified\":\"2023-08-19T16:14:41+00:00\",\"mainEntityOfPage\":{\"@id\":\"https:\/\/www.scuola.cl\/sivm\/teatro-el-sueno-de-shakespeare\/\"},\"wordCount\":227,\"publisher\":{\"@id\":\"https:\/\/www.scuola.cl\/sivm\/#organization\"},\"image\":{\"@id\":\"https:\/\/www.scuola.cl\/sivm\/teatro-el-sueno-de-shakespeare\/#primaryimage\"},\"thumbnailUrl\":\"https:\/\/www.scuola.cl\/sivm\/wp-content\/uploads\/2023\/07\/Shakes-web-1.jpg\",\"articleSection\":[\"Actividades\",\"Centro Cultural\",\"Cultura\",\"Noticias\"],\"inLanguage\":\"es\"},{\"@type\":\"WebPage\",\"@id\":\"https:\/\/www.scuola.cl\/sivm\/teatro-el-sueno-de-shakespeare\/\",\"url\":\"https:\/\/www.scuola.cl\/sivm\/teatro-el-sueno-de-shakespeare\/\",\"name\":\"Teatro \\\"El Sue\u00f1o de Shakespeare\\\" - Scuola Italiana\",\"isPartOf\":{\"@id\":\"https:\/\/www.scuola.cl\/sivm\/#website\"},\"primaryImageOfPage\":{\"@id\":\"https:\/\/www.scuola.cl\/sivm\/teatro-el-sueno-de-shakespeare\/#primaryimage\"},\"image\":{\"@id\":\"https:\/\/www.scuola.cl\/sivm\/teatro-el-sueno-de-shakespeare\/#primaryimage\"},\"thumbnailUrl\":\"https:\/\/www.scuola.cl\/sivm\/wp-content\/uploads\/2023\/07\/Shakes-web-1.jpg\",\"datePublished\":\"2023-08-04T13:25:49+00:00\",\"dateModified\":\"2023-08-19T16:14:41+00:00\",\"breadcrumb\":{\"@id\":\"https:\/\/www.scuola.cl\/sivm\/teatro-el-sueno-de-shakespeare\/#breadcrumb\"},\"inLanguage\":\"es\",\"potentialAction\":[{\"@type\":\"ReadAction\",\"target\":[\"https:\/\/www.scuola.cl\/sivm\/teatro-el-sueno-de-shakespeare\/\"]}]},{\"@type\":\"ImageObject\",\"inLanguage\":\"es\",\"@id\":\"https:\/\/www.scuola.cl\/sivm\/teatro-el-sueno-de-shakespeare\/#primaryimage\",\"url\":\"https:\/\/www.scuola.cl\/sivm\/wp-content\/uploads\/2023\/07\/Shakes-web-1.jpg\",\"contentUrl\":\"https:\/\/www.scuola.cl\/sivm\/wp-content\/uploads\/2023\/07\/Shakes-web-1.jpg\",\"width\":900,\"height\":610},{\"@type\":\"BreadcrumbList\",\"@id\":\"https:\/\/www.scuola.cl\/sivm\/teatro-el-sueno-de-shakespeare\/#breadcrumb\",\"itemListElement\":[{\"@type\":\"ListItem\",\"position\":1,\"name\":\"Inicio\",\"item\":\"https:\/\/www.scuola.cl\/sivm\/\"},{\"@type\":\"ListItem\",\"position\":2,\"name\":\"Actividades\",\"item\":\"https:\/\/www.scuola.cl\/sivm\/category\/actividades\/\"},{\"@type\":\"ListItem\",\"position\":3,\"name\":\"Teatro \u00abEl Sue\u00f1o de Shakespeare\u00bb\"}]},{\"@type\":\"WebSite\",\"@id\":\"https:\/\/www.scuola.cl\/sivm\/#website\",\"url\":\"https:\/\/www.scuola.cl\/sivm\/\",\"name\":\"Scuola Italiana\",\"description\":\"Vittorio Montiglio\",\"publisher\":{\"@id\":\"https:\/\/www.scuola.cl\/sivm\/#organization\"},\"potentialAction\":[{\"@type\":\"SearchAction\",\"target\":{\"@type\":\"EntryPoint\",\"urlTemplate\":\"https:\/\/www.scuola.cl\/sivm\/?s={search_term_string}\"},\"query-input\":{\"@type\":\"PropertyValueSpecification\",\"valueRequired\":true,\"valueName\":\"search_term_string\"}}],\"inLanguage\":\"es\"},{\"@type\":\"Organization\",\"@id\":\"https:\/\/www.scuola.cl\/sivm\/#organization\",\"name\":\"Scuola Italiana Vittorio Montiglio\",\"url\":\"https:\/\/www.scuola.cl\/sivm\/\",\"logo\":{\"@type\":\"ImageObject\",\"inLanguage\":\"es\",\"@id\":\"https:\/\/www.scuola.cl\/sivm\/#\/schema\/logo\/image\/\",\"url\":\"https:\/\/www.scuola.cl\/sivm\/wp-content\/uploads\/2019\/06\/Logo_Scuola-01-001-1000x1000.png\",\"contentUrl\":\"https:\/\/www.scuola.cl\/sivm\/wp-content\/uploads\/2019\/06\/Logo_Scuola-01-001-1000x1000.png\",\"width\":1000,\"height\":1000,\"caption\":\"Scuola Italiana Vittorio Montiglio\"},\"image\":{\"@id\":\"https:\/\/www.scuola.cl\/sivm\/#\/schema\/logo\/image\/\"}},{\"@type\":\"Person\",\"@id\":\"https:\/\/www.scuola.cl\/sivm\/#\/schema\/person\/2ac68abc1b548ee6d8e16c4d3727d1b2\",\"name\":\"Comunicaciones\",\"image\":{\"@type\":\"ImageObject\",\"inLanguage\":\"es\",\"@id\":\"https:\/\/www.scuola.cl\/sivm\/#\/schema\/person\/image\/\",\"url\":\"https:\/\/secure.gravatar.com\/avatar\/0b29fd7cdce1ec9939eded19ce85d6ed73acf03fb52d098b0641aed356fe6aeb?s=96&d=mm&r=g\",\"contentUrl\":\"https:\/\/secure.gravatar.com\/avatar\/0b29fd7cdce1ec9939eded19ce85d6ed73acf03fb52d098b0641aed356fe6aeb?s=96&d=mm&r=g\",\"caption\":\"Comunicaciones\"},\"url\":\"https:\/\/www.scuola.cl\/sivm\/author\/comunicaciones-scuola\/\"}]}<\/script>\n<!-- \/ Yoast SEO plugin. -->","yoast_head_json":{"title":"Teatro \"El Sue\u00f1o de Shakespeare\" - Scuola Italiana","robots":{"index":"index","follow":"follow","max-snippet":"max-snippet:-1","max-image-preview":"max-image-preview:large","max-video-preview":"max-video-preview:-1"},"canonical":"https:\/\/www.scuola.cl\/sivm\/teatro-el-sueno-de-shakespeare\/","og_locale":"es_ES","og_type":"article","og_title":"Teatro \"El Sue\u00f1o de Shakespeare\" - Scuola Italiana","og_description":"Todav\u00eda quedan cupos para la obra de teatro \"El sue\u00f1o de Shakespeare\", que presentaremos este viernes 18 de agosto a las 20:00 horas en el Teatro Verdi. La funci\u00f3n es gratuita y abierta a todo p\u00fablico.","og_url":"https:\/\/www.scuola.cl\/sivm\/teatro-el-sueno-de-shakespeare\/","og_site_name":"Scuola Italiana","article_published_time":"2023-08-04T13:25:49+00:00","article_modified_time":"2023-08-19T16:14:41+00:00","og_image":[{"width":900,"height":610,"url":"https:\/\/www.scuola.cl\/sivm\/wp-content\/uploads\/2023\/07\/Shakes-web-1.jpg","type":"image\/jpeg"}],"author":"Comunicaciones","twitter_card":"summary_large_image","twitter_misc":{"Escrito por":"Comunicaciones","Tiempo de lectura":"2 minutos"},"schema":{"@context":"https:\/\/schema.org","@graph":[{"@type":"Article","@id":"https:\/\/www.scuola.cl\/sivm\/teatro-el-sueno-de-shakespeare\/#article","isPartOf":{"@id":"https:\/\/www.scuola.cl\/sivm\/teatro-el-sueno-de-shakespeare\/"},"author":{"name":"Comunicaciones","@id":"https:\/\/www.scuola.cl\/sivm\/#\/schema\/person\/2ac68abc1b548ee6d8e16c4d3727d1b2"},"headline":"Teatro \u00abEl Sue\u00f1o de Shakespeare\u00bb","datePublished":"2023-08-04T13:25:49+00:00","dateModified":"2023-08-19T16:14:41+00:00","mainEntityOfPage":{"@id":"https:\/\/www.scuola.cl\/sivm\/teatro-el-sueno-de-shakespeare\/"},"wordCount":227,"publisher":{"@id":"https:\/\/www.scuola.cl\/sivm\/#organization"},"image":{"@id":"https:\/\/www.scuola.cl\/sivm\/teatro-el-sueno-de-shakespeare\/#primaryimage"},"thumbnailUrl":"https:\/\/www.scuola.cl\/sivm\/wp-content\/uploads\/2023\/07\/Shakes-web-1.jpg","articleSection":["Actividades","Centro Cultural","Cultura","Noticias"],"inLanguage":"es"},{"@type":"WebPage","@id":"https:\/\/www.scuola.cl\/sivm\/teatro-el-sueno-de-shakespeare\/","url":"https:\/\/www.scuola.cl\/sivm\/teatro-el-sueno-de-shakespeare\/","name":"Teatro \"El Sue\u00f1o de Shakespeare\" - Scuola Italiana","isPartOf":{"@id":"https:\/\/www.scuola.cl\/sivm\/#website"},"primaryImageOfPage":{"@id":"https:\/\/www.scuola.cl\/sivm\/teatro-el-sueno-de-shakespeare\/#primaryimage"},"image":{"@id":"https:\/\/www.scuola.cl\/sivm\/teatro-el-sueno-de-shakespeare\/#primaryimage"},"thumbnailUrl":"https:\/\/www.scuola.cl\/sivm\/wp-content\/uploads\/2023\/07\/Shakes-web-1.jpg","datePublished":"2023-08-04T13:25:49+00:00","dateModified":"2023-08-19T16:14:41+00:00","breadcrumb":{"@id":"https:\/\/www.scuola.cl\/sivm\/teatro-el-sueno-de-shakespeare\/#breadcrumb"},"inLanguage":"es","potentialAction":[{"@type":"ReadAction","target":["https:\/\/www.scuola.cl\/sivm\/teatro-el-sueno-de-shakespeare\/"]}]},{"@type":"ImageObject","inLanguage":"es","@id":"https:\/\/www.scuola.cl\/sivm\/teatro-el-sueno-de-shakespeare\/#primaryimage","url":"https:\/\/www.scuola.cl\/sivm\/wp-content\/uploads\/2023\/07\/Shakes-web-1.jpg","contentUrl":"https:\/\/www.scuola.cl\/sivm\/wp-content\/uploads\/2023\/07\/Shakes-web-1.jpg","width":900,"height":610},{"@type":"BreadcrumbList","@id":"https:\/\/www.scuola.cl\/sivm\/teatro-el-sueno-de-shakespeare\/#breadcrumb","itemListElement":[{"@type":"ListItem","position":1,"name":"Inicio","item":"https:\/\/www.scuola.cl\/sivm\/"},{"@type":"ListItem","position":2,"name":"Actividades","item":"https:\/\/www.scuola.cl\/sivm\/category\/actividades\/"},{"@type":"ListItem","position":3,"name":"Teatro \u00abEl Sue\u00f1o de Shakespeare\u00bb"}]},{"@type":"WebSite","@id":"https:\/\/www.scuola.cl\/sivm\/#website","url":"https:\/\/www.scuola.cl\/sivm\/","name":"Scuola Italiana","description":"Vittorio Montiglio","publisher":{"@id":"https:\/\/www.scuola.cl\/sivm\/#organization"},"potentialAction":[{"@type":"SearchAction","target":{"@type":"EntryPoint","urlTemplate":"https:\/\/www.scuola.cl\/sivm\/?s={search_term_string}"},"query-input":{"@type":"PropertyValueSpecification","valueRequired":true,"valueName":"search_term_string"}}],"inLanguage":"es"},{"@type":"Organization","@id":"https:\/\/www.scuola.cl\/sivm\/#organization","name":"Scuola Italiana Vittorio Montiglio","url":"https:\/\/www.scuola.cl\/sivm\/","logo":{"@type":"ImageObject","inLanguage":"es","@id":"https:\/\/www.scuola.cl\/sivm\/#\/schema\/logo\/image\/","url":"https:\/\/www.scuola.cl\/sivm\/wp-content\/uploads\/2019\/06\/Logo_Scuola-01-001-1000x1000.png","contentUrl":"https:\/\/www.scuola.cl\/sivm\/wp-content\/uploads\/2019\/06\/Logo_Scuola-01-001-1000x1000.png","width":1000,"height":1000,"caption":"Scuola Italiana Vittorio Montiglio"},"image":{"@id":"https:\/\/www.scuola.cl\/sivm\/#\/schema\/logo\/image\/"}},{"@type":"Person","@id":"https:\/\/www.scuola.cl\/sivm\/#\/schema\/person\/2ac68abc1b548ee6d8e16c4d3727d1b2","name":"Comunicaciones","image":{"@type":"ImageObject","inLanguage":"es","@id":"https:\/\/www.scuola.cl\/sivm\/#\/schema\/person\/image\/","url":"https:\/\/secure.gravatar.com\/avatar\/0b29fd7cdce1ec9939eded19ce85d6ed73acf03fb52d098b0641aed356fe6aeb?s=96&d=mm&r=g","contentUrl":"https:\/\/secure.gravatar.com\/avatar\/0b29fd7cdce1ec9939eded19ce85d6ed73acf03fb52d098b0641aed356fe6aeb?s=96&d=mm&r=g","caption":"Comunicaciones"},"url":"https:\/\/www.scuola.cl\/sivm\/author\/comunicaciones-scuola\/"}]}},"_links":{"self":[{"href":"https:\/\/www.scuola.cl\/sivm\/wp-json\/wp\/v2\/posts\/22385","targetHints":{"allow":["GET"]}}],"collection":[{"href":"https:\/\/www.scuola.cl\/sivm\/wp-json\/wp\/v2\/posts"}],"about":[{"href":"https:\/\/www.scuola.cl\/sivm\/wp-json\/wp\/v2\/types\/post"}],"author":[{"embeddable":true,"href":"https:\/\/www.scuola.cl\/sivm\/wp-json\/wp\/v2\/users\/2"}],"replies":[{"embeddable":true,"href":"https:\/\/www.scuola.cl\/sivm\/wp-json\/wp\/v2\/comments?post=22385"}],"version-history":[{"count":6,"href":"https:\/\/www.scuola.cl\/sivm\/wp-json\/wp\/v2\/posts\/22385\/revisions"}],"predecessor-version":[{"id":22674,"href":"https:\/\/www.scuola.cl\/sivm\/wp-json\/wp\/v2\/posts\/22385\/revisions\/22674"}],"wp:featuredmedia":[{"embeddable":true,"href":"https:\/\/www.scuola.cl\/sivm\/wp-json\/wp\/v2\/media\/22386"}],"wp:attachment":[{"href":"https:\/\/www.scuola.cl\/sivm\/wp-json\/wp\/v2\/media?parent=22385"}],"wp:term":[{"taxonomy":"category","embeddable":true,"href":"https:\/\/www.scuola.cl\/sivm\/wp-json\/wp\/v2\/categories?post=22385"},{"taxonomy":"post_tag","embeddable":true,"href":"https:\/\/www.scuola.cl\/sivm\/wp-json\/wp\/v2\/tags?post=22385"}],"curies":[{"name":"wp","href":"https:\/\/api.w.org\/{rel}","templated":true}]}}