{"id":22210,"date":"2023-08-01T09:49:34","date_gmt":"2023-08-01T12:49:34","guid":{"rendered":"https:\/\/www.scuola.cl\/sivm\/?p=22210"},"modified":"2023-08-07T13:29:39","modified_gmt":"2023-08-07T16:29:39","slug":"expo-reencuentro-en-un-coloquio-plastico","status":"publish","type":"post","link":"https:\/\/www.scuola.cl\/sivm\/expo-reencuentro-en-un-coloquio-plastico\/","title":{"rendered":"Exposici\u00f3n de Arte"},"content":{"rendered":"\n\n\n<p>Los invitamos a la inauguraci\u00f3n, <strong>el mi\u00e9rcoles 9 de agosto a las 19:30 horas en la Sala Terracota<\/strong>, a la <strong>exposici\u00f3n \u201cReencuentro en un coloquio pl\u00e1stico\u201d, collages, gr\u00e1ficas, esculturas y fotograf\u00edas de las artistas y ex alumnas: Ximena P\u00e9rez y M\u00f3nica Yaconi. <\/strong><\/p>\n<p><strong>\u00a0<\/strong>Muestra colectiva interdisciplinar conformada por obras que reflejan el mundo creativo de las destacadas artistas Ximena P\u00e9rez y M\u00f3nica Yaconi. Una propuesta art\u00edstica donde el estilo y lenguaje visual de cada una se enfrentar\u00e1n y dialogar\u00e1n en un mismo espacio.<\/p>\n<p>Ximena P\u00e9rez presentar\u00e1 collages, gr\u00e1ficas y algunas piezas escult\u00f3ricas que pretenden rescatar lo l\u00fadico, despertando el ni\u00f1o\/a interno, y que, aun siendo adultos, sigue habitando en el inconsciente.<\/p>\n<p>Por otro lado, la obra de M\u00f3nica Yaconi estar\u00e1 conformado por un \u00edntimo y personal registro de fotograf\u00eda mixta y collage fotogr\u00e1fico digital, de retratos hechos a su nieta quien es la protagonista y entusiasta colaboradora. Su intenci\u00f3n es dar visibilidad a las adolescentes con capacidades diferentes, mostrando la lucha a diario que deben enfrentar para poder desarrollarse y cumplir sus sue\u00f1os y anhelos que muchas veces se ven frustrados y lejanos en un mundo que busca lo inmediato, lo perfecto, un mundo excluyente.<\/p>\n<p>Es un recorrido en donde la oscuridad dialoga con las heridas y el blanco da paso a la esperanza y luz. Es un llamado a dejar de ser \u201cCiegos, sordos y mudos\u201d.<\/p>\n<p><strong>Biograf\u00edas:<\/strong><\/p>\n<ul>\n<li>Ximena P\u00e9rez es ex alumna de la Scuola. Profesora de Artes Pl\u00e1sticas de la UC, ejerci\u00f3 por 15 a\u00f1os la docencia en nuestro colegio. Desde el a\u00f1o 1992 reside en Miami, USA, formando el Studio 1156, espacio en el cual imparte talleres de Arte y desarrolla su obra.<\/li>\n<\/ul>\n<p>\u00a0<\/p>\n<ul>\n<li>M\u00f3nica Yaconi es ex alumna de la Scuola. Durante catorce a\u00f1os trabaj\u00f3 en el \u00e1rea de la decoraci\u00f3n y dise\u00f1o de muebles. Desde el 2016 ha estado incursionando en la fotogr\u00e1fica. Ha editado tres libros ilustrados con sus im\u00e1genes y un libro de cuentos en forma colectiva titulado \u00abJaula abierta\u00bb.<\/li>\n<\/ul>\n<p>\u00a0<\/p>\n<p>La muestra ser\u00e1 exhibida en la Sala Terracota (Avda. Las Flores 12.707, Las Condes) del 9 de agosto al 13 de octubre de, de lunes a viernes de 8:00 a 16:00 Hrs. Entrada liberada.<\/p>\n<p>\u00a0<\/p>\n<p><img loading=\"lazy\" decoding=\"async\" class=\"alignnone wp-image-22211 size-large\" src=\"https:\/\/www.scuola.cl\/sivm\/wp-content\/uploads\/2023\/06\/Invitacion-ok-perez-yaconi-700x471.png\" alt=\"\" width=\"700\" height=\"471\" srcset=\"https:\/\/www.scuola.cl\/sivm\/wp-content\/uploads\/2023\/06\/Invitacion-ok-perez-yaconi-700x471.png 700w, https:\/\/www.scuola.cl\/sivm\/wp-content\/uploads\/2023\/06\/Invitacion-ok-perez-yaconi-250x168.png 250w, https:\/\/www.scuola.cl\/sivm\/wp-content\/uploads\/2023\/06\/Invitacion-ok-perez-yaconi-768x517.png 768w, https:\/\/www.scuola.cl\/sivm\/wp-content\/uploads\/2023\/06\/Invitacion-ok-perez-yaconi-120x81.png 120w, https:\/\/www.scuola.cl\/sivm\/wp-content\/uploads\/2023\/06\/Invitacion-ok-perez-yaconi.png 1200w\" sizes=\"auto, (max-width: 700px) 100vw, 700px\" \/><\/p>\n<p><img loading=\"lazy\" decoding=\"async\" class=\"alignnone wp-image-22212 size-large\" src=\"https:\/\/www.scuola.cl\/sivm\/wp-content\/uploads\/2023\/06\/DSCN1397-C-700x708.jpg\" alt=\"\" width=\"700\" height=\"708\" srcset=\"https:\/\/www.scuola.cl\/sivm\/wp-content\/uploads\/2023\/06\/DSCN1397-C-700x708.jpg 700w, https:\/\/www.scuola.cl\/sivm\/wp-content\/uploads\/2023\/06\/DSCN1397-C-250x253.jpg 250w, https:\/\/www.scuola.cl\/sivm\/wp-content\/uploads\/2023\/06\/DSCN1397-C-768x777.jpg 768w, https:\/\/www.scuola.cl\/sivm\/wp-content\/uploads\/2023\/06\/DSCN1397-C-1518x1536.jpg 1518w, https:\/\/www.scuola.cl\/sivm\/wp-content\/uploads\/2023\/06\/DSCN1397-C-2024x2048.jpg 2024w, https:\/\/www.scuola.cl\/sivm\/wp-content\/uploads\/2023\/06\/DSCN1397-C-120x121.jpg 120w\" sizes=\"auto, (max-width: 700px) 100vw, 700px\" \/><\/p>\n<p><img loading=\"lazy\" decoding=\"async\" class=\"alignnone wp-image-22214 size-large\" src=\"https:\/\/www.scuola.cl\/sivm\/wp-content\/uploads\/2023\/06\/Yaconi-D-700x934.jpg\" alt=\"\" width=\"700\" height=\"934\" srcset=\"https:\/\/www.scuola.cl\/sivm\/wp-content\/uploads\/2023\/06\/Yaconi-D-700x934.jpg 700w, https:\/\/www.scuola.cl\/sivm\/wp-content\/uploads\/2023\/06\/Yaconi-D-250x334.jpg 250w, https:\/\/www.scuola.cl\/sivm\/wp-content\/uploads\/2023\/06\/Yaconi-D-768x1025.jpg 768w, https:\/\/www.scuola.cl\/sivm\/wp-content\/uploads\/2023\/06\/Yaconi-D-120x160.jpg 120w, https:\/\/www.scuola.cl\/sivm\/wp-content\/uploads\/2023\/06\/Yaconi-D.jpg 1080w\" sizes=\"auto, (max-width: 700px) 100vw, 700px\" \/><\/p>\n<p>\u00a0<\/p>\n","protected":false},"excerpt":{"rendered":"Los invitamos el mi\u00e9rcoles 9 de agosto a las 19:30 Hrs. a la inauguraci\u00f3n de la exposici\u00f3n \u201cReencuentro en un coloquio pl\u00e1stico\u201d, collages, gr\u00e1ficas, esculturas y fotograf\u00edas de las ex alumnas Ximena P\u00e9rez y M\u00f3nica Yaconi.","protected":false},"author":2,"featured_media":22217,"comment_status":"closed","ping_status":"closed","sticky":false,"template":"","format":"standard","meta":{"_acf_changed":false,"footnotes":""},"categories":[6,18,5],"tags":[],"class_list":["post-22210","post","type-post","status-publish","format-standard","has-post-thumbnail","hentry","category-actividades","category-centrocultural","category-noticias"],"acf":[],"yoast_head":"<!-- This site is optimized with the Yoast SEO plugin v27.1.1 - https:\/\/yoast.com\/product\/yoast-seo-wordpress\/ -->\n<title>Exposici\u00f3n de Arte - Scuola Italiana<\/title>\n<meta name=\"robots\" content=\"index, follow, max-snippet:-1, max-image-preview:large, max-video-preview:-1\" \/>\n<link rel=\"canonical\" href=\"https:\/\/www.scuola.cl\/sivm\/expo-reencuentro-en-un-coloquio-plastico\/\" \/>\n<meta property=\"og:locale\" content=\"es_ES\" \/>\n<meta property=\"og:type\" content=\"article\" \/>\n<meta property=\"og:title\" content=\"Exposici\u00f3n de Arte - Scuola Italiana\" \/>\n<meta property=\"og:description\" content=\"Los invitamos el mi\u00e9rcoles 9 de agosto a las 19:30 Hrs. a la inauguraci\u00f3n de la exposici\u00f3n \u201cReencuentro en un coloquio pl\u00e1stico\u201d, collages, gr\u00e1ficas, esculturas y fotograf\u00edas de las ex alumnas Ximena P\u00e9rez y M\u00f3nica Yaconi.\" \/>\n<meta property=\"og:url\" content=\"https:\/\/www.scuola.cl\/sivm\/expo-reencuentro-en-un-coloquio-plastico\/\" \/>\n<meta property=\"og:site_name\" content=\"Scuola Italiana\" \/>\n<meta property=\"article:published_time\" content=\"2023-08-01T12:49:34+00:00\" \/>\n<meta property=\"article:modified_time\" content=\"2023-08-07T16:29:39+00:00\" \/>\n<meta property=\"og:image\" content=\"https:\/\/www.scuola.cl\/sivm\/wp-content\/uploads\/2023\/06\/unnamed.jpg\" \/>\n\t<meta property=\"og:image:width\" content=\"900\" \/>\n\t<meta property=\"og:image:height\" content=\"610\" \/>\n\t<meta property=\"og:image:type\" content=\"image\/jpeg\" \/>\n<meta name=\"author\" content=\"Comunicaciones\" \/>\n<meta name=\"twitter:card\" content=\"summary_large_image\" \/>\n<meta name=\"twitter:label1\" content=\"Escrito por\" \/>\n\t<meta name=\"twitter:data1\" content=\"Comunicaciones\" \/>\n\t<meta name=\"twitter:label2\" content=\"Tiempo de lectura\" \/>\n\t<meta name=\"twitter:data2\" content=\"3 minutos\" \/>\n<script type=\"application\/ld+json\" class=\"yoast-schema-graph\">{\"@context\":\"https:\/\/schema.org\",\"@graph\":[{\"@type\":\"Article\",\"@id\":\"https:\/\/www.scuola.cl\/sivm\/expo-reencuentro-en-un-coloquio-plastico\/#article\",\"isPartOf\":{\"@id\":\"https:\/\/www.scuola.cl\/sivm\/expo-reencuentro-en-un-coloquio-plastico\/\"},\"author\":{\"name\":\"Comunicaciones\",\"@id\":\"https:\/\/www.scuola.cl\/sivm\/#\/schema\/person\/2ac68abc1b548ee6d8e16c4d3727d1b2\"},\"headline\":\"Exposici\u00f3n de Arte\",\"datePublished\":\"2023-08-01T12:49:34+00:00\",\"dateModified\":\"2023-08-07T16:29:39+00:00\",\"mainEntityOfPage\":{\"@id\":\"https:\/\/www.scuola.cl\/sivm\/expo-reencuentro-en-un-coloquio-plastico\/\"},\"wordCount\":387,\"publisher\":{\"@id\":\"https:\/\/www.scuola.cl\/sivm\/#organization\"},\"image\":{\"@id\":\"https:\/\/www.scuola.cl\/sivm\/expo-reencuentro-en-un-coloquio-plastico\/#primaryimage\"},\"thumbnailUrl\":\"https:\/\/www.scuola.cl\/sivm\/wp-content\/uploads\/2023\/06\/unnamed.jpg\",\"articleSection\":[\"Actividades\",\"Centro Cultural\",\"Noticias\"],\"inLanguage\":\"es\"},{\"@type\":\"WebPage\",\"@id\":\"https:\/\/www.scuola.cl\/sivm\/expo-reencuentro-en-un-coloquio-plastico\/\",\"url\":\"https:\/\/www.scuola.cl\/sivm\/expo-reencuentro-en-un-coloquio-plastico\/\",\"name\":\"Exposici\u00f3n de Arte - Scuola Italiana\",\"isPartOf\":{\"@id\":\"https:\/\/www.scuola.cl\/sivm\/#website\"},\"primaryImageOfPage\":{\"@id\":\"https:\/\/www.scuola.cl\/sivm\/expo-reencuentro-en-un-coloquio-plastico\/#primaryimage\"},\"image\":{\"@id\":\"https:\/\/www.scuola.cl\/sivm\/expo-reencuentro-en-un-coloquio-plastico\/#primaryimage\"},\"thumbnailUrl\":\"https:\/\/www.scuola.cl\/sivm\/wp-content\/uploads\/2023\/06\/unnamed.jpg\",\"datePublished\":\"2023-08-01T12:49:34+00:00\",\"dateModified\":\"2023-08-07T16:29:39+00:00\",\"breadcrumb\":{\"@id\":\"https:\/\/www.scuola.cl\/sivm\/expo-reencuentro-en-un-coloquio-plastico\/#breadcrumb\"},\"inLanguage\":\"es\",\"potentialAction\":[{\"@type\":\"ReadAction\",\"target\":[\"https:\/\/www.scuola.cl\/sivm\/expo-reencuentro-en-un-coloquio-plastico\/\"]}]},{\"@type\":\"ImageObject\",\"inLanguage\":\"es\",\"@id\":\"https:\/\/www.scuola.cl\/sivm\/expo-reencuentro-en-un-coloquio-plastico\/#primaryimage\",\"url\":\"https:\/\/www.scuola.cl\/sivm\/wp-content\/uploads\/2023\/06\/unnamed.jpg\",\"contentUrl\":\"https:\/\/www.scuola.cl\/sivm\/wp-content\/uploads\/2023\/06\/unnamed.jpg\",\"width\":900,\"height\":610},{\"@type\":\"BreadcrumbList\",\"@id\":\"https:\/\/www.scuola.cl\/sivm\/expo-reencuentro-en-un-coloquio-plastico\/#breadcrumb\",\"itemListElement\":[{\"@type\":\"ListItem\",\"position\":1,\"name\":\"Inicio\",\"item\":\"https:\/\/www.scuola.cl\/sivm\/\"},{\"@type\":\"ListItem\",\"position\":2,\"name\":\"Actividades\",\"item\":\"https:\/\/www.scuola.cl\/sivm\/category\/actividades\/\"},{\"@type\":\"ListItem\",\"position\":3,\"name\":\"Exposici\u00f3n de Arte\"}]},{\"@type\":\"WebSite\",\"@id\":\"https:\/\/www.scuola.cl\/sivm\/#website\",\"url\":\"https:\/\/www.scuola.cl\/sivm\/\",\"name\":\"Scuola Italiana\",\"description\":\"Vittorio Montiglio\",\"publisher\":{\"@id\":\"https:\/\/www.scuola.cl\/sivm\/#organization\"},\"potentialAction\":[{\"@type\":\"SearchAction\",\"target\":{\"@type\":\"EntryPoint\",\"urlTemplate\":\"https:\/\/www.scuola.cl\/sivm\/?s={search_term_string}\"},\"query-input\":{\"@type\":\"PropertyValueSpecification\",\"valueRequired\":true,\"valueName\":\"search_term_string\"}}],\"inLanguage\":\"es\"},{\"@type\":\"Organization\",\"@id\":\"https:\/\/www.scuola.cl\/sivm\/#organization\",\"name\":\"Scuola Italiana Vittorio Montiglio\",\"url\":\"https:\/\/www.scuola.cl\/sivm\/\",\"logo\":{\"@type\":\"ImageObject\",\"inLanguage\":\"es\",\"@id\":\"https:\/\/www.scuola.cl\/sivm\/#\/schema\/logo\/image\/\",\"url\":\"https:\/\/www.scuola.cl\/sivm\/wp-content\/uploads\/2019\/06\/Logo_Scuola-01-001-1000x1000.png\",\"contentUrl\":\"https:\/\/www.scuola.cl\/sivm\/wp-content\/uploads\/2019\/06\/Logo_Scuola-01-001-1000x1000.png\",\"width\":1000,\"height\":1000,\"caption\":\"Scuola Italiana Vittorio Montiglio\"},\"image\":{\"@id\":\"https:\/\/www.scuola.cl\/sivm\/#\/schema\/logo\/image\/\"}},{\"@type\":\"Person\",\"@id\":\"https:\/\/www.scuola.cl\/sivm\/#\/schema\/person\/2ac68abc1b548ee6d8e16c4d3727d1b2\",\"name\":\"Comunicaciones\",\"image\":{\"@type\":\"ImageObject\",\"inLanguage\":\"es\",\"@id\":\"https:\/\/www.scuola.cl\/sivm\/#\/schema\/person\/image\/\",\"url\":\"https:\/\/secure.gravatar.com\/avatar\/0b29fd7cdce1ec9939eded19ce85d6ed73acf03fb52d098b0641aed356fe6aeb?s=96&d=mm&r=g\",\"contentUrl\":\"https:\/\/secure.gravatar.com\/avatar\/0b29fd7cdce1ec9939eded19ce85d6ed73acf03fb52d098b0641aed356fe6aeb?s=96&d=mm&r=g\",\"caption\":\"Comunicaciones\"},\"url\":\"https:\/\/www.scuola.cl\/sivm\/author\/comunicaciones-scuola\/\"}]}<\/script>\n<!-- \/ Yoast SEO plugin. -->","yoast_head_json":{"title":"Exposici\u00f3n de Arte - Scuola Italiana","robots":{"index":"index","follow":"follow","max-snippet":"max-snippet:-1","max-image-preview":"max-image-preview:large","max-video-preview":"max-video-preview:-1"},"canonical":"https:\/\/www.scuola.cl\/sivm\/expo-reencuentro-en-un-coloquio-plastico\/","og_locale":"es_ES","og_type":"article","og_title":"Exposici\u00f3n de Arte - Scuola Italiana","og_description":"Los invitamos el mi\u00e9rcoles 9 de agosto a las 19:30 Hrs. a la inauguraci\u00f3n de la exposici\u00f3n \u201cReencuentro en un coloquio pl\u00e1stico\u201d, collages, gr\u00e1ficas, esculturas y fotograf\u00edas de las ex alumnas Ximena P\u00e9rez y M\u00f3nica Yaconi.","og_url":"https:\/\/www.scuola.cl\/sivm\/expo-reencuentro-en-un-coloquio-plastico\/","og_site_name":"Scuola Italiana","article_published_time":"2023-08-01T12:49:34+00:00","article_modified_time":"2023-08-07T16:29:39+00:00","og_image":[{"width":900,"height":610,"url":"https:\/\/www.scuola.cl\/sivm\/wp-content\/uploads\/2023\/06\/unnamed.jpg","type":"image\/jpeg"}],"author":"Comunicaciones","twitter_card":"summary_large_image","twitter_misc":{"Escrito por":"Comunicaciones","Tiempo de lectura":"3 minutos"},"schema":{"@context":"https:\/\/schema.org","@graph":[{"@type":"Article","@id":"https:\/\/www.scuola.cl\/sivm\/expo-reencuentro-en-un-coloquio-plastico\/#article","isPartOf":{"@id":"https:\/\/www.scuola.cl\/sivm\/expo-reencuentro-en-un-coloquio-plastico\/"},"author":{"name":"Comunicaciones","@id":"https:\/\/www.scuola.cl\/sivm\/#\/schema\/person\/2ac68abc1b548ee6d8e16c4d3727d1b2"},"headline":"Exposici\u00f3n de Arte","datePublished":"2023-08-01T12:49:34+00:00","dateModified":"2023-08-07T16:29:39+00:00","mainEntityOfPage":{"@id":"https:\/\/www.scuola.cl\/sivm\/expo-reencuentro-en-un-coloquio-plastico\/"},"wordCount":387,"publisher":{"@id":"https:\/\/www.scuola.cl\/sivm\/#organization"},"image":{"@id":"https:\/\/www.scuola.cl\/sivm\/expo-reencuentro-en-un-coloquio-plastico\/#primaryimage"},"thumbnailUrl":"https:\/\/www.scuola.cl\/sivm\/wp-content\/uploads\/2023\/06\/unnamed.jpg","articleSection":["Actividades","Centro Cultural","Noticias"],"inLanguage":"es"},{"@type":"WebPage","@id":"https:\/\/www.scuola.cl\/sivm\/expo-reencuentro-en-un-coloquio-plastico\/","url":"https:\/\/www.scuola.cl\/sivm\/expo-reencuentro-en-un-coloquio-plastico\/","name":"Exposici\u00f3n de Arte - Scuola Italiana","isPartOf":{"@id":"https:\/\/www.scuola.cl\/sivm\/#website"},"primaryImageOfPage":{"@id":"https:\/\/www.scuola.cl\/sivm\/expo-reencuentro-en-un-coloquio-plastico\/#primaryimage"},"image":{"@id":"https:\/\/www.scuola.cl\/sivm\/expo-reencuentro-en-un-coloquio-plastico\/#primaryimage"},"thumbnailUrl":"https:\/\/www.scuola.cl\/sivm\/wp-content\/uploads\/2023\/06\/unnamed.jpg","datePublished":"2023-08-01T12:49:34+00:00","dateModified":"2023-08-07T16:29:39+00:00","breadcrumb":{"@id":"https:\/\/www.scuola.cl\/sivm\/expo-reencuentro-en-un-coloquio-plastico\/#breadcrumb"},"inLanguage":"es","potentialAction":[{"@type":"ReadAction","target":["https:\/\/www.scuola.cl\/sivm\/expo-reencuentro-en-un-coloquio-plastico\/"]}]},{"@type":"ImageObject","inLanguage":"es","@id":"https:\/\/www.scuola.cl\/sivm\/expo-reencuentro-en-un-coloquio-plastico\/#primaryimage","url":"https:\/\/www.scuola.cl\/sivm\/wp-content\/uploads\/2023\/06\/unnamed.jpg","contentUrl":"https:\/\/www.scuola.cl\/sivm\/wp-content\/uploads\/2023\/06\/unnamed.jpg","width":900,"height":610},{"@type":"BreadcrumbList","@id":"https:\/\/www.scuola.cl\/sivm\/expo-reencuentro-en-un-coloquio-plastico\/#breadcrumb","itemListElement":[{"@type":"ListItem","position":1,"name":"Inicio","item":"https:\/\/www.scuola.cl\/sivm\/"},{"@type":"ListItem","position":2,"name":"Actividades","item":"https:\/\/www.scuola.cl\/sivm\/category\/actividades\/"},{"@type":"ListItem","position":3,"name":"Exposici\u00f3n de Arte"}]},{"@type":"WebSite","@id":"https:\/\/www.scuola.cl\/sivm\/#website","url":"https:\/\/www.scuola.cl\/sivm\/","name":"Scuola Italiana","description":"Vittorio Montiglio","publisher":{"@id":"https:\/\/www.scuola.cl\/sivm\/#organization"},"potentialAction":[{"@type":"SearchAction","target":{"@type":"EntryPoint","urlTemplate":"https:\/\/www.scuola.cl\/sivm\/?s={search_term_string}"},"query-input":{"@type":"PropertyValueSpecification","valueRequired":true,"valueName":"search_term_string"}}],"inLanguage":"es"},{"@type":"Organization","@id":"https:\/\/www.scuola.cl\/sivm\/#organization","name":"Scuola Italiana Vittorio Montiglio","url":"https:\/\/www.scuola.cl\/sivm\/","logo":{"@type":"ImageObject","inLanguage":"es","@id":"https:\/\/www.scuola.cl\/sivm\/#\/schema\/logo\/image\/","url":"https:\/\/www.scuola.cl\/sivm\/wp-content\/uploads\/2019\/06\/Logo_Scuola-01-001-1000x1000.png","contentUrl":"https:\/\/www.scuola.cl\/sivm\/wp-content\/uploads\/2019\/06\/Logo_Scuola-01-001-1000x1000.png","width":1000,"height":1000,"caption":"Scuola Italiana Vittorio Montiglio"},"image":{"@id":"https:\/\/www.scuola.cl\/sivm\/#\/schema\/logo\/image\/"}},{"@type":"Person","@id":"https:\/\/www.scuola.cl\/sivm\/#\/schema\/person\/2ac68abc1b548ee6d8e16c4d3727d1b2","name":"Comunicaciones","image":{"@type":"ImageObject","inLanguage":"es","@id":"https:\/\/www.scuola.cl\/sivm\/#\/schema\/person\/image\/","url":"https:\/\/secure.gravatar.com\/avatar\/0b29fd7cdce1ec9939eded19ce85d6ed73acf03fb52d098b0641aed356fe6aeb?s=96&d=mm&r=g","contentUrl":"https:\/\/secure.gravatar.com\/avatar\/0b29fd7cdce1ec9939eded19ce85d6ed73acf03fb52d098b0641aed356fe6aeb?s=96&d=mm&r=g","caption":"Comunicaciones"},"url":"https:\/\/www.scuola.cl\/sivm\/author\/comunicaciones-scuola\/"}]}},"_links":{"self":[{"href":"https:\/\/www.scuola.cl\/sivm\/wp-json\/wp\/v2\/posts\/22210","targetHints":{"allow":["GET"]}}],"collection":[{"href":"https:\/\/www.scuola.cl\/sivm\/wp-json\/wp\/v2\/posts"}],"about":[{"href":"https:\/\/www.scuola.cl\/sivm\/wp-json\/wp\/v2\/types\/post"}],"author":[{"embeddable":true,"href":"https:\/\/www.scuola.cl\/sivm\/wp-json\/wp\/v2\/users\/2"}],"replies":[{"embeddable":true,"href":"https:\/\/www.scuola.cl\/sivm\/wp-json\/wp\/v2\/comments?post=22210"}],"version-history":[{"count":5,"href":"https:\/\/www.scuola.cl\/sivm\/wp-json\/wp\/v2\/posts\/22210\/revisions"}],"predecessor-version":[{"id":22599,"href":"https:\/\/www.scuola.cl\/sivm\/wp-json\/wp\/v2\/posts\/22210\/revisions\/22599"}],"wp:featuredmedia":[{"embeddable":true,"href":"https:\/\/www.scuola.cl\/sivm\/wp-json\/wp\/v2\/media\/22217"}],"wp:attachment":[{"href":"https:\/\/www.scuola.cl\/sivm\/wp-json\/wp\/v2\/media?parent=22210"}],"wp:term":[{"taxonomy":"category","embeddable":true,"href":"https:\/\/www.scuola.cl\/sivm\/wp-json\/wp\/v2\/categories?post=22210"},{"taxonomy":"post_tag","embeddable":true,"href":"https:\/\/www.scuola.cl\/sivm\/wp-json\/wp\/v2\/tags?post=22210"}],"curies":[{"name":"wp","href":"https:\/\/api.w.org\/{rel}","templated":true}]}}