{"id":22054,"date":"2023-06-18T16:09:07","date_gmt":"2023-06-18T19:09:07","guid":{"rendered":"https:\/\/www.scuola.cl\/sivm\/?p=22054"},"modified":"2023-06-23T16:44:28","modified_gmt":"2023-06-23T19:44:28","slug":"final-copa-audax-2023","status":"publish","type":"post","link":"https:\/\/www.scuola.cl\/sivm\/final-copa-audax-2023\/","title":{"rendered":"Final Copa Audax 2023"},"content":{"rendered":"\n<p><em>(Por Daniel Mu\u00f1oz\u00a0Coordinador de Deportes)<\/em><\/p>\n<p>El s\u00e1bado 17 de junio se realiz\u00f3 en el estadio Bicentenario Municipal de La Florida, la final de nuestra tradicional Copa Scuola Audax Italiano, en la cual pudimos celebrar un d\u00eda lleno de amistad, sana competencia y camarader\u00eda.<\/p>\n<p>Nuestra Scuola s\u00f3lo por 1 punto no se llev\u00f3 el oro, sin embargo, obtuvo el 2\u00b0 Lugar general del campeonato que se jug\u00f3 en las categor\u00edas, Pre Mini, Mini e Infantil.<\/p>\n<p>Este torneo fue una verdadera fiesta del f\u00fatbol, en la cual los m\u00e1s de 500 alumnos de los colegios Luis Campino, Lincoln International Academy (Chicureo), Instituto Hebreo, Colegio Cumbres, Instituci\u00f3n Teresiana, The Kent School, Verbo Divino, The Southern Cross y The English Institute, s\u00e1bado a s\u00e1bado estuvieron comprometidos en jugar y dejarlo todo en la cancha.<\/p>\n<p>Agradecemos al Club Audax Italiano, por habernos prestado el Estadio para realizar esta esperada final.<\/p>\n<p><em>Nuestros deportistas fueron:<\/em><\/p>\n<p><strong>CATEGOR\u00cdA PRE MINI<\/strong><br \/>Sebasti\u00e1n Mart\u00ednez, Luca Ferrari, Santiago Rios, Alesandro Macci, Jos\u00e9 Tom\u00e1s Munizaga, Bruno Raffo, Bruno Ravello, Juli\u00e1n Sichel, Mart\u00edn Strahovsky, Domenico Cavallo, Santiago Maldonado, Luca Stocchero, Raimundo Stuardo, Valentino Pavani, Juan Pablo Nicoletti, Mat\u00edas Polanco, Nicol\u00e1s Rajcevich, Jos\u00e9 Joaqu\u00edn Stuven, Felipe Tiravanti.<\/p>\n<p><strong>CATEGOR\u00cdA\u00a0MINI<\/strong><br \/>Franco Pavez, Vittorio Ferrari, Santiago Mart\u00ednez, Lorenzo Costa, Tom\u00e1s Zaninovic, Vicente Arango, Gianfranco Rosselli, Jos\u00e9 Pablo Maldonado, Raimundo Tapia, Andre Stancampiano, Sebastian Pavon, Tom\u00e1s Fernandez, Juli\u00e1n D\u00edaz, Benjam\u00edn Rivera, Renato Queirolo, Andoni Frugone, Antonio Cifuentes, Dante Maccioni, Matteo Arata, Stefano Macci.<\/p>\n<p><strong>CATEGOR\u00cdA INFANTIL<\/strong><br \/>Clemente Cifuentes, Clemente Grez, Clemente Maffioletti, Manuel Prado, Eduardo Thieme, Clemente Diaz, Valentin Rosselot, Luciano Pe\u00f1afiel, Duilio Bissone, Vicente Maestri, Antonio Prado, Santiago Cabello, Gaspar Correa, Benjam\u00edn Molina, Dante Odone, Nicol\u00e1s Espinoza, Gianni Rodoni,<br \/>Tom\u00e1s Venegas, Enzo Denegri, Teo Follonier, Marco Montanari, Adriano Solari, Jos\u00e9 Domingo Olea, Antonio Cannoni.<\/p>\n<p><a href=\"https:\/\/www.scuola.cl\/sivm\/wp-content\/uploads\/2023\/06\/ESTADISTICAS-FINALES-COPA-SCUOLA-ITALIANA-2023.pdf\" target=\"_blank\" rel=\"noopener\">Descarga las Estad\u00edsticas<\/a><\/p>\n<p><a href=\"https:\/\/drive.google.com\/drive\/folders\/1GCwhAAjBC2wnhE73Xx5UK8TXGvTys6xH?usp=sharing\" target=\"_blank\" rel=\"noopener\">Ver fotos<\/a><\/p>\n<p><span style=\"font-weight: 400;\">\u00a1Los esperamos el 2024!<\/span><\/p>\n<p>\u00a0<img loading=\"lazy\" decoding=\"async\" class=\"alignnone wp-image-22059 size-large\" src=\"https:\/\/www.scuola.cl\/sivm\/wp-content\/uploads\/2023\/06\/Copa-Audax-700x568.jpg\" alt=\"\" width=\"700\" height=\"568\" srcset=\"https:\/\/www.scuola.cl\/sivm\/wp-content\/uploads\/2023\/06\/Copa-Audax-700x568.jpg 700w, https:\/\/www.scuola.cl\/sivm\/wp-content\/uploads\/2023\/06\/Copa-Audax-250x203.jpg 250w, https:\/\/www.scuola.cl\/sivm\/wp-content\/uploads\/2023\/06\/Copa-Audax-768x624.jpg 768w, https:\/\/www.scuola.cl\/sivm\/wp-content\/uploads\/2023\/06\/Copa-Audax-120x97.jpg 120w, https:\/\/www.scuola.cl\/sivm\/wp-content\/uploads\/2023\/06\/Copa-Audax.jpg 1500w\" sizes=\"auto, (max-width: 700px) 100vw, 700px\" \/><\/p>\n","protected":false},"excerpt":{"rendered":"El s\u00e1bado 17 de junio, se realiz\u00f3 en el Estadio Bicentenario Municipal de La Florida, la final de la Copa Scuola Audax Italiano en la cual nuestra Scuola obtuvo el 2\u00b0 Lugar general del campeonato.\nComplimenti!\n","protected":false},"author":2,"featured_media":22056,"comment_status":"closed","ping_status":"closed","sticky":false,"template":"","format":"standard","meta":{"_acf_changed":false,"footnotes":""},"categories":[39,5],"tags":[],"class_list":["post-22054","post","type-post","status-publish","format-standard","has-post-thumbnail","hentry","category-deportes-2","category-noticias"],"acf":[],"yoast_head":"<!-- This site is optimized with the Yoast SEO plugin v27.1.1 - https:\/\/yoast.com\/product\/yoast-seo-wordpress\/ -->\n<title>Final Copa Audax 2023 - Scuola Italiana<\/title>\n<meta name=\"robots\" content=\"index, follow, max-snippet:-1, max-image-preview:large, max-video-preview:-1\" \/>\n<link rel=\"canonical\" href=\"https:\/\/www.scuola.cl\/sivm\/final-copa-audax-2023\/\" \/>\n<meta property=\"og:locale\" content=\"es_ES\" \/>\n<meta property=\"og:type\" content=\"article\" \/>\n<meta property=\"og:title\" content=\"Final Copa Audax 2023 - Scuola Italiana\" \/>\n<meta property=\"og:description\" content=\"El s\u00e1bado 17 de junio, se realiz\u00f3 en el Estadio Bicentenario Municipal de La Florida, la final de la Copa Scuola Audax Italiano en la cual nuestra Scuola obtuvo el 2\u00b0 Lugar general del campeonato. Complimenti!\" \/>\n<meta property=\"og:url\" content=\"https:\/\/www.scuola.cl\/sivm\/final-copa-audax-2023\/\" \/>\n<meta property=\"og:site_name\" content=\"Scuola Italiana\" \/>\n<meta property=\"article:published_time\" content=\"2023-06-18T19:09:07+00:00\" \/>\n<meta property=\"article:modified_time\" content=\"2023-06-23T19:44:28+00:00\" \/>\n<meta property=\"og:image\" content=\"https:\/\/www.scuola.cl\/sivm\/wp-content\/uploads\/2023\/06\/Audax.jpg\" \/>\n\t<meta property=\"og:image:width\" content=\"900\" \/>\n\t<meta property=\"og:image:height\" content=\"610\" \/>\n\t<meta property=\"og:image:type\" content=\"image\/jpeg\" \/>\n<meta name=\"author\" content=\"Comunicaciones\" \/>\n<meta name=\"twitter:card\" content=\"summary_large_image\" \/>\n<meta name=\"twitter:label1\" content=\"Escrito por\" \/>\n\t<meta name=\"twitter:data1\" content=\"Comunicaciones\" \/>\n\t<meta name=\"twitter:label2\" content=\"Tiempo de lectura\" \/>\n\t<meta name=\"twitter:data2\" content=\"2 minutos\" \/>\n<script type=\"application\/ld+json\" class=\"yoast-schema-graph\">{\"@context\":\"https:\/\/schema.org\",\"@graph\":[{\"@type\":\"Article\",\"@id\":\"https:\/\/www.scuola.cl\/sivm\/final-copa-audax-2023\/#article\",\"isPartOf\":{\"@id\":\"https:\/\/www.scuola.cl\/sivm\/final-copa-audax-2023\/\"},\"author\":{\"name\":\"Comunicaciones\",\"@id\":\"https:\/\/www.scuola.cl\/sivm\/#\/schema\/person\/2ac68abc1b548ee6d8e16c4d3727d1b2\"},\"headline\":\"Final Copa Audax 2023\",\"datePublished\":\"2023-06-18T19:09:07+00:00\",\"dateModified\":\"2023-06-23T19:44:28+00:00\",\"mainEntityOfPage\":{\"@id\":\"https:\/\/www.scuola.cl\/sivm\/final-copa-audax-2023\/\"},\"wordCount\":327,\"publisher\":{\"@id\":\"https:\/\/www.scuola.cl\/sivm\/#organization\"},\"image\":{\"@id\":\"https:\/\/www.scuola.cl\/sivm\/final-copa-audax-2023\/#primaryimage\"},\"thumbnailUrl\":\"https:\/\/www.scuola.cl\/sivm\/wp-content\/uploads\/2023\/06\/Audax.jpg\",\"articleSection\":[\"Deportes\",\"Noticias\"],\"inLanguage\":\"es\"},{\"@type\":\"WebPage\",\"@id\":\"https:\/\/www.scuola.cl\/sivm\/final-copa-audax-2023\/\",\"url\":\"https:\/\/www.scuola.cl\/sivm\/final-copa-audax-2023\/\",\"name\":\"Final Copa Audax 2023 - Scuola Italiana\",\"isPartOf\":{\"@id\":\"https:\/\/www.scuola.cl\/sivm\/#website\"},\"primaryImageOfPage\":{\"@id\":\"https:\/\/www.scuola.cl\/sivm\/final-copa-audax-2023\/#primaryimage\"},\"image\":{\"@id\":\"https:\/\/www.scuola.cl\/sivm\/final-copa-audax-2023\/#primaryimage\"},\"thumbnailUrl\":\"https:\/\/www.scuola.cl\/sivm\/wp-content\/uploads\/2023\/06\/Audax.jpg\",\"datePublished\":\"2023-06-18T19:09:07+00:00\",\"dateModified\":\"2023-06-23T19:44:28+00:00\",\"breadcrumb\":{\"@id\":\"https:\/\/www.scuola.cl\/sivm\/final-copa-audax-2023\/#breadcrumb\"},\"inLanguage\":\"es\",\"potentialAction\":[{\"@type\":\"ReadAction\",\"target\":[\"https:\/\/www.scuola.cl\/sivm\/final-copa-audax-2023\/\"]}]},{\"@type\":\"ImageObject\",\"inLanguage\":\"es\",\"@id\":\"https:\/\/www.scuola.cl\/sivm\/final-copa-audax-2023\/#primaryimage\",\"url\":\"https:\/\/www.scuola.cl\/sivm\/wp-content\/uploads\/2023\/06\/Audax.jpg\",\"contentUrl\":\"https:\/\/www.scuola.cl\/sivm\/wp-content\/uploads\/2023\/06\/Audax.jpg\",\"width\":900,\"height\":610},{\"@type\":\"BreadcrumbList\",\"@id\":\"https:\/\/www.scuola.cl\/sivm\/final-copa-audax-2023\/#breadcrumb\",\"itemListElement\":[{\"@type\":\"ListItem\",\"position\":1,\"name\":\"Inicio\",\"item\":\"https:\/\/www.scuola.cl\/sivm\/\"},{\"@type\":\"ListItem\",\"position\":2,\"name\":\"Noticias\",\"item\":\"https:\/\/www.scuola.cl\/sivm\/category\/noticias\/\"},{\"@type\":\"ListItem\",\"position\":3,\"name\":\"Final Copa Audax 2023\"}]},{\"@type\":\"WebSite\",\"@id\":\"https:\/\/www.scuola.cl\/sivm\/#website\",\"url\":\"https:\/\/www.scuola.cl\/sivm\/\",\"name\":\"Scuola Italiana\",\"description\":\"Vittorio Montiglio\",\"publisher\":{\"@id\":\"https:\/\/www.scuola.cl\/sivm\/#organization\"},\"potentialAction\":[{\"@type\":\"SearchAction\",\"target\":{\"@type\":\"EntryPoint\",\"urlTemplate\":\"https:\/\/www.scuola.cl\/sivm\/?s={search_term_string}\"},\"query-input\":{\"@type\":\"PropertyValueSpecification\",\"valueRequired\":true,\"valueName\":\"search_term_string\"}}],\"inLanguage\":\"es\"},{\"@type\":\"Organization\",\"@id\":\"https:\/\/www.scuola.cl\/sivm\/#organization\",\"name\":\"Scuola Italiana Vittorio Montiglio\",\"url\":\"https:\/\/www.scuola.cl\/sivm\/\",\"logo\":{\"@type\":\"ImageObject\",\"inLanguage\":\"es\",\"@id\":\"https:\/\/www.scuola.cl\/sivm\/#\/schema\/logo\/image\/\",\"url\":\"https:\/\/www.scuola.cl\/sivm\/wp-content\/uploads\/2019\/06\/Logo_Scuola-01-001-1000x1000.png\",\"contentUrl\":\"https:\/\/www.scuola.cl\/sivm\/wp-content\/uploads\/2019\/06\/Logo_Scuola-01-001-1000x1000.png\",\"width\":1000,\"height\":1000,\"caption\":\"Scuola Italiana Vittorio Montiglio\"},\"image\":{\"@id\":\"https:\/\/www.scuola.cl\/sivm\/#\/schema\/logo\/image\/\"}},{\"@type\":\"Person\",\"@id\":\"https:\/\/www.scuola.cl\/sivm\/#\/schema\/person\/2ac68abc1b548ee6d8e16c4d3727d1b2\",\"name\":\"Comunicaciones\",\"image\":{\"@type\":\"ImageObject\",\"inLanguage\":\"es\",\"@id\":\"https:\/\/www.scuola.cl\/sivm\/#\/schema\/person\/image\/\",\"url\":\"https:\/\/secure.gravatar.com\/avatar\/0b29fd7cdce1ec9939eded19ce85d6ed73acf03fb52d098b0641aed356fe6aeb?s=96&d=mm&r=g\",\"contentUrl\":\"https:\/\/secure.gravatar.com\/avatar\/0b29fd7cdce1ec9939eded19ce85d6ed73acf03fb52d098b0641aed356fe6aeb?s=96&d=mm&r=g\",\"caption\":\"Comunicaciones\"},\"url\":\"https:\/\/www.scuola.cl\/sivm\/author\/comunicaciones-scuola\/\"}]}<\/script>\n<!-- \/ Yoast SEO plugin. -->","yoast_head_json":{"title":"Final Copa Audax 2023 - Scuola Italiana","robots":{"index":"index","follow":"follow","max-snippet":"max-snippet:-1","max-image-preview":"max-image-preview:large","max-video-preview":"max-video-preview:-1"},"canonical":"https:\/\/www.scuola.cl\/sivm\/final-copa-audax-2023\/","og_locale":"es_ES","og_type":"article","og_title":"Final Copa Audax 2023 - Scuola Italiana","og_description":"El s\u00e1bado 17 de junio, se realiz\u00f3 en el Estadio Bicentenario Municipal de La Florida, la final de la Copa Scuola Audax Italiano en la cual nuestra Scuola obtuvo el 2\u00b0 Lugar general del campeonato. Complimenti!","og_url":"https:\/\/www.scuola.cl\/sivm\/final-copa-audax-2023\/","og_site_name":"Scuola Italiana","article_published_time":"2023-06-18T19:09:07+00:00","article_modified_time":"2023-06-23T19:44:28+00:00","og_image":[{"width":900,"height":610,"url":"https:\/\/www.scuola.cl\/sivm\/wp-content\/uploads\/2023\/06\/Audax.jpg","type":"image\/jpeg"}],"author":"Comunicaciones","twitter_card":"summary_large_image","twitter_misc":{"Escrito por":"Comunicaciones","Tiempo de lectura":"2 minutos"},"schema":{"@context":"https:\/\/schema.org","@graph":[{"@type":"Article","@id":"https:\/\/www.scuola.cl\/sivm\/final-copa-audax-2023\/#article","isPartOf":{"@id":"https:\/\/www.scuola.cl\/sivm\/final-copa-audax-2023\/"},"author":{"name":"Comunicaciones","@id":"https:\/\/www.scuola.cl\/sivm\/#\/schema\/person\/2ac68abc1b548ee6d8e16c4d3727d1b2"},"headline":"Final Copa Audax 2023","datePublished":"2023-06-18T19:09:07+00:00","dateModified":"2023-06-23T19:44:28+00:00","mainEntityOfPage":{"@id":"https:\/\/www.scuola.cl\/sivm\/final-copa-audax-2023\/"},"wordCount":327,"publisher":{"@id":"https:\/\/www.scuola.cl\/sivm\/#organization"},"image":{"@id":"https:\/\/www.scuola.cl\/sivm\/final-copa-audax-2023\/#primaryimage"},"thumbnailUrl":"https:\/\/www.scuola.cl\/sivm\/wp-content\/uploads\/2023\/06\/Audax.jpg","articleSection":["Deportes","Noticias"],"inLanguage":"es"},{"@type":"WebPage","@id":"https:\/\/www.scuola.cl\/sivm\/final-copa-audax-2023\/","url":"https:\/\/www.scuola.cl\/sivm\/final-copa-audax-2023\/","name":"Final Copa Audax 2023 - Scuola Italiana","isPartOf":{"@id":"https:\/\/www.scuola.cl\/sivm\/#website"},"primaryImageOfPage":{"@id":"https:\/\/www.scuola.cl\/sivm\/final-copa-audax-2023\/#primaryimage"},"image":{"@id":"https:\/\/www.scuola.cl\/sivm\/final-copa-audax-2023\/#primaryimage"},"thumbnailUrl":"https:\/\/www.scuola.cl\/sivm\/wp-content\/uploads\/2023\/06\/Audax.jpg","datePublished":"2023-06-18T19:09:07+00:00","dateModified":"2023-06-23T19:44:28+00:00","breadcrumb":{"@id":"https:\/\/www.scuola.cl\/sivm\/final-copa-audax-2023\/#breadcrumb"},"inLanguage":"es","potentialAction":[{"@type":"ReadAction","target":["https:\/\/www.scuola.cl\/sivm\/final-copa-audax-2023\/"]}]},{"@type":"ImageObject","inLanguage":"es","@id":"https:\/\/www.scuola.cl\/sivm\/final-copa-audax-2023\/#primaryimage","url":"https:\/\/www.scuola.cl\/sivm\/wp-content\/uploads\/2023\/06\/Audax.jpg","contentUrl":"https:\/\/www.scuola.cl\/sivm\/wp-content\/uploads\/2023\/06\/Audax.jpg","width":900,"height":610},{"@type":"BreadcrumbList","@id":"https:\/\/www.scuola.cl\/sivm\/final-copa-audax-2023\/#breadcrumb","itemListElement":[{"@type":"ListItem","position":1,"name":"Inicio","item":"https:\/\/www.scuola.cl\/sivm\/"},{"@type":"ListItem","position":2,"name":"Noticias","item":"https:\/\/www.scuola.cl\/sivm\/category\/noticias\/"},{"@type":"ListItem","position":3,"name":"Final Copa Audax 2023"}]},{"@type":"WebSite","@id":"https:\/\/www.scuola.cl\/sivm\/#website","url":"https:\/\/www.scuola.cl\/sivm\/","name":"Scuola Italiana","description":"Vittorio Montiglio","publisher":{"@id":"https:\/\/www.scuola.cl\/sivm\/#organization"},"potentialAction":[{"@type":"SearchAction","target":{"@type":"EntryPoint","urlTemplate":"https:\/\/www.scuola.cl\/sivm\/?s={search_term_string}"},"query-input":{"@type":"PropertyValueSpecification","valueRequired":true,"valueName":"search_term_string"}}],"inLanguage":"es"},{"@type":"Organization","@id":"https:\/\/www.scuola.cl\/sivm\/#organization","name":"Scuola Italiana Vittorio Montiglio","url":"https:\/\/www.scuola.cl\/sivm\/","logo":{"@type":"ImageObject","inLanguage":"es","@id":"https:\/\/www.scuola.cl\/sivm\/#\/schema\/logo\/image\/","url":"https:\/\/www.scuola.cl\/sivm\/wp-content\/uploads\/2019\/06\/Logo_Scuola-01-001-1000x1000.png","contentUrl":"https:\/\/www.scuola.cl\/sivm\/wp-content\/uploads\/2019\/06\/Logo_Scuola-01-001-1000x1000.png","width":1000,"height":1000,"caption":"Scuola Italiana Vittorio Montiglio"},"image":{"@id":"https:\/\/www.scuola.cl\/sivm\/#\/schema\/logo\/image\/"}},{"@type":"Person","@id":"https:\/\/www.scuola.cl\/sivm\/#\/schema\/person\/2ac68abc1b548ee6d8e16c4d3727d1b2","name":"Comunicaciones","image":{"@type":"ImageObject","inLanguage":"es","@id":"https:\/\/www.scuola.cl\/sivm\/#\/schema\/person\/image\/","url":"https:\/\/secure.gravatar.com\/avatar\/0b29fd7cdce1ec9939eded19ce85d6ed73acf03fb52d098b0641aed356fe6aeb?s=96&d=mm&r=g","contentUrl":"https:\/\/secure.gravatar.com\/avatar\/0b29fd7cdce1ec9939eded19ce85d6ed73acf03fb52d098b0641aed356fe6aeb?s=96&d=mm&r=g","caption":"Comunicaciones"},"url":"https:\/\/www.scuola.cl\/sivm\/author\/comunicaciones-scuola\/"}]}},"_links":{"self":[{"href":"https:\/\/www.scuola.cl\/sivm\/wp-json\/wp\/v2\/posts\/22054","targetHints":{"allow":["GET"]}}],"collection":[{"href":"https:\/\/www.scuola.cl\/sivm\/wp-json\/wp\/v2\/posts"}],"about":[{"href":"https:\/\/www.scuola.cl\/sivm\/wp-json\/wp\/v2\/types\/post"}],"author":[{"embeddable":true,"href":"https:\/\/www.scuola.cl\/sivm\/wp-json\/wp\/v2\/users\/2"}],"replies":[{"embeddable":true,"href":"https:\/\/www.scuola.cl\/sivm\/wp-json\/wp\/v2\/comments?post=22054"}],"version-history":[{"count":11,"href":"https:\/\/www.scuola.cl\/sivm\/wp-json\/wp\/v2\/posts\/22054\/revisions"}],"predecessor-version":[{"id":22076,"href":"https:\/\/www.scuola.cl\/sivm\/wp-json\/wp\/v2\/posts\/22054\/revisions\/22076"}],"wp:featuredmedia":[{"embeddable":true,"href":"https:\/\/www.scuola.cl\/sivm\/wp-json\/wp\/v2\/media\/22056"}],"wp:attachment":[{"href":"https:\/\/www.scuola.cl\/sivm\/wp-json\/wp\/v2\/media?parent=22054"}],"wp:term":[{"taxonomy":"category","embeddable":true,"href":"https:\/\/www.scuola.cl\/sivm\/wp-json\/wp\/v2\/categories?post=22054"},{"taxonomy":"post_tag","embeddable":true,"href":"https:\/\/www.scuola.cl\/sivm\/wp-json\/wp\/v2\/tags?post=22054"}],"curies":[{"name":"wp","href":"https:\/\/api.w.org\/{rel}","templated":true}]}}