{"id":21842,"date":"2023-06-11T15:26:17","date_gmt":"2023-06-11T18:26:17","guid":{"rendered":"https:\/\/www.scuola.cl\/sivm\/?p=21842"},"modified":"2023-06-12T17:52:13","modified_gmt":"2023-06-12T20:52:13","slug":"scuola-bicampeon-futbol","status":"publish","type":"post","link":"https:\/\/www.scuola.cl\/sivm\/scuola-bicampeon-futbol\/","title":{"rendered":"Scuola Bicampe\u00f3n F\u00fatbol"},"content":{"rendered":"\n<p>(Por Prof. Daniel Mu\u00f1oz, Coordinador de Deportes)<\/p>\n<p>La selecci\u00f3n de f\u00fatbol de la Scuola, Categor\u00eda Superior, se coron\u00f3 campeona de la Copa UC Soprole, tras imponerse en penales al colegio Santo Domingo.<\/p>\n<p>En un duro y apretado partido, nuestros alumnos terminaron 0 &#8211; 0 los dos tiempos y nos fuimos a penales ganando 4- 2.<\/p>\n<p>Los alumnos que convirtieron fueron:<\/p>\n<p>Benjam\u00edn Osorio<\/p>\n<p>Mauro Carniglia<\/p>\n<p>Filippo Gritti<\/p>\n<p>Renato Negroni<\/p>\n<p>Destacamos a Mauro Carniglia quien, adem\u00e1s de convertir su penal, como arquero ataj\u00f3 dos penales, los que dieron el triunfo a la Scuola.<\/p>\n<p>Felicitamos la campa\u00f1a de la Squadra que termin\u00f3 el torneo invicta, repitiendo el desempe\u00f1o realizado en el campeonato del a\u00f1o pasado, o sea somos BICAMPEONES E HICIMOS HISTORIA EN ESTA CATEGOR\u00cdA!!!<\/p>\n<p>Sin duda todo fue posible gracias al trabajo en equipo, a la uni\u00f3n que hay entre ellos, al compa\u00f1erismo y la entrega de cada uno de los jugadores que se pusieron la camiseta de la Scuola desde el primer partido.<\/p>\n<p>Complimenti ragazzi!<\/p>\n<p><img loading=\"lazy\" decoding=\"async\" class=\"alignnone wp-image-21850 size-large\" src=\"https:\/\/www.scuola.cl\/sivm\/wp-content\/uploads\/2023\/06\/Copa-Soprole-futbol-700x511.png\" alt=\"\" width=\"700\" height=\"511\" srcset=\"https:\/\/www.scuola.cl\/sivm\/wp-content\/uploads\/2023\/06\/Copa-Soprole-futbol-700x511.png 700w, https:\/\/www.scuola.cl\/sivm\/wp-content\/uploads\/2023\/06\/Copa-Soprole-futbol-250x183.png 250w, https:\/\/www.scuola.cl\/sivm\/wp-content\/uploads\/2023\/06\/Copa-Soprole-futbol-120x88.png 120w, https:\/\/www.scuola.cl\/sivm\/wp-content\/uploads\/2023\/06\/Copa-Soprole-futbol.png 767w\" sizes=\"auto, (max-width: 700px) 100vw, 700px\" \/><\/p>\n<p>\u00a0<\/p>\n","protected":false},"excerpt":{"rendered":"La selecci\u00f3n de f\u00fatbol de la Scuola, Categor\u00eda Superior, se coron\u00f3 Bicampeona de la Copa UC Soprole, tras imponerse en penales al colegio Santo Domingo. En un apretado partido, nuestros alumnos ganaron 4- 2.","protected":false},"author":2,"featured_media":21845,"comment_status":"closed","ping_status":"closed","sticky":false,"template":"","format":"standard","meta":{"_acf_changed":false,"footnotes":""},"categories":[39,5],"tags":[],"class_list":["post-21842","post","type-post","status-publish","format-standard","has-post-thumbnail","hentry","category-deportes-2","category-noticias"],"acf":[],"yoast_head":"<!-- This site is optimized with the Yoast SEO plugin v27.1.1 - https:\/\/yoast.com\/product\/yoast-seo-wordpress\/ -->\n<title>Scuola Bicampe\u00f3n F\u00fatbol - Scuola Italiana<\/title>\n<meta name=\"robots\" content=\"index, follow, max-snippet:-1, max-image-preview:large, max-video-preview:-1\" \/>\n<link rel=\"canonical\" href=\"https:\/\/www.scuola.cl\/sivm\/scuola-bicampeon-futbol\/\" \/>\n<meta property=\"og:locale\" content=\"es_ES\" \/>\n<meta property=\"og:type\" content=\"article\" \/>\n<meta property=\"og:title\" content=\"Scuola Bicampe\u00f3n F\u00fatbol - Scuola Italiana\" \/>\n<meta property=\"og:description\" content=\"La selecci\u00f3n de f\u00fatbol de la Scuola, Categor\u00eda Superior, se coron\u00f3 Bicampeona de la Copa UC Soprole, tras imponerse en penales al colegio Santo Domingo. En un apretado partido, nuestros alumnos ganaron 4- 2.\" \/>\n<meta property=\"og:url\" content=\"https:\/\/www.scuola.cl\/sivm\/scuola-bicampeon-futbol\/\" \/>\n<meta property=\"og:site_name\" content=\"Scuola Italiana\" \/>\n<meta property=\"article:published_time\" content=\"2023-06-11T18:26:17+00:00\" \/>\n<meta property=\"article:modified_time\" content=\"2023-06-12T20:52:13+00:00\" \/>\n<meta property=\"og:image\" content=\"https:\/\/www.scuola.cl\/sivm\/wp-content\/uploads\/2023\/06\/Futbol-alumnos-web.jpg\" \/>\n\t<meta property=\"og:image:width\" content=\"900\" \/>\n\t<meta property=\"og:image:height\" content=\"610\" \/>\n\t<meta property=\"og:image:type\" content=\"image\/jpeg\" \/>\n<meta name=\"author\" content=\"Comunicaciones\" \/>\n<meta name=\"twitter:card\" content=\"summary_large_image\" \/>\n<meta name=\"twitter:label1\" content=\"Escrito por\" \/>\n\t<meta name=\"twitter:data1\" content=\"Comunicaciones\" \/>\n\t<meta name=\"twitter:label2\" content=\"Tiempo de lectura\" \/>\n\t<meta name=\"twitter:data2\" content=\"1 minuto\" \/>\n<script type=\"application\/ld+json\" class=\"yoast-schema-graph\">{\"@context\":\"https:\/\/schema.org\",\"@graph\":[{\"@type\":\"Article\",\"@id\":\"https:\/\/www.scuola.cl\/sivm\/scuola-bicampeon-futbol\/#article\",\"isPartOf\":{\"@id\":\"https:\/\/www.scuola.cl\/sivm\/scuola-bicampeon-futbol\/\"},\"author\":{\"name\":\"Comunicaciones\",\"@id\":\"https:\/\/www.scuola.cl\/sivm\/#\/schema\/person\/2ac68abc1b548ee6d8e16c4d3727d1b2\"},\"headline\":\"Scuola Bicampe\u00f3n F\u00fatbol\",\"datePublished\":\"2023-06-11T18:26:17+00:00\",\"dateModified\":\"2023-06-12T20:52:13+00:00\",\"mainEntityOfPage\":{\"@id\":\"https:\/\/www.scuola.cl\/sivm\/scuola-bicampeon-futbol\/\"},\"wordCount\":178,\"publisher\":{\"@id\":\"https:\/\/www.scuola.cl\/sivm\/#organization\"},\"image\":{\"@id\":\"https:\/\/www.scuola.cl\/sivm\/scuola-bicampeon-futbol\/#primaryimage\"},\"thumbnailUrl\":\"https:\/\/www.scuola.cl\/sivm\/wp-content\/uploads\/2023\/06\/Futbol-alumnos-web.jpg\",\"articleSection\":[\"Deportes\",\"Noticias\"],\"inLanguage\":\"es\"},{\"@type\":\"WebPage\",\"@id\":\"https:\/\/www.scuola.cl\/sivm\/scuola-bicampeon-futbol\/\",\"url\":\"https:\/\/www.scuola.cl\/sivm\/scuola-bicampeon-futbol\/\",\"name\":\"Scuola Bicampe\u00f3n F\u00fatbol - Scuola Italiana\",\"isPartOf\":{\"@id\":\"https:\/\/www.scuola.cl\/sivm\/#website\"},\"primaryImageOfPage\":{\"@id\":\"https:\/\/www.scuola.cl\/sivm\/scuola-bicampeon-futbol\/#primaryimage\"},\"image\":{\"@id\":\"https:\/\/www.scuola.cl\/sivm\/scuola-bicampeon-futbol\/#primaryimage\"},\"thumbnailUrl\":\"https:\/\/www.scuola.cl\/sivm\/wp-content\/uploads\/2023\/06\/Futbol-alumnos-web.jpg\",\"datePublished\":\"2023-06-11T18:26:17+00:00\",\"dateModified\":\"2023-06-12T20:52:13+00:00\",\"breadcrumb\":{\"@id\":\"https:\/\/www.scuola.cl\/sivm\/scuola-bicampeon-futbol\/#breadcrumb\"},\"inLanguage\":\"es\",\"potentialAction\":[{\"@type\":\"ReadAction\",\"target\":[\"https:\/\/www.scuola.cl\/sivm\/scuola-bicampeon-futbol\/\"]}]},{\"@type\":\"ImageObject\",\"inLanguage\":\"es\",\"@id\":\"https:\/\/www.scuola.cl\/sivm\/scuola-bicampeon-futbol\/#primaryimage\",\"url\":\"https:\/\/www.scuola.cl\/sivm\/wp-content\/uploads\/2023\/06\/Futbol-alumnos-web.jpg\",\"contentUrl\":\"https:\/\/www.scuola.cl\/sivm\/wp-content\/uploads\/2023\/06\/Futbol-alumnos-web.jpg\",\"width\":900,\"height\":610},{\"@type\":\"BreadcrumbList\",\"@id\":\"https:\/\/www.scuola.cl\/sivm\/scuola-bicampeon-futbol\/#breadcrumb\",\"itemListElement\":[{\"@type\":\"ListItem\",\"position\":1,\"name\":\"Inicio\",\"item\":\"https:\/\/www.scuola.cl\/sivm\/\"},{\"@type\":\"ListItem\",\"position\":2,\"name\":\"Deportes\",\"item\":\"https:\/\/www.scuola.cl\/sivm\/category\/deportes-2\/\"},{\"@type\":\"ListItem\",\"position\":3,\"name\":\"Scuola Bicampe\u00f3n F\u00fatbol\"}]},{\"@type\":\"WebSite\",\"@id\":\"https:\/\/www.scuola.cl\/sivm\/#website\",\"url\":\"https:\/\/www.scuola.cl\/sivm\/\",\"name\":\"Scuola Italiana\",\"description\":\"Vittorio Montiglio\",\"publisher\":{\"@id\":\"https:\/\/www.scuola.cl\/sivm\/#organization\"},\"potentialAction\":[{\"@type\":\"SearchAction\",\"target\":{\"@type\":\"EntryPoint\",\"urlTemplate\":\"https:\/\/www.scuola.cl\/sivm\/?s={search_term_string}\"},\"query-input\":{\"@type\":\"PropertyValueSpecification\",\"valueRequired\":true,\"valueName\":\"search_term_string\"}}],\"inLanguage\":\"es\"},{\"@type\":\"Organization\",\"@id\":\"https:\/\/www.scuola.cl\/sivm\/#organization\",\"name\":\"Scuola Italiana Vittorio Montiglio\",\"url\":\"https:\/\/www.scuola.cl\/sivm\/\",\"logo\":{\"@type\":\"ImageObject\",\"inLanguage\":\"es\",\"@id\":\"https:\/\/www.scuola.cl\/sivm\/#\/schema\/logo\/image\/\",\"url\":\"https:\/\/www.scuola.cl\/sivm\/wp-content\/uploads\/2019\/06\/Logo_Scuola-01-001-1000x1000.png\",\"contentUrl\":\"https:\/\/www.scuola.cl\/sivm\/wp-content\/uploads\/2019\/06\/Logo_Scuola-01-001-1000x1000.png\",\"width\":1000,\"height\":1000,\"caption\":\"Scuola Italiana Vittorio Montiglio\"},\"image\":{\"@id\":\"https:\/\/www.scuola.cl\/sivm\/#\/schema\/logo\/image\/\"}},{\"@type\":\"Person\",\"@id\":\"https:\/\/www.scuola.cl\/sivm\/#\/schema\/person\/2ac68abc1b548ee6d8e16c4d3727d1b2\",\"name\":\"Comunicaciones\",\"image\":{\"@type\":\"ImageObject\",\"inLanguage\":\"es\",\"@id\":\"https:\/\/www.scuola.cl\/sivm\/#\/schema\/person\/image\/\",\"url\":\"https:\/\/secure.gravatar.com\/avatar\/0b29fd7cdce1ec9939eded19ce85d6ed73acf03fb52d098b0641aed356fe6aeb?s=96&d=mm&r=g\",\"contentUrl\":\"https:\/\/secure.gravatar.com\/avatar\/0b29fd7cdce1ec9939eded19ce85d6ed73acf03fb52d098b0641aed356fe6aeb?s=96&d=mm&r=g\",\"caption\":\"Comunicaciones\"},\"url\":\"https:\/\/www.scuola.cl\/sivm\/author\/comunicaciones-scuola\/\"}]}<\/script>\n<!-- \/ Yoast SEO plugin. -->","yoast_head_json":{"title":"Scuola Bicampe\u00f3n F\u00fatbol - Scuola Italiana","robots":{"index":"index","follow":"follow","max-snippet":"max-snippet:-1","max-image-preview":"max-image-preview:large","max-video-preview":"max-video-preview:-1"},"canonical":"https:\/\/www.scuola.cl\/sivm\/scuola-bicampeon-futbol\/","og_locale":"es_ES","og_type":"article","og_title":"Scuola Bicampe\u00f3n F\u00fatbol - Scuola Italiana","og_description":"La selecci\u00f3n de f\u00fatbol de la Scuola, Categor\u00eda Superior, se coron\u00f3 Bicampeona de la Copa UC Soprole, tras imponerse en penales al colegio Santo Domingo. En un apretado partido, nuestros alumnos ganaron 4- 2.","og_url":"https:\/\/www.scuola.cl\/sivm\/scuola-bicampeon-futbol\/","og_site_name":"Scuola Italiana","article_published_time":"2023-06-11T18:26:17+00:00","article_modified_time":"2023-06-12T20:52:13+00:00","og_image":[{"width":900,"height":610,"url":"https:\/\/www.scuola.cl\/sivm\/wp-content\/uploads\/2023\/06\/Futbol-alumnos-web.jpg","type":"image\/jpeg"}],"author":"Comunicaciones","twitter_card":"summary_large_image","twitter_misc":{"Escrito por":"Comunicaciones","Tiempo de lectura":"1 minuto"},"schema":{"@context":"https:\/\/schema.org","@graph":[{"@type":"Article","@id":"https:\/\/www.scuola.cl\/sivm\/scuola-bicampeon-futbol\/#article","isPartOf":{"@id":"https:\/\/www.scuola.cl\/sivm\/scuola-bicampeon-futbol\/"},"author":{"name":"Comunicaciones","@id":"https:\/\/www.scuola.cl\/sivm\/#\/schema\/person\/2ac68abc1b548ee6d8e16c4d3727d1b2"},"headline":"Scuola Bicampe\u00f3n F\u00fatbol","datePublished":"2023-06-11T18:26:17+00:00","dateModified":"2023-06-12T20:52:13+00:00","mainEntityOfPage":{"@id":"https:\/\/www.scuola.cl\/sivm\/scuola-bicampeon-futbol\/"},"wordCount":178,"publisher":{"@id":"https:\/\/www.scuola.cl\/sivm\/#organization"},"image":{"@id":"https:\/\/www.scuola.cl\/sivm\/scuola-bicampeon-futbol\/#primaryimage"},"thumbnailUrl":"https:\/\/www.scuola.cl\/sivm\/wp-content\/uploads\/2023\/06\/Futbol-alumnos-web.jpg","articleSection":["Deportes","Noticias"],"inLanguage":"es"},{"@type":"WebPage","@id":"https:\/\/www.scuola.cl\/sivm\/scuola-bicampeon-futbol\/","url":"https:\/\/www.scuola.cl\/sivm\/scuola-bicampeon-futbol\/","name":"Scuola Bicampe\u00f3n F\u00fatbol - Scuola Italiana","isPartOf":{"@id":"https:\/\/www.scuola.cl\/sivm\/#website"},"primaryImageOfPage":{"@id":"https:\/\/www.scuola.cl\/sivm\/scuola-bicampeon-futbol\/#primaryimage"},"image":{"@id":"https:\/\/www.scuola.cl\/sivm\/scuola-bicampeon-futbol\/#primaryimage"},"thumbnailUrl":"https:\/\/www.scuola.cl\/sivm\/wp-content\/uploads\/2023\/06\/Futbol-alumnos-web.jpg","datePublished":"2023-06-11T18:26:17+00:00","dateModified":"2023-06-12T20:52:13+00:00","breadcrumb":{"@id":"https:\/\/www.scuola.cl\/sivm\/scuola-bicampeon-futbol\/#breadcrumb"},"inLanguage":"es","potentialAction":[{"@type":"ReadAction","target":["https:\/\/www.scuola.cl\/sivm\/scuola-bicampeon-futbol\/"]}]},{"@type":"ImageObject","inLanguage":"es","@id":"https:\/\/www.scuola.cl\/sivm\/scuola-bicampeon-futbol\/#primaryimage","url":"https:\/\/www.scuola.cl\/sivm\/wp-content\/uploads\/2023\/06\/Futbol-alumnos-web.jpg","contentUrl":"https:\/\/www.scuola.cl\/sivm\/wp-content\/uploads\/2023\/06\/Futbol-alumnos-web.jpg","width":900,"height":610},{"@type":"BreadcrumbList","@id":"https:\/\/www.scuola.cl\/sivm\/scuola-bicampeon-futbol\/#breadcrumb","itemListElement":[{"@type":"ListItem","position":1,"name":"Inicio","item":"https:\/\/www.scuola.cl\/sivm\/"},{"@type":"ListItem","position":2,"name":"Deportes","item":"https:\/\/www.scuola.cl\/sivm\/category\/deportes-2\/"},{"@type":"ListItem","position":3,"name":"Scuola Bicampe\u00f3n F\u00fatbol"}]},{"@type":"WebSite","@id":"https:\/\/www.scuola.cl\/sivm\/#website","url":"https:\/\/www.scuola.cl\/sivm\/","name":"Scuola Italiana","description":"Vittorio Montiglio","publisher":{"@id":"https:\/\/www.scuola.cl\/sivm\/#organization"},"potentialAction":[{"@type":"SearchAction","target":{"@type":"EntryPoint","urlTemplate":"https:\/\/www.scuola.cl\/sivm\/?s={search_term_string}"},"query-input":{"@type":"PropertyValueSpecification","valueRequired":true,"valueName":"search_term_string"}}],"inLanguage":"es"},{"@type":"Organization","@id":"https:\/\/www.scuola.cl\/sivm\/#organization","name":"Scuola Italiana Vittorio Montiglio","url":"https:\/\/www.scuola.cl\/sivm\/","logo":{"@type":"ImageObject","inLanguage":"es","@id":"https:\/\/www.scuola.cl\/sivm\/#\/schema\/logo\/image\/","url":"https:\/\/www.scuola.cl\/sivm\/wp-content\/uploads\/2019\/06\/Logo_Scuola-01-001-1000x1000.png","contentUrl":"https:\/\/www.scuola.cl\/sivm\/wp-content\/uploads\/2019\/06\/Logo_Scuola-01-001-1000x1000.png","width":1000,"height":1000,"caption":"Scuola Italiana Vittorio Montiglio"},"image":{"@id":"https:\/\/www.scuola.cl\/sivm\/#\/schema\/logo\/image\/"}},{"@type":"Person","@id":"https:\/\/www.scuola.cl\/sivm\/#\/schema\/person\/2ac68abc1b548ee6d8e16c4d3727d1b2","name":"Comunicaciones","image":{"@type":"ImageObject","inLanguage":"es","@id":"https:\/\/www.scuola.cl\/sivm\/#\/schema\/person\/image\/","url":"https:\/\/secure.gravatar.com\/avatar\/0b29fd7cdce1ec9939eded19ce85d6ed73acf03fb52d098b0641aed356fe6aeb?s=96&d=mm&r=g","contentUrl":"https:\/\/secure.gravatar.com\/avatar\/0b29fd7cdce1ec9939eded19ce85d6ed73acf03fb52d098b0641aed356fe6aeb?s=96&d=mm&r=g","caption":"Comunicaciones"},"url":"https:\/\/www.scuola.cl\/sivm\/author\/comunicaciones-scuola\/"}]}},"_links":{"self":[{"href":"https:\/\/www.scuola.cl\/sivm\/wp-json\/wp\/v2\/posts\/21842","targetHints":{"allow":["GET"]}}],"collection":[{"href":"https:\/\/www.scuola.cl\/sivm\/wp-json\/wp\/v2\/posts"}],"about":[{"href":"https:\/\/www.scuola.cl\/sivm\/wp-json\/wp\/v2\/types\/post"}],"author":[{"embeddable":true,"href":"https:\/\/www.scuola.cl\/sivm\/wp-json\/wp\/v2\/users\/2"}],"replies":[{"embeddable":true,"href":"https:\/\/www.scuola.cl\/sivm\/wp-json\/wp\/v2\/comments?post=21842"}],"version-history":[{"count":7,"href":"https:\/\/www.scuola.cl\/sivm\/wp-json\/wp\/v2\/posts\/21842\/revisions"}],"predecessor-version":[{"id":21852,"href":"https:\/\/www.scuola.cl\/sivm\/wp-json\/wp\/v2\/posts\/21842\/revisions\/21852"}],"wp:featuredmedia":[{"embeddable":true,"href":"https:\/\/www.scuola.cl\/sivm\/wp-json\/wp\/v2\/media\/21845"}],"wp:attachment":[{"href":"https:\/\/www.scuola.cl\/sivm\/wp-json\/wp\/v2\/media?parent=21842"}],"wp:term":[{"taxonomy":"category","embeddable":true,"href":"https:\/\/www.scuola.cl\/sivm\/wp-json\/wp\/v2\/categories?post=21842"},{"taxonomy":"post_tag","embeddable":true,"href":"https:\/\/www.scuola.cl\/sivm\/wp-json\/wp\/v2\/tags?post=21842"}],"curies":[{"name":"wp","href":"https:\/\/api.w.org\/{rel}","templated":true}]}}