{"id":21495,"date":"2023-05-22T14:52:15","date_gmt":"2023-05-22T17:52:15","guid":{"rendered":"https:\/\/www.scuola.cl\/sivm\/?p=21495"},"modified":"2023-05-22T14:55:36","modified_gmt":"2023-05-22T17:55:36","slug":"settimana-delleducazione-artistica","status":"publish","type":"post","link":"https:\/\/www.scuola.cl\/sivm\/settimana-delleducazione-artistica\/","title":{"rendered":"Settimana dell\u2019educazione artistica"},"content":{"rendered":"\n<p>Del lunes 15 al viernes 19 de mayo, celebramos en la Scuola la Semana de la Educaci\u00f3n Art\u00edstica (SEA), que se trata de una celebraci\u00f3n internacional impulsada por la UNESCO, que busca sensibilizar a la comunidad sobre la importancia de las artes en los\u00a0establecimientos educacionales,<b>\u00a0<\/b>promoviendo la diversidad cultural, el di\u00e1logo intercultural y la cohesi\u00f3n social.<\/p>\n<p>\u00a0<\/p>\n<p>En esta ocasi\u00f3n\u00a0la SEA estuvo dedicada a la memoria del m\u00fasico y educador chileno\u00a0Jorge Pe\u00f1a Hen<b>\u00a0<\/b>(1928-1973) quien, en 1964 cre\u00f3 la primera orquesta infantil de nuestro pa\u00eds\u00a0y de Am\u00e9rica del Sur.\u00a0<\/p>\n<p>\u00a0<\/p>\n<p>El Departamento de Educaci\u00f3n Art\u00edstica de la Scuola, prepar\u00f3 una serie de actividades para los alumnos, dentro de las cuales destacamos la orquesta de papel, tocatas de banda, intervenciones art\u00edsticas en los patios, visitas guiadas a la muestra \u00abMis dos Almas\u201d de la artista Ximena Capdeville y la presentaci\u00f3n del colectivo Nerven&amp;Zellen, quienes a trav\u00e9s de canciones infantiles interpretadas con lenguaje de se\u00f1as, cautivaron al p\u00fablico asistente.<\/p>\n<p>\u00a0<\/p>\n<p><a href=\"https:\/\/drive.google.com\/drive\/folders\/1A6N3cnat57iB95H8M4YL_WEfkJ-O2xyd?usp=sharing\" target=\"_blank\" rel=\"noopener\">Ver fotos<\/a><\/p>\n<p><img loading=\"lazy\" decoding=\"async\" class=\"alignnone wp-image-21541 size-large\" src=\"https:\/\/www.scuola.cl\/sivm\/wp-content\/uploads\/2023\/05\/Semana-Ed.-Artistica-3-1-700x474.jpg\" alt=\"\" width=\"700\" height=\"474\" srcset=\"https:\/\/www.scuola.cl\/sivm\/wp-content\/uploads\/2023\/05\/Semana-Ed.-Artistica-3-1-700x474.jpg 700w, https:\/\/www.scuola.cl\/sivm\/wp-content\/uploads\/2023\/05\/Semana-Ed.-Artistica-3-1-250x169.jpg 250w, https:\/\/www.scuola.cl\/sivm\/wp-content\/uploads\/2023\/05\/Semana-Ed.-Artistica-3-1-768x521.jpg 768w, https:\/\/www.scuola.cl\/sivm\/wp-content\/uploads\/2023\/05\/Semana-Ed.-Artistica-3-1-120x81.jpg 120w, https:\/\/www.scuola.cl\/sivm\/wp-content\/uploads\/2023\/05\/Semana-Ed.-Artistica-3-1.jpg 900w\" sizes=\"auto, (max-width: 700px) 100vw, 700px\" \/><\/p>\n<p>\u00a0<\/p>\n<p>\u00a0<\/p>\n","protected":false},"excerpt":{"rendered":"Con diversas actividades art\u00edstico culturales organizadas por el Depto. de Arte y M\u00fasica de la Scuola, celebramos del lunes 15 al viernes 19 de mayo, la Semana de la Educaci\u00f3n Art\u00edstica (SEA).","protected":false},"author":2,"featured_media":21535,"comment_status":"closed","ping_status":"closed","sticky":false,"template":"","format":"standard","meta":{"_acf_changed":false,"footnotes":""},"categories":[22,5],"tags":[],"class_list":["post-21495","post","type-post","status-publish","format-standard","has-post-thumbnail","hentry","category-cultura","category-noticias"],"acf":[],"yoast_head":"<!-- This site is optimized with the Yoast SEO plugin v27.1.1 - https:\/\/yoast.com\/product\/yoast-seo-wordpress\/ -->\n<title>Settimana dell\u2019educazione artistica - Scuola Italiana<\/title>\n<meta name=\"robots\" content=\"index, follow, max-snippet:-1, max-image-preview:large, max-video-preview:-1\" \/>\n<link rel=\"canonical\" href=\"https:\/\/www.scuola.cl\/sivm\/settimana-delleducazione-artistica\/\" \/>\n<meta property=\"og:locale\" content=\"es_ES\" \/>\n<meta property=\"og:type\" content=\"article\" \/>\n<meta property=\"og:title\" content=\"Settimana dell\u2019educazione artistica - Scuola Italiana\" \/>\n<meta property=\"og:description\" content=\"Con diversas actividades art\u00edstico culturales organizadas por el Depto. de Arte y M\u00fasica de la Scuola, celebramos del lunes 15 al viernes 19 de mayo, la Semana de la Educaci\u00f3n Art\u00edstica (SEA).\" \/>\n<meta property=\"og:url\" content=\"https:\/\/www.scuola.cl\/sivm\/settimana-delleducazione-artistica\/\" \/>\n<meta property=\"og:site_name\" content=\"Scuola Italiana\" \/>\n<meta property=\"article:published_time\" content=\"2023-05-22T17:52:15+00:00\" \/>\n<meta property=\"article:modified_time\" content=\"2023-05-22T17:55:36+00:00\" \/>\n<meta property=\"og:image\" content=\"https:\/\/www.scuola.cl\/sivm\/wp-content\/uploads\/2023\/05\/Semana-Ed.-Artistica-2.jpg\" \/>\n\t<meta property=\"og:image:width\" content=\"900\" \/>\n\t<meta property=\"og:image:height\" content=\"610\" \/>\n\t<meta property=\"og:image:type\" content=\"image\/jpeg\" \/>\n<meta name=\"author\" content=\"Comunicaciones\" \/>\n<meta name=\"twitter:card\" content=\"summary_large_image\" \/>\n<meta name=\"twitter:label1\" content=\"Escrito por\" \/>\n\t<meta name=\"twitter:data1\" content=\"Comunicaciones\" \/>\n\t<meta name=\"twitter:label2\" content=\"Tiempo de lectura\" \/>\n\t<meta name=\"twitter:data2\" content=\"1 minuto\" \/>\n<script type=\"application\/ld+json\" class=\"yoast-schema-graph\">{\"@context\":\"https:\/\/schema.org\",\"@graph\":[{\"@type\":\"Article\",\"@id\":\"https:\/\/www.scuola.cl\/sivm\/settimana-delleducazione-artistica\/#article\",\"isPartOf\":{\"@id\":\"https:\/\/www.scuola.cl\/sivm\/settimana-delleducazione-artistica\/\"},\"author\":{\"name\":\"Comunicaciones\",\"@id\":\"https:\/\/www.scuola.cl\/sivm\/#\/schema\/person\/2ac68abc1b548ee6d8e16c4d3727d1b2\"},\"headline\":\"Settimana dell\u2019educazione artistica\",\"datePublished\":\"2023-05-22T17:52:15+00:00\",\"dateModified\":\"2023-05-22T17:55:36+00:00\",\"mainEntityOfPage\":{\"@id\":\"https:\/\/www.scuola.cl\/sivm\/settimana-delleducazione-artistica\/\"},\"wordCount\":181,\"publisher\":{\"@id\":\"https:\/\/www.scuola.cl\/sivm\/#organization\"},\"image\":{\"@id\":\"https:\/\/www.scuola.cl\/sivm\/settimana-delleducazione-artistica\/#primaryimage\"},\"thumbnailUrl\":\"https:\/\/www.scuola.cl\/sivm\/wp-content\/uploads\/2023\/05\/Semana-Ed.-Artistica-2.jpg\",\"articleSection\":[\"Cultura\",\"Noticias\"],\"inLanguage\":\"es\"},{\"@type\":\"WebPage\",\"@id\":\"https:\/\/www.scuola.cl\/sivm\/settimana-delleducazione-artistica\/\",\"url\":\"https:\/\/www.scuola.cl\/sivm\/settimana-delleducazione-artistica\/\",\"name\":\"Settimana dell\u2019educazione artistica - Scuola Italiana\",\"isPartOf\":{\"@id\":\"https:\/\/www.scuola.cl\/sivm\/#website\"},\"primaryImageOfPage\":{\"@id\":\"https:\/\/www.scuola.cl\/sivm\/settimana-delleducazione-artistica\/#primaryimage\"},\"image\":{\"@id\":\"https:\/\/www.scuola.cl\/sivm\/settimana-delleducazione-artistica\/#primaryimage\"},\"thumbnailUrl\":\"https:\/\/www.scuola.cl\/sivm\/wp-content\/uploads\/2023\/05\/Semana-Ed.-Artistica-2.jpg\",\"datePublished\":\"2023-05-22T17:52:15+00:00\",\"dateModified\":\"2023-05-22T17:55:36+00:00\",\"breadcrumb\":{\"@id\":\"https:\/\/www.scuola.cl\/sivm\/settimana-delleducazione-artistica\/#breadcrumb\"},\"inLanguage\":\"es\",\"potentialAction\":[{\"@type\":\"ReadAction\",\"target\":[\"https:\/\/www.scuola.cl\/sivm\/settimana-delleducazione-artistica\/\"]}]},{\"@type\":\"ImageObject\",\"inLanguage\":\"es\",\"@id\":\"https:\/\/www.scuola.cl\/sivm\/settimana-delleducazione-artistica\/#primaryimage\",\"url\":\"https:\/\/www.scuola.cl\/sivm\/wp-content\/uploads\/2023\/05\/Semana-Ed.-Artistica-2.jpg\",\"contentUrl\":\"https:\/\/www.scuola.cl\/sivm\/wp-content\/uploads\/2023\/05\/Semana-Ed.-Artistica-2.jpg\",\"width\":900,\"height\":610},{\"@type\":\"BreadcrumbList\",\"@id\":\"https:\/\/www.scuola.cl\/sivm\/settimana-delleducazione-artistica\/#breadcrumb\",\"itemListElement\":[{\"@type\":\"ListItem\",\"position\":1,\"name\":\"Inicio\",\"item\":\"https:\/\/www.scuola.cl\/sivm\/\"},{\"@type\":\"ListItem\",\"position\":2,\"name\":\"Noticias\",\"item\":\"https:\/\/www.scuola.cl\/sivm\/category\/noticias\/\"},{\"@type\":\"ListItem\",\"position\":3,\"name\":\"Settimana dell\u2019educazione artistica\"}]},{\"@type\":\"WebSite\",\"@id\":\"https:\/\/www.scuola.cl\/sivm\/#website\",\"url\":\"https:\/\/www.scuola.cl\/sivm\/\",\"name\":\"Scuola Italiana\",\"description\":\"Vittorio Montiglio\",\"publisher\":{\"@id\":\"https:\/\/www.scuola.cl\/sivm\/#organization\"},\"potentialAction\":[{\"@type\":\"SearchAction\",\"target\":{\"@type\":\"EntryPoint\",\"urlTemplate\":\"https:\/\/www.scuola.cl\/sivm\/?s={search_term_string}\"},\"query-input\":{\"@type\":\"PropertyValueSpecification\",\"valueRequired\":true,\"valueName\":\"search_term_string\"}}],\"inLanguage\":\"es\"},{\"@type\":\"Organization\",\"@id\":\"https:\/\/www.scuola.cl\/sivm\/#organization\",\"name\":\"Scuola Italiana Vittorio Montiglio\",\"url\":\"https:\/\/www.scuola.cl\/sivm\/\",\"logo\":{\"@type\":\"ImageObject\",\"inLanguage\":\"es\",\"@id\":\"https:\/\/www.scuola.cl\/sivm\/#\/schema\/logo\/image\/\",\"url\":\"https:\/\/www.scuola.cl\/sivm\/wp-content\/uploads\/2019\/06\/Logo_Scuola-01-001-1000x1000.png\",\"contentUrl\":\"https:\/\/www.scuola.cl\/sivm\/wp-content\/uploads\/2019\/06\/Logo_Scuola-01-001-1000x1000.png\",\"width\":1000,\"height\":1000,\"caption\":\"Scuola Italiana Vittorio Montiglio\"},\"image\":{\"@id\":\"https:\/\/www.scuola.cl\/sivm\/#\/schema\/logo\/image\/\"}},{\"@type\":\"Person\",\"@id\":\"https:\/\/www.scuola.cl\/sivm\/#\/schema\/person\/2ac68abc1b548ee6d8e16c4d3727d1b2\",\"name\":\"Comunicaciones\",\"image\":{\"@type\":\"ImageObject\",\"inLanguage\":\"es\",\"@id\":\"https:\/\/www.scuola.cl\/sivm\/#\/schema\/person\/image\/\",\"url\":\"https:\/\/secure.gravatar.com\/avatar\/0b29fd7cdce1ec9939eded19ce85d6ed73acf03fb52d098b0641aed356fe6aeb?s=96&d=mm&r=g\",\"contentUrl\":\"https:\/\/secure.gravatar.com\/avatar\/0b29fd7cdce1ec9939eded19ce85d6ed73acf03fb52d098b0641aed356fe6aeb?s=96&d=mm&r=g\",\"caption\":\"Comunicaciones\"},\"url\":\"https:\/\/www.scuola.cl\/sivm\/author\/comunicaciones-scuola\/\"}]}<\/script>\n<!-- \/ Yoast SEO plugin. -->","yoast_head_json":{"title":"Settimana dell\u2019educazione artistica - Scuola Italiana","robots":{"index":"index","follow":"follow","max-snippet":"max-snippet:-1","max-image-preview":"max-image-preview:large","max-video-preview":"max-video-preview:-1"},"canonical":"https:\/\/www.scuola.cl\/sivm\/settimana-delleducazione-artistica\/","og_locale":"es_ES","og_type":"article","og_title":"Settimana dell\u2019educazione artistica - Scuola Italiana","og_description":"Con diversas actividades art\u00edstico culturales organizadas por el Depto. de Arte y M\u00fasica de la Scuola, celebramos del lunes 15 al viernes 19 de mayo, la Semana de la Educaci\u00f3n Art\u00edstica (SEA).","og_url":"https:\/\/www.scuola.cl\/sivm\/settimana-delleducazione-artistica\/","og_site_name":"Scuola Italiana","article_published_time":"2023-05-22T17:52:15+00:00","article_modified_time":"2023-05-22T17:55:36+00:00","og_image":[{"width":900,"height":610,"url":"https:\/\/www.scuola.cl\/sivm\/wp-content\/uploads\/2023\/05\/Semana-Ed.-Artistica-2.jpg","type":"image\/jpeg"}],"author":"Comunicaciones","twitter_card":"summary_large_image","twitter_misc":{"Escrito por":"Comunicaciones","Tiempo de lectura":"1 minuto"},"schema":{"@context":"https:\/\/schema.org","@graph":[{"@type":"Article","@id":"https:\/\/www.scuola.cl\/sivm\/settimana-delleducazione-artistica\/#article","isPartOf":{"@id":"https:\/\/www.scuola.cl\/sivm\/settimana-delleducazione-artistica\/"},"author":{"name":"Comunicaciones","@id":"https:\/\/www.scuola.cl\/sivm\/#\/schema\/person\/2ac68abc1b548ee6d8e16c4d3727d1b2"},"headline":"Settimana dell\u2019educazione artistica","datePublished":"2023-05-22T17:52:15+00:00","dateModified":"2023-05-22T17:55:36+00:00","mainEntityOfPage":{"@id":"https:\/\/www.scuola.cl\/sivm\/settimana-delleducazione-artistica\/"},"wordCount":181,"publisher":{"@id":"https:\/\/www.scuola.cl\/sivm\/#organization"},"image":{"@id":"https:\/\/www.scuola.cl\/sivm\/settimana-delleducazione-artistica\/#primaryimage"},"thumbnailUrl":"https:\/\/www.scuola.cl\/sivm\/wp-content\/uploads\/2023\/05\/Semana-Ed.-Artistica-2.jpg","articleSection":["Cultura","Noticias"],"inLanguage":"es"},{"@type":"WebPage","@id":"https:\/\/www.scuola.cl\/sivm\/settimana-delleducazione-artistica\/","url":"https:\/\/www.scuola.cl\/sivm\/settimana-delleducazione-artistica\/","name":"Settimana dell\u2019educazione artistica - Scuola Italiana","isPartOf":{"@id":"https:\/\/www.scuola.cl\/sivm\/#website"},"primaryImageOfPage":{"@id":"https:\/\/www.scuola.cl\/sivm\/settimana-delleducazione-artistica\/#primaryimage"},"image":{"@id":"https:\/\/www.scuola.cl\/sivm\/settimana-delleducazione-artistica\/#primaryimage"},"thumbnailUrl":"https:\/\/www.scuola.cl\/sivm\/wp-content\/uploads\/2023\/05\/Semana-Ed.-Artistica-2.jpg","datePublished":"2023-05-22T17:52:15+00:00","dateModified":"2023-05-22T17:55:36+00:00","breadcrumb":{"@id":"https:\/\/www.scuola.cl\/sivm\/settimana-delleducazione-artistica\/#breadcrumb"},"inLanguage":"es","potentialAction":[{"@type":"ReadAction","target":["https:\/\/www.scuola.cl\/sivm\/settimana-delleducazione-artistica\/"]}]},{"@type":"ImageObject","inLanguage":"es","@id":"https:\/\/www.scuola.cl\/sivm\/settimana-delleducazione-artistica\/#primaryimage","url":"https:\/\/www.scuola.cl\/sivm\/wp-content\/uploads\/2023\/05\/Semana-Ed.-Artistica-2.jpg","contentUrl":"https:\/\/www.scuola.cl\/sivm\/wp-content\/uploads\/2023\/05\/Semana-Ed.-Artistica-2.jpg","width":900,"height":610},{"@type":"BreadcrumbList","@id":"https:\/\/www.scuola.cl\/sivm\/settimana-delleducazione-artistica\/#breadcrumb","itemListElement":[{"@type":"ListItem","position":1,"name":"Inicio","item":"https:\/\/www.scuola.cl\/sivm\/"},{"@type":"ListItem","position":2,"name":"Noticias","item":"https:\/\/www.scuola.cl\/sivm\/category\/noticias\/"},{"@type":"ListItem","position":3,"name":"Settimana dell\u2019educazione artistica"}]},{"@type":"WebSite","@id":"https:\/\/www.scuola.cl\/sivm\/#website","url":"https:\/\/www.scuola.cl\/sivm\/","name":"Scuola Italiana","description":"Vittorio Montiglio","publisher":{"@id":"https:\/\/www.scuola.cl\/sivm\/#organization"},"potentialAction":[{"@type":"SearchAction","target":{"@type":"EntryPoint","urlTemplate":"https:\/\/www.scuola.cl\/sivm\/?s={search_term_string}"},"query-input":{"@type":"PropertyValueSpecification","valueRequired":true,"valueName":"search_term_string"}}],"inLanguage":"es"},{"@type":"Organization","@id":"https:\/\/www.scuola.cl\/sivm\/#organization","name":"Scuola Italiana Vittorio Montiglio","url":"https:\/\/www.scuola.cl\/sivm\/","logo":{"@type":"ImageObject","inLanguage":"es","@id":"https:\/\/www.scuola.cl\/sivm\/#\/schema\/logo\/image\/","url":"https:\/\/www.scuola.cl\/sivm\/wp-content\/uploads\/2019\/06\/Logo_Scuola-01-001-1000x1000.png","contentUrl":"https:\/\/www.scuola.cl\/sivm\/wp-content\/uploads\/2019\/06\/Logo_Scuola-01-001-1000x1000.png","width":1000,"height":1000,"caption":"Scuola Italiana Vittorio Montiglio"},"image":{"@id":"https:\/\/www.scuola.cl\/sivm\/#\/schema\/logo\/image\/"}},{"@type":"Person","@id":"https:\/\/www.scuola.cl\/sivm\/#\/schema\/person\/2ac68abc1b548ee6d8e16c4d3727d1b2","name":"Comunicaciones","image":{"@type":"ImageObject","inLanguage":"es","@id":"https:\/\/www.scuola.cl\/sivm\/#\/schema\/person\/image\/","url":"https:\/\/secure.gravatar.com\/avatar\/0b29fd7cdce1ec9939eded19ce85d6ed73acf03fb52d098b0641aed356fe6aeb?s=96&d=mm&r=g","contentUrl":"https:\/\/secure.gravatar.com\/avatar\/0b29fd7cdce1ec9939eded19ce85d6ed73acf03fb52d098b0641aed356fe6aeb?s=96&d=mm&r=g","caption":"Comunicaciones"},"url":"https:\/\/www.scuola.cl\/sivm\/author\/comunicaciones-scuola\/"}]}},"_links":{"self":[{"href":"https:\/\/www.scuola.cl\/sivm\/wp-json\/wp\/v2\/posts\/21495","targetHints":{"allow":["GET"]}}],"collection":[{"href":"https:\/\/www.scuola.cl\/sivm\/wp-json\/wp\/v2\/posts"}],"about":[{"href":"https:\/\/www.scuola.cl\/sivm\/wp-json\/wp\/v2\/types\/post"}],"author":[{"embeddable":true,"href":"https:\/\/www.scuola.cl\/sivm\/wp-json\/wp\/v2\/users\/2"}],"replies":[{"embeddable":true,"href":"https:\/\/www.scuola.cl\/sivm\/wp-json\/wp\/v2\/comments?post=21495"}],"version-history":[{"count":7,"href":"https:\/\/www.scuola.cl\/sivm\/wp-json\/wp\/v2\/posts\/21495\/revisions"}],"predecessor-version":[{"id":21542,"href":"https:\/\/www.scuola.cl\/sivm\/wp-json\/wp\/v2\/posts\/21495\/revisions\/21542"}],"wp:featuredmedia":[{"embeddable":true,"href":"https:\/\/www.scuola.cl\/sivm\/wp-json\/wp\/v2\/media\/21535"}],"wp:attachment":[{"href":"https:\/\/www.scuola.cl\/sivm\/wp-json\/wp\/v2\/media?parent=21495"}],"wp:term":[{"taxonomy":"category","embeddable":true,"href":"https:\/\/www.scuola.cl\/sivm\/wp-json\/wp\/v2\/categories?post=21495"},{"taxonomy":"post_tag","embeddable":true,"href":"https:\/\/www.scuola.cl\/sivm\/wp-json\/wp\/v2\/tags?post=21495"}],"curies":[{"name":"wp","href":"https:\/\/api.w.org\/{rel}","templated":true}]}}