{"id":21249,"date":"2023-04-19T12:41:01","date_gmt":"2023-04-19T15:41:01","guid":{"rendered":"https:\/\/www.scuola.cl\/sivm\/?p=21249"},"modified":"2023-04-24T17:37:03","modified_gmt":"2023-04-24T20:37:03","slug":"resultados-deportivos-3","status":"publish","type":"post","link":"https:\/\/www.scuola.cl\/sivm\/resultados-deportivos-3\/","title":{"rendered":"Resultados Deportivos"},"content":{"rendered":"\n<p><strong>Atletismo<\/strong><\/p>\n<p>El s\u00e1bado 22 de abril, en el Colegio Mariano de Providencia, se realiz\u00f3 <em>1\u00b0<\/em> <em>Encuentro entre colegios <\/em>de este a\u00f1o.<\/p>\n<p>Esta instancia, que este a\u00f1o fue abierta a todos los estudiantes del Taller de Atletismo en las categor\u00edas de Preparatoria, Infantil e Intermedia, es ideal para compartir, entrenar y conocer a compa\u00f1eros de otras instituciones.<\/p>\n<p>Agradecemos el compromiso y responsabilidad de los estudiantes y de los apoderados que asistieron.<\/p>\n<p>Profesores Juan Carlos Fuentes, Claudia Cornejo y Javiera Fuentes.<\/p>\n<p><img loading=\"lazy\" decoding=\"async\" class=\"alignnone wp-image-21320 size-large\" src=\"https:\/\/www.scuola.cl\/sivm\/wp-content\/uploads\/2023\/04\/20230422_120746-700x323.jpg\" alt=\"\" width=\"700\" height=\"323\" srcset=\"https:\/\/www.scuola.cl\/sivm\/wp-content\/uploads\/2023\/04\/20230422_120746-700x323.jpg 700w, https:\/\/www.scuola.cl\/sivm\/wp-content\/uploads\/2023\/04\/20230422_120746-250x116.jpg 250w, https:\/\/www.scuola.cl\/sivm\/wp-content\/uploads\/2023\/04\/20230422_120746-768x355.jpg 768w, https:\/\/www.scuola.cl\/sivm\/wp-content\/uploads\/2023\/04\/20230422_120746-1536x710.jpg 1536w, https:\/\/www.scuola.cl\/sivm\/wp-content\/uploads\/2023\/04\/20230422_120746-2048x946.jpg 2048w, https:\/\/www.scuola.cl\/sivm\/wp-content\/uploads\/2023\/04\/20230422_120746-120x55.jpg 120w\" sizes=\"auto, (max-width: 700px) 100vw, 700px\" \/><\/p>\n<p><strong>Nataci\u00f3n<\/strong><\/p>\n<p>El 22 de abril, la Selecci\u00f3n de Nuoto, se traslad\u00f3 al AQUATICS CENTER NIDO DE \u00c1GUILAS para participar en el \u201cJUNIOR SWIM INTERNAL MEET\u201d. La Scuola estuvo representada por los siguientes alumnos: Maite Ocqueteau, Delfina Spinetto, Ignacia Jara, Guadalupe Mora, Mar\u00eda Gracia Fuenzalida, Violeta Saens, Catalina Avenda\u00f1o, Teo Fuchs, Santiago Garaycochea, Milan Susaeta, Santiago Iriarte y Benjam\u00edn Cavalla.<\/p>\n<p>Felicitamos a nuestros seleccionados por su participaci\u00f3n, entrega y responsabilidad, fruto de su compromiso y perseverancia en nuestro Taller.<\/p>\n<p>Agradecemos tambi\u00e9n a todos los apoderados que acompa\u00f1aron, apoyaron y vibraron al ver en competencia a sus hijos.<\/p>\n<p>\u201cCONGRATULAZIONI\u201d<\/p>\n<p>(Prof. Pedro Olivares)<\/p>\n<p><img loading=\"lazy\" decoding=\"async\" class=\"alignnone wp-image-21321 size-large\" src=\"https:\/\/www.scuola.cl\/sivm\/wp-content\/uploads\/2023\/04\/2023-04-24-16_35_28-E.F.-Nuoto-INFO-MURAL-Nido-de-Aguilas-22-de-abril-Word-700x406.png\" alt=\"\" width=\"700\" height=\"406\" srcset=\"https:\/\/www.scuola.cl\/sivm\/wp-content\/uploads\/2023\/04\/2023-04-24-16_35_28-E.F.-Nuoto-INFO-MURAL-Nido-de-Aguilas-22-de-abril-Word-700x406.png 700w, https:\/\/www.scuola.cl\/sivm\/wp-content\/uploads\/2023\/04\/2023-04-24-16_35_28-E.F.-Nuoto-INFO-MURAL-Nido-de-Aguilas-22-de-abril-Word-250x145.png 250w, https:\/\/www.scuola.cl\/sivm\/wp-content\/uploads\/2023\/04\/2023-04-24-16_35_28-E.F.-Nuoto-INFO-MURAL-Nido-de-Aguilas-22-de-abril-Word-768x445.png 768w, https:\/\/www.scuola.cl\/sivm\/wp-content\/uploads\/2023\/04\/2023-04-24-16_35_28-E.F.-Nuoto-INFO-MURAL-Nido-de-Aguilas-22-de-abril-Word-120x70.png 120w, https:\/\/www.scuola.cl\/sivm\/wp-content\/uploads\/2023\/04\/2023-04-24-16_35_28-E.F.-Nuoto-INFO-MURAL-Nido-de-Aguilas-22-de-abril-Word.png 1132w\" sizes=\"auto, (max-width: 700px) 100vw, 700px\" \/><\/p>\n<p><strong>Nataci\u00f3n<\/strong><\/p>\n<p><em>Campeonato Clasificatorio Escolar \u201cSoprole 2023\u201d (Prof. Pedro Olivares)<\/em><\/p>\n<p>La Selecci\u00f3n de Nuoto de la Scuola, particip\u00f3 en el \u201cClasificatorio Escolar Soprole\u201d realizado en la piscina de la Universidad San Sebasti\u00e1n.<\/p>\n<p>Nuestro colegio estuvo representado por los alumnos: Diego D\u00edaz de la Vega, Amanda Apara, Laura Apara, Pedro Baena, Ricardo Brin, Teo Fuchs, Ignacio Guerrero y Julie Troiano, quienes obtuvieron el 9\u00b0 Lugar como equipos de un total de 87 colegios que asistieron a este campeonato.\u00a0<\/p>\n<p>Destacamos la participaci\u00f3n de Laura Apara que clasific\u00f3 para la final en dos pruebas, en las cuales obtuvo 2\u00b0 Lugar en 50 Mts. pecho y 3\u00b0 Lugar en 50 Mts. libre.<\/p>\n<p>Complimenti!<\/p>\n<p><img loading=\"lazy\" decoding=\"async\" class=\"alignnone wp-image-21260 size-large\" src=\"https:\/\/www.scuola.cl\/sivm\/wp-content\/uploads\/2023\/04\/Clasificatorio-Soprole-Abril-2-700x515.png\" alt=\"\" width=\"700\" height=\"515\" srcset=\"https:\/\/www.scuola.cl\/sivm\/wp-content\/uploads\/2023\/04\/Clasificatorio-Soprole-Abril-2-700x515.png 700w, https:\/\/www.scuola.cl\/sivm\/wp-content\/uploads\/2023\/04\/Clasificatorio-Soprole-Abril-2-250x184.png 250w, https:\/\/www.scuola.cl\/sivm\/wp-content\/uploads\/2023\/04\/Clasificatorio-Soprole-Abril-2-768x565.png 768w, https:\/\/www.scuola.cl\/sivm\/wp-content\/uploads\/2023\/04\/Clasificatorio-Soprole-Abril-2-120x88.png 120w, https:\/\/www.scuola.cl\/sivm\/wp-content\/uploads\/2023\/04\/Clasificatorio-Soprole-Abril-2.png 994w\" sizes=\"auto, (max-width: 700px) 100vw, 700px\" \/><\/p>\n<p><strong>Atletismo<\/strong><\/p>\n<p><em>Campeonato \u201cRolf Hoppe Atl\u00e9tico Franc\u00e9s\u201d (Por profesores Juan Carlos Fuentes y Claudia Cornejo)<\/em><\/p>\n<p>El s\u00e1bado 15 de abril, un grupo de estudiantes compuesto por Mart\u00edn Villegas, Benjam\u00edn Araya, Benjam\u00edn Aros, Santiago Figueroa, Martina Ferrari, Matilde Macchiavello y Emma Torres, particip\u00f3 en el campeonato \u201cRolf Hoppe Atl\u00e9tico Franc\u00e9s\u201d, en las categor\u00edas Preparatoria (60 Mts. planos Salto largo) y Superior (100 Mts. planos)<br \/>Destacamos el resultado del alumno Mart\u00edn Villegas (IV B), que obtuvo el 2do lugar en los 100 Mts. planos.<br \/>\u00a1Felicitaciones!<br \/><br \/><img loading=\"lazy\" decoding=\"async\" class=\"alignnone wp-image-21261 size-large\" src=\"https:\/\/www.scuola.cl\/sivm\/wp-content\/uploads\/2023\/04\/Screenshot_20230417_184133_WhatsApp-700x609.jpg\" alt=\"\" width=\"700\" height=\"609\" srcset=\"https:\/\/www.scuola.cl\/sivm\/wp-content\/uploads\/2023\/04\/Screenshot_20230417_184133_WhatsApp-700x609.jpg 700w, https:\/\/www.scuola.cl\/sivm\/wp-content\/uploads\/2023\/04\/Screenshot_20230417_184133_WhatsApp-250x217.jpg 250w, https:\/\/www.scuola.cl\/sivm\/wp-content\/uploads\/2023\/04\/Screenshot_20230417_184133_WhatsApp-768x668.jpg 768w, https:\/\/www.scuola.cl\/sivm\/wp-content\/uploads\/2023\/04\/Screenshot_20230417_184133_WhatsApp-120x104.jpg 120w, https:\/\/www.scuola.cl\/sivm\/wp-content\/uploads\/2023\/04\/Screenshot_20230417_184133_WhatsApp.jpg 1079w\" sizes=\"auto, (max-width: 700px) 100vw, 700px\" \/><\/p>\n<p><strong>F\u00fatbol:<\/strong><\/p>\n<p><em>Copa Scuola<\/em><\/p>\n<p><a href=\"https:\/\/drive.google.com\/drive\/folders\/1DLDWsSuEHPiSsvK-rY_E-tbKjmsv7c7r?usp=sharing\" target=\"_blank\" rel=\"noopener\">Fechas y Estad\u00edsticas\u00a0<\/a><\/p>\n<p><img loading=\"lazy\" decoding=\"async\" class=\"alignnone wp-image-21250 size-large\" src=\"https:\/\/www.scuola.cl\/sivm\/wp-content\/uploads\/2023\/04\/Afiche-copa-Scuola-700x368.png\" alt=\"\" width=\"700\" height=\"368\" srcset=\"https:\/\/www.scuola.cl\/sivm\/wp-content\/uploads\/2023\/04\/Afiche-copa-Scuola-700x368.png 700w, https:\/\/www.scuola.cl\/sivm\/wp-content\/uploads\/2023\/04\/Afiche-copa-Scuola-250x131.png 250w, https:\/\/www.scuola.cl\/sivm\/wp-content\/uploads\/2023\/04\/Afiche-copa-Scuola-120x63.png 120w, https:\/\/www.scuola.cl\/sivm\/wp-content\/uploads\/2023\/04\/Afiche-copa-Scuola.png 765w\" sizes=\"auto, (max-width: 700px) 100vw, 700px\" \/><\/p>\n<p>\u00a0<\/p>\n<p>\u00a0<\/p>\n","protected":false},"excerpt":{"rendered":"A continuaci\u00f3n, podr\u00e1n revisar los resultados que obtuvieron en la semana las selecciones deportivas. Destacamos el desempe\u00f1o y compromiso demostrado por nuestros alumnos.","protected":false},"author":2,"featured_media":21253,"comment_status":"closed","ping_status":"closed","sticky":false,"template":"","format":"standard","meta":{"_acf_changed":false,"footnotes":""},"categories":[12,5],"tags":[],"class_list":["post-21249","post","type-post","status-publish","format-standard","has-post-thumbnail","hentry","category-deportes","category-noticias"],"acf":[],"yoast_head":"<!-- This site is optimized with the Yoast SEO plugin v27.1.1 - https:\/\/yoast.com\/product\/yoast-seo-wordpress\/ -->\n<title>Resultados Deportivos - Scuola Italiana<\/title>\n<meta name=\"robots\" content=\"index, follow, max-snippet:-1, max-image-preview:large, max-video-preview:-1\" \/>\n<link rel=\"canonical\" href=\"https:\/\/www.scuola.cl\/sivm\/resultados-deportivos-3\/\" \/>\n<meta property=\"og:locale\" content=\"es_ES\" \/>\n<meta property=\"og:type\" content=\"article\" \/>\n<meta property=\"og:title\" content=\"Resultados Deportivos - Scuola Italiana\" \/>\n<meta property=\"og:description\" content=\"A continuaci\u00f3n, podr\u00e1n revisar los resultados que obtuvieron en la semana las selecciones deportivas. Destacamos el desempe\u00f1o y compromiso demostrado por nuestros alumnos.\" \/>\n<meta property=\"og:url\" content=\"https:\/\/www.scuola.cl\/sivm\/resultados-deportivos-3\/\" \/>\n<meta property=\"og:site_name\" content=\"Scuola Italiana\" \/>\n<meta property=\"article:published_time\" content=\"2023-04-19T15:41:01+00:00\" \/>\n<meta property=\"article:modified_time\" content=\"2023-04-24T20:37:03+00:00\" \/>\n<meta property=\"og:image\" content=\"https:\/\/www.scuola.cl\/sivm\/wp-content\/uploads\/2023\/04\/Banner_Resultados_Deportivos.jpg\" \/>\n\t<meta property=\"og:image:width\" content=\"900\" \/>\n\t<meta property=\"og:image:height\" content=\"610\" \/>\n\t<meta property=\"og:image:type\" content=\"image\/jpeg\" \/>\n<meta name=\"author\" content=\"Comunicaciones\" \/>\n<meta name=\"twitter:card\" content=\"summary_large_image\" \/>\n<meta name=\"twitter:label1\" content=\"Escrito por\" \/>\n\t<meta name=\"twitter:data1\" content=\"Comunicaciones\" \/>\n\t<meta name=\"twitter:label2\" content=\"Tiempo de lectura\" \/>\n\t<meta name=\"twitter:data2\" content=\"3 minutos\" \/>\n<script type=\"application\/ld+json\" class=\"yoast-schema-graph\">{\"@context\":\"https:\/\/schema.org\",\"@graph\":[{\"@type\":\"Article\",\"@id\":\"https:\/\/www.scuola.cl\/sivm\/resultados-deportivos-3\/#article\",\"isPartOf\":{\"@id\":\"https:\/\/www.scuola.cl\/sivm\/resultados-deportivos-3\/\"},\"author\":{\"name\":\"Comunicaciones\",\"@id\":\"https:\/\/www.scuola.cl\/sivm\/#\/schema\/person\/2ac68abc1b548ee6d8e16c4d3727d1b2\"},\"headline\":\"Resultados Deportivos\",\"datePublished\":\"2023-04-19T15:41:01+00:00\",\"dateModified\":\"2023-04-24T20:37:03+00:00\",\"mainEntityOfPage\":{\"@id\":\"https:\/\/www.scuola.cl\/sivm\/resultados-deportivos-3\/\"},\"wordCount\":393,\"publisher\":{\"@id\":\"https:\/\/www.scuola.cl\/sivm\/#organization\"},\"image\":{\"@id\":\"https:\/\/www.scuola.cl\/sivm\/resultados-deportivos-3\/#primaryimage\"},\"thumbnailUrl\":\"https:\/\/www.scuola.cl\/sivm\/wp-content\/uploads\/2023\/04\/Banner_Resultados_Deportivos.jpg\",\"articleSection\":[\"Deportes\",\"Noticias\"],\"inLanguage\":\"es\"},{\"@type\":\"WebPage\",\"@id\":\"https:\/\/www.scuola.cl\/sivm\/resultados-deportivos-3\/\",\"url\":\"https:\/\/www.scuola.cl\/sivm\/resultados-deportivos-3\/\",\"name\":\"Resultados Deportivos - Scuola Italiana\",\"isPartOf\":{\"@id\":\"https:\/\/www.scuola.cl\/sivm\/#website\"},\"primaryImageOfPage\":{\"@id\":\"https:\/\/www.scuola.cl\/sivm\/resultados-deportivos-3\/#primaryimage\"},\"image\":{\"@id\":\"https:\/\/www.scuola.cl\/sivm\/resultados-deportivos-3\/#primaryimage\"},\"thumbnailUrl\":\"https:\/\/www.scuola.cl\/sivm\/wp-content\/uploads\/2023\/04\/Banner_Resultados_Deportivos.jpg\",\"datePublished\":\"2023-04-19T15:41:01+00:00\",\"dateModified\":\"2023-04-24T20:37:03+00:00\",\"breadcrumb\":{\"@id\":\"https:\/\/www.scuola.cl\/sivm\/resultados-deportivos-3\/#breadcrumb\"},\"inLanguage\":\"es\",\"potentialAction\":[{\"@type\":\"ReadAction\",\"target\":[\"https:\/\/www.scuola.cl\/sivm\/resultados-deportivos-3\/\"]}]},{\"@type\":\"ImageObject\",\"inLanguage\":\"es\",\"@id\":\"https:\/\/www.scuola.cl\/sivm\/resultados-deportivos-3\/#primaryimage\",\"url\":\"https:\/\/www.scuola.cl\/sivm\/wp-content\/uploads\/2023\/04\/Banner_Resultados_Deportivos.jpg\",\"contentUrl\":\"https:\/\/www.scuola.cl\/sivm\/wp-content\/uploads\/2023\/04\/Banner_Resultados_Deportivos.jpg\",\"width\":900,\"height\":610},{\"@type\":\"BreadcrumbList\",\"@id\":\"https:\/\/www.scuola.cl\/sivm\/resultados-deportivos-3\/#breadcrumb\",\"itemListElement\":[{\"@type\":\"ListItem\",\"position\":1,\"name\":\"Inicio\",\"item\":\"https:\/\/www.scuola.cl\/sivm\/\"},{\"@type\":\"ListItem\",\"position\":2,\"name\":\"Noticias\",\"item\":\"https:\/\/www.scuola.cl\/sivm\/category\/noticias\/\"},{\"@type\":\"ListItem\",\"position\":3,\"name\":\"Deportes\",\"item\":\"https:\/\/www.scuola.cl\/sivm\/category\/noticias\/deportes\/\"},{\"@type\":\"ListItem\",\"position\":4,\"name\":\"Resultados Deportivos\"}]},{\"@type\":\"WebSite\",\"@id\":\"https:\/\/www.scuola.cl\/sivm\/#website\",\"url\":\"https:\/\/www.scuola.cl\/sivm\/\",\"name\":\"Scuola Italiana\",\"description\":\"Vittorio Montiglio\",\"publisher\":{\"@id\":\"https:\/\/www.scuola.cl\/sivm\/#organization\"},\"potentialAction\":[{\"@type\":\"SearchAction\",\"target\":{\"@type\":\"EntryPoint\",\"urlTemplate\":\"https:\/\/www.scuola.cl\/sivm\/?s={search_term_string}\"},\"query-input\":{\"@type\":\"PropertyValueSpecification\",\"valueRequired\":true,\"valueName\":\"search_term_string\"}}],\"inLanguage\":\"es\"},{\"@type\":\"Organization\",\"@id\":\"https:\/\/www.scuola.cl\/sivm\/#organization\",\"name\":\"Scuola Italiana Vittorio Montiglio\",\"url\":\"https:\/\/www.scuola.cl\/sivm\/\",\"logo\":{\"@type\":\"ImageObject\",\"inLanguage\":\"es\",\"@id\":\"https:\/\/www.scuola.cl\/sivm\/#\/schema\/logo\/image\/\",\"url\":\"https:\/\/www.scuola.cl\/sivm\/wp-content\/uploads\/2019\/06\/Logo_Scuola-01-001-1000x1000.png\",\"contentUrl\":\"https:\/\/www.scuola.cl\/sivm\/wp-content\/uploads\/2019\/06\/Logo_Scuola-01-001-1000x1000.png\",\"width\":1000,\"height\":1000,\"caption\":\"Scuola Italiana Vittorio Montiglio\"},\"image\":{\"@id\":\"https:\/\/www.scuola.cl\/sivm\/#\/schema\/logo\/image\/\"}},{\"@type\":\"Person\",\"@id\":\"https:\/\/www.scuola.cl\/sivm\/#\/schema\/person\/2ac68abc1b548ee6d8e16c4d3727d1b2\",\"name\":\"Comunicaciones\",\"image\":{\"@type\":\"ImageObject\",\"inLanguage\":\"es\",\"@id\":\"https:\/\/www.scuola.cl\/sivm\/#\/schema\/person\/image\/\",\"url\":\"https:\/\/secure.gravatar.com\/avatar\/0b29fd7cdce1ec9939eded19ce85d6ed73acf03fb52d098b0641aed356fe6aeb?s=96&d=mm&r=g\",\"contentUrl\":\"https:\/\/secure.gravatar.com\/avatar\/0b29fd7cdce1ec9939eded19ce85d6ed73acf03fb52d098b0641aed356fe6aeb?s=96&d=mm&r=g\",\"caption\":\"Comunicaciones\"},\"url\":\"https:\/\/www.scuola.cl\/sivm\/author\/comunicaciones-scuola\/\"}]}<\/script>\n<!-- \/ Yoast SEO plugin. -->","yoast_head_json":{"title":"Resultados Deportivos - Scuola Italiana","robots":{"index":"index","follow":"follow","max-snippet":"max-snippet:-1","max-image-preview":"max-image-preview:large","max-video-preview":"max-video-preview:-1"},"canonical":"https:\/\/www.scuola.cl\/sivm\/resultados-deportivos-3\/","og_locale":"es_ES","og_type":"article","og_title":"Resultados Deportivos - Scuola Italiana","og_description":"A continuaci\u00f3n, podr\u00e1n revisar los resultados que obtuvieron en la semana las selecciones deportivas. Destacamos el desempe\u00f1o y compromiso demostrado por nuestros alumnos.","og_url":"https:\/\/www.scuola.cl\/sivm\/resultados-deportivos-3\/","og_site_name":"Scuola Italiana","article_published_time":"2023-04-19T15:41:01+00:00","article_modified_time":"2023-04-24T20:37:03+00:00","og_image":[{"width":900,"height":610,"url":"https:\/\/www.scuola.cl\/sivm\/wp-content\/uploads\/2023\/04\/Banner_Resultados_Deportivos.jpg","type":"image\/jpeg"}],"author":"Comunicaciones","twitter_card":"summary_large_image","twitter_misc":{"Escrito por":"Comunicaciones","Tiempo de lectura":"3 minutos"},"schema":{"@context":"https:\/\/schema.org","@graph":[{"@type":"Article","@id":"https:\/\/www.scuola.cl\/sivm\/resultados-deportivos-3\/#article","isPartOf":{"@id":"https:\/\/www.scuola.cl\/sivm\/resultados-deportivos-3\/"},"author":{"name":"Comunicaciones","@id":"https:\/\/www.scuola.cl\/sivm\/#\/schema\/person\/2ac68abc1b548ee6d8e16c4d3727d1b2"},"headline":"Resultados Deportivos","datePublished":"2023-04-19T15:41:01+00:00","dateModified":"2023-04-24T20:37:03+00:00","mainEntityOfPage":{"@id":"https:\/\/www.scuola.cl\/sivm\/resultados-deportivos-3\/"},"wordCount":393,"publisher":{"@id":"https:\/\/www.scuola.cl\/sivm\/#organization"},"image":{"@id":"https:\/\/www.scuola.cl\/sivm\/resultados-deportivos-3\/#primaryimage"},"thumbnailUrl":"https:\/\/www.scuola.cl\/sivm\/wp-content\/uploads\/2023\/04\/Banner_Resultados_Deportivos.jpg","articleSection":["Deportes","Noticias"],"inLanguage":"es"},{"@type":"WebPage","@id":"https:\/\/www.scuola.cl\/sivm\/resultados-deportivos-3\/","url":"https:\/\/www.scuola.cl\/sivm\/resultados-deportivos-3\/","name":"Resultados Deportivos - Scuola Italiana","isPartOf":{"@id":"https:\/\/www.scuola.cl\/sivm\/#website"},"primaryImageOfPage":{"@id":"https:\/\/www.scuola.cl\/sivm\/resultados-deportivos-3\/#primaryimage"},"image":{"@id":"https:\/\/www.scuola.cl\/sivm\/resultados-deportivos-3\/#primaryimage"},"thumbnailUrl":"https:\/\/www.scuola.cl\/sivm\/wp-content\/uploads\/2023\/04\/Banner_Resultados_Deportivos.jpg","datePublished":"2023-04-19T15:41:01+00:00","dateModified":"2023-04-24T20:37:03+00:00","breadcrumb":{"@id":"https:\/\/www.scuola.cl\/sivm\/resultados-deportivos-3\/#breadcrumb"},"inLanguage":"es","potentialAction":[{"@type":"ReadAction","target":["https:\/\/www.scuola.cl\/sivm\/resultados-deportivos-3\/"]}]},{"@type":"ImageObject","inLanguage":"es","@id":"https:\/\/www.scuola.cl\/sivm\/resultados-deportivos-3\/#primaryimage","url":"https:\/\/www.scuola.cl\/sivm\/wp-content\/uploads\/2023\/04\/Banner_Resultados_Deportivos.jpg","contentUrl":"https:\/\/www.scuola.cl\/sivm\/wp-content\/uploads\/2023\/04\/Banner_Resultados_Deportivos.jpg","width":900,"height":610},{"@type":"BreadcrumbList","@id":"https:\/\/www.scuola.cl\/sivm\/resultados-deportivos-3\/#breadcrumb","itemListElement":[{"@type":"ListItem","position":1,"name":"Inicio","item":"https:\/\/www.scuola.cl\/sivm\/"},{"@type":"ListItem","position":2,"name":"Noticias","item":"https:\/\/www.scuola.cl\/sivm\/category\/noticias\/"},{"@type":"ListItem","position":3,"name":"Deportes","item":"https:\/\/www.scuola.cl\/sivm\/category\/noticias\/deportes\/"},{"@type":"ListItem","position":4,"name":"Resultados Deportivos"}]},{"@type":"WebSite","@id":"https:\/\/www.scuola.cl\/sivm\/#website","url":"https:\/\/www.scuola.cl\/sivm\/","name":"Scuola Italiana","description":"Vittorio Montiglio","publisher":{"@id":"https:\/\/www.scuola.cl\/sivm\/#organization"},"potentialAction":[{"@type":"SearchAction","target":{"@type":"EntryPoint","urlTemplate":"https:\/\/www.scuola.cl\/sivm\/?s={search_term_string}"},"query-input":{"@type":"PropertyValueSpecification","valueRequired":true,"valueName":"search_term_string"}}],"inLanguage":"es"},{"@type":"Organization","@id":"https:\/\/www.scuola.cl\/sivm\/#organization","name":"Scuola Italiana Vittorio Montiglio","url":"https:\/\/www.scuola.cl\/sivm\/","logo":{"@type":"ImageObject","inLanguage":"es","@id":"https:\/\/www.scuola.cl\/sivm\/#\/schema\/logo\/image\/","url":"https:\/\/www.scuola.cl\/sivm\/wp-content\/uploads\/2019\/06\/Logo_Scuola-01-001-1000x1000.png","contentUrl":"https:\/\/www.scuola.cl\/sivm\/wp-content\/uploads\/2019\/06\/Logo_Scuola-01-001-1000x1000.png","width":1000,"height":1000,"caption":"Scuola Italiana Vittorio Montiglio"},"image":{"@id":"https:\/\/www.scuola.cl\/sivm\/#\/schema\/logo\/image\/"}},{"@type":"Person","@id":"https:\/\/www.scuola.cl\/sivm\/#\/schema\/person\/2ac68abc1b548ee6d8e16c4d3727d1b2","name":"Comunicaciones","image":{"@type":"ImageObject","inLanguage":"es","@id":"https:\/\/www.scuola.cl\/sivm\/#\/schema\/person\/image\/","url":"https:\/\/secure.gravatar.com\/avatar\/0b29fd7cdce1ec9939eded19ce85d6ed73acf03fb52d098b0641aed356fe6aeb?s=96&d=mm&r=g","contentUrl":"https:\/\/secure.gravatar.com\/avatar\/0b29fd7cdce1ec9939eded19ce85d6ed73acf03fb52d098b0641aed356fe6aeb?s=96&d=mm&r=g","caption":"Comunicaciones"},"url":"https:\/\/www.scuola.cl\/sivm\/author\/comunicaciones-scuola\/"}]}},"_links":{"self":[{"href":"https:\/\/www.scuola.cl\/sivm\/wp-json\/wp\/v2\/posts\/21249","targetHints":{"allow":["GET"]}}],"collection":[{"href":"https:\/\/www.scuola.cl\/sivm\/wp-json\/wp\/v2\/posts"}],"about":[{"href":"https:\/\/www.scuola.cl\/sivm\/wp-json\/wp\/v2\/types\/post"}],"author":[{"embeddable":true,"href":"https:\/\/www.scuola.cl\/sivm\/wp-json\/wp\/v2\/users\/2"}],"replies":[{"embeddable":true,"href":"https:\/\/www.scuola.cl\/sivm\/wp-json\/wp\/v2\/comments?post=21249"}],"version-history":[{"count":11,"href":"https:\/\/www.scuola.cl\/sivm\/wp-json\/wp\/v2\/posts\/21249\/revisions"}],"predecessor-version":[{"id":21322,"href":"https:\/\/www.scuola.cl\/sivm\/wp-json\/wp\/v2\/posts\/21249\/revisions\/21322"}],"wp:featuredmedia":[{"embeddable":true,"href":"https:\/\/www.scuola.cl\/sivm\/wp-json\/wp\/v2\/media\/21253"}],"wp:attachment":[{"href":"https:\/\/www.scuola.cl\/sivm\/wp-json\/wp\/v2\/media?parent=21249"}],"wp:term":[{"taxonomy":"category","embeddable":true,"href":"https:\/\/www.scuola.cl\/sivm\/wp-json\/wp\/v2\/categories?post=21249"},{"taxonomy":"post_tag","embeddable":true,"href":"https:\/\/www.scuola.cl\/sivm\/wp-json\/wp\/v2\/tags?post=21249"}],"curies":[{"name":"wp","href":"https:\/\/api.w.org\/{rel}","templated":true}]}}