{"id":20118,"date":"2022-12-07T17:10:24","date_gmt":"2022-12-07T20:10:24","guid":{"rendered":"https:\/\/www.scuola.cl\/sivm\/?p=20118"},"modified":"2022-12-21T12:15:33","modified_gmt":"2022-12-21T15:15:33","slug":"gala","status":"publish","type":"post","link":"https:\/\/www.scuola.cl\/sivm\/gala\/","title":{"rendered":"Gala Dance Scuola"},"content":{"rendered":"\n<p>El 30 de noviembre se realiz\u00f3 la primera Gala Dance de Scuola, donde se mostraron las coreograf\u00edas internas y de competencias trabajadas durante el a\u00f1o.<\/p>\n<p>En esta presentaci\u00f3n particip\u00f3 el taller de Danza Recreativa (Infanzia), Dance (Primaria), Hip-hop (Media Inferior), Tarantella Jazz (fusi\u00f3n de Primaria, Media Inferior y Media Superior) y Pomp (Media Superior).<\/p>\n<p>La demostraci\u00f3n fue realizada en el Teatro Verdi, el cual se llen\u00f3 con las familias e invitados de cada deportista de Infanzia a Media Superior, que particip\u00f3 en el taller este a\u00f1o 2023.<\/p>\n<p>En esta instancia las ni\u00f1as y ni\u00f1os de cada equipo, recibieron un diploma de participaci\u00f3n y una medalla deportiva como reconocimiento por el trabajo realizado.<\/p>\n<p><em>Felicitamos a todos los equipos y deportistas Dancer por su esfuerzo, participaci\u00f3n, responsabilidad y por disfrutar a mil el taller de Dance!!! \u00a0<\/em><\/p>\n<p><em>\u00a0\u00a1\u00a1El pr\u00f3ximo a\u00f1o vamos por m\u00e1s!!<\/em><\/p>\n<p>\u00a0<\/p>\n<p><strong><u>N\u00d3MINA DE ALUMNOS POR CATEGOR\u00cdA:\u00a0<\/u><\/strong><\/p>\n<p>\u00a0<\/p>\n<p><strong>INFANZIA:\u00a0 \u00a0DANZA RECREATIVA<\/strong><\/p>\n<p>Filippa Ferrari \u00a0 \u00a0 \u00a0 \u00a0 \u00a0 \u00a0 K\u00b0A \u00a0 \u00a0 \u00a0 \u00a0 \u00a0 \u00a0 \u00a0 \u00a0 \u00a0 \u00a0 Rafaela Tiso\u00a0 \u00a0 \u00a0 \u00a0 \u00a0 \u00a0 K\u00b0D<\/p>\n<p>Florencia Court \u00a0 \u00a0 \u00a0 \u00a0 \u00a0 k\u00b0B \u00a0 \u00a0 \u00a0 \u00a0 \u00a0 \u00a0 \u00a0 \u00a0 \u00a0 \u00a0 Blanca Oyarce \u00a0 \u00a0 \u00a0 \u00a0 PK\u00b0A<\/p>\n<p>Dominga Jara\u00a0 \u00a0 \u00a0 \u00a0 \u00a0 \u00a0 \u00a0 K\u00b0B \u00a0 \u00a0 \u00a0 \u00a0 \u00a0 \u00a0 \u00a0 \u00a0 \u00a0 \u00a0 Amparo Barba \u00a0 \u00a0 \u00a0 \u00a0 PK\u00b0 B<\/p>\n<p>Amparo Vicu\u00f1a\u00a0 \u00a0 \u00a0 \u00a0 \u00a0 \u00a0 K\u00b0B \u00a0 \u00a0 \u00a0 \u00a0 \u00a0 \u00a0 \u00a0 \u00a0 \u00a0 \u00a0 Amelia Elorrieta\u00a0 \u00a0 \u00a0 PK\u00b0 B<\/p>\n<p>Amanda Villegas\u00a0 \u00a0 \u00a0 \u00a0 \u00a0 K\u00b0B \u00a0 \u00a0 \u00a0 \u00a0 \u00a0 \u00a0 \u00a0 \u00a0 \u00a0 \u00a0 Isabella Galindo\u00a0 \u00a0 \u00a0 PK\u00b0 B<\/p>\n<p>Isidora Caballero \u00a0 \u00a0 \u00a0 \u00a0 K\u00b0C \u00a0 \u00a0 \u00a0 \u00a0 \u00a0 \u00a0 \u00a0 \u00a0 \u00a0 \u00a0 Laura Ojeda\u00a0 \u00a0 \u00a0 \u00a0 \u00a0 \u00a0 PK\u00b0 B<\/p>\n<p>Sof\u00eda Urbina\u00a0 \u00a0 \u00a0 \u00a0 \u00a0 \u00a0 \u00a0 \u00a0 k\u00b0C \u00a0 \u00a0 \u00a0 \u00a0 \u00a0 \u00a0 \u00a0 \u00a0 \u00a0 \u00a0 Isabel Tallar\u00a0 \u00a0 \u00a0 \u00a0 \u00a0 \u00a0 PK\u00b0 B<\/p>\n<p>Dominga Vila \u00a0 \u00a0 \u00a0 \u00a0 \u00a0 \u00a0 \u00a0 K\u00b0C \u00a0 \u00a0 \u00a0 \u00a0 \u00a0 \u00a0 \u00a0 \u00a0 \u00a0 \u00a0 Ema Letelier\u00a0 \u00a0 \u00a0 \u00a0 \u00a0 PK\u00b0C<\/p>\n<p>Josefina Malatesta\u00a0 \u00a0 \u00a0 K\u00b0D \u00a0 \u00a0 \u00a0 \u00a0 \u00a0 \u00a0 \u00a0 \u00a0 \u00a0 \u00a0 Tamara Molina\u00a0 \u00a0 \u00a0 \u00a0 PK\u00b0C<\/p>\n<p>Laura Marchese \u00a0 \u00a0 \u00a0 \u00a0 \u00a0 k\u00b0D \u00a0 \u00a0 \u00a0 \u00a0 \u00a0 \u00a0 \u00a0 \u00a0 \u00a0 \u00a0 Valentina Pertier\u00a0 \u00a0 PK\u00b0D<\/p>\n<p><img loading=\"lazy\" decoding=\"async\" class=\"alignnone wp-image-20201 size-large\" src=\"https:\/\/www.scuola.cl\/sivm\/wp-content\/uploads\/2022\/12\/Gala-700x474.jpg\" alt=\"\" width=\"700\" height=\"474\" srcset=\"https:\/\/www.scuola.cl\/sivm\/wp-content\/uploads\/2022\/12\/Gala-700x474.jpg 700w, https:\/\/www.scuola.cl\/sivm\/wp-content\/uploads\/2022\/12\/Gala-250x169.jpg 250w, https:\/\/www.scuola.cl\/sivm\/wp-content\/uploads\/2022\/12\/Gala-768x521.jpg 768w, https:\/\/www.scuola.cl\/sivm\/wp-content\/uploads\/2022\/12\/Gala-120x81.jpg 120w, https:\/\/www.scuola.cl\/sivm\/wp-content\/uploads\/2022\/12\/Gala.jpg 900w\" sizes=\"auto, (max-width: 700px) 100vw, 700px\" \/><\/p>\n<p><strong>PRIMARIA: \u00a0 DANCE-CHEER \/ MINI HIP-HOP MIXTO<\/strong><\/p>\n<p>\u00a0<\/p>\n<p>Raffaella Costa\u00a0\u00a0\u00a0\u00a0\u00a0\u00a0\u00a0\u00a0\u00a0\u00a0 \u00a0 \u00a0 \u00a0 \u00a01\u00b0A\u00a0 \u00a0 \u00a0 \u00a0 \u00a0 \u00a0 \u00a0 Mafalda Giudice \u00a0 \u00a0 \u00a0 \u00a0 \u00a0 \u00a0 \u00a0 2\u00b0 B<\/p>\n<p>Josefina Pav\u00f3n\u00a0 \u00a0 \u00a0 \u00a0 \u00a0 \u00a0 \u00a0 \u00a0 \u00a0 1\u00b0 C \u00a0 \u00a0 \u00a0 \u00a0 \u00a0 \u00a0 Clara Arantangy \u00a0 \u00a0 \u00a0 \u00a0 \u00a0 \u00a0 \u00a0 2\u00b0 B<\/p>\n<p>Olivia Scacchi \u00a0 \u00a0 \u00a0 \u00a0 \u00a0 \u00a0 \u00a0 \u00a0 \u00a0 2\u00b0 B \u00a0 \u00a0 \u00a0 \u00a0 \u00a0 \u00a0 Colomba Arata\u00a0\u00a0\u00a0\u00a0\u00a0\u00a0\u00a0\u00a0\u00a0\u00a0 \u00a0 \u00a0 \u00a0 \u00a0 \u00a0 \u00a0 1\u00b0 C\u00a0<\/p>\n<p>Trinidad C\u00e1ceres \u00a0 \u00a0 \u00a0 \u00a0 \u00a0 \u00a0 \u00a0 2\u00b0 B \u00a0 \u00a0 \u00a0 \u00a0 \u00a0 \u00a0 Caterina Caballo\u00a0 \u00a0 \u00a0 \u00a0 \u00a0 \u00a0 \u00a0 1\u00b0 C<\/p>\n<p>Leonor Cruces \u00a0 \u00a0 \u00a0 \u00a0 \u00a0 \u00a0 \u00a0 \u00a0 \u00a0 1\u00b0 D\u00a0 \u00a0 \u00a0 \u00a0 \u00a0 \u00a0 Trinidad Ortega\u00a0 \u00a0 \u00a0 \u00a0 \u00a0 \u00a0 \u00a0 \u00a0 1\u00b0 C\u00a0\u00a0\u00a0\u00a0\u00a0\u00a0\u00a0\u00a0\u00a0\u00a0\u00a0\u00a0\u00a0\u00a0\u00a0\u00a0<\/p>\n<p>Mar\u00eda De la Luz Mart\u00ednez \u00a0 1\u00b0 C \u00a0 \u00a0 \u00a0 \u00a0 \u00a0 \u00a0 Dominga Andrighetti\u00a0 \u00a0 \u00a0 \u00a0\u00a0 2\u00b0 B<\/p>\n<p>Emma Raffo\u00a0 \u00a0 \u00a0 \u00a0 \u00a0 \u00a0 \u00a0 \u00a0 \u00a0 \u00a0 \u00a0 1\u00b0 C \u00a0 \u00a0 \u00a0 \u00a0 \u00a0 \u00a0 Juan Ignacio Herrera \u00a0 \u00a0 \u00a0\u00a0 1\u00b0 B\u00a0\u00a0\u00a0\u00a0\u00a0\u00a0\u00a0\u00a0\u00a0\u00a0\u00a0\u00a0\u00a0\u00a0\u00a0\u00a0\u00a0\u00a0\u00a0\u00a0\u00a0\u00a0\u00a0\u00a0\u00a0\u00a0<\/p>\n<p>Jacinta Hern\u00e1ndez\u00a0\u00a0\u00a0\u00a0\u00a0 \u00a0 \u00a0 \u00a0 \u00a0 2 \u00b0C \u00a0 \u00a0 \u00a0 \u00a0 \u00a0 \u00a0 Florencia Guerra \u00a0 \u00a0 \u00a0 \u00a0 \u00a0 \u00a0\u00a0 1\u00b0 D\u00a0\u00a0\u00a0\u00a0\u00a0\u00a0\u00a0\u00a0\u00a0\u00a0\u00a0\u00a0\u00a0\u00a0\u00a0\u00a0\u00a0\u00a0<\/p>\n<p>Rosario Gonz\u00e1lez \u00a0 \u00a0 \u00a0 \u00a0 \u00a0 \u00a0 \u00a0 1\u00b0D\u00a0 \u00a0 \u00a0 \u00a0 \u00a0 \u00a0 \u00a0 Luciana Saavedra\u00a0 \u00a0 \u00a0 \u00a0 \u00a0 \u00a0\u00a0 1\u00b0 B<\/p>\n<p>\u00a0<\/p>\n<p><strong>MEDIA INFERIOR:\u00a0 \u00a0 HIP-HOP JUNIOR\u00a0 MIXTO<\/strong><\/p>\n<p>Maite Ocqueteau\u00a0\u00a0\u00a0\u00a0\u00a0\u00a0 \u00a0 \u00a0 \u00a0\u00a0 4\u00b0 A \u00a0 \u00a0 \u00a0 \u00a0 \u00a0 \u00a0 \u00a0 \u00a0 \u00a0 Miranda Jaramillo\u00a0\u00a0\u00a0\u00a0\u00a0\u00a0\u00a0\u00a0\u00a0 \u00a0 \u00a0 \u00a0 \u00a0 \u00a0\u00a0 4\u00b0 B<\/p>\n<p>Josefina Seisdedos\u00a0\u00a0\u00a0\u00a0\u00a0 \u00a0 \u00a0 \u00a0 \u00a0 4\u00b0 B \u00a0 \u00a0 \u00a0 \u00a0 \u00a0 \u00a0 \u00a0 \u00a0 \u00a0 Arturo Saviane \u00a0 \u00a0 \u00a0 \u00a0\u00a0\u00a0\u00a0\u00a0\u00a0\u00a0\u00a0\u00a0 \u00a0\u00a0 \u00a0 \u00a0 \u00a0 \u00a0 4\u00b0 C<\/p>\n<p>Jacinta Contreras\u00a0\u00a0\u00a0\u00a0\u00a0\u00a0\u00a0 \u00a0 \u00a0 \u00a0\u00a0 5\u00b0 D \u00a0 \u00a0 \u00a0 \u00a0 \u00a0 \u00a0 \u00a0 \u00a0 \u00a0 Raffaella Stocchero\u00a0\u00a0\u00a0\u00a0\u00a0\u00a0\u00a0 \u00a0 \u00a0 \u00a0 \u00a0 \u00a0 5\u00b0 D<\/p>\n<p>Emilia Marcel \u00a0 \u00a0 \u00a0 \u00a0 \u00a0 \u00a0 \u00a0 \u00a0 \u00a0 5\u00b0 A \u00a0 \u00a0 \u00a0 \u00a0 \u00a0 \u00a0 \u00a0 \u00a0 \u00a0 Romina Marcel\u00a0\u00a0\u00a0\u00a0 \u00a0 \u00a0 \u00a0 \u00a0 \u00a0 5\u00b0 C<\/p>\n<p>Angelina Giubergia\u00a0\u00a0\u00a0\u00a0 \u00a0 \u00a0 \u00a0 \u00a0 6\u00b0 A \u00a0 \u00a0 \u00a0 \u00a0 \u00a0 \u00a0 \u00a0 \u00a0 \u00a0 Dominique Gallegos\u00a0\u00a0\u00a0\u00a0\u00a0\u00a0 \u00a0 \u00a0 \u00a0 \u00a0 \u00a0 6\u00b0 A<\/p>\n<p>\u00a0<\/p>\n<p><img loading=\"lazy\" decoding=\"async\" class=\"alignnone wp-image-20200 size-large\" src=\"https:\/\/www.scuola.cl\/sivm\/wp-content\/uploads\/2022\/12\/2022-12-21-12_05_17-6-WhatsApp-700x352.jpg\" alt=\"\" width=\"700\" height=\"352\" srcset=\"https:\/\/www.scuola.cl\/sivm\/wp-content\/uploads\/2022\/12\/2022-12-21-12_05_17-6-WhatsApp-700x352.jpg 700w, https:\/\/www.scuola.cl\/sivm\/wp-content\/uploads\/2022\/12\/2022-12-21-12_05_17-6-WhatsApp-250x126.jpg 250w, https:\/\/www.scuola.cl\/sivm\/wp-content\/uploads\/2022\/12\/2022-12-21-12_05_17-6-WhatsApp-768x386.jpg 768w, https:\/\/www.scuola.cl\/sivm\/wp-content\/uploads\/2022\/12\/2022-12-21-12_05_17-6-WhatsApp-1536x772.jpg 1536w, https:\/\/www.scuola.cl\/sivm\/wp-content\/uploads\/2022\/12\/2022-12-21-12_05_17-6-WhatsApp-120x60.jpg 120w, https:\/\/www.scuola.cl\/sivm\/wp-content\/uploads\/2022\/12\/2022-12-21-12_05_17-6-WhatsApp.jpg 1575w\" sizes=\"auto, (max-width: 700px) 100vw, 700px\" \/><\/p>\n<p>\u00a0<\/p>\n<p><strong>MEDIA INFERIOR:\u00a0 \u00a0 \u00a0 TARANTELLA JAZZ JUNIOR FEMENINO<\/strong><\/p>\n<p>\u00a0<\/p>\n<p>Maite Ocqueteau\u00a0\u00a0\u00a0\u00a0\u00a0\u00a0 \u00a0 \u00a0 \u00a0 4\u00b0 A\u00a0 \u00a0 \u00a0 \u00a0 \u00a0 \u00a0 \u00a0 \u00a0 Miranda Jaramillo\u00a0 \u00a0 \u00a0 \u00a0 4\u00b0 B<\/p>\n<p>Josefina Seisdedos\u00a0\u00a0\u00a0\u00a0\u00a0 \u00a0 \u00a0 \u00a0 4\u00b0 B\u00a0 \u00a0 \u00a0 \u00a0 \u00a0 \u00a0 \u00a0 \u00a0 Emilia Marcel\u00a0\u00a0\u00a0\u00a0\u00a0\u00a0\u00a0\u00a0 \u00a0 \u00a0 \u00a0 \u00a0 \u00a0 \u00a0 \u00a0\u00a0 \u00a0 5\u00b0 A\u00a0\u00a0<\/p>\n<p>Angelina Giubergia\u00a0\u00a0\u00a0\u00a0 \u00a0 \u00a0 \u00a0 6\u00b0 A\u00a0 \u00a0 \u00a0 \u00a0 \u00a0 \u00a0 \u00a0 \u00a0 Alessandra Mussuto \u00a0 \u00a0 \u00a0\u00a0 \u00a0 \u00a0 \u00a0 I\u00b0 C<\/p>\n<p><img loading=\"lazy\" decoding=\"async\" class=\"alignnone wp-image-20198 size-large\" src=\"https:\/\/www.scuola.cl\/sivm\/wp-content\/uploads\/2022\/12\/WhatsApp-Image-2022-12-12-at-16.28.35-700x525.jpeg\" alt=\"\" width=\"700\" height=\"525\" srcset=\"https:\/\/www.scuola.cl\/sivm\/wp-content\/uploads\/2022\/12\/WhatsApp-Image-2022-12-12-at-16.28.35-700x525.jpeg 700w, https:\/\/www.scuola.cl\/sivm\/wp-content\/uploads\/2022\/12\/WhatsApp-Image-2022-12-12-at-16.28.35-250x188.jpeg 250w, https:\/\/www.scuola.cl\/sivm\/wp-content\/uploads\/2022\/12\/WhatsApp-Image-2022-12-12-at-16.28.35-768x576.jpeg 768w, https:\/\/www.scuola.cl\/sivm\/wp-content\/uploads\/2022\/12\/WhatsApp-Image-2022-12-12-at-16.28.35-120x90.jpeg 120w, https:\/\/www.scuola.cl\/sivm\/wp-content\/uploads\/2022\/12\/WhatsApp-Image-2022-12-12-at-16.28.35.jpeg 1152w\" sizes=\"auto, (max-width: 700px) 100vw, 700px\" \/><\/p>\n<p><strong>MEDIA SUPERIOR: SENIOR POMP<\/strong><\/p>\n<p>\u00a0<\/p>\n<p>Alessandra Mussuto \u00a0 \u00a0 I C \u00a0 \u00a0 \u00a0 \u00a0 \u00a0 \u00a0 Ignacia Espinoza\u00a0 \u00a0 \u00a0 \u00a0 \u00a0 I A<\/p>\n<p>Emma Montanari \u00a0 \u00a0 \u00a0 \u00a0 I A \u00a0 \u00a0 \u00a0 \u00a0 \u00a0 \u00a0 Laura Arce \u00a0 \u00a0 \u00a0 \u00a0 \u00a0 \u00a0 \u00a0 \u00a0 \u00a0 I D<\/p>\n<p>Raffaella Daziano\u00a0 \u00a0 \u00a0 \u00a0 I A \u00a0 \u00a0 \u00a0 \u00a0 \u00a0 \u00a0 Beatriz Munizaga \u00a0 \u00a0 \u00a0 \u00a0 I A<\/p>\n<p>\u00a0<\/p>\n","protected":false},"excerpt":{"rendered":"En noviembre se realiz\u00f3 la Gala Dance de Scuola, donde se mostraron las coreograf\u00edas internas y de competencias trabajadas durante el a\u00f1o en el taller de Danza Recreativa, Dance, Hip-hop, Tarantella Jazz y Pomp.","protected":false},"author":2,"featured_media":20201,"comment_status":"closed","ping_status":"closed","sticky":false,"template":"","format":"standard","meta":{"_acf_changed":false,"footnotes":""},"categories":[12,5],"tags":[],"class_list":["post-20118","post","type-post","status-publish","format-standard","has-post-thumbnail","hentry","category-deportes","category-noticias"],"acf":[],"yoast_head":"<!-- This site is optimized with the Yoast SEO plugin v27.1.1 - https:\/\/yoast.com\/product\/yoast-seo-wordpress\/ -->\n<title>Gala Dance Scuola - Scuola Italiana<\/title>\n<meta name=\"robots\" content=\"index, follow, max-snippet:-1, max-image-preview:large, max-video-preview:-1\" \/>\n<link rel=\"canonical\" href=\"https:\/\/www.scuola.cl\/sivm\/gala\/\" \/>\n<meta property=\"og:locale\" content=\"es_ES\" \/>\n<meta property=\"og:type\" content=\"article\" \/>\n<meta property=\"og:title\" content=\"Gala Dance Scuola - Scuola Italiana\" \/>\n<meta property=\"og:description\" content=\"En noviembre se realiz\u00f3 la Gala Dance de Scuola, donde se mostraron las coreograf\u00edas internas y de competencias trabajadas durante el a\u00f1o en el taller de Danza Recreativa, Dance, Hip-hop, Tarantella Jazz y Pomp.\" \/>\n<meta property=\"og:url\" content=\"https:\/\/www.scuola.cl\/sivm\/gala\/\" \/>\n<meta property=\"og:site_name\" content=\"Scuola Italiana\" \/>\n<meta property=\"article:published_time\" content=\"2022-12-07T20:10:24+00:00\" \/>\n<meta property=\"article:modified_time\" content=\"2022-12-21T15:15:33+00:00\" \/>\n<meta property=\"og:image\" content=\"https:\/\/www.scuola.cl\/sivm\/wp-content\/uploads\/2022\/12\/Gala.jpg\" \/>\n\t<meta property=\"og:image:width\" content=\"900\" \/>\n\t<meta property=\"og:image:height\" content=\"610\" \/>\n\t<meta property=\"og:image:type\" content=\"image\/jpeg\" \/>\n<meta name=\"author\" content=\"Comunicaciones\" \/>\n<meta name=\"twitter:card\" content=\"summary_large_image\" \/>\n<meta name=\"twitter:label1\" content=\"Escrito por\" \/>\n\t<meta name=\"twitter:data1\" content=\"Comunicaciones\" \/>\n\t<meta name=\"twitter:label2\" content=\"Tiempo de lectura\" \/>\n\t<meta name=\"twitter:data2\" content=\"3 minutos\" \/>\n<script type=\"application\/ld+json\" class=\"yoast-schema-graph\">{\"@context\":\"https:\/\/schema.org\",\"@graph\":[{\"@type\":\"Article\",\"@id\":\"https:\/\/www.scuola.cl\/sivm\/gala\/#article\",\"isPartOf\":{\"@id\":\"https:\/\/www.scuola.cl\/sivm\/gala\/\"},\"author\":{\"name\":\"Comunicaciones\",\"@id\":\"https:\/\/www.scuola.cl\/sivm\/#\/schema\/person\/2ac68abc1b548ee6d8e16c4d3727d1b2\"},\"headline\":\"Gala Dance Scuola\",\"datePublished\":\"2022-12-07T20:10:24+00:00\",\"dateModified\":\"2022-12-21T15:15:33+00:00\",\"mainEntityOfPage\":{\"@id\":\"https:\/\/www.scuola.cl\/sivm\/gala\/\"},\"wordCount\":403,\"publisher\":{\"@id\":\"https:\/\/www.scuola.cl\/sivm\/#organization\"},\"image\":{\"@id\":\"https:\/\/www.scuola.cl\/sivm\/gala\/#primaryimage\"},\"thumbnailUrl\":\"https:\/\/www.scuola.cl\/sivm\/wp-content\/uploads\/2022\/12\/Gala.jpg\",\"articleSection\":[\"Deportes\",\"Noticias\"],\"inLanguage\":\"es\"},{\"@type\":\"WebPage\",\"@id\":\"https:\/\/www.scuola.cl\/sivm\/gala\/\",\"url\":\"https:\/\/www.scuola.cl\/sivm\/gala\/\",\"name\":\"Gala Dance Scuola - Scuola Italiana\",\"isPartOf\":{\"@id\":\"https:\/\/www.scuola.cl\/sivm\/#website\"},\"primaryImageOfPage\":{\"@id\":\"https:\/\/www.scuola.cl\/sivm\/gala\/#primaryimage\"},\"image\":{\"@id\":\"https:\/\/www.scuola.cl\/sivm\/gala\/#primaryimage\"},\"thumbnailUrl\":\"https:\/\/www.scuola.cl\/sivm\/wp-content\/uploads\/2022\/12\/Gala.jpg\",\"datePublished\":\"2022-12-07T20:10:24+00:00\",\"dateModified\":\"2022-12-21T15:15:33+00:00\",\"breadcrumb\":{\"@id\":\"https:\/\/www.scuola.cl\/sivm\/gala\/#breadcrumb\"},\"inLanguage\":\"es\",\"potentialAction\":[{\"@type\":\"ReadAction\",\"target\":[\"https:\/\/www.scuola.cl\/sivm\/gala\/\"]}]},{\"@type\":\"ImageObject\",\"inLanguage\":\"es\",\"@id\":\"https:\/\/www.scuola.cl\/sivm\/gala\/#primaryimage\",\"url\":\"https:\/\/www.scuola.cl\/sivm\/wp-content\/uploads\/2022\/12\/Gala.jpg\",\"contentUrl\":\"https:\/\/www.scuola.cl\/sivm\/wp-content\/uploads\/2022\/12\/Gala.jpg\",\"width\":900,\"height\":610},{\"@type\":\"BreadcrumbList\",\"@id\":\"https:\/\/www.scuola.cl\/sivm\/gala\/#breadcrumb\",\"itemListElement\":[{\"@type\":\"ListItem\",\"position\":1,\"name\":\"Inicio\",\"item\":\"https:\/\/www.scuola.cl\/sivm\/\"},{\"@type\":\"ListItem\",\"position\":2,\"name\":\"Noticias\",\"item\":\"https:\/\/www.scuola.cl\/sivm\/category\/noticias\/\"},{\"@type\":\"ListItem\",\"position\":3,\"name\":\"Gala Dance Scuola\"}]},{\"@type\":\"WebSite\",\"@id\":\"https:\/\/www.scuola.cl\/sivm\/#website\",\"url\":\"https:\/\/www.scuola.cl\/sivm\/\",\"name\":\"Scuola Italiana\",\"description\":\"Vittorio Montiglio\",\"publisher\":{\"@id\":\"https:\/\/www.scuola.cl\/sivm\/#organization\"},\"potentialAction\":[{\"@type\":\"SearchAction\",\"target\":{\"@type\":\"EntryPoint\",\"urlTemplate\":\"https:\/\/www.scuola.cl\/sivm\/?s={search_term_string}\"},\"query-input\":{\"@type\":\"PropertyValueSpecification\",\"valueRequired\":true,\"valueName\":\"search_term_string\"}}],\"inLanguage\":\"es\"},{\"@type\":\"Organization\",\"@id\":\"https:\/\/www.scuola.cl\/sivm\/#organization\",\"name\":\"Scuola Italiana Vittorio Montiglio\",\"url\":\"https:\/\/www.scuola.cl\/sivm\/\",\"logo\":{\"@type\":\"ImageObject\",\"inLanguage\":\"es\",\"@id\":\"https:\/\/www.scuola.cl\/sivm\/#\/schema\/logo\/image\/\",\"url\":\"https:\/\/www.scuola.cl\/sivm\/wp-content\/uploads\/2019\/06\/Logo_Scuola-01-001-1000x1000.png\",\"contentUrl\":\"https:\/\/www.scuola.cl\/sivm\/wp-content\/uploads\/2019\/06\/Logo_Scuola-01-001-1000x1000.png\",\"width\":1000,\"height\":1000,\"caption\":\"Scuola Italiana Vittorio Montiglio\"},\"image\":{\"@id\":\"https:\/\/www.scuola.cl\/sivm\/#\/schema\/logo\/image\/\"}},{\"@type\":\"Person\",\"@id\":\"https:\/\/www.scuola.cl\/sivm\/#\/schema\/person\/2ac68abc1b548ee6d8e16c4d3727d1b2\",\"name\":\"Comunicaciones\",\"image\":{\"@type\":\"ImageObject\",\"inLanguage\":\"es\",\"@id\":\"https:\/\/www.scuola.cl\/sivm\/#\/schema\/person\/image\/\",\"url\":\"https:\/\/secure.gravatar.com\/avatar\/0b29fd7cdce1ec9939eded19ce85d6ed73acf03fb52d098b0641aed356fe6aeb?s=96&d=mm&r=g\",\"contentUrl\":\"https:\/\/secure.gravatar.com\/avatar\/0b29fd7cdce1ec9939eded19ce85d6ed73acf03fb52d098b0641aed356fe6aeb?s=96&d=mm&r=g\",\"caption\":\"Comunicaciones\"},\"url\":\"https:\/\/www.scuola.cl\/sivm\/author\/comunicaciones-scuola\/\"}]}<\/script>\n<!-- \/ Yoast SEO plugin. -->","yoast_head_json":{"title":"Gala Dance Scuola - Scuola Italiana","robots":{"index":"index","follow":"follow","max-snippet":"max-snippet:-1","max-image-preview":"max-image-preview:large","max-video-preview":"max-video-preview:-1"},"canonical":"https:\/\/www.scuola.cl\/sivm\/gala\/","og_locale":"es_ES","og_type":"article","og_title":"Gala Dance Scuola - Scuola Italiana","og_description":"En noviembre se realiz\u00f3 la Gala Dance de Scuola, donde se mostraron las coreograf\u00edas internas y de competencias trabajadas durante el a\u00f1o en el taller de Danza Recreativa, Dance, Hip-hop, Tarantella Jazz y Pomp.","og_url":"https:\/\/www.scuola.cl\/sivm\/gala\/","og_site_name":"Scuola Italiana","article_published_time":"2022-12-07T20:10:24+00:00","article_modified_time":"2022-12-21T15:15:33+00:00","og_image":[{"width":900,"height":610,"url":"https:\/\/www.scuola.cl\/sivm\/wp-content\/uploads\/2022\/12\/Gala.jpg","type":"image\/jpeg"}],"author":"Comunicaciones","twitter_card":"summary_large_image","twitter_misc":{"Escrito por":"Comunicaciones","Tiempo de lectura":"3 minutos"},"schema":{"@context":"https:\/\/schema.org","@graph":[{"@type":"Article","@id":"https:\/\/www.scuola.cl\/sivm\/gala\/#article","isPartOf":{"@id":"https:\/\/www.scuola.cl\/sivm\/gala\/"},"author":{"name":"Comunicaciones","@id":"https:\/\/www.scuola.cl\/sivm\/#\/schema\/person\/2ac68abc1b548ee6d8e16c4d3727d1b2"},"headline":"Gala Dance Scuola","datePublished":"2022-12-07T20:10:24+00:00","dateModified":"2022-12-21T15:15:33+00:00","mainEntityOfPage":{"@id":"https:\/\/www.scuola.cl\/sivm\/gala\/"},"wordCount":403,"publisher":{"@id":"https:\/\/www.scuola.cl\/sivm\/#organization"},"image":{"@id":"https:\/\/www.scuola.cl\/sivm\/gala\/#primaryimage"},"thumbnailUrl":"https:\/\/www.scuola.cl\/sivm\/wp-content\/uploads\/2022\/12\/Gala.jpg","articleSection":["Deportes","Noticias"],"inLanguage":"es"},{"@type":"WebPage","@id":"https:\/\/www.scuola.cl\/sivm\/gala\/","url":"https:\/\/www.scuola.cl\/sivm\/gala\/","name":"Gala Dance Scuola - Scuola Italiana","isPartOf":{"@id":"https:\/\/www.scuola.cl\/sivm\/#website"},"primaryImageOfPage":{"@id":"https:\/\/www.scuola.cl\/sivm\/gala\/#primaryimage"},"image":{"@id":"https:\/\/www.scuola.cl\/sivm\/gala\/#primaryimage"},"thumbnailUrl":"https:\/\/www.scuola.cl\/sivm\/wp-content\/uploads\/2022\/12\/Gala.jpg","datePublished":"2022-12-07T20:10:24+00:00","dateModified":"2022-12-21T15:15:33+00:00","breadcrumb":{"@id":"https:\/\/www.scuola.cl\/sivm\/gala\/#breadcrumb"},"inLanguage":"es","potentialAction":[{"@type":"ReadAction","target":["https:\/\/www.scuola.cl\/sivm\/gala\/"]}]},{"@type":"ImageObject","inLanguage":"es","@id":"https:\/\/www.scuola.cl\/sivm\/gala\/#primaryimage","url":"https:\/\/www.scuola.cl\/sivm\/wp-content\/uploads\/2022\/12\/Gala.jpg","contentUrl":"https:\/\/www.scuola.cl\/sivm\/wp-content\/uploads\/2022\/12\/Gala.jpg","width":900,"height":610},{"@type":"BreadcrumbList","@id":"https:\/\/www.scuola.cl\/sivm\/gala\/#breadcrumb","itemListElement":[{"@type":"ListItem","position":1,"name":"Inicio","item":"https:\/\/www.scuola.cl\/sivm\/"},{"@type":"ListItem","position":2,"name":"Noticias","item":"https:\/\/www.scuola.cl\/sivm\/category\/noticias\/"},{"@type":"ListItem","position":3,"name":"Gala Dance Scuola"}]},{"@type":"WebSite","@id":"https:\/\/www.scuola.cl\/sivm\/#website","url":"https:\/\/www.scuola.cl\/sivm\/","name":"Scuola Italiana","description":"Vittorio Montiglio","publisher":{"@id":"https:\/\/www.scuola.cl\/sivm\/#organization"},"potentialAction":[{"@type":"SearchAction","target":{"@type":"EntryPoint","urlTemplate":"https:\/\/www.scuola.cl\/sivm\/?s={search_term_string}"},"query-input":{"@type":"PropertyValueSpecification","valueRequired":true,"valueName":"search_term_string"}}],"inLanguage":"es"},{"@type":"Organization","@id":"https:\/\/www.scuola.cl\/sivm\/#organization","name":"Scuola Italiana Vittorio Montiglio","url":"https:\/\/www.scuola.cl\/sivm\/","logo":{"@type":"ImageObject","inLanguage":"es","@id":"https:\/\/www.scuola.cl\/sivm\/#\/schema\/logo\/image\/","url":"https:\/\/www.scuola.cl\/sivm\/wp-content\/uploads\/2019\/06\/Logo_Scuola-01-001-1000x1000.png","contentUrl":"https:\/\/www.scuola.cl\/sivm\/wp-content\/uploads\/2019\/06\/Logo_Scuola-01-001-1000x1000.png","width":1000,"height":1000,"caption":"Scuola Italiana Vittorio Montiglio"},"image":{"@id":"https:\/\/www.scuola.cl\/sivm\/#\/schema\/logo\/image\/"}},{"@type":"Person","@id":"https:\/\/www.scuola.cl\/sivm\/#\/schema\/person\/2ac68abc1b548ee6d8e16c4d3727d1b2","name":"Comunicaciones","image":{"@type":"ImageObject","inLanguage":"es","@id":"https:\/\/www.scuola.cl\/sivm\/#\/schema\/person\/image\/","url":"https:\/\/secure.gravatar.com\/avatar\/0b29fd7cdce1ec9939eded19ce85d6ed73acf03fb52d098b0641aed356fe6aeb?s=96&d=mm&r=g","contentUrl":"https:\/\/secure.gravatar.com\/avatar\/0b29fd7cdce1ec9939eded19ce85d6ed73acf03fb52d098b0641aed356fe6aeb?s=96&d=mm&r=g","caption":"Comunicaciones"},"url":"https:\/\/www.scuola.cl\/sivm\/author\/comunicaciones-scuola\/"}]}},"_links":{"self":[{"href":"https:\/\/www.scuola.cl\/sivm\/wp-json\/wp\/v2\/posts\/20118","targetHints":{"allow":["GET"]}}],"collection":[{"href":"https:\/\/www.scuola.cl\/sivm\/wp-json\/wp\/v2\/posts"}],"about":[{"href":"https:\/\/www.scuola.cl\/sivm\/wp-json\/wp\/v2\/types\/post"}],"author":[{"embeddable":true,"href":"https:\/\/www.scuola.cl\/sivm\/wp-json\/wp\/v2\/users\/2"}],"replies":[{"embeddable":true,"href":"https:\/\/www.scuola.cl\/sivm\/wp-json\/wp\/v2\/comments?post=20118"}],"version-history":[{"count":5,"href":"https:\/\/www.scuola.cl\/sivm\/wp-json\/wp\/v2\/posts\/20118\/revisions"}],"predecessor-version":[{"id":20204,"href":"https:\/\/www.scuola.cl\/sivm\/wp-json\/wp\/v2\/posts\/20118\/revisions\/20204"}],"wp:featuredmedia":[{"embeddable":true,"href":"https:\/\/www.scuola.cl\/sivm\/wp-json\/wp\/v2\/media\/20201"}],"wp:attachment":[{"href":"https:\/\/www.scuola.cl\/sivm\/wp-json\/wp\/v2\/media?parent=20118"}],"wp:term":[{"taxonomy":"category","embeddable":true,"href":"https:\/\/www.scuola.cl\/sivm\/wp-json\/wp\/v2\/categories?post=20118"},{"taxonomy":"post_tag","embeddable":true,"href":"https:\/\/www.scuola.cl\/sivm\/wp-json\/wp\/v2\/tags?post=20118"}],"curies":[{"name":"wp","href":"https:\/\/api.w.org\/{rel}","templated":true}]}}