{"id":19997,"date":"2022-11-23T15:17:53","date_gmt":"2022-11-23T18:17:53","guid":{"rendered":"https:\/\/www.scuola.cl\/sivm\/?p=19997"},"modified":"2022-12-05T15:30:17","modified_gmt":"2022-12-05T18:30:17","slug":"19997-2","status":"publish","type":"post","link":"https:\/\/www.scuola.cl\/sivm\/19997-2\/","title":{"rendered":"Pen\u00faltimo campeonato Dance"},"content":{"rendered":"\n<p><strong>(Por maestras Ximena Nervi y Valentina Tello)<\/strong><\/p>\n<p>El 19 de noviembre se realiz\u00f3 en el Gimnasio del Estadio Nacional, el pen\u00faltimo campeonato del a\u00f1o de Dance- Cheerleaders organizado por DANCE CLASSIC.<\/p>\n<p>En esta oportunidad la Scuola particip\u00f3 con EQUIPO MINI HIP-HOP MIXTO compuesto por:<\/p>\n<p>Raffaella Costa\u00a0 \u00a0\u00a0\u00a0\u00a0\u00a0\u00a0\u00a0\u00a0\u00a0\u00a0\u00a0\u00a0\u00a0\u00a0 1\u00b0A\u00a0\u00a0\u00a0\u00a0\u00a0\u00a0\u00a0\u00a0\u00a0\u00a0\u00a0\u00a0\u00a0\u00a0\u00a0\u00a0\u00a0\u00a0\u00a0\u00a0 Emma Raffo\u00a0\u00a0\u00a0\u00a0\u00a0\u00a0\u00a0\u00a0\u00a0\u00a0\u00a0\u00a0\u00a0\u00a0\u00a0\u00a0\u00a0\u00a0\u00a0\u00a0\u00a0\u00a0\u00a0 1\u00b0 C<\/p>\n<p>Josefina Pav\u00f3n \u00a0\u00a0\u00a0\u00a0\u00a0\u00a0\u00a0\u00a0\u00a0\u00a0\u00a0\u00a0\u00a0\u00a0 1\u00b0C\u00a0\u00a0\u00a0\u00a0\u00a0\u00a0\u00a0\u00a0\u00a0\u00a0\u00a0\u00a0\u00a0\u00a0\u00a0\u00a0\u00a0\u00a0\u00a0\u00a0 Rosario Gonz\u00e1lez\u00a0\u00a0\u00a0\u00a0\u00a0\u00a0\u00a0\u00a0\u00a0\u00a0\u00a0\u00a0\u00a0\u00a0 1\u00b0 D<\/p>\n<p>Mar\u00eda De la Luz Mart\u00ednez\u00a0\u00a0\u00a0 1\u00b0 C\u00a0\u00a0\u00a0\u00a0\u00a0\u00a0\u00a0\u00a0\u00a0\u00a0\u00a0\u00a0\u00a0\u00a0\u00a0\u00a0\u00a0\u00a0\u00a0 Luciana Saavedra\u00a0\u00a0\u00a0\u00a0 \u00a0\u00a0\u00a0\u00a0\u00a0\u00a0\u00a0\u00a0\u00a0\u00a01\u00b0 B<\/p>\n<p>Leonor Cruces\u00a0\u00a0 \u00a0\u00a0\u00a0\u00a0\u00a0\u00a0\u00a0\u00a0\u00a0\u00a0\u00a0\u00a0\u00a0\u00a0 1\u00b0 D\u00a0\u00a0\u00a0\u00a0\u00a0\u00a0\u00a0\u00a0\u00a0\u00a0\u00a0\u00a0\u00a0\u00a0\u00a0\u00a0\u00a0\u00a0\u00a0 Olivia Scacchi\u00a0\u00a0\u00a0\u00a0 \u00a0\u00a0\u00a0\u00a0\u00a0\u00a0\u00a0\u00a0\u00a0\u00a0\u00a0\u00a0\u00a0\u00a0\u00a0\u00a0\u00a0\u00a0\u00a0\u00a0 2\u00b0 B<\/p>\n<p>Colomba Arata\u00a0 \u00a0\u00a0\u00a0\u00a0\u00a0\u00a0\u00a0\u00a0\u00a0\u00a0\u00a0\u00a0\u00a0\u00a0 1\u00b0 C\u00a0\u00a0\u00a0\u00a0\u00a0\u00a0\u00a0\u00a0\u00a0\u00a0\u00a0\u00a0\u00a0\u00a0\u00a0\u00a0\u00a0\u00a0\u00a0 Jacinta Hern\u00e1ndez\u00a0\u00a0\u00a0\u00a0\u00a0\u00a0\u00a0\u00a0\u00a0\u00a0 \u00a0\u00a0\u00a0\u00a0\u00a0\u00a0\u00a0\u00a0\u00a0 2 \u00b0C<\/p>\n<p>Florencia Guerra\u00a0\u00a0\u00a0\u00a0\u00a0\u00a0\u00a0\u00a0\u00a0\u00a0\u00a0\u00a0\u00a0\u00a0\u00a0\u00a0\u00a0\u00a0 1\u00b0 D\u00a0\u00a0\u00a0\u00a0\u00a0\u00a0\u00a0\u00a0\u00a0\u00a0\u00a0\u00a0\u00a0\u00a0\u00a0\u00a0\u00a0\u00a0\u00a0 Trinidad C\u00e1ceres\u00a0\u00a0\u00a0\u00a0\u00a0\u00a0\u00a0\u00a0\u00a0\u00a0\u00a0\u00a0\u00a0\u00a0 2\u00b0 B<\/p>\n<p>Mafalda Giudice\u00a0\u00a0\u00a0\u00a0\u00a0\u00a0 \u00a0\u00a0\u00a0\u00a0\u00a0\u00a0 \u00a0\u00a0\u00a0\u00a02\u00b0 B\u00a0\u00a0\u00a0\u00a0\u00a0\u00a0\u00a0\u00a0\u00a0\u00a0\u00a0\u00a0\u00a0\u00a0\u00a0\u00a0\u00a0\u00a0\u00a0\u00a0 Dominga Andrighetti\u00a0\u00a0\u00a0\u00a0\u00a0\u00a0 2\u00b0 B<\/p>\n<p>Trinidad Ortega\u00a0\u00a0\u00a0\u00a0\u00a0\u00a0\u00a0\u00a0\u00a0\u00a0\u00a0\u00a0\u00a0\u00a0\u00a0\u00a0\u00a0\u00a0\u00a0\u00a0 1\u00b0 C\u00a0\u00a0\u00a0\u00a0\u00a0\u00a0\u00a0\u00a0\u00a0\u00a0\u00a0\u00a0\u00a0\u00a0\u00a0\u00a0\u00a0\u00a0\u00a0\u00a0 Clara Arantangy\u00a0\u00a0\u00a0\u00a0\u00a0\u00a0\u00a0\u00a0\u00a0\u00a0\u00a0\u00a0\u00a0\u00a0 2\u00b0 B<\/p>\n<p>Quienes obtuvieron 1ER LUGAR NACIONAL EN T\u00c9CNICA DEL ESTILO HIP-HOP<\/p>\n<p>En el mismo torneo, el equipo JUNIOR HIP-HOP MIXTO compuesto por<\/p>\n<p>Maite Ocqueteau\u00a0\u00a0\u00a0\u00a0\u00a0\u00a0\u00a0\u00a0\u00a0\u00a0\u00a0 4\u00b0 A\u00a0\u00a0\u00a0\u00a0\u00a0\u00a0\u00a0\u00a0\u00a0\u00a0\u00a0\u00a0\u00a0\u00a0\u00a0\u00a0\u00a0\u00a0\u00a0 Miranda Jaramillo\u00a0\u00a0\u00a0\u00a0\u00a0\u00a0\u00a0\u00a0\u00a0\u00a0\u00a0\u00a0 4\u00b0 B<\/p>\n<p>Josefina Seisdedos\u00a0\u00a0\u00a0\u00a0\u00a0\u00a0\u00a0\u00a0 4\u00b0 B\u00a0\u00a0\u00a0\u00a0\u00a0\u00a0\u00a0\u00a0\u00a0\u00a0\u00a0\u00a0\u00a0\u00a0\u00a0\u00a0\u00a0\u00a0\u00a0 Arturo Saviane\u00a0\u00a0\u00a0\u00a0\u00a0\u00a0 \u00a0\u00a0\u00a0\u00a0\u00a0\u00a0\u00a0\u00a0\u00a0\u00a0 4\u00b0 c<\/p>\n<p>Jacinta Contreras\u00a0\u00a0\u00a0\u00a0\u00a0\u00a0\u00a0\u00a0\u00a0\u00a0\u00a0\u00a0 5\u00b0 D\u00a0\u00a0\u00a0\u00a0\u00a0\u00a0\u00a0\u00a0\u00a0\u00a0\u00a0\u00a0\u00a0\u00a0\u00a0\u00a0\u00a0\u00a0\u00a0 Raffaella Stocchero\u00a0\u00a0\u00a0\u00a0\u00a0\u00a0\u00a0\u00a0 5\u00b0 D<\/p>\n<p>Emilia Marcel\u00a0\u00a0\u00a0 \u00a0\u00a0\u00a0\u00a0\u00a0\u00a0\u00a0\u00a0\u00a0 5\u00b0 A\u00a0\u00a0\u00a0\u00a0\u00a0\u00a0\u00a0\u00a0\u00a0\u00a0\u00a0\u00a0\u00a0\u00a0\u00a0\u00a0\u00a0\u00a0\u00a0 Romina Marcel\u00a0\u00a0\u00a0\u00a0\u00a0\u00a0 \u00a0\u00a0\u00a0\u00a0\u00a0\u00a0\u00a0\u00a0\u00a0 5\u00b0 C<\/p>\n<p>Angelina Giubergia\u00a0\u00a0\u00a0\u00a0\u00a0\u00a0\u00a0\u00a0 6\u00b0 A\u00a0\u00a0\u00a0\u00a0\u00a0\u00a0\u00a0\u00a0\u00a0\u00a0\u00a0\u00a0\u00a0\u00a0\u00a0\u00a0\u00a0\u00a0\u00a0 Dominique Gallegos\u00a0\u00a0\u00a0\u00a0\u00a0\u00a0\u00a0 6\u00b0 A<\/p>\n<p>Obtuvo 1er LUGAR NACIONAL CATEGOR\u00cdA HIP-HOP\u00a0\u00a0<\/p>\n<p>\u00a0<\/p>\n<p>El EQUIPO DE TARANTELLA FEMENINO JUNIOR JAZZ compuesto por:<\/p>\n<p>Maite Ocqueteau\u00a0\u00a0\u00a0\u00a0\u00a0\u00a0\u00a0\u00a0\u00a0\u00a0\u00a0 4\u00b0 A\u00a0\u00a0\u00a0\u00a0\u00a0\u00a0\u00a0\u00a0\u00a0\u00a0\u00a0\u00a0\u00a0\u00a0\u00a0\u00a0\u00a0\u00a0\u00a0 Miranda Jaramillo\u00a0\u00a0\u00a0\u00a0\u00a0\u00a0\u00a0\u00a0\u00a0\u00a0\u00a0\u00a0 4\u00b0 B<\/p>\n<p>Josefina Seisdedos\u00a0\u00a0\u00a0\u00a0\u00a0\u00a0\u00a0\u00a0 4\u00b0 B\u00a0\u00a0\u00a0\u00a0\u00a0\u00a0\u00a0\u00a0\u00a0\u00a0\u00a0\u00a0\u00a0\u00a0\u00a0\u00a0\u00a0\u00a0\u00a0 Emilia Marcel\u00a0\u00a0\u00a0\u00a0 \u00a0\u00a0\u00a0\u00a0\u00a0\u00a0\u00a0\u00a0\u00a0 5\u00b0 A\u00a0<\/p>\n<p>\u00a0Angelina Giubergia\u00a0\u00a0\u00a0\u00a0\u00a0\u00a0\u00a0 6\u00b0 A\u00a0\u00a0\u00a0\u00a0\u00a0\u00a0\u00a0\u00a0\u00a0\u00a0\u00a0\u00a0\u00a0\u00a0\u00a0\u00a0\u00a0\u00a0\u00a0 Alessandra Mussuto\u00a0\u00a0\u00a0\u00a0\u00a0 I C<\/p>\n<p>Obtuvo el \u00a03er LUGAR NACIONAL ESTILO JAZZ.<\/p>\n<p>Terminamos con el EQUIPO SENIOR POMP compuesto por:<\/p>\n<p>Alessandra Mussuto\u00a0\u00a0\u00a0\u00a0 I\u00b0 C\u00a0\u00a0\u00a0\u00a0\u00a0\u00a0\u00a0\u00a0\u00a0\u00a0\u00a0\u00a0\u00a0\u00a0\u00a0\u00a0\u00a0\u00a0\u00a0\u00a0\u00a0 Ignacia Espinoza\u00a0\u00a0\u00a0\u00a0\u00a0 I\u00b0 A<\/p>\n<p>Emma Montanari\u00a0\u00a0\u00a0\u00a0\u00a0\u00a0\u00a0\u00a0\u00a0 I\u00b0 A\u00a0\u00a0\u00a0\u00a0\u00a0\u00a0\u00a0\u00a0\u00a0\u00a0\u00a0\u00a0\u00a0\u00a0\u00a0\u00a0\u00a0\u00a0\u00a0\u00a0\u00a0 Laura Arce\u00a0\u00a0\u00a0\u00a0\u00a0\u00a0\u00a0\u00a0\u00a0\u00a0\u00a0\u00a0\u00a0\u00a0\u00a0 I\u00b0 D<\/p>\n<p>Raffaella Daziano\u00a0\u00a0\u00a0\u00a0\u00a0\u00a0 \u00a0\u00a0\u00a0I\u00b0 A\u00a0\u00a0\u00a0\u00a0\u00a0\u00a0\u00a0\u00a0\u00a0\u00a0\u00a0\u00a0\u00a0\u00a0\u00a0\u00a0\u00a0\u00a0\u00a0\u00a0\u00a0 Beatriz Munizaga\u00a0\u00a0 I\u00b0A<\/p>\n<p>Que obtuvo el 3er LUGAR NACIONAL ESTILO POMP<\/p>\n<p><a href=\"https:\/\/drive.google.com\/drive\/folders\/1p0dNq-aw_KXtJgOROTf99AnkXZ3sCyxB?usp=sharing\" target=\"_blank\" rel=\"noopener\">Ver fotos<\/a><\/p>\n<p>\u00a0\u00a1Muchas felicitaciones y bendiciones a los cuatro equipos que compitieron representando muy bien a nuestra Scuola y a todos los apoderados que nos acompa\u00f1aron con la mejor barra, mostr\u00e1ndose unidos como la gran comunidad que somos!<\/p>\n<p>A las ni\u00f1as gracias por entrenar, participar, bailar felices, disfrutar y reconocer cada desaf\u00edo de manera individual y grupal, dando el 100% en el tapete y entreg\u00e1ndose con todo el coraz\u00f3n al trabajo en equipo, demostrando compa\u00f1erismo y gran esp\u00edritu deportivo.<\/p>\n<p>Con cari\u00f1o,<\/p>\n<p>Maestras: Ximena Nervi y Valentina Tello.<\/p>\n<p><img loading=\"lazy\" decoding=\"async\" class=\"alignnone wp-image-20008 size-large\" src=\"https:\/\/www.scuola.cl\/sivm\/wp-content\/uploads\/2022\/11\/WhatsApp-Image-2022-12-02-at-15.49.38-1-700x525.jpeg\" alt=\"\" width=\"700\" height=\"525\" srcset=\"https:\/\/www.scuola.cl\/sivm\/wp-content\/uploads\/2022\/11\/WhatsApp-Image-2022-12-02-at-15.49.38-1-700x525.jpeg 700w, https:\/\/www.scuola.cl\/sivm\/wp-content\/uploads\/2022\/11\/WhatsApp-Image-2022-12-02-at-15.49.38-1-250x188.jpeg 250w, https:\/\/www.scuola.cl\/sivm\/wp-content\/uploads\/2022\/11\/WhatsApp-Image-2022-12-02-at-15.49.38-1-768x576.jpeg 768w, https:\/\/www.scuola.cl\/sivm\/wp-content\/uploads\/2022\/11\/WhatsApp-Image-2022-12-02-at-15.49.38-1-120x90.jpeg 120w, https:\/\/www.scuola.cl\/sivm\/wp-content\/uploads\/2022\/11\/WhatsApp-Image-2022-12-02-at-15.49.38-1.jpeg 1408w\" sizes=\"auto, (max-width: 700px) 100vw, 700px\" \/> <img loading=\"lazy\" decoding=\"async\" class=\"alignnone wp-image-20009 size-large\" src=\"https:\/\/www.scuola.cl\/sivm\/wp-content\/uploads\/2022\/11\/WhatsApp-Image-2022-12-02-at-15.57.18-1-700x497.jpeg\" alt=\"\" width=\"700\" height=\"497\" srcset=\"https:\/\/www.scuola.cl\/sivm\/wp-content\/uploads\/2022\/11\/WhatsApp-Image-2022-12-02-at-15.57.18-1-700x497.jpeg 700w, https:\/\/www.scuola.cl\/sivm\/wp-content\/uploads\/2022\/11\/WhatsApp-Image-2022-12-02-at-15.57.18-1-250x177.jpeg 250w, https:\/\/www.scuola.cl\/sivm\/wp-content\/uploads\/2022\/11\/WhatsApp-Image-2022-12-02-at-15.57.18-1-768x545.jpeg 768w, https:\/\/www.scuola.cl\/sivm\/wp-content\/uploads\/2022\/11\/WhatsApp-Image-2022-12-02-at-15.57.18-1-120x85.jpeg 120w, https:\/\/www.scuola.cl\/sivm\/wp-content\/uploads\/2022\/11\/WhatsApp-Image-2022-12-02-at-15.57.18-1.jpeg 1024w\" sizes=\"auto, (max-width: 700px) 100vw, 700px\" \/> <img loading=\"lazy\" decoding=\"async\" class=\"alignnone wp-image-20010 size-large\" src=\"https:\/\/www.scuola.cl\/sivm\/wp-content\/uploads\/2022\/11\/WhatsApp-Image-2022-12-02-at-16.00.28-700x462.jpeg\" alt=\"\" width=\"700\" height=\"462\" srcset=\"https:\/\/www.scuola.cl\/sivm\/wp-content\/uploads\/2022\/11\/WhatsApp-Image-2022-12-02-at-16.00.28-700x462.jpeg 700w, https:\/\/www.scuola.cl\/sivm\/wp-content\/uploads\/2022\/11\/WhatsApp-Image-2022-12-02-at-16.00.28-250x165.jpeg 250w, https:\/\/www.scuola.cl\/sivm\/wp-content\/uploads\/2022\/11\/WhatsApp-Image-2022-12-02-at-16.00.28-768x507.jpeg 768w, https:\/\/www.scuola.cl\/sivm\/wp-content\/uploads\/2022\/11\/WhatsApp-Image-2022-12-02-at-16.00.28-120x79.jpeg 120w, https:\/\/www.scuola.cl\/sivm\/wp-content\/uploads\/2022\/11\/WhatsApp-Image-2022-12-02-at-16.00.28.jpeg 1024w\" sizes=\"auto, (max-width: 700px) 100vw, 700px\" \/> <img loading=\"lazy\" decoding=\"async\" class=\"alignnone wp-image-20011 size-large\" src=\"https:\/\/www.scuola.cl\/sivm\/wp-content\/uploads\/2022\/11\/WhatsApp-Image-2022-12-02-at-16.00.57-700x525.jpeg\" alt=\"\" width=\"700\" height=\"525\" srcset=\"https:\/\/www.scuola.cl\/sivm\/wp-content\/uploads\/2022\/11\/WhatsApp-Image-2022-12-02-at-16.00.57-700x525.jpeg 700w, https:\/\/www.scuola.cl\/sivm\/wp-content\/uploads\/2022\/11\/WhatsApp-Image-2022-12-02-at-16.00.57-250x188.jpeg 250w, https:\/\/www.scuola.cl\/sivm\/wp-content\/uploads\/2022\/11\/WhatsApp-Image-2022-12-02-at-16.00.57-768x576.jpeg 768w, https:\/\/www.scuola.cl\/sivm\/wp-content\/uploads\/2022\/11\/WhatsApp-Image-2022-12-02-at-16.00.57-120x90.jpeg 120w, https:\/\/www.scuola.cl\/sivm\/wp-content\/uploads\/2022\/11\/WhatsApp-Image-2022-12-02-at-16.00.57.jpeg 1408w\" sizes=\"auto, (max-width: 700px) 100vw, 700px\" \/><\/p>\n","protected":false},"excerpt":{"rendered":"En noviembre se realiz\u00f3 el pen\u00faltimo campeonato del a\u00f1o de Dance- Cheerleaders, organizado por Dance Classic. En esta oportunidad la Scuola particip\u00f3 con 4 equipos que obtuvieron excelentes resultados. ","protected":false},"author":2,"featured_media":19999,"comment_status":"closed","ping_status":"closed","sticky":false,"template":"","format":"standard","meta":{"_acf_changed":false,"footnotes":""},"categories":[12,5],"tags":[],"class_list":["post-19997","post","type-post","status-publish","format-standard","has-post-thumbnail","hentry","category-deportes","category-noticias"],"acf":[],"yoast_head":"<!-- This site is optimized with the Yoast SEO plugin v27.1.1 - https:\/\/yoast.com\/product\/yoast-seo-wordpress\/ -->\n<title>Pen\u00faltimo campeonato Dance - Scuola Italiana<\/title>\n<meta name=\"robots\" content=\"index, follow, max-snippet:-1, max-image-preview:large, max-video-preview:-1\" \/>\n<link rel=\"canonical\" href=\"https:\/\/www.scuola.cl\/sivm\/19997-2\/\" \/>\n<meta property=\"og:locale\" content=\"es_ES\" \/>\n<meta property=\"og:type\" content=\"article\" \/>\n<meta property=\"og:title\" content=\"Pen\u00faltimo campeonato Dance - Scuola Italiana\" \/>\n<meta property=\"og:description\" content=\"En noviembre se realiz\u00f3 el pen\u00faltimo campeonato del a\u00f1o de Dance- Cheerleaders, organizado por Dance Classic. En esta oportunidad la Scuola particip\u00f3 con 4 equipos que obtuvieron excelentes resultados.\" \/>\n<meta property=\"og:url\" content=\"https:\/\/www.scuola.cl\/sivm\/19997-2\/\" \/>\n<meta property=\"og:site_name\" content=\"Scuola Italiana\" \/>\n<meta property=\"article:published_time\" content=\"2022-11-23T18:17:53+00:00\" \/>\n<meta property=\"article:modified_time\" content=\"2022-12-05T18:30:17+00:00\" \/>\n<meta property=\"og:image\" content=\"https:\/\/www.scuola.cl\/sivm\/wp-content\/uploads\/2022\/12\/Dance-1.jpg\" \/>\n\t<meta property=\"og:image:width\" content=\"900\" \/>\n\t<meta property=\"og:image:height\" content=\"610\" \/>\n\t<meta property=\"og:image:type\" content=\"image\/jpeg\" \/>\n<meta name=\"author\" content=\"Comunicaciones\" \/>\n<meta name=\"twitter:card\" content=\"summary_large_image\" \/>\n<meta name=\"twitter:label1\" content=\"Escrito por\" \/>\n\t<meta name=\"twitter:data1\" content=\"Comunicaciones\" \/>\n\t<meta name=\"twitter:label2\" content=\"Tiempo de lectura\" \/>\n\t<meta name=\"twitter:data2\" content=\"3 minutos\" \/>\n<script type=\"application\/ld+json\" class=\"yoast-schema-graph\">{\"@context\":\"https:\/\/schema.org\",\"@graph\":[{\"@type\":\"Article\",\"@id\":\"https:\/\/www.scuola.cl\/sivm\/19997-2\/#article\",\"isPartOf\":{\"@id\":\"https:\/\/www.scuola.cl\/sivm\/19997-2\/\"},\"author\":{\"name\":\"Comunicaciones\",\"@id\":\"https:\/\/www.scuola.cl\/sivm\/#\/schema\/person\/2ac68abc1b548ee6d8e16c4d3727d1b2\"},\"headline\":\"Pen\u00faltimo campeonato Dance\",\"datePublished\":\"2022-11-23T18:17:53+00:00\",\"dateModified\":\"2022-12-05T18:30:17+00:00\",\"mainEntityOfPage\":{\"@id\":\"https:\/\/www.scuola.cl\/sivm\/19997-2\/\"},\"wordCount\":335,\"publisher\":{\"@id\":\"https:\/\/www.scuola.cl\/sivm\/#organization\"},\"image\":{\"@id\":\"https:\/\/www.scuola.cl\/sivm\/19997-2\/#primaryimage\"},\"thumbnailUrl\":\"https:\/\/www.scuola.cl\/sivm\/wp-content\/uploads\/2022\/12\/Dance-1.jpg\",\"articleSection\":[\"Deportes\",\"Noticias\"],\"inLanguage\":\"es\"},{\"@type\":\"WebPage\",\"@id\":\"https:\/\/www.scuola.cl\/sivm\/19997-2\/\",\"url\":\"https:\/\/www.scuola.cl\/sivm\/19997-2\/\",\"name\":\"Pen\u00faltimo campeonato Dance - Scuola Italiana\",\"isPartOf\":{\"@id\":\"https:\/\/www.scuola.cl\/sivm\/#website\"},\"primaryImageOfPage\":{\"@id\":\"https:\/\/www.scuola.cl\/sivm\/19997-2\/#primaryimage\"},\"image\":{\"@id\":\"https:\/\/www.scuola.cl\/sivm\/19997-2\/#primaryimage\"},\"thumbnailUrl\":\"https:\/\/www.scuola.cl\/sivm\/wp-content\/uploads\/2022\/12\/Dance-1.jpg\",\"datePublished\":\"2022-11-23T18:17:53+00:00\",\"dateModified\":\"2022-12-05T18:30:17+00:00\",\"breadcrumb\":{\"@id\":\"https:\/\/www.scuola.cl\/sivm\/19997-2\/#breadcrumb\"},\"inLanguage\":\"es\",\"potentialAction\":[{\"@type\":\"ReadAction\",\"target\":[\"https:\/\/www.scuola.cl\/sivm\/19997-2\/\"]}]},{\"@type\":\"ImageObject\",\"inLanguage\":\"es\",\"@id\":\"https:\/\/www.scuola.cl\/sivm\/19997-2\/#primaryimage\",\"url\":\"https:\/\/www.scuola.cl\/sivm\/wp-content\/uploads\/2022\/12\/Dance-1.jpg\",\"contentUrl\":\"https:\/\/www.scuola.cl\/sivm\/wp-content\/uploads\/2022\/12\/Dance-1.jpg\",\"width\":900,\"height\":610},{\"@type\":\"BreadcrumbList\",\"@id\":\"https:\/\/www.scuola.cl\/sivm\/19997-2\/#breadcrumb\",\"itemListElement\":[{\"@type\":\"ListItem\",\"position\":1,\"name\":\"Inicio\",\"item\":\"https:\/\/www.scuola.cl\/sivm\/\"},{\"@type\":\"ListItem\",\"position\":2,\"name\":\"Noticias\",\"item\":\"https:\/\/www.scuola.cl\/sivm\/category\/noticias\/\"},{\"@type\":\"ListItem\",\"position\":3,\"name\":\"Pen\u00faltimo campeonato Dance\"}]},{\"@type\":\"WebSite\",\"@id\":\"https:\/\/www.scuola.cl\/sivm\/#website\",\"url\":\"https:\/\/www.scuola.cl\/sivm\/\",\"name\":\"Scuola Italiana\",\"description\":\"Vittorio Montiglio\",\"publisher\":{\"@id\":\"https:\/\/www.scuola.cl\/sivm\/#organization\"},\"potentialAction\":[{\"@type\":\"SearchAction\",\"target\":{\"@type\":\"EntryPoint\",\"urlTemplate\":\"https:\/\/www.scuola.cl\/sivm\/?s={search_term_string}\"},\"query-input\":{\"@type\":\"PropertyValueSpecification\",\"valueRequired\":true,\"valueName\":\"search_term_string\"}}],\"inLanguage\":\"es\"},{\"@type\":\"Organization\",\"@id\":\"https:\/\/www.scuola.cl\/sivm\/#organization\",\"name\":\"Scuola Italiana Vittorio Montiglio\",\"url\":\"https:\/\/www.scuola.cl\/sivm\/\",\"logo\":{\"@type\":\"ImageObject\",\"inLanguage\":\"es\",\"@id\":\"https:\/\/www.scuola.cl\/sivm\/#\/schema\/logo\/image\/\",\"url\":\"https:\/\/www.scuola.cl\/sivm\/wp-content\/uploads\/2019\/06\/Logo_Scuola-01-001-1000x1000.png\",\"contentUrl\":\"https:\/\/www.scuola.cl\/sivm\/wp-content\/uploads\/2019\/06\/Logo_Scuola-01-001-1000x1000.png\",\"width\":1000,\"height\":1000,\"caption\":\"Scuola Italiana Vittorio Montiglio\"},\"image\":{\"@id\":\"https:\/\/www.scuola.cl\/sivm\/#\/schema\/logo\/image\/\"}},{\"@type\":\"Person\",\"@id\":\"https:\/\/www.scuola.cl\/sivm\/#\/schema\/person\/2ac68abc1b548ee6d8e16c4d3727d1b2\",\"name\":\"Comunicaciones\",\"image\":{\"@type\":\"ImageObject\",\"inLanguage\":\"es\",\"@id\":\"https:\/\/www.scuola.cl\/sivm\/#\/schema\/person\/image\/\",\"url\":\"https:\/\/secure.gravatar.com\/avatar\/0b29fd7cdce1ec9939eded19ce85d6ed73acf03fb52d098b0641aed356fe6aeb?s=96&d=mm&r=g\",\"contentUrl\":\"https:\/\/secure.gravatar.com\/avatar\/0b29fd7cdce1ec9939eded19ce85d6ed73acf03fb52d098b0641aed356fe6aeb?s=96&d=mm&r=g\",\"caption\":\"Comunicaciones\"},\"url\":\"https:\/\/www.scuola.cl\/sivm\/author\/comunicaciones-scuola\/\"}]}<\/script>\n<!-- \/ Yoast SEO plugin. -->","yoast_head_json":{"title":"Pen\u00faltimo campeonato Dance - Scuola Italiana","robots":{"index":"index","follow":"follow","max-snippet":"max-snippet:-1","max-image-preview":"max-image-preview:large","max-video-preview":"max-video-preview:-1"},"canonical":"https:\/\/www.scuola.cl\/sivm\/19997-2\/","og_locale":"es_ES","og_type":"article","og_title":"Pen\u00faltimo campeonato Dance - Scuola Italiana","og_description":"En noviembre se realiz\u00f3 el pen\u00faltimo campeonato del a\u00f1o de Dance- Cheerleaders, organizado por Dance Classic. En esta oportunidad la Scuola particip\u00f3 con 4 equipos que obtuvieron excelentes resultados.","og_url":"https:\/\/www.scuola.cl\/sivm\/19997-2\/","og_site_name":"Scuola Italiana","article_published_time":"2022-11-23T18:17:53+00:00","article_modified_time":"2022-12-05T18:30:17+00:00","og_image":[{"width":900,"height":610,"url":"https:\/\/www.scuola.cl\/sivm\/wp-content\/uploads\/2022\/12\/Dance-1.jpg","type":"image\/jpeg"}],"author":"Comunicaciones","twitter_card":"summary_large_image","twitter_misc":{"Escrito por":"Comunicaciones","Tiempo de lectura":"3 minutos"},"schema":{"@context":"https:\/\/schema.org","@graph":[{"@type":"Article","@id":"https:\/\/www.scuola.cl\/sivm\/19997-2\/#article","isPartOf":{"@id":"https:\/\/www.scuola.cl\/sivm\/19997-2\/"},"author":{"name":"Comunicaciones","@id":"https:\/\/www.scuola.cl\/sivm\/#\/schema\/person\/2ac68abc1b548ee6d8e16c4d3727d1b2"},"headline":"Pen\u00faltimo campeonato Dance","datePublished":"2022-11-23T18:17:53+00:00","dateModified":"2022-12-05T18:30:17+00:00","mainEntityOfPage":{"@id":"https:\/\/www.scuola.cl\/sivm\/19997-2\/"},"wordCount":335,"publisher":{"@id":"https:\/\/www.scuola.cl\/sivm\/#organization"},"image":{"@id":"https:\/\/www.scuola.cl\/sivm\/19997-2\/#primaryimage"},"thumbnailUrl":"https:\/\/www.scuola.cl\/sivm\/wp-content\/uploads\/2022\/12\/Dance-1.jpg","articleSection":["Deportes","Noticias"],"inLanguage":"es"},{"@type":"WebPage","@id":"https:\/\/www.scuola.cl\/sivm\/19997-2\/","url":"https:\/\/www.scuola.cl\/sivm\/19997-2\/","name":"Pen\u00faltimo campeonato Dance - Scuola Italiana","isPartOf":{"@id":"https:\/\/www.scuola.cl\/sivm\/#website"},"primaryImageOfPage":{"@id":"https:\/\/www.scuola.cl\/sivm\/19997-2\/#primaryimage"},"image":{"@id":"https:\/\/www.scuola.cl\/sivm\/19997-2\/#primaryimage"},"thumbnailUrl":"https:\/\/www.scuola.cl\/sivm\/wp-content\/uploads\/2022\/12\/Dance-1.jpg","datePublished":"2022-11-23T18:17:53+00:00","dateModified":"2022-12-05T18:30:17+00:00","breadcrumb":{"@id":"https:\/\/www.scuola.cl\/sivm\/19997-2\/#breadcrumb"},"inLanguage":"es","potentialAction":[{"@type":"ReadAction","target":["https:\/\/www.scuola.cl\/sivm\/19997-2\/"]}]},{"@type":"ImageObject","inLanguage":"es","@id":"https:\/\/www.scuola.cl\/sivm\/19997-2\/#primaryimage","url":"https:\/\/www.scuola.cl\/sivm\/wp-content\/uploads\/2022\/12\/Dance-1.jpg","contentUrl":"https:\/\/www.scuola.cl\/sivm\/wp-content\/uploads\/2022\/12\/Dance-1.jpg","width":900,"height":610},{"@type":"BreadcrumbList","@id":"https:\/\/www.scuola.cl\/sivm\/19997-2\/#breadcrumb","itemListElement":[{"@type":"ListItem","position":1,"name":"Inicio","item":"https:\/\/www.scuola.cl\/sivm\/"},{"@type":"ListItem","position":2,"name":"Noticias","item":"https:\/\/www.scuola.cl\/sivm\/category\/noticias\/"},{"@type":"ListItem","position":3,"name":"Pen\u00faltimo campeonato Dance"}]},{"@type":"WebSite","@id":"https:\/\/www.scuola.cl\/sivm\/#website","url":"https:\/\/www.scuola.cl\/sivm\/","name":"Scuola Italiana","description":"Vittorio Montiglio","publisher":{"@id":"https:\/\/www.scuola.cl\/sivm\/#organization"},"potentialAction":[{"@type":"SearchAction","target":{"@type":"EntryPoint","urlTemplate":"https:\/\/www.scuola.cl\/sivm\/?s={search_term_string}"},"query-input":{"@type":"PropertyValueSpecification","valueRequired":true,"valueName":"search_term_string"}}],"inLanguage":"es"},{"@type":"Organization","@id":"https:\/\/www.scuola.cl\/sivm\/#organization","name":"Scuola Italiana Vittorio Montiglio","url":"https:\/\/www.scuola.cl\/sivm\/","logo":{"@type":"ImageObject","inLanguage":"es","@id":"https:\/\/www.scuola.cl\/sivm\/#\/schema\/logo\/image\/","url":"https:\/\/www.scuola.cl\/sivm\/wp-content\/uploads\/2019\/06\/Logo_Scuola-01-001-1000x1000.png","contentUrl":"https:\/\/www.scuola.cl\/sivm\/wp-content\/uploads\/2019\/06\/Logo_Scuola-01-001-1000x1000.png","width":1000,"height":1000,"caption":"Scuola Italiana Vittorio Montiglio"},"image":{"@id":"https:\/\/www.scuola.cl\/sivm\/#\/schema\/logo\/image\/"}},{"@type":"Person","@id":"https:\/\/www.scuola.cl\/sivm\/#\/schema\/person\/2ac68abc1b548ee6d8e16c4d3727d1b2","name":"Comunicaciones","image":{"@type":"ImageObject","inLanguage":"es","@id":"https:\/\/www.scuola.cl\/sivm\/#\/schema\/person\/image\/","url":"https:\/\/secure.gravatar.com\/avatar\/0b29fd7cdce1ec9939eded19ce85d6ed73acf03fb52d098b0641aed356fe6aeb?s=96&d=mm&r=g","contentUrl":"https:\/\/secure.gravatar.com\/avatar\/0b29fd7cdce1ec9939eded19ce85d6ed73acf03fb52d098b0641aed356fe6aeb?s=96&d=mm&r=g","caption":"Comunicaciones"},"url":"https:\/\/www.scuola.cl\/sivm\/author\/comunicaciones-scuola\/"}]}},"_links":{"self":[{"href":"https:\/\/www.scuola.cl\/sivm\/wp-json\/wp\/v2\/posts\/19997","targetHints":{"allow":["GET"]}}],"collection":[{"href":"https:\/\/www.scuola.cl\/sivm\/wp-json\/wp\/v2\/posts"}],"about":[{"href":"https:\/\/www.scuola.cl\/sivm\/wp-json\/wp\/v2\/types\/post"}],"author":[{"embeddable":true,"href":"https:\/\/www.scuola.cl\/sivm\/wp-json\/wp\/v2\/users\/2"}],"replies":[{"embeddable":true,"href":"https:\/\/www.scuola.cl\/sivm\/wp-json\/wp\/v2\/comments?post=19997"}],"version-history":[{"count":7,"href":"https:\/\/www.scuola.cl\/sivm\/wp-json\/wp\/v2\/posts\/19997\/revisions"}],"predecessor-version":[{"id":20012,"href":"https:\/\/www.scuola.cl\/sivm\/wp-json\/wp\/v2\/posts\/19997\/revisions\/20012"}],"wp:featuredmedia":[{"embeddable":true,"href":"https:\/\/www.scuola.cl\/sivm\/wp-json\/wp\/v2\/media\/19999"}],"wp:attachment":[{"href":"https:\/\/www.scuola.cl\/sivm\/wp-json\/wp\/v2\/media?parent=19997"}],"wp:term":[{"taxonomy":"category","embeddable":true,"href":"https:\/\/www.scuola.cl\/sivm\/wp-json\/wp\/v2\/categories?post=19997"},{"taxonomy":"post_tag","embeddable":true,"href":"https:\/\/www.scuola.cl\/sivm\/wp-json\/wp\/v2\/tags?post=19997"}],"curies":[{"name":"wp","href":"https:\/\/api.w.org\/{rel}","templated":true}]}}