{"id":19858,"date":"2022-11-19T22:40:18","date_gmt":"2022-11-20T01:40:18","guid":{"rendered":"https:\/\/www.scuola.cl\/sivm\/?p=19858"},"modified":"2022-11-23T15:22:50","modified_gmt":"2022-11-23T18:22:50","slug":"novedades-atletismo-noviembre","status":"publish","type":"post","link":"https:\/\/www.scuola.cl\/sivm\/novedades-atletismo-noviembre\/","title":{"rendered":"Novedades atletismo noviembre"},"content":{"rendered":"\n<p>A continuaci\u00f3n, la profesora y entrenadora de atletismo Claudia Cornejo, nos cuenta sobre los logros obtenidos por nuestros alumnos el mes de noviembre.<\/p>\n<p>El s\u00e1bado 5 la Scuola compiti\u00f3, en las categor\u00edas Mini, Penecas y Preparatoria, en\u00a0 la sexta fecha de la Copa atletismo Escolar RM.<\/p>\n<p>Fuera de destacar la participaci\u00f3n de todos quienes participaron, su responsabilidad y compromiso con el taller, felicitamos a quienes mejoraron sus propias marcas y se subieron al podio.<\/p>\n<p><em>Premiados\u00a0<\/em><\/p>\n<ul>\n<li>Mini:\u00a0<\/li>\n<\/ul>\n<p>Sebasti\u00e1n Mart\u00ednez, 2er lugar en 50 metros planos.<\/p>\n<p>Franco Osorio, 5to lugar en 50 metros planos.<\/p>\n<ul>\n<li>Penecas<\/li>\n<\/ul>\n<p>Rafaela R\u00edos,\u00a0 2do lugar en 50 metros planos.<\/p>\n<p>Juan Jos\u00e9 Fern\u00e1ndez, 3er lugar en 500 metros planos.<\/p>\n<p>Diego Erdmann, 3er lugar en Salto largo<\/p>\n<ul>\n<li>Preparatoria<\/li>\n<\/ul>\n<p>Juan Jos\u00e9 Rodr\u00edguez, 6to lugar 800 metros planos.<\/p>\n<p>Destacamos tambi\u00e9n, la participaci\u00f3n de Mart\u00edn Villegas del III medio B, quien nos represent\u00f3 en el Campeonato Atl\u00e9tico de Santiago, obteniendo el 3er lugar en los 100 metros planos, su d\u00e9cima subida al podio del a\u00f1o.<\/p>\n<p>\u00a1\u00a1Muchas felicidades a todos!!<\/p>\n<p>\u00a0<\/p>\n<p><a href=\"https:\/\/drive.google.com\/drive\/folders\/18NptS9RuQ4mHZ2hoc8G_O8vzK6Cc1Px5?usp=sharing\" target=\"_blank\" rel=\"noopener\">Ver Fotos 6ta Fecha<\/a><\/p>\n<p><img loading=\"lazy\" decoding=\"async\" class=\"alignnone wp-image-19906 size-large\" src=\"https:\/\/www.scuola.cl\/sivm\/wp-content\/uploads\/2022\/11\/atletismo-6ta-fecha-700x445.jpg\" alt=\"\" width=\"700\" height=\"445\" srcset=\"https:\/\/www.scuola.cl\/sivm\/wp-content\/uploads\/2022\/11\/atletismo-6ta-fecha-700x445.jpg 700w, https:\/\/www.scuola.cl\/sivm\/wp-content\/uploads\/2022\/11\/atletismo-6ta-fecha-250x159.jpg 250w, https:\/\/www.scuola.cl\/sivm\/wp-content\/uploads\/2022\/11\/atletismo-6ta-fecha-768x488.jpg 768w, https:\/\/www.scuola.cl\/sivm\/wp-content\/uploads\/2022\/11\/atletismo-6ta-fecha-1536x976.jpg 1536w, https:\/\/www.scuola.cl\/sivm\/wp-content\/uploads\/2022\/11\/atletismo-6ta-fecha-2048x1302.jpg 2048w, https:\/\/www.scuola.cl\/sivm\/wp-content\/uploads\/2022\/11\/atletismo-6ta-fecha-120x76.jpg 120w\" sizes=\"auto, (max-width: 700px) 100vw, 700px\" \/><\/p>\n<p>El 19 de noviembre se realiz\u00f3 en el Estadio Patricio Mekis de Rancagua, la Copa Instituto Ingl\u00e9s en la cual participaron 38 alumnos en las categor\u00edas de Penecas, Preparatoria e Infantil.<\/p>\n<p>Agradecemos el compromiso de los padres y de nuestros estudiantes quienes tuvieron una buena participaci\u00f3n, comportamiento y compa\u00f1erismo, valores que fomentamos en nuestro taller.<\/p>\n<p>Destacamos a quienes obtuvieron medalla y mejoraron sus marcas.<\/p>\n<ul>\n<li>Penecas<\/li>\n<\/ul>\n<p>Juan Jos\u00e9 Fern\u00e1ndez,1er lugar en\u00a0 50 metros planos.<\/p>\n<p>Juan Jos\u00e9 Fern\u00e1ndez, 1er lugar en Salto Largo.<\/p>\n<p>Rafaela R\u00edos, 1er lugar en 50 metros planos.<\/p>\n<p>Juan Jos\u00e9 Fern\u00e1ndez, 2do lugar en 500 metros planos.<\/p>\n<p>Rafaela R\u00edos, 3er lugar en 500 metros planos.<\/p>\n<p>Diego Erdmann , 4to lugar en Salto Largo.<\/p>\n<p>\u00c1ngela Cuadra, 5to lugar en 50 metros planos.<\/p>\n<p>\u00c1ngela Cuadra, 5to lugar en 500 metros planos.<\/p>\n<p>Rafaela R\u00edos, 5to lugar en Salto Largo.<\/p>\n<p>Diego Erdmann, 6to lugar en 500 metros planos.<\/p>\n<ul>\n<li>Preparatoria<\/li>\n<\/ul>\n<p>Juan Jos\u00e9 Rodr\u00edguez, 5to lugar en 800 metros planos.<\/p>\n<p>Giulia Giardina, 6to lugar en 600 metros planos.<\/p>\n<ul>\n<li>Infantil<\/li>\n<\/ul>\n<p>M\u00e1ximo Quezada, 5to lugar en Lanzamiento de la Bala.<\/p>\n<p>Santiago Figueroa, 6to lugar en 80 metros planos.<\/p>\n<p>Felipe Sol\u00eds, 6to lugar en 800 metros planos.<\/p>\n<p>Benjam\u00edn Aros, 7mo lugar en Lanzamiento de la Bala.<\/p>\n<p>Matilde Macchiavello, 7mo lugar en 80 metros planos.<\/p>\n<p>Felicitaciones, y no olviden que este s\u00e1bado 26 de noviembre cerraremos con un Encuentro en nuestro colegio.<\/p>\n<p>\u00a0<\/p>\n<p><a href=\"https:\/\/drive.google.com\/drive\/folders\/1MyEC7dAwoMy38qR9-u3ePHU-GrgV3-Wx?usp=sharing\" target=\"_blank\" rel=\"noopener\">Ver fotos Torneo Rancagua<\/a><\/p>\n<p><img loading=\"lazy\" decoding=\"async\" class=\"alignnone wp-image-19908 size-large\" src=\"https:\/\/www.scuola.cl\/sivm\/wp-content\/uploads\/2022\/11\/Rancagua-700x445.jpg\" alt=\"\" width=\"700\" height=\"445\" srcset=\"https:\/\/www.scuola.cl\/sivm\/wp-content\/uploads\/2022\/11\/Rancagua-700x445.jpg 700w, https:\/\/www.scuola.cl\/sivm\/wp-content\/uploads\/2022\/11\/Rancagua-250x159.jpg 250w, https:\/\/www.scuola.cl\/sivm\/wp-content\/uploads\/2022\/11\/Rancagua-768x488.jpg 768w, https:\/\/www.scuola.cl\/sivm\/wp-content\/uploads\/2022\/11\/Rancagua-1536x976.jpg 1536w, https:\/\/www.scuola.cl\/sivm\/wp-content\/uploads\/2022\/11\/Rancagua-2048x1302.jpg 2048w, https:\/\/www.scuola.cl\/sivm\/wp-content\/uploads\/2022\/11\/Rancagua-120x76.jpg 120w\" sizes=\"auto, (max-width: 700px) 100vw, 700px\" \/><\/p>\n","protected":false},"excerpt":{"rendered":"A continuaci\u00f3n, la profesora y entrenadora de atletismo Claudia Cornejo, nos cuenta sobre los logros obtenidos por nuestros alumnos el mes de noviembre en las Copas de Atletismo Escolar e Instituto Ingl\u00e9s de Rancagua.","protected":false},"author":2,"featured_media":19859,"comment_status":"closed","ping_status":"closed","sticky":false,"template":"","format":"standard","meta":{"_acf_changed":false,"footnotes":""},"categories":[12,5],"tags":[],"class_list":["post-19858","post","type-post","status-publish","format-standard","has-post-thumbnail","hentry","category-deportes","category-noticias"],"acf":[],"yoast_head":"<!-- This site is optimized with the Yoast SEO plugin v28.2 - https:\/\/yoast.com\/product\/yoast-seo-wordpress\/ -->\n<title>Novedades atletismo noviembre - Scuola Italiana<\/title>\n<meta name=\"robots\" content=\"index, follow, max-snippet:-1, max-image-preview:large, max-video-preview:-1\" \/>\n<link rel=\"canonical\" href=\"https:\/\/www.scuola.cl\/sivm\/novedades-atletismo-noviembre\/\" \/>\n<meta property=\"og:locale\" content=\"es_ES\" \/>\n<meta property=\"og:type\" content=\"article\" \/>\n<meta property=\"og:title\" content=\"Novedades atletismo noviembre - Scuola Italiana\" \/>\n<meta property=\"og:description\" content=\"A continuaci\u00f3n, la profesora y entrenadora de atletismo Claudia Cornejo, nos cuenta sobre los logros obtenidos por nuestros alumnos el mes de noviembre en las Copas de Atletismo Escolar e Instituto Ingl\u00e9s de Rancagua.\" \/>\n<meta property=\"og:url\" content=\"https:\/\/www.scuola.cl\/sivm\/novedades-atletismo-noviembre\/\" \/>\n<meta property=\"og:site_name\" content=\"Scuola Italiana\" \/>\n<meta property=\"article:published_time\" content=\"2022-11-20T01:40:18+00:00\" \/>\n<meta property=\"article:modified_time\" content=\"2022-11-23T18:22:50+00:00\" \/>\n<meta property=\"og:image\" content=\"https:\/\/www.scuola.cl\/sivm\/wp-content\/uploads\/2022\/11\/atletismo-nov-web.jpg\" \/>\n\t<meta property=\"og:image:width\" content=\"900\" \/>\n\t<meta property=\"og:image:height\" content=\"610\" \/>\n\t<meta property=\"og:image:type\" content=\"image\/jpeg\" \/>\n<meta name=\"author\" content=\"Comunicaciones\" \/>\n<meta name=\"twitter:card\" content=\"summary_large_image\" \/>\n<meta name=\"twitter:label1\" content=\"Escrito por\" \/>\n\t<meta name=\"twitter:data1\" content=\"Comunicaciones\" \/>\n\t<meta name=\"twitter:label2\" content=\"Tiempo de lectura\" \/>\n\t<meta name=\"twitter:data2\" content=\"3 minutos\" \/>\n<script type=\"application\/ld+json\" class=\"yoast-schema-graph\">{\"@context\":\"https:\\\/\\\/schema.org\",\"@graph\":[{\"@type\":\"Article\",\"@id\":\"https:\\\/\\\/www.scuola.cl\\\/sivm\\\/novedades-atletismo-noviembre\\\/#article\",\"isPartOf\":{\"@id\":\"https:\\\/\\\/www.scuola.cl\\\/sivm\\\/novedades-atletismo-noviembre\\\/\"},\"author\":{\"name\":\"Comunicaciones\",\"@id\":\"https:\\\/\\\/www.scuola.cl\\\/sivm\\\/#\\\/schema\\\/person\\\/2ac68abc1b548ee6d8e16c4d3727d1b2\"},\"headline\":\"Novedades atletismo noviembre\",\"datePublished\":\"2022-11-20T01:40:18+00:00\",\"dateModified\":\"2022-11-23T18:22:50+00:00\",\"mainEntityOfPage\":{\"@id\":\"https:\\\/\\\/www.scuola.cl\\\/sivm\\\/novedades-atletismo-noviembre\\\/\"},\"wordCount\":408,\"publisher\":{\"@id\":\"https:\\\/\\\/www.scuola.cl\\\/sivm\\\/#organization\"},\"image\":{\"@id\":\"https:\\\/\\\/www.scuola.cl\\\/sivm\\\/novedades-atletismo-noviembre\\\/#primaryimage\"},\"thumbnailUrl\":\"https:\\\/\\\/www.scuola.cl\\\/sivm\\\/wp-content\\\/uploads\\\/2022\\\/11\\\/atletismo-nov-web.jpg\",\"articleSection\":[\"Deportes\",\"Noticias\"],\"inLanguage\":\"es\"},{\"@type\":\"WebPage\",\"@id\":\"https:\\\/\\\/www.scuola.cl\\\/sivm\\\/novedades-atletismo-noviembre\\\/\",\"url\":\"https:\\\/\\\/www.scuola.cl\\\/sivm\\\/novedades-atletismo-noviembre\\\/\",\"name\":\"Novedades atletismo noviembre - Scuola Italiana\",\"isPartOf\":{\"@id\":\"https:\\\/\\\/www.scuola.cl\\\/sivm\\\/#website\"},\"primaryImageOfPage\":{\"@id\":\"https:\\\/\\\/www.scuola.cl\\\/sivm\\\/novedades-atletismo-noviembre\\\/#primaryimage\"},\"image\":{\"@id\":\"https:\\\/\\\/www.scuola.cl\\\/sivm\\\/novedades-atletismo-noviembre\\\/#primaryimage\"},\"thumbnailUrl\":\"https:\\\/\\\/www.scuola.cl\\\/sivm\\\/wp-content\\\/uploads\\\/2022\\\/11\\\/atletismo-nov-web.jpg\",\"datePublished\":\"2022-11-20T01:40:18+00:00\",\"dateModified\":\"2022-11-23T18:22:50+00:00\",\"breadcrumb\":{\"@id\":\"https:\\\/\\\/www.scuola.cl\\\/sivm\\\/novedades-atletismo-noviembre\\\/#breadcrumb\"},\"inLanguage\":\"es\",\"potentialAction\":[{\"@type\":\"ReadAction\",\"target\":[\"https:\\\/\\\/www.scuola.cl\\\/sivm\\\/novedades-atletismo-noviembre\\\/\"]}]},{\"@type\":\"ImageObject\",\"inLanguage\":\"es\",\"@id\":\"https:\\\/\\\/www.scuola.cl\\\/sivm\\\/novedades-atletismo-noviembre\\\/#primaryimage\",\"url\":\"https:\\\/\\\/www.scuola.cl\\\/sivm\\\/wp-content\\\/uploads\\\/2022\\\/11\\\/atletismo-nov-web.jpg\",\"contentUrl\":\"https:\\\/\\\/www.scuola.cl\\\/sivm\\\/wp-content\\\/uploads\\\/2022\\\/11\\\/atletismo-nov-web.jpg\",\"width\":900,\"height\":610},{\"@type\":\"BreadcrumbList\",\"@id\":\"https:\\\/\\\/www.scuola.cl\\\/sivm\\\/novedades-atletismo-noviembre\\\/#breadcrumb\",\"itemListElement\":[{\"@type\":\"ListItem\",\"position\":1,\"name\":\"Inicio\",\"item\":\"https:\\\/\\\/www.scuola.cl\\\/sivm\\\/\"},{\"@type\":\"ListItem\",\"position\":2,\"name\":\"Noticias\",\"item\":\"https:\\\/\\\/www.scuola.cl\\\/sivm\\\/category\\\/noticias\\\/\"},{\"@type\":\"ListItem\",\"position\":3,\"name\":\"Novedades atletismo noviembre\"}]},{\"@type\":\"WebSite\",\"@id\":\"https:\\\/\\\/www.scuola.cl\\\/sivm\\\/#website\",\"url\":\"https:\\\/\\\/www.scuola.cl\\\/sivm\\\/\",\"name\":\"Scuola Italiana\",\"description\":\"Vittorio Montiglio\",\"publisher\":{\"@id\":\"https:\\\/\\\/www.scuola.cl\\\/sivm\\\/#organization\"},\"potentialAction\":[{\"@type\":\"SearchAction\",\"target\":{\"@type\":\"EntryPoint\",\"urlTemplate\":\"https:\\\/\\\/www.scuola.cl\\\/sivm\\\/?s={search_term_string}\"},\"query-input\":{\"@type\":\"PropertyValueSpecification\",\"valueRequired\":true,\"valueName\":\"search_term_string\"}}],\"inLanguage\":\"es\"},{\"@type\":\"Organization\",\"@id\":\"https:\\\/\\\/www.scuola.cl\\\/sivm\\\/#organization\",\"name\":\"Scuola Italiana Vittorio Montiglio\",\"url\":\"https:\\\/\\\/www.scuola.cl\\\/sivm\\\/\",\"logo\":{\"@type\":\"ImageObject\",\"inLanguage\":\"es\",\"@id\":\"https:\\\/\\\/www.scuola.cl\\\/sivm\\\/#\\\/schema\\\/logo\\\/image\\\/\",\"url\":\"https:\\\/\\\/www.scuola.cl\\\/sivm\\\/wp-content\\\/uploads\\\/2019\\\/06\\\/Logo_Scuola-01-001-1000x1000.png\",\"contentUrl\":\"https:\\\/\\\/www.scuola.cl\\\/sivm\\\/wp-content\\\/uploads\\\/2019\\\/06\\\/Logo_Scuola-01-001-1000x1000.png\",\"width\":1000,\"height\":1000,\"caption\":\"Scuola Italiana Vittorio Montiglio\"},\"image\":{\"@id\":\"https:\\\/\\\/www.scuola.cl\\\/sivm\\\/#\\\/schema\\\/logo\\\/image\\\/\"}},{\"@type\":\"Person\",\"@id\":\"https:\\\/\\\/www.scuola.cl\\\/sivm\\\/#\\\/schema\\\/person\\\/2ac68abc1b548ee6d8e16c4d3727d1b2\",\"name\":\"Comunicaciones\",\"image\":{\"@type\":\"ImageObject\",\"inLanguage\":\"es\",\"@id\":\"https:\\\/\\\/secure.gravatar.com\\\/avatar\\\/0b29fd7cdce1ec9939eded19ce85d6ed73acf03fb52d098b0641aed356fe6aeb?s=96&d=mm&r=g\",\"url\":\"https:\\\/\\\/secure.gravatar.com\\\/avatar\\\/0b29fd7cdce1ec9939eded19ce85d6ed73acf03fb52d098b0641aed356fe6aeb?s=96&d=mm&r=g\",\"contentUrl\":\"https:\\\/\\\/secure.gravatar.com\\\/avatar\\\/0b29fd7cdce1ec9939eded19ce85d6ed73acf03fb52d098b0641aed356fe6aeb?s=96&d=mm&r=g\",\"caption\":\"Comunicaciones\"},\"url\":\"https:\\\/\\\/www.scuola.cl\\\/sivm\\\/author\\\/comunicaciones-scuola\\\/\"}]}<\/script>\n<!-- \/ Yoast SEO plugin. -->","yoast_head_json":{"title":"Novedades atletismo noviembre - Scuola Italiana","robots":{"index":"index","follow":"follow","max-snippet":"max-snippet:-1","max-image-preview":"max-image-preview:large","max-video-preview":"max-video-preview:-1"},"canonical":"https:\/\/www.scuola.cl\/sivm\/novedades-atletismo-noviembre\/","og_locale":"es_ES","og_type":"article","og_title":"Novedades atletismo noviembre - Scuola Italiana","og_description":"A continuaci\u00f3n, la profesora y entrenadora de atletismo Claudia Cornejo, nos cuenta sobre los logros obtenidos por nuestros alumnos el mes de noviembre en las Copas de Atletismo Escolar e Instituto Ingl\u00e9s de Rancagua.","og_url":"https:\/\/www.scuola.cl\/sivm\/novedades-atletismo-noviembre\/","og_site_name":"Scuola Italiana","article_published_time":"2022-11-20T01:40:18+00:00","article_modified_time":"2022-11-23T18:22:50+00:00","og_image":[{"width":900,"height":610,"url":"https:\/\/www.scuola.cl\/sivm\/wp-content\/uploads\/2022\/11\/atletismo-nov-web.jpg","type":"image\/jpeg"}],"author":"Comunicaciones","twitter_card":"summary_large_image","twitter_misc":{"Escrito por":"Comunicaciones","Tiempo de lectura":"3 minutos"},"schema":{"@context":"https:\/\/schema.org","@graph":[{"@type":"Article","@id":"https:\/\/www.scuola.cl\/sivm\/novedades-atletismo-noviembre\/#article","isPartOf":{"@id":"https:\/\/www.scuola.cl\/sivm\/novedades-atletismo-noviembre\/"},"author":{"name":"Comunicaciones","@id":"https:\/\/www.scuola.cl\/sivm\/#\/schema\/person\/2ac68abc1b548ee6d8e16c4d3727d1b2"},"headline":"Novedades atletismo noviembre","datePublished":"2022-11-20T01:40:18+00:00","dateModified":"2022-11-23T18:22:50+00:00","mainEntityOfPage":{"@id":"https:\/\/www.scuola.cl\/sivm\/novedades-atletismo-noviembre\/"},"wordCount":408,"publisher":{"@id":"https:\/\/www.scuola.cl\/sivm\/#organization"},"image":{"@id":"https:\/\/www.scuola.cl\/sivm\/novedades-atletismo-noviembre\/#primaryimage"},"thumbnailUrl":"https:\/\/www.scuola.cl\/sivm\/wp-content\/uploads\/2022\/11\/atletismo-nov-web.jpg","articleSection":["Deportes","Noticias"],"inLanguage":"es"},{"@type":"WebPage","@id":"https:\/\/www.scuola.cl\/sivm\/novedades-atletismo-noviembre\/","url":"https:\/\/www.scuola.cl\/sivm\/novedades-atletismo-noviembre\/","name":"Novedades atletismo noviembre - Scuola Italiana","isPartOf":{"@id":"https:\/\/www.scuola.cl\/sivm\/#website"},"primaryImageOfPage":{"@id":"https:\/\/www.scuola.cl\/sivm\/novedades-atletismo-noviembre\/#primaryimage"},"image":{"@id":"https:\/\/www.scuola.cl\/sivm\/novedades-atletismo-noviembre\/#primaryimage"},"thumbnailUrl":"https:\/\/www.scuola.cl\/sivm\/wp-content\/uploads\/2022\/11\/atletismo-nov-web.jpg","datePublished":"2022-11-20T01:40:18+00:00","dateModified":"2022-11-23T18:22:50+00:00","breadcrumb":{"@id":"https:\/\/www.scuola.cl\/sivm\/novedades-atletismo-noviembre\/#breadcrumb"},"inLanguage":"es","potentialAction":[{"@type":"ReadAction","target":["https:\/\/www.scuola.cl\/sivm\/novedades-atletismo-noviembre\/"]}]},{"@type":"ImageObject","inLanguage":"es","@id":"https:\/\/www.scuola.cl\/sivm\/novedades-atletismo-noviembre\/#primaryimage","url":"https:\/\/www.scuola.cl\/sivm\/wp-content\/uploads\/2022\/11\/atletismo-nov-web.jpg","contentUrl":"https:\/\/www.scuola.cl\/sivm\/wp-content\/uploads\/2022\/11\/atletismo-nov-web.jpg","width":900,"height":610},{"@type":"BreadcrumbList","@id":"https:\/\/www.scuola.cl\/sivm\/novedades-atletismo-noviembre\/#breadcrumb","itemListElement":[{"@type":"ListItem","position":1,"name":"Inicio","item":"https:\/\/www.scuola.cl\/sivm\/"},{"@type":"ListItem","position":2,"name":"Noticias","item":"https:\/\/www.scuola.cl\/sivm\/category\/noticias\/"},{"@type":"ListItem","position":3,"name":"Novedades atletismo noviembre"}]},{"@type":"WebSite","@id":"https:\/\/www.scuola.cl\/sivm\/#website","url":"https:\/\/www.scuola.cl\/sivm\/","name":"Scuola Italiana","description":"Vittorio Montiglio","publisher":{"@id":"https:\/\/www.scuola.cl\/sivm\/#organization"},"potentialAction":[{"@type":"SearchAction","target":{"@type":"EntryPoint","urlTemplate":"https:\/\/www.scuola.cl\/sivm\/?s={search_term_string}"},"query-input":{"@type":"PropertyValueSpecification","valueRequired":true,"valueName":"search_term_string"}}],"inLanguage":"es"},{"@type":"Organization","@id":"https:\/\/www.scuola.cl\/sivm\/#organization","name":"Scuola Italiana Vittorio Montiglio","url":"https:\/\/www.scuola.cl\/sivm\/","logo":{"@type":"ImageObject","inLanguage":"es","@id":"https:\/\/www.scuola.cl\/sivm\/#\/schema\/logo\/image\/","url":"https:\/\/www.scuola.cl\/sivm\/wp-content\/uploads\/2019\/06\/Logo_Scuola-01-001-1000x1000.png","contentUrl":"https:\/\/www.scuola.cl\/sivm\/wp-content\/uploads\/2019\/06\/Logo_Scuola-01-001-1000x1000.png","width":1000,"height":1000,"caption":"Scuola Italiana Vittorio Montiglio"},"image":{"@id":"https:\/\/www.scuola.cl\/sivm\/#\/schema\/logo\/image\/"}},{"@type":"Person","@id":"https:\/\/www.scuola.cl\/sivm\/#\/schema\/person\/2ac68abc1b548ee6d8e16c4d3727d1b2","name":"Comunicaciones","image":{"@type":"ImageObject","inLanguage":"es","@id":"https:\/\/secure.gravatar.com\/avatar\/0b29fd7cdce1ec9939eded19ce85d6ed73acf03fb52d098b0641aed356fe6aeb?s=96&d=mm&r=g","url":"https:\/\/secure.gravatar.com\/avatar\/0b29fd7cdce1ec9939eded19ce85d6ed73acf03fb52d098b0641aed356fe6aeb?s=96&d=mm&r=g","contentUrl":"https:\/\/secure.gravatar.com\/avatar\/0b29fd7cdce1ec9939eded19ce85d6ed73acf03fb52d098b0641aed356fe6aeb?s=96&d=mm&r=g","caption":"Comunicaciones"},"url":"https:\/\/www.scuola.cl\/sivm\/author\/comunicaciones-scuola\/"}]}},"_links":{"self":[{"href":"https:\/\/www.scuola.cl\/sivm\/wp-json\/wp\/v2\/posts\/19858","targetHints":{"allow":["GET"]}}],"collection":[{"href":"https:\/\/www.scuola.cl\/sivm\/wp-json\/wp\/v2\/posts"}],"about":[{"href":"https:\/\/www.scuola.cl\/sivm\/wp-json\/wp\/v2\/types\/post"}],"author":[{"embeddable":true,"href":"https:\/\/www.scuola.cl\/sivm\/wp-json\/wp\/v2\/users\/2"}],"replies":[{"embeddable":true,"href":"https:\/\/www.scuola.cl\/sivm\/wp-json\/wp\/v2\/comments?post=19858"}],"version-history":[{"count":11,"href":"https:\/\/www.scuola.cl\/sivm\/wp-json\/wp\/v2\/posts\/19858\/revisions"}],"predecessor-version":[{"id":19909,"href":"https:\/\/www.scuola.cl\/sivm\/wp-json\/wp\/v2\/posts\/19858\/revisions\/19909"}],"wp:featuredmedia":[{"embeddable":true,"href":"https:\/\/www.scuola.cl\/sivm\/wp-json\/wp\/v2\/media\/19859"}],"wp:attachment":[{"href":"https:\/\/www.scuola.cl\/sivm\/wp-json\/wp\/v2\/media?parent=19858"}],"wp:term":[{"taxonomy":"category","embeddable":true,"href":"https:\/\/www.scuola.cl\/sivm\/wp-json\/wp\/v2\/categories?post=19858"},{"taxonomy":"post_tag","embeddable":true,"href":"https:\/\/www.scuola.cl\/sivm\/wp-json\/wp\/v2\/tags?post=19858"}],"curies":[{"name":"wp","href":"https:\/\/api.w.org\/{rel}","templated":true}]}}