{"id":1953,"date":"2016-12-01T13:00:51","date_gmt":"2016-12-01T16:00:51","guid":{"rendered":"http:\/\/www.scuola.cl\/sivm\/?p=1953"},"modified":"2016-12-02T12:47:25","modified_gmt":"2016-12-02T15:47:25","slug":"recoleccion-campana-navidena","status":"publish","type":"post","link":"https:\/\/www.scuola.cl\/sivm\/recoleccion-campana-navidena\/","title":{"rendered":"Campa\u00f1a Solidaria Navide\u00f1a"},"content":{"rendered":"<p>Cara Comunit\u00e0,<\/p>\n<p>Con mucha alegr\u00eda, les contamos que logramos cumplir la meta de reunir 375 cajas navide\u00f1as para cada una de las familias de Villa Los Robles de Lampa.<\/p>\n<p>Agradecemos de todo coraz\u00f3n el enorme compromiso de apoderados, alumnos, ex alumnos, profesores y funcionarios de la Scuola, que con su generosa respuesta hicieron posible esta campa\u00f1a que har\u00e1 felices a las familias que necesitan de nuestra ayuda.<\/p>\n<p>Para quienes se comprometieron a traer las cajas armadas, les informamos que se recibir\u00e1n durante el lunes 5, martes 6 y mi\u00e9rcoles 7 de diciembre, de 7:30 a 9:00 Hrs. y de 13:00 a 14:00 Hrs. en el Patio de Honor de la Scuola (junto a la Lupa). Es muy importante respetar las fechas de entrega para poder llevar a cabo este gran proyecto.<\/p>\n<p><a href=\"http:\/\/www.commtrack.cl\/archivos\/sivm\/adc7ab_Listado_de_Alimentos_-_Caja_Navidena.pdf\" target=\"_blank\">Ver listado de alimentos sugerido<\/a><\/p>\n<p>Adem\u00e1s, el mi\u00e9rcoles 21 de diciembre a las 14:00 Hrs. partiremos desde la Scuola hacia Villa Los Robles\u00a0para realizar la entrega de las cajas, por lo cual invitamos a quien quiera sumarse a participar tambi\u00e9n en esta actividad.<\/p>\n<p>Mayor informaci\u00f3n: Carmen Cecilia Stockebrand (cstockebrand@scuola.cl)<\/p>\n<p>\u00a1Contamos con su apoyo y agradecemos a todos su compromiso!<\/p>\n<p>Solidaridad Scuola<\/p>\n<p><img loading=\"lazy\" decoding=\"async\" width=\"700\" height=\"474\" class=\"alignnone size-large wp-image-1954\" src=\"http:\/\/www.scuola.cl\/sivm\/wp-content\/uploads\/2016\/12\/Cajas_navidad_listas-700x474.jpg\" alt=\"cajas_navidad_listas\" srcset=\"https:\/\/www.scuola.cl\/sivm\/wp-content\/uploads\/2016\/12\/Cajas_navidad_listas-700x474.jpg 700w, https:\/\/www.scuola.cl\/sivm\/wp-content\/uploads\/2016\/12\/Cajas_navidad_listas-250x169.jpg 250w, https:\/\/www.scuola.cl\/sivm\/wp-content\/uploads\/2016\/12\/Cajas_navidad_listas-768x521.jpg 768w, https:\/\/www.scuola.cl\/sivm\/wp-content\/uploads\/2016\/12\/Cajas_navidad_listas-120x81.jpg 120w, https:\/\/www.scuola.cl\/sivm\/wp-content\/uploads\/2016\/12\/Cajas_navidad_listas.jpg 900w\" sizes=\"auto, (max-width: 700px) 100vw, 700px\" \/><\/p>\n","protected":false},"excerpt":{"rendered":"Con mucha alegr\u00eda, les contamos que logramos cumplir la meta de reunir 375 cajas para una cena navide\u00f1a para cada una de las familias de Villa Los Robles de Lampa.","protected":false},"author":2,"featured_media":1954,"comment_status":"open","ping_status":"open","sticky":false,"template":"","format":"standard","meta":{"_acf_changed":false,"footnotes":""},"categories":[5,24,23],"tags":[],"class_list":["post-1953","post","type-post","status-publish","format-standard","has-post-thumbnail","hentry","category-noticias","category-scuola","category-solidaridad"],"acf":[],"yoast_head":"<!-- This site is optimized with the Yoast SEO plugin v27.1.1 - https:\/\/yoast.com\/product\/yoast-seo-wordpress\/ -->\n<title>Campa\u00f1a Solidaria Navide\u00f1a - Scuola Italiana<\/title>\n<meta name=\"robots\" content=\"index, follow, max-snippet:-1, max-image-preview:large, max-video-preview:-1\" \/>\n<link rel=\"canonical\" href=\"https:\/\/www.scuola.cl\/sivm\/recoleccion-campana-navidena\/\" \/>\n<meta property=\"og:locale\" content=\"es_ES\" \/>\n<meta property=\"og:type\" content=\"article\" \/>\n<meta property=\"og:title\" content=\"Campa\u00f1a Solidaria Navide\u00f1a - Scuola Italiana\" \/>\n<meta property=\"og:description\" content=\"Con mucha alegr\u00eda, les contamos que logramos cumplir la meta de reunir 375 cajas para una cena navide\u00f1a para cada una de las familias de Villa Los Robles de Lampa.\" \/>\n<meta property=\"og:url\" content=\"https:\/\/www.scuola.cl\/sivm\/recoleccion-campana-navidena\/\" \/>\n<meta property=\"og:site_name\" content=\"Scuola Italiana\" \/>\n<meta property=\"article:published_time\" content=\"2016-12-01T16:00:51+00:00\" \/>\n<meta property=\"article:modified_time\" content=\"2016-12-02T15:47:25+00:00\" \/>\n<meta property=\"og:image\" content=\"https:\/\/www.scuola.cl\/sivm\/wp-content\/uploads\/2016\/12\/Cajas_navidad_listas.jpg\" \/>\n\t<meta property=\"og:image:width\" content=\"900\" \/>\n\t<meta property=\"og:image:height\" content=\"610\" \/>\n\t<meta property=\"og:image:type\" content=\"image\/jpeg\" \/>\n<meta name=\"author\" content=\"Comunicaciones\" \/>\n<meta name=\"twitter:card\" content=\"summary_large_image\" \/>\n<meta name=\"twitter:label1\" content=\"Escrito por\" \/>\n\t<meta name=\"twitter:data1\" content=\"Comunicaciones\" \/>\n\t<meta name=\"twitter:label2\" content=\"Tiempo de lectura\" \/>\n\t<meta name=\"twitter:data2\" content=\"1 minuto\" \/>\n<script type=\"application\/ld+json\" class=\"yoast-schema-graph\">{\"@context\":\"https:\/\/schema.org\",\"@graph\":[{\"@type\":\"Article\",\"@id\":\"https:\/\/www.scuola.cl\/sivm\/recoleccion-campana-navidena\/#article\",\"isPartOf\":{\"@id\":\"https:\/\/www.scuola.cl\/sivm\/recoleccion-campana-navidena\/\"},\"author\":{\"name\":\"Comunicaciones\",\"@id\":\"https:\/\/www.scuola.cl\/sivm\/#\/schema\/person\/2ac68abc1b548ee6d8e16c4d3727d1b2\"},\"headline\":\"Campa\u00f1a Solidaria Navide\u00f1a\",\"datePublished\":\"2016-12-01T16:00:51+00:00\",\"dateModified\":\"2016-12-02T15:47:25+00:00\",\"mainEntityOfPage\":{\"@id\":\"https:\/\/www.scuola.cl\/sivm\/recoleccion-campana-navidena\/\"},\"wordCount\":200,\"commentCount\":0,\"publisher\":{\"@id\":\"https:\/\/www.scuola.cl\/sivm\/#organization\"},\"image\":{\"@id\":\"https:\/\/www.scuola.cl\/sivm\/recoleccion-campana-navidena\/#primaryimage\"},\"thumbnailUrl\":\"https:\/\/www.scuola.cl\/sivm\/wp-content\/uploads\/2016\/12\/Cajas_navidad_listas.jpg\",\"articleSection\":[\"Noticias\",\"Scuola\",\"Solidaridad\"],\"inLanguage\":\"es\",\"potentialAction\":[{\"@type\":\"CommentAction\",\"name\":\"Comment\",\"target\":[\"https:\/\/www.scuola.cl\/sivm\/recoleccion-campana-navidena\/#respond\"]}]},{\"@type\":\"WebPage\",\"@id\":\"https:\/\/www.scuola.cl\/sivm\/recoleccion-campana-navidena\/\",\"url\":\"https:\/\/www.scuola.cl\/sivm\/recoleccion-campana-navidena\/\",\"name\":\"Campa\u00f1a Solidaria Navide\u00f1a - Scuola Italiana\",\"isPartOf\":{\"@id\":\"https:\/\/www.scuola.cl\/sivm\/#website\"},\"primaryImageOfPage\":{\"@id\":\"https:\/\/www.scuola.cl\/sivm\/recoleccion-campana-navidena\/#primaryimage\"},\"image\":{\"@id\":\"https:\/\/www.scuola.cl\/sivm\/recoleccion-campana-navidena\/#primaryimage\"},\"thumbnailUrl\":\"https:\/\/www.scuola.cl\/sivm\/wp-content\/uploads\/2016\/12\/Cajas_navidad_listas.jpg\",\"datePublished\":\"2016-12-01T16:00:51+00:00\",\"dateModified\":\"2016-12-02T15:47:25+00:00\",\"breadcrumb\":{\"@id\":\"https:\/\/www.scuola.cl\/sivm\/recoleccion-campana-navidena\/#breadcrumb\"},\"inLanguage\":\"es\",\"potentialAction\":[{\"@type\":\"ReadAction\",\"target\":[\"https:\/\/www.scuola.cl\/sivm\/recoleccion-campana-navidena\/\"]}]},{\"@type\":\"ImageObject\",\"inLanguage\":\"es\",\"@id\":\"https:\/\/www.scuola.cl\/sivm\/recoleccion-campana-navidena\/#primaryimage\",\"url\":\"https:\/\/www.scuola.cl\/sivm\/wp-content\/uploads\/2016\/12\/Cajas_navidad_listas.jpg\",\"contentUrl\":\"https:\/\/www.scuola.cl\/sivm\/wp-content\/uploads\/2016\/12\/Cajas_navidad_listas.jpg\",\"width\":900,\"height\":610},{\"@type\":\"BreadcrumbList\",\"@id\":\"https:\/\/www.scuola.cl\/sivm\/recoleccion-campana-navidena\/#breadcrumb\",\"itemListElement\":[{\"@type\":\"ListItem\",\"position\":1,\"name\":\"Inicio\",\"item\":\"https:\/\/www.scuola.cl\/sivm\/\"},{\"@type\":\"ListItem\",\"position\":2,\"name\":\"Noticias\",\"item\":\"https:\/\/www.scuola.cl\/sivm\/category\/noticias\/\"},{\"@type\":\"ListItem\",\"position\":3,\"name\":\"Campa\u00f1a Solidaria Navide\u00f1a\"}]},{\"@type\":\"WebSite\",\"@id\":\"https:\/\/www.scuola.cl\/sivm\/#website\",\"url\":\"https:\/\/www.scuola.cl\/sivm\/\",\"name\":\"Scuola Italiana\",\"description\":\"Vittorio Montiglio\",\"publisher\":{\"@id\":\"https:\/\/www.scuola.cl\/sivm\/#organization\"},\"potentialAction\":[{\"@type\":\"SearchAction\",\"target\":{\"@type\":\"EntryPoint\",\"urlTemplate\":\"https:\/\/www.scuola.cl\/sivm\/?s={search_term_string}\"},\"query-input\":{\"@type\":\"PropertyValueSpecification\",\"valueRequired\":true,\"valueName\":\"search_term_string\"}}],\"inLanguage\":\"es\"},{\"@type\":\"Organization\",\"@id\":\"https:\/\/www.scuola.cl\/sivm\/#organization\",\"name\":\"Scuola Italiana Vittorio Montiglio\",\"url\":\"https:\/\/www.scuola.cl\/sivm\/\",\"logo\":{\"@type\":\"ImageObject\",\"inLanguage\":\"es\",\"@id\":\"https:\/\/www.scuola.cl\/sivm\/#\/schema\/logo\/image\/\",\"url\":\"https:\/\/www.scuola.cl\/sivm\/wp-content\/uploads\/2019\/06\/Logo_Scuola-01-001-1000x1000.png\",\"contentUrl\":\"https:\/\/www.scuola.cl\/sivm\/wp-content\/uploads\/2019\/06\/Logo_Scuola-01-001-1000x1000.png\",\"width\":1000,\"height\":1000,\"caption\":\"Scuola Italiana Vittorio Montiglio\"},\"image\":{\"@id\":\"https:\/\/www.scuola.cl\/sivm\/#\/schema\/logo\/image\/\"}},{\"@type\":\"Person\",\"@id\":\"https:\/\/www.scuola.cl\/sivm\/#\/schema\/person\/2ac68abc1b548ee6d8e16c4d3727d1b2\",\"name\":\"Comunicaciones\",\"image\":{\"@type\":\"ImageObject\",\"inLanguage\":\"es\",\"@id\":\"https:\/\/www.scuola.cl\/sivm\/#\/schema\/person\/image\/\",\"url\":\"https:\/\/secure.gravatar.com\/avatar\/0b29fd7cdce1ec9939eded19ce85d6ed73acf03fb52d098b0641aed356fe6aeb?s=96&d=mm&r=g\",\"contentUrl\":\"https:\/\/secure.gravatar.com\/avatar\/0b29fd7cdce1ec9939eded19ce85d6ed73acf03fb52d098b0641aed356fe6aeb?s=96&d=mm&r=g\",\"caption\":\"Comunicaciones\"},\"url\":\"https:\/\/www.scuola.cl\/sivm\/author\/comunicaciones-scuola\/\"}]}<\/script>\n<!-- \/ Yoast SEO plugin. -->","yoast_head_json":{"title":"Campa\u00f1a Solidaria Navide\u00f1a - Scuola Italiana","robots":{"index":"index","follow":"follow","max-snippet":"max-snippet:-1","max-image-preview":"max-image-preview:large","max-video-preview":"max-video-preview:-1"},"canonical":"https:\/\/www.scuola.cl\/sivm\/recoleccion-campana-navidena\/","og_locale":"es_ES","og_type":"article","og_title":"Campa\u00f1a Solidaria Navide\u00f1a - Scuola Italiana","og_description":"Con mucha alegr\u00eda, les contamos que logramos cumplir la meta de reunir 375 cajas para una cena navide\u00f1a para cada una de las familias de Villa Los Robles de Lampa.","og_url":"https:\/\/www.scuola.cl\/sivm\/recoleccion-campana-navidena\/","og_site_name":"Scuola Italiana","article_published_time":"2016-12-01T16:00:51+00:00","article_modified_time":"2016-12-02T15:47:25+00:00","og_image":[{"width":900,"height":610,"url":"https:\/\/www.scuola.cl\/sivm\/wp-content\/uploads\/2016\/12\/Cajas_navidad_listas.jpg","type":"image\/jpeg"}],"author":"Comunicaciones","twitter_card":"summary_large_image","twitter_misc":{"Escrito por":"Comunicaciones","Tiempo de lectura":"1 minuto"},"schema":{"@context":"https:\/\/schema.org","@graph":[{"@type":"Article","@id":"https:\/\/www.scuola.cl\/sivm\/recoleccion-campana-navidena\/#article","isPartOf":{"@id":"https:\/\/www.scuola.cl\/sivm\/recoleccion-campana-navidena\/"},"author":{"name":"Comunicaciones","@id":"https:\/\/www.scuola.cl\/sivm\/#\/schema\/person\/2ac68abc1b548ee6d8e16c4d3727d1b2"},"headline":"Campa\u00f1a Solidaria Navide\u00f1a","datePublished":"2016-12-01T16:00:51+00:00","dateModified":"2016-12-02T15:47:25+00:00","mainEntityOfPage":{"@id":"https:\/\/www.scuola.cl\/sivm\/recoleccion-campana-navidena\/"},"wordCount":200,"commentCount":0,"publisher":{"@id":"https:\/\/www.scuola.cl\/sivm\/#organization"},"image":{"@id":"https:\/\/www.scuola.cl\/sivm\/recoleccion-campana-navidena\/#primaryimage"},"thumbnailUrl":"https:\/\/www.scuola.cl\/sivm\/wp-content\/uploads\/2016\/12\/Cajas_navidad_listas.jpg","articleSection":["Noticias","Scuola","Solidaridad"],"inLanguage":"es","potentialAction":[{"@type":"CommentAction","name":"Comment","target":["https:\/\/www.scuola.cl\/sivm\/recoleccion-campana-navidena\/#respond"]}]},{"@type":"WebPage","@id":"https:\/\/www.scuola.cl\/sivm\/recoleccion-campana-navidena\/","url":"https:\/\/www.scuola.cl\/sivm\/recoleccion-campana-navidena\/","name":"Campa\u00f1a Solidaria Navide\u00f1a - Scuola Italiana","isPartOf":{"@id":"https:\/\/www.scuola.cl\/sivm\/#website"},"primaryImageOfPage":{"@id":"https:\/\/www.scuola.cl\/sivm\/recoleccion-campana-navidena\/#primaryimage"},"image":{"@id":"https:\/\/www.scuola.cl\/sivm\/recoleccion-campana-navidena\/#primaryimage"},"thumbnailUrl":"https:\/\/www.scuola.cl\/sivm\/wp-content\/uploads\/2016\/12\/Cajas_navidad_listas.jpg","datePublished":"2016-12-01T16:00:51+00:00","dateModified":"2016-12-02T15:47:25+00:00","breadcrumb":{"@id":"https:\/\/www.scuola.cl\/sivm\/recoleccion-campana-navidena\/#breadcrumb"},"inLanguage":"es","potentialAction":[{"@type":"ReadAction","target":["https:\/\/www.scuola.cl\/sivm\/recoleccion-campana-navidena\/"]}]},{"@type":"ImageObject","inLanguage":"es","@id":"https:\/\/www.scuola.cl\/sivm\/recoleccion-campana-navidena\/#primaryimage","url":"https:\/\/www.scuola.cl\/sivm\/wp-content\/uploads\/2016\/12\/Cajas_navidad_listas.jpg","contentUrl":"https:\/\/www.scuola.cl\/sivm\/wp-content\/uploads\/2016\/12\/Cajas_navidad_listas.jpg","width":900,"height":610},{"@type":"BreadcrumbList","@id":"https:\/\/www.scuola.cl\/sivm\/recoleccion-campana-navidena\/#breadcrumb","itemListElement":[{"@type":"ListItem","position":1,"name":"Inicio","item":"https:\/\/www.scuola.cl\/sivm\/"},{"@type":"ListItem","position":2,"name":"Noticias","item":"https:\/\/www.scuola.cl\/sivm\/category\/noticias\/"},{"@type":"ListItem","position":3,"name":"Campa\u00f1a Solidaria Navide\u00f1a"}]},{"@type":"WebSite","@id":"https:\/\/www.scuola.cl\/sivm\/#website","url":"https:\/\/www.scuola.cl\/sivm\/","name":"Scuola Italiana","description":"Vittorio Montiglio","publisher":{"@id":"https:\/\/www.scuola.cl\/sivm\/#organization"},"potentialAction":[{"@type":"SearchAction","target":{"@type":"EntryPoint","urlTemplate":"https:\/\/www.scuola.cl\/sivm\/?s={search_term_string}"},"query-input":{"@type":"PropertyValueSpecification","valueRequired":true,"valueName":"search_term_string"}}],"inLanguage":"es"},{"@type":"Organization","@id":"https:\/\/www.scuola.cl\/sivm\/#organization","name":"Scuola Italiana Vittorio Montiglio","url":"https:\/\/www.scuola.cl\/sivm\/","logo":{"@type":"ImageObject","inLanguage":"es","@id":"https:\/\/www.scuola.cl\/sivm\/#\/schema\/logo\/image\/","url":"https:\/\/www.scuola.cl\/sivm\/wp-content\/uploads\/2019\/06\/Logo_Scuola-01-001-1000x1000.png","contentUrl":"https:\/\/www.scuola.cl\/sivm\/wp-content\/uploads\/2019\/06\/Logo_Scuola-01-001-1000x1000.png","width":1000,"height":1000,"caption":"Scuola Italiana Vittorio Montiglio"},"image":{"@id":"https:\/\/www.scuola.cl\/sivm\/#\/schema\/logo\/image\/"}},{"@type":"Person","@id":"https:\/\/www.scuola.cl\/sivm\/#\/schema\/person\/2ac68abc1b548ee6d8e16c4d3727d1b2","name":"Comunicaciones","image":{"@type":"ImageObject","inLanguage":"es","@id":"https:\/\/www.scuola.cl\/sivm\/#\/schema\/person\/image\/","url":"https:\/\/secure.gravatar.com\/avatar\/0b29fd7cdce1ec9939eded19ce85d6ed73acf03fb52d098b0641aed356fe6aeb?s=96&d=mm&r=g","contentUrl":"https:\/\/secure.gravatar.com\/avatar\/0b29fd7cdce1ec9939eded19ce85d6ed73acf03fb52d098b0641aed356fe6aeb?s=96&d=mm&r=g","caption":"Comunicaciones"},"url":"https:\/\/www.scuola.cl\/sivm\/author\/comunicaciones-scuola\/"}]}},"_links":{"self":[{"href":"https:\/\/www.scuola.cl\/sivm\/wp-json\/wp\/v2\/posts\/1953","targetHints":{"allow":["GET"]}}],"collection":[{"href":"https:\/\/www.scuola.cl\/sivm\/wp-json\/wp\/v2\/posts"}],"about":[{"href":"https:\/\/www.scuola.cl\/sivm\/wp-json\/wp\/v2\/types\/post"}],"author":[{"embeddable":true,"href":"https:\/\/www.scuola.cl\/sivm\/wp-json\/wp\/v2\/users\/2"}],"replies":[{"embeddable":true,"href":"https:\/\/www.scuola.cl\/sivm\/wp-json\/wp\/v2\/comments?post=1953"}],"version-history":[{"count":7,"href":"https:\/\/www.scuola.cl\/sivm\/wp-json\/wp\/v2\/posts\/1953\/revisions"}],"predecessor-version":[{"id":1964,"href":"https:\/\/www.scuola.cl\/sivm\/wp-json\/wp\/v2\/posts\/1953\/revisions\/1964"}],"wp:featuredmedia":[{"embeddable":true,"href":"https:\/\/www.scuola.cl\/sivm\/wp-json\/wp\/v2\/media\/1954"}],"wp:attachment":[{"href":"https:\/\/www.scuola.cl\/sivm\/wp-json\/wp\/v2\/media?parent=1953"}],"wp:term":[{"taxonomy":"category","embeddable":true,"href":"https:\/\/www.scuola.cl\/sivm\/wp-json\/wp\/v2\/categories?post=1953"},{"taxonomy":"post_tag","embeddable":true,"href":"https:\/\/www.scuola.cl\/sivm\/wp-json\/wp\/v2\/tags?post=1953"}],"curies":[{"name":"wp","href":"https:\/\/api.w.org\/{rel}","templated":true}]}}