{"id":19357,"date":"2025-11-24T16:04:03","date_gmt":"2025-11-24T19:04:03","guid":{"rendered":"https:\/\/www.scuola.cl\/sivm\/?p=19357"},"modified":"2025-11-27T12:01:17","modified_gmt":"2025-11-27T15:01:17","slug":"lavora-con-noi","status":"publish","type":"post","link":"https:\/\/www.scuola.cl\/sivm\/lavora-con-noi\/","title":{"rendered":"Trabaja con nosotros"},"content":{"rendered":"\n<p><em>\u00bfQuieres formar parte de la Scuola Italiana \u201cVittorio Montiglio\u201d?<\/em><br \/>Buscamos profesionales comprometidos con la formaci\u00f3n integral y el desarrollo personal y social de nuestros estudiantes.<\/p>\n<p>En nuestra comunidad educativa, creemos que:<\/p>\n<ul>\n<li>\u201cLa educaci\u00f3n es la llave que abre puertas hacia un futuro mejor.\u201d<\/li>\n<li>\u201cFormamos ciudadanos del mundo, conscientes y respetuosos de la diversidad.\u201d<\/li>\n<li>\u201cCada acci\u00f3n educativa es una oportunidad para descubrir y potenciar talentos \u00fanicos.\u201d<\/li>\n<\/ul>\n<p>Si quieres sumarte a este prop\u00f3sito, env\u00eda tus antecedentes profesionales y laborales mediante el siguiente formulario:<\/p>\n<p><a href=\"https:\/\/docs.google.com\/forms\/d\/e\/1FAIpQLSfdnSDljaR3cVewUXT0gZYf6UKZS5L9GSTJ4CKs8JYP84-RrQ\/viewform\" target=\"_blank\" rel=\"noopener\"><strong>Sube tu CV aqu\u00ed utilizando <a href=\"https:\/\/docs.google.com\/forms\/d\/e\/1FAIpQLSfdnSDljaR3cVewUXT0gZYf6UKZS5L9GSTJ4CKs8JYP84-RrQ\/viewform\" target=\"_blank\" rel=\"noopener\">una cuenta Gmail<\/a><\/strong><\/a><\/p>\n<p><strong><a href=\"https:\/\/scuola.buk.cl\/trabaja-con-nosotros#Trabaja_con_nosotros\" target=\"_blank\" rel=\"noopener\">Revisa las ofertas disponibles aqu\u00ed<\/a><\/strong><\/p>\n<p>Acomp\u00e1\u00f1anos en la misi\u00f3n de educar con excelencia y compromiso, transformando vidas para un mundo en constante cambio.<\/p>\n<hr \/>\n<p>\u00a0<\/p>\n<p><em>Vuoi entrare a far parte della Scuola Italiana \u201cVittorio Montiglio\u201d?<\/em><\/p>\n<p>Siamo alla ricerca di professionisti appassionati, impegnati nella formazione integrale e nello sviluppo personale e sociale dei nostri studenti.<\/p>\n<p>All\u2019interno della nostra comunit\u00e0 educativa crediamo che:<\/p>\n<ul style=\"list-style-type: disc;\">\n<li>L\u2019istruzione sia la chiave che apre le porte a un futuro migliore.<\/li>\n<li>Formiamo cittadini del mondo, consapevoli e rispettosi della diversit\u00e0.<\/li>\n<li>Ogni azione educativa rappresenti un\u2019opportunit\u00e0 per scoprire e valorizzare talenti unici.<\/li>\n<\/ul>\n<p>\u00a0<\/p>\n<p>Se condividi questi valori e desideri contribuire alla nostra missione, ti invitiamo a inviare il tuo percorso professionale e lavorativo attraverso il seguente modulo:<\/p>\n<p><a href=\"https:\/\/docs.google.com\/forms\/d\/e\/1FAIpQLSfdnSDljaR3cVewUXT0gZYf6UKZS5L9GSTJ4CKs8JYP84-RrQ\/viewform\" target=\"_blank\" rel=\"noopener\"><strong>Carica qui il tuo CV<\/strong><\/a><\/p>\n<p><strong><a href=\"https:\/\/scuola.buk.cl\/trabaja-con-nosotros#Trabaja_con_nosotros\" target=\"_blank\" rel=\"noopener\">Visualizza le offerte disponibili qui<\/a><\/strong><\/p>\n<p>Unisciti a noi nel nostro impegno a educare con eccellenza e passione, per trasformare le vite e costruire insieme un mondo in continuo cambiamento.<\/p>\n<p><img loading=\"lazy\" decoding=\"async\" class=\"alignnone wp-image-23379 size-full\" src=\"https:\/\/www.scuola.cl\/sivm\/wp-content\/uploads\/2022\/10\/Lavora.png\" alt=\"\" width=\"900\" height=\"600\" srcset=\"https:\/\/www.scuola.cl\/sivm\/wp-content\/uploads\/2022\/10\/Lavora.png 900w, https:\/\/www.scuola.cl\/sivm\/wp-content\/uploads\/2022\/10\/Lavora-250x167.png 250w, https:\/\/www.scuola.cl\/sivm\/wp-content\/uploads\/2022\/10\/Lavora-700x467.png 700w, https:\/\/www.scuola.cl\/sivm\/wp-content\/uploads\/2022\/10\/Lavora-768x512.png 768w, https:\/\/www.scuola.cl\/sivm\/wp-content\/uploads\/2022\/10\/Lavora-120x80.png 120w\" sizes=\"auto, (max-width: 900px) 100vw, 900px\" \/><\/p>\n","protected":false},"excerpt":{"rendered":"Nos encontramos actualizando nuestra base de datos para posibles vacantes en todos los cargos. Si quieres trabajar con nosotros, sube tu curriculum en el siguiente link y as\u00ed estar\u00e1s participando en el proceso de selecci\u00f3n de personal.","protected":false},"author":2,"featured_media":31139,"comment_status":"closed","ping_status":"closed","sticky":false,"template":"","format":"standard","meta":{"_acf_changed":false,"footnotes":""},"categories":[5,24],"tags":[],"class_list":["post-19357","post","type-post","status-publish","format-standard","has-post-thumbnail","hentry","category-noticias","category-scuola"],"acf":[],"yoast_head":"<!-- This site is optimized with the Yoast SEO plugin v27.1.1 - https:\/\/yoast.com\/product\/yoast-seo-wordpress\/ -->\n<title>Trabaja con nosotros - Scuola Italiana<\/title>\n<meta name=\"robots\" content=\"index, follow, max-snippet:-1, max-image-preview:large, max-video-preview:-1\" \/>\n<link rel=\"canonical\" href=\"https:\/\/www.scuola.cl\/sivm\/lavora-con-noi\/\" \/>\n<meta property=\"og:locale\" content=\"es_ES\" \/>\n<meta property=\"og:type\" content=\"article\" \/>\n<meta property=\"og:title\" content=\"Trabaja con nosotros - Scuola Italiana\" \/>\n<meta property=\"og:description\" content=\"Nos encontramos actualizando nuestra base de datos para posibles vacantes en todos los cargos. Si quieres trabajar con nosotros, sube tu curriculum en el siguiente link y as\u00ed estar\u00e1s participando en el proceso de selecci\u00f3n de personal.\" \/>\n<meta property=\"og:url\" content=\"https:\/\/www.scuola.cl\/sivm\/lavora-con-noi\/\" \/>\n<meta property=\"og:site_name\" content=\"Scuola Italiana\" \/>\n<meta property=\"article:published_time\" content=\"2025-11-24T19:04:03+00:00\" \/>\n<meta property=\"article:modified_time\" content=\"2025-11-27T15:01:17+00:00\" \/>\n<meta property=\"og:image\" content=\"https:\/\/www.scuola.cl\/sivm\/wp-content\/uploads\/2025\/10\/Lavora-web-2.jpg\" \/>\n\t<meta property=\"og:image:width\" content=\"900\" \/>\n\t<meta property=\"og:image:height\" content=\"610\" \/>\n\t<meta property=\"og:image:type\" content=\"image\/jpeg\" \/>\n<meta name=\"author\" content=\"Comunicaciones\" \/>\n<meta name=\"twitter:card\" content=\"summary_large_image\" \/>\n<meta name=\"twitter:label1\" content=\"Escrito por\" \/>\n\t<meta name=\"twitter:data1\" content=\"Comunicaciones\" \/>\n\t<meta name=\"twitter:label2\" content=\"Tiempo de lectura\" \/>\n\t<meta name=\"twitter:data2\" content=\"2 minutos\" \/>\n<script type=\"application\/ld+json\" class=\"yoast-schema-graph\">{\"@context\":\"https:\/\/schema.org\",\"@graph\":[{\"@type\":\"Article\",\"@id\":\"https:\/\/www.scuola.cl\/sivm\/lavora-con-noi\/#article\",\"isPartOf\":{\"@id\":\"https:\/\/www.scuola.cl\/sivm\/lavora-con-noi\/\"},\"author\":{\"name\":\"Comunicaciones\",\"@id\":\"https:\/\/www.scuola.cl\/sivm\/#\/schema\/person\/2ac68abc1b548ee6d8e16c4d3727d1b2\"},\"headline\":\"Trabaja con nosotros\",\"datePublished\":\"2025-11-24T19:04:03+00:00\",\"dateModified\":\"2025-11-27T15:01:17+00:00\",\"mainEntityOfPage\":{\"@id\":\"https:\/\/www.scuola.cl\/sivm\/lavora-con-noi\/\"},\"wordCount\":251,\"publisher\":{\"@id\":\"https:\/\/www.scuola.cl\/sivm\/#organization\"},\"image\":{\"@id\":\"https:\/\/www.scuola.cl\/sivm\/lavora-con-noi\/#primaryimage\"},\"thumbnailUrl\":\"https:\/\/www.scuola.cl\/sivm\/wp-content\/uploads\/2025\/10\/Lavora-web-2.jpg\",\"articleSection\":[\"Noticias\",\"Scuola\"],\"inLanguage\":\"es\"},{\"@type\":\"WebPage\",\"@id\":\"https:\/\/www.scuola.cl\/sivm\/lavora-con-noi\/\",\"url\":\"https:\/\/www.scuola.cl\/sivm\/lavora-con-noi\/\",\"name\":\"Trabaja con nosotros - Scuola Italiana\",\"isPartOf\":{\"@id\":\"https:\/\/www.scuola.cl\/sivm\/#website\"},\"primaryImageOfPage\":{\"@id\":\"https:\/\/www.scuola.cl\/sivm\/lavora-con-noi\/#primaryimage\"},\"image\":{\"@id\":\"https:\/\/www.scuola.cl\/sivm\/lavora-con-noi\/#primaryimage\"},\"thumbnailUrl\":\"https:\/\/www.scuola.cl\/sivm\/wp-content\/uploads\/2025\/10\/Lavora-web-2.jpg\",\"datePublished\":\"2025-11-24T19:04:03+00:00\",\"dateModified\":\"2025-11-27T15:01:17+00:00\",\"breadcrumb\":{\"@id\":\"https:\/\/www.scuola.cl\/sivm\/lavora-con-noi\/#breadcrumb\"},\"inLanguage\":\"es\",\"potentialAction\":[{\"@type\":\"ReadAction\",\"target\":[\"https:\/\/www.scuola.cl\/sivm\/lavora-con-noi\/\"]}]},{\"@type\":\"ImageObject\",\"inLanguage\":\"es\",\"@id\":\"https:\/\/www.scuola.cl\/sivm\/lavora-con-noi\/#primaryimage\",\"url\":\"https:\/\/www.scuola.cl\/sivm\/wp-content\/uploads\/2025\/10\/Lavora-web-2.jpg\",\"contentUrl\":\"https:\/\/www.scuola.cl\/sivm\/wp-content\/uploads\/2025\/10\/Lavora-web-2.jpg\",\"width\":900,\"height\":610},{\"@type\":\"BreadcrumbList\",\"@id\":\"https:\/\/www.scuola.cl\/sivm\/lavora-con-noi\/#breadcrumb\",\"itemListElement\":[{\"@type\":\"ListItem\",\"position\":1,\"name\":\"Inicio\",\"item\":\"https:\/\/www.scuola.cl\/sivm\/\"},{\"@type\":\"ListItem\",\"position\":2,\"name\":\"Noticias\",\"item\":\"https:\/\/www.scuola.cl\/sivm\/category\/noticias\/\"},{\"@type\":\"ListItem\",\"position\":3,\"name\":\"Trabaja con nosotros\"}]},{\"@type\":\"WebSite\",\"@id\":\"https:\/\/www.scuola.cl\/sivm\/#website\",\"url\":\"https:\/\/www.scuola.cl\/sivm\/\",\"name\":\"Scuola Italiana\",\"description\":\"Vittorio Montiglio\",\"publisher\":{\"@id\":\"https:\/\/www.scuola.cl\/sivm\/#organization\"},\"potentialAction\":[{\"@type\":\"SearchAction\",\"target\":{\"@type\":\"EntryPoint\",\"urlTemplate\":\"https:\/\/www.scuola.cl\/sivm\/?s={search_term_string}\"},\"query-input\":{\"@type\":\"PropertyValueSpecification\",\"valueRequired\":true,\"valueName\":\"search_term_string\"}}],\"inLanguage\":\"es\"},{\"@type\":\"Organization\",\"@id\":\"https:\/\/www.scuola.cl\/sivm\/#organization\",\"name\":\"Scuola Italiana Vittorio Montiglio\",\"url\":\"https:\/\/www.scuola.cl\/sivm\/\",\"logo\":{\"@type\":\"ImageObject\",\"inLanguage\":\"es\",\"@id\":\"https:\/\/www.scuola.cl\/sivm\/#\/schema\/logo\/image\/\",\"url\":\"https:\/\/www.scuola.cl\/sivm\/wp-content\/uploads\/2019\/06\/Logo_Scuola-01-001-1000x1000.png\",\"contentUrl\":\"https:\/\/www.scuola.cl\/sivm\/wp-content\/uploads\/2019\/06\/Logo_Scuola-01-001-1000x1000.png\",\"width\":1000,\"height\":1000,\"caption\":\"Scuola Italiana Vittorio Montiglio\"},\"image\":{\"@id\":\"https:\/\/www.scuola.cl\/sivm\/#\/schema\/logo\/image\/\"}},{\"@type\":\"Person\",\"@id\":\"https:\/\/www.scuola.cl\/sivm\/#\/schema\/person\/2ac68abc1b548ee6d8e16c4d3727d1b2\",\"name\":\"Comunicaciones\",\"image\":{\"@type\":\"ImageObject\",\"inLanguage\":\"es\",\"@id\":\"https:\/\/www.scuola.cl\/sivm\/#\/schema\/person\/image\/\",\"url\":\"https:\/\/secure.gravatar.com\/avatar\/0b29fd7cdce1ec9939eded19ce85d6ed73acf03fb52d098b0641aed356fe6aeb?s=96&d=mm&r=g\",\"contentUrl\":\"https:\/\/secure.gravatar.com\/avatar\/0b29fd7cdce1ec9939eded19ce85d6ed73acf03fb52d098b0641aed356fe6aeb?s=96&d=mm&r=g\",\"caption\":\"Comunicaciones\"},\"url\":\"https:\/\/www.scuola.cl\/sivm\/author\/comunicaciones-scuola\/\"}]}<\/script>\n<!-- \/ Yoast SEO plugin. -->","yoast_head_json":{"title":"Trabaja con nosotros - Scuola Italiana","robots":{"index":"index","follow":"follow","max-snippet":"max-snippet:-1","max-image-preview":"max-image-preview:large","max-video-preview":"max-video-preview:-1"},"canonical":"https:\/\/www.scuola.cl\/sivm\/lavora-con-noi\/","og_locale":"es_ES","og_type":"article","og_title":"Trabaja con nosotros - Scuola Italiana","og_description":"Nos encontramos actualizando nuestra base de datos para posibles vacantes en todos los cargos. Si quieres trabajar con nosotros, sube tu curriculum en el siguiente link y as\u00ed estar\u00e1s participando en el proceso de selecci\u00f3n de personal.","og_url":"https:\/\/www.scuola.cl\/sivm\/lavora-con-noi\/","og_site_name":"Scuola Italiana","article_published_time":"2025-11-24T19:04:03+00:00","article_modified_time":"2025-11-27T15:01:17+00:00","og_image":[{"width":900,"height":610,"url":"https:\/\/www.scuola.cl\/sivm\/wp-content\/uploads\/2025\/10\/Lavora-web-2.jpg","type":"image\/jpeg"}],"author":"Comunicaciones","twitter_card":"summary_large_image","twitter_misc":{"Escrito por":"Comunicaciones","Tiempo de lectura":"2 minutos"},"schema":{"@context":"https:\/\/schema.org","@graph":[{"@type":"Article","@id":"https:\/\/www.scuola.cl\/sivm\/lavora-con-noi\/#article","isPartOf":{"@id":"https:\/\/www.scuola.cl\/sivm\/lavora-con-noi\/"},"author":{"name":"Comunicaciones","@id":"https:\/\/www.scuola.cl\/sivm\/#\/schema\/person\/2ac68abc1b548ee6d8e16c4d3727d1b2"},"headline":"Trabaja con nosotros","datePublished":"2025-11-24T19:04:03+00:00","dateModified":"2025-11-27T15:01:17+00:00","mainEntityOfPage":{"@id":"https:\/\/www.scuola.cl\/sivm\/lavora-con-noi\/"},"wordCount":251,"publisher":{"@id":"https:\/\/www.scuola.cl\/sivm\/#organization"},"image":{"@id":"https:\/\/www.scuola.cl\/sivm\/lavora-con-noi\/#primaryimage"},"thumbnailUrl":"https:\/\/www.scuola.cl\/sivm\/wp-content\/uploads\/2025\/10\/Lavora-web-2.jpg","articleSection":["Noticias","Scuola"],"inLanguage":"es"},{"@type":"WebPage","@id":"https:\/\/www.scuola.cl\/sivm\/lavora-con-noi\/","url":"https:\/\/www.scuola.cl\/sivm\/lavora-con-noi\/","name":"Trabaja con nosotros - Scuola Italiana","isPartOf":{"@id":"https:\/\/www.scuola.cl\/sivm\/#website"},"primaryImageOfPage":{"@id":"https:\/\/www.scuola.cl\/sivm\/lavora-con-noi\/#primaryimage"},"image":{"@id":"https:\/\/www.scuola.cl\/sivm\/lavora-con-noi\/#primaryimage"},"thumbnailUrl":"https:\/\/www.scuola.cl\/sivm\/wp-content\/uploads\/2025\/10\/Lavora-web-2.jpg","datePublished":"2025-11-24T19:04:03+00:00","dateModified":"2025-11-27T15:01:17+00:00","breadcrumb":{"@id":"https:\/\/www.scuola.cl\/sivm\/lavora-con-noi\/#breadcrumb"},"inLanguage":"es","potentialAction":[{"@type":"ReadAction","target":["https:\/\/www.scuola.cl\/sivm\/lavora-con-noi\/"]}]},{"@type":"ImageObject","inLanguage":"es","@id":"https:\/\/www.scuola.cl\/sivm\/lavora-con-noi\/#primaryimage","url":"https:\/\/www.scuola.cl\/sivm\/wp-content\/uploads\/2025\/10\/Lavora-web-2.jpg","contentUrl":"https:\/\/www.scuola.cl\/sivm\/wp-content\/uploads\/2025\/10\/Lavora-web-2.jpg","width":900,"height":610},{"@type":"BreadcrumbList","@id":"https:\/\/www.scuola.cl\/sivm\/lavora-con-noi\/#breadcrumb","itemListElement":[{"@type":"ListItem","position":1,"name":"Inicio","item":"https:\/\/www.scuola.cl\/sivm\/"},{"@type":"ListItem","position":2,"name":"Noticias","item":"https:\/\/www.scuola.cl\/sivm\/category\/noticias\/"},{"@type":"ListItem","position":3,"name":"Trabaja con nosotros"}]},{"@type":"WebSite","@id":"https:\/\/www.scuola.cl\/sivm\/#website","url":"https:\/\/www.scuola.cl\/sivm\/","name":"Scuola Italiana","description":"Vittorio Montiglio","publisher":{"@id":"https:\/\/www.scuola.cl\/sivm\/#organization"},"potentialAction":[{"@type":"SearchAction","target":{"@type":"EntryPoint","urlTemplate":"https:\/\/www.scuola.cl\/sivm\/?s={search_term_string}"},"query-input":{"@type":"PropertyValueSpecification","valueRequired":true,"valueName":"search_term_string"}}],"inLanguage":"es"},{"@type":"Organization","@id":"https:\/\/www.scuola.cl\/sivm\/#organization","name":"Scuola Italiana Vittorio Montiglio","url":"https:\/\/www.scuola.cl\/sivm\/","logo":{"@type":"ImageObject","inLanguage":"es","@id":"https:\/\/www.scuola.cl\/sivm\/#\/schema\/logo\/image\/","url":"https:\/\/www.scuola.cl\/sivm\/wp-content\/uploads\/2019\/06\/Logo_Scuola-01-001-1000x1000.png","contentUrl":"https:\/\/www.scuola.cl\/sivm\/wp-content\/uploads\/2019\/06\/Logo_Scuola-01-001-1000x1000.png","width":1000,"height":1000,"caption":"Scuola Italiana Vittorio Montiglio"},"image":{"@id":"https:\/\/www.scuola.cl\/sivm\/#\/schema\/logo\/image\/"}},{"@type":"Person","@id":"https:\/\/www.scuola.cl\/sivm\/#\/schema\/person\/2ac68abc1b548ee6d8e16c4d3727d1b2","name":"Comunicaciones","image":{"@type":"ImageObject","inLanguage":"es","@id":"https:\/\/www.scuola.cl\/sivm\/#\/schema\/person\/image\/","url":"https:\/\/secure.gravatar.com\/avatar\/0b29fd7cdce1ec9939eded19ce85d6ed73acf03fb52d098b0641aed356fe6aeb?s=96&d=mm&r=g","contentUrl":"https:\/\/secure.gravatar.com\/avatar\/0b29fd7cdce1ec9939eded19ce85d6ed73acf03fb52d098b0641aed356fe6aeb?s=96&d=mm&r=g","caption":"Comunicaciones"},"url":"https:\/\/www.scuola.cl\/sivm\/author\/comunicaciones-scuola\/"}]}},"_links":{"self":[{"href":"https:\/\/www.scuola.cl\/sivm\/wp-json\/wp\/v2\/posts\/19357","targetHints":{"allow":["GET"]}}],"collection":[{"href":"https:\/\/www.scuola.cl\/sivm\/wp-json\/wp\/v2\/posts"}],"about":[{"href":"https:\/\/www.scuola.cl\/sivm\/wp-json\/wp\/v2\/types\/post"}],"author":[{"embeddable":true,"href":"https:\/\/www.scuola.cl\/sivm\/wp-json\/wp\/v2\/users\/2"}],"replies":[{"embeddable":true,"href":"https:\/\/www.scuola.cl\/sivm\/wp-json\/wp\/v2\/comments?post=19357"}],"version-history":[{"count":38,"href":"https:\/\/www.scuola.cl\/sivm\/wp-json\/wp\/v2\/posts\/19357\/revisions"}],"predecessor-version":[{"id":31923,"href":"https:\/\/www.scuola.cl\/sivm\/wp-json\/wp\/v2\/posts\/19357\/revisions\/31923"}],"wp:featuredmedia":[{"embeddable":true,"href":"https:\/\/www.scuola.cl\/sivm\/wp-json\/wp\/v2\/media\/31139"}],"wp:attachment":[{"href":"https:\/\/www.scuola.cl\/sivm\/wp-json\/wp\/v2\/media?parent=19357"}],"wp:term":[{"taxonomy":"category","embeddable":true,"href":"https:\/\/www.scuola.cl\/sivm\/wp-json\/wp\/v2\/categories?post=19357"},{"taxonomy":"post_tag","embeddable":true,"href":"https:\/\/www.scuola.cl\/sivm\/wp-json\/wp\/v2\/tags?post=19357"}],"curies":[{"name":"wp","href":"https:\/\/api.w.org\/{rel}","templated":true}]}}