{"id":18870,"date":"2022-08-19T15:14:00","date_gmt":"2022-08-19T18:14:00","guid":{"rendered":"https:\/\/www.scuola.cl\/sivm\/?p=18870"},"modified":"2022-08-23T19:15:49","modified_gmt":"2022-08-23T22:15:49","slug":"felicitamos-a-nuestras-gimnastas","status":"publish","type":"post","link":"https:\/\/www.scuola.cl\/sivm\/felicitamos-a-nuestras-gimnastas\/","title":{"rendered":"Felicitamos a nuestras gimnastas"},"content":{"rendered":"\n<p><strong>(Por Luis Mu\u00f1oz, entrenador)<\/strong><\/p>\n<p>El s\u00e1bado 6 de agosto se llev\u00f3 a cabo la competencia de Gimnasia Art\u00edstica de Nivel 3, 4 y 5, de la liga LEGA.<\/p>\n<p>Esta competencia se realiz\u00f3 en el colegio SSCC y convoc\u00f3 a los 8 equipos que conforman la categor\u00eda honor.<\/p>\n<p>En este torneo nos representaron las gimnastas: Beatriz Munizaga Adreani, Javiera Orellana Marcus, Amparo Torres Pellegrino, Ignacia Espinosa Pazos, Mar\u00eda Gracia Torres Musa, Dominique Duclos Aguirre, Emilia Olivi Reyes, Elisa Patillo Orsini, Emilia Misseroni Aguayo, Sof\u00eda Arnes \u00c1vila y Rafaella Daziano Salinas.<\/p>\n<p>Destacamos el resultado de la competencia por equipo, adjudic\u00e1ndose el 2\u00b0 lugar en la categor\u00eda de honor.<\/p>\n<p>Junto a este excelente resultado, destacamos la participaci\u00f3n individual de:<\/p>\n<p>Javiera Orellana: 2\u00b0 lugar en Nivel 3 franja 3.<\/p>\n<p>Amparo Torres y Beatriz Munizaga: 3\u00b0 y 6\u00b0 lugar en Nivel 3 franja 5.<\/p>\n<p>Dominique Duclos: 2\u00b0 lugar en Nivel 4 franja 3.<\/p>\n<p>Rafaella Daziano y Sof\u00eda Arnes: 1\u00b0 y 2\u00b0 lugar en Nivel 5 franja 5.<\/p>\n<p>Felicitamos a nuestras gimnastas y agradecemos el apoyo entregado por sus familias el d\u00eda del evento.<\/p>\n<p><img loading=\"lazy\" decoding=\"async\" class=\"alignnone wp-image-18871 size-large\" src=\"https:\/\/www.scuola.cl\/sivm\/wp-content\/uploads\/2022\/08\/Lega-2-700x474.jpg\" alt=\"\" width=\"700\" height=\"474\" srcset=\"https:\/\/www.scuola.cl\/sivm\/wp-content\/uploads\/2022\/08\/Lega-2-700x474.jpg 700w, https:\/\/www.scuola.cl\/sivm\/wp-content\/uploads\/2022\/08\/Lega-2-250x169.jpg 250w, https:\/\/www.scuola.cl\/sivm\/wp-content\/uploads\/2022\/08\/Lega-2-768x521.jpg 768w, https:\/\/www.scuola.cl\/sivm\/wp-content\/uploads\/2022\/08\/Lega-2-120x81.jpg 120w, https:\/\/www.scuola.cl\/sivm\/wp-content\/uploads\/2022\/08\/Lega-2.jpg 900w\" sizes=\"auto, (max-width: 700px) 100vw, 700px\" \/><\/p>\n","protected":false},"excerpt":{"rendered":"A principios de agosto se llev\u00f3 a cabo la competencia de Gimnasia Art\u00edstica de Nivel 3, 4 y 5, de la liga LEGA.\nEn dicho torneo nuestras deportistas obtuvieron el 2\u00b0lugar por equipos y los siguientes resultados individuales:","protected":false},"author":2,"featured_media":18873,"comment_status":"closed","ping_status":"closed","sticky":false,"template":"","format":"standard","meta":{"_acf_changed":false,"footnotes":""},"categories":[12,5],"tags":[],"class_list":["post-18870","post","type-post","status-publish","format-standard","has-post-thumbnail","hentry","category-deportes","category-noticias"],"acf":[],"yoast_head":"<!-- This site is optimized with the Yoast SEO plugin v27.1.1 - https:\/\/yoast.com\/product\/yoast-seo-wordpress\/ -->\n<title>Felicitamos a nuestras gimnastas - Scuola Italiana<\/title>\n<meta name=\"robots\" content=\"index, follow, max-snippet:-1, max-image-preview:large, max-video-preview:-1\" \/>\n<link rel=\"canonical\" href=\"https:\/\/www.scuola.cl\/sivm\/felicitamos-a-nuestras-gimnastas\/\" \/>\n<meta property=\"og:locale\" content=\"es_ES\" \/>\n<meta property=\"og:type\" content=\"article\" \/>\n<meta property=\"og:title\" content=\"Felicitamos a nuestras gimnastas - Scuola Italiana\" \/>\n<meta property=\"og:description\" content=\"A principios de agosto se llev\u00f3 a cabo la competencia de Gimnasia Art\u00edstica de Nivel 3, 4 y 5, de la liga LEGA. En dicho torneo nuestras deportistas obtuvieron el 2\u00b0lugar por equipos y los siguientes resultados individuales:\" \/>\n<meta property=\"og:url\" content=\"https:\/\/www.scuola.cl\/sivm\/felicitamos-a-nuestras-gimnastas\/\" \/>\n<meta property=\"og:site_name\" content=\"Scuola Italiana\" \/>\n<meta property=\"article:published_time\" content=\"2022-08-19T18:14:00+00:00\" \/>\n<meta property=\"article:modified_time\" content=\"2022-08-23T22:15:49+00:00\" \/>\n<meta property=\"og:image\" content=\"https:\/\/www.scuola.cl\/sivm\/wp-content\/uploads\/2022\/08\/Lega.jpg\" \/>\n\t<meta property=\"og:image:width\" content=\"900\" \/>\n\t<meta property=\"og:image:height\" content=\"610\" \/>\n\t<meta property=\"og:image:type\" content=\"image\/jpeg\" \/>\n<meta name=\"author\" content=\"Comunicaciones\" \/>\n<meta name=\"twitter:card\" content=\"summary_large_image\" \/>\n<meta name=\"twitter:label1\" content=\"Escrito por\" \/>\n\t<meta name=\"twitter:data1\" content=\"Comunicaciones\" \/>\n\t<meta name=\"twitter:label2\" content=\"Tiempo de lectura\" \/>\n\t<meta name=\"twitter:data2\" content=\"2 minutos\" \/>\n<script type=\"application\/ld+json\" class=\"yoast-schema-graph\">{\"@context\":\"https:\/\/schema.org\",\"@graph\":[{\"@type\":\"Article\",\"@id\":\"https:\/\/www.scuola.cl\/sivm\/felicitamos-a-nuestras-gimnastas\/#article\",\"isPartOf\":{\"@id\":\"https:\/\/www.scuola.cl\/sivm\/felicitamos-a-nuestras-gimnastas\/\"},\"author\":{\"name\":\"Comunicaciones\",\"@id\":\"https:\/\/www.scuola.cl\/sivm\/#\/schema\/person\/2ac68abc1b548ee6d8e16c4d3727d1b2\"},\"headline\":\"Felicitamos a nuestras gimnastas\",\"datePublished\":\"2022-08-19T18:14:00+00:00\",\"dateModified\":\"2022-08-23T22:15:49+00:00\",\"mainEntityOfPage\":{\"@id\":\"https:\/\/www.scuola.cl\/sivm\/felicitamos-a-nuestras-gimnastas\/\"},\"wordCount\":173,\"publisher\":{\"@id\":\"https:\/\/www.scuola.cl\/sivm\/#organization\"},\"image\":{\"@id\":\"https:\/\/www.scuola.cl\/sivm\/felicitamos-a-nuestras-gimnastas\/#primaryimage\"},\"thumbnailUrl\":\"https:\/\/www.scuola.cl\/sivm\/wp-content\/uploads\/2022\/08\/Lega.jpg\",\"articleSection\":[\"Deportes\",\"Noticias\"],\"inLanguage\":\"es\"},{\"@type\":\"WebPage\",\"@id\":\"https:\/\/www.scuola.cl\/sivm\/felicitamos-a-nuestras-gimnastas\/\",\"url\":\"https:\/\/www.scuola.cl\/sivm\/felicitamos-a-nuestras-gimnastas\/\",\"name\":\"Felicitamos a nuestras gimnastas - Scuola Italiana\",\"isPartOf\":{\"@id\":\"https:\/\/www.scuola.cl\/sivm\/#website\"},\"primaryImageOfPage\":{\"@id\":\"https:\/\/www.scuola.cl\/sivm\/felicitamos-a-nuestras-gimnastas\/#primaryimage\"},\"image\":{\"@id\":\"https:\/\/www.scuola.cl\/sivm\/felicitamos-a-nuestras-gimnastas\/#primaryimage\"},\"thumbnailUrl\":\"https:\/\/www.scuola.cl\/sivm\/wp-content\/uploads\/2022\/08\/Lega.jpg\",\"datePublished\":\"2022-08-19T18:14:00+00:00\",\"dateModified\":\"2022-08-23T22:15:49+00:00\",\"breadcrumb\":{\"@id\":\"https:\/\/www.scuola.cl\/sivm\/felicitamos-a-nuestras-gimnastas\/#breadcrumb\"},\"inLanguage\":\"es\",\"potentialAction\":[{\"@type\":\"ReadAction\",\"target\":[\"https:\/\/www.scuola.cl\/sivm\/felicitamos-a-nuestras-gimnastas\/\"]}]},{\"@type\":\"ImageObject\",\"inLanguage\":\"es\",\"@id\":\"https:\/\/www.scuola.cl\/sivm\/felicitamos-a-nuestras-gimnastas\/#primaryimage\",\"url\":\"https:\/\/www.scuola.cl\/sivm\/wp-content\/uploads\/2022\/08\/Lega.jpg\",\"contentUrl\":\"https:\/\/www.scuola.cl\/sivm\/wp-content\/uploads\/2022\/08\/Lega.jpg\",\"width\":900,\"height\":610},{\"@type\":\"BreadcrumbList\",\"@id\":\"https:\/\/www.scuola.cl\/sivm\/felicitamos-a-nuestras-gimnastas\/#breadcrumb\",\"itemListElement\":[{\"@type\":\"ListItem\",\"position\":1,\"name\":\"Inicio\",\"item\":\"https:\/\/www.scuola.cl\/sivm\/\"},{\"@type\":\"ListItem\",\"position\":2,\"name\":\"Noticias\",\"item\":\"https:\/\/www.scuola.cl\/sivm\/category\/noticias\/\"},{\"@type\":\"ListItem\",\"position\":3,\"name\":\"Felicitamos a nuestras gimnastas\"}]},{\"@type\":\"WebSite\",\"@id\":\"https:\/\/www.scuola.cl\/sivm\/#website\",\"url\":\"https:\/\/www.scuola.cl\/sivm\/\",\"name\":\"Scuola Italiana\",\"description\":\"Vittorio Montiglio\",\"publisher\":{\"@id\":\"https:\/\/www.scuola.cl\/sivm\/#organization\"},\"potentialAction\":[{\"@type\":\"SearchAction\",\"target\":{\"@type\":\"EntryPoint\",\"urlTemplate\":\"https:\/\/www.scuola.cl\/sivm\/?s={search_term_string}\"},\"query-input\":{\"@type\":\"PropertyValueSpecification\",\"valueRequired\":true,\"valueName\":\"search_term_string\"}}],\"inLanguage\":\"es\"},{\"@type\":\"Organization\",\"@id\":\"https:\/\/www.scuola.cl\/sivm\/#organization\",\"name\":\"Scuola Italiana Vittorio Montiglio\",\"url\":\"https:\/\/www.scuola.cl\/sivm\/\",\"logo\":{\"@type\":\"ImageObject\",\"inLanguage\":\"es\",\"@id\":\"https:\/\/www.scuola.cl\/sivm\/#\/schema\/logo\/image\/\",\"url\":\"https:\/\/www.scuola.cl\/sivm\/wp-content\/uploads\/2019\/06\/Logo_Scuola-01-001-1000x1000.png\",\"contentUrl\":\"https:\/\/www.scuola.cl\/sivm\/wp-content\/uploads\/2019\/06\/Logo_Scuola-01-001-1000x1000.png\",\"width\":1000,\"height\":1000,\"caption\":\"Scuola Italiana Vittorio Montiglio\"},\"image\":{\"@id\":\"https:\/\/www.scuola.cl\/sivm\/#\/schema\/logo\/image\/\"}},{\"@type\":\"Person\",\"@id\":\"https:\/\/www.scuola.cl\/sivm\/#\/schema\/person\/2ac68abc1b548ee6d8e16c4d3727d1b2\",\"name\":\"Comunicaciones\",\"image\":{\"@type\":\"ImageObject\",\"inLanguage\":\"es\",\"@id\":\"https:\/\/www.scuola.cl\/sivm\/#\/schema\/person\/image\/\",\"url\":\"https:\/\/secure.gravatar.com\/avatar\/0b29fd7cdce1ec9939eded19ce85d6ed73acf03fb52d098b0641aed356fe6aeb?s=96&d=mm&r=g\",\"contentUrl\":\"https:\/\/secure.gravatar.com\/avatar\/0b29fd7cdce1ec9939eded19ce85d6ed73acf03fb52d098b0641aed356fe6aeb?s=96&d=mm&r=g\",\"caption\":\"Comunicaciones\"},\"url\":\"https:\/\/www.scuola.cl\/sivm\/author\/comunicaciones-scuola\/\"}]}<\/script>\n<!-- \/ Yoast SEO plugin. -->","yoast_head_json":{"title":"Felicitamos a nuestras gimnastas - Scuola Italiana","robots":{"index":"index","follow":"follow","max-snippet":"max-snippet:-1","max-image-preview":"max-image-preview:large","max-video-preview":"max-video-preview:-1"},"canonical":"https:\/\/www.scuola.cl\/sivm\/felicitamos-a-nuestras-gimnastas\/","og_locale":"es_ES","og_type":"article","og_title":"Felicitamos a nuestras gimnastas - Scuola Italiana","og_description":"A principios de agosto se llev\u00f3 a cabo la competencia de Gimnasia Art\u00edstica de Nivel 3, 4 y 5, de la liga LEGA. En dicho torneo nuestras deportistas obtuvieron el 2\u00b0lugar por equipos y los siguientes resultados individuales:","og_url":"https:\/\/www.scuola.cl\/sivm\/felicitamos-a-nuestras-gimnastas\/","og_site_name":"Scuola Italiana","article_published_time":"2022-08-19T18:14:00+00:00","article_modified_time":"2022-08-23T22:15:49+00:00","og_image":[{"width":900,"height":610,"url":"https:\/\/www.scuola.cl\/sivm\/wp-content\/uploads\/2022\/08\/Lega.jpg","type":"image\/jpeg"}],"author":"Comunicaciones","twitter_card":"summary_large_image","twitter_misc":{"Escrito por":"Comunicaciones","Tiempo de lectura":"2 minutos"},"schema":{"@context":"https:\/\/schema.org","@graph":[{"@type":"Article","@id":"https:\/\/www.scuola.cl\/sivm\/felicitamos-a-nuestras-gimnastas\/#article","isPartOf":{"@id":"https:\/\/www.scuola.cl\/sivm\/felicitamos-a-nuestras-gimnastas\/"},"author":{"name":"Comunicaciones","@id":"https:\/\/www.scuola.cl\/sivm\/#\/schema\/person\/2ac68abc1b548ee6d8e16c4d3727d1b2"},"headline":"Felicitamos a nuestras gimnastas","datePublished":"2022-08-19T18:14:00+00:00","dateModified":"2022-08-23T22:15:49+00:00","mainEntityOfPage":{"@id":"https:\/\/www.scuola.cl\/sivm\/felicitamos-a-nuestras-gimnastas\/"},"wordCount":173,"publisher":{"@id":"https:\/\/www.scuola.cl\/sivm\/#organization"},"image":{"@id":"https:\/\/www.scuola.cl\/sivm\/felicitamos-a-nuestras-gimnastas\/#primaryimage"},"thumbnailUrl":"https:\/\/www.scuola.cl\/sivm\/wp-content\/uploads\/2022\/08\/Lega.jpg","articleSection":["Deportes","Noticias"],"inLanguage":"es"},{"@type":"WebPage","@id":"https:\/\/www.scuola.cl\/sivm\/felicitamos-a-nuestras-gimnastas\/","url":"https:\/\/www.scuola.cl\/sivm\/felicitamos-a-nuestras-gimnastas\/","name":"Felicitamos a nuestras gimnastas - Scuola Italiana","isPartOf":{"@id":"https:\/\/www.scuola.cl\/sivm\/#website"},"primaryImageOfPage":{"@id":"https:\/\/www.scuola.cl\/sivm\/felicitamos-a-nuestras-gimnastas\/#primaryimage"},"image":{"@id":"https:\/\/www.scuola.cl\/sivm\/felicitamos-a-nuestras-gimnastas\/#primaryimage"},"thumbnailUrl":"https:\/\/www.scuola.cl\/sivm\/wp-content\/uploads\/2022\/08\/Lega.jpg","datePublished":"2022-08-19T18:14:00+00:00","dateModified":"2022-08-23T22:15:49+00:00","breadcrumb":{"@id":"https:\/\/www.scuola.cl\/sivm\/felicitamos-a-nuestras-gimnastas\/#breadcrumb"},"inLanguage":"es","potentialAction":[{"@type":"ReadAction","target":["https:\/\/www.scuola.cl\/sivm\/felicitamos-a-nuestras-gimnastas\/"]}]},{"@type":"ImageObject","inLanguage":"es","@id":"https:\/\/www.scuola.cl\/sivm\/felicitamos-a-nuestras-gimnastas\/#primaryimage","url":"https:\/\/www.scuola.cl\/sivm\/wp-content\/uploads\/2022\/08\/Lega.jpg","contentUrl":"https:\/\/www.scuola.cl\/sivm\/wp-content\/uploads\/2022\/08\/Lega.jpg","width":900,"height":610},{"@type":"BreadcrumbList","@id":"https:\/\/www.scuola.cl\/sivm\/felicitamos-a-nuestras-gimnastas\/#breadcrumb","itemListElement":[{"@type":"ListItem","position":1,"name":"Inicio","item":"https:\/\/www.scuola.cl\/sivm\/"},{"@type":"ListItem","position":2,"name":"Noticias","item":"https:\/\/www.scuola.cl\/sivm\/category\/noticias\/"},{"@type":"ListItem","position":3,"name":"Felicitamos a nuestras gimnastas"}]},{"@type":"WebSite","@id":"https:\/\/www.scuola.cl\/sivm\/#website","url":"https:\/\/www.scuola.cl\/sivm\/","name":"Scuola Italiana","description":"Vittorio Montiglio","publisher":{"@id":"https:\/\/www.scuola.cl\/sivm\/#organization"},"potentialAction":[{"@type":"SearchAction","target":{"@type":"EntryPoint","urlTemplate":"https:\/\/www.scuola.cl\/sivm\/?s={search_term_string}"},"query-input":{"@type":"PropertyValueSpecification","valueRequired":true,"valueName":"search_term_string"}}],"inLanguage":"es"},{"@type":"Organization","@id":"https:\/\/www.scuola.cl\/sivm\/#organization","name":"Scuola Italiana Vittorio Montiglio","url":"https:\/\/www.scuola.cl\/sivm\/","logo":{"@type":"ImageObject","inLanguage":"es","@id":"https:\/\/www.scuola.cl\/sivm\/#\/schema\/logo\/image\/","url":"https:\/\/www.scuola.cl\/sivm\/wp-content\/uploads\/2019\/06\/Logo_Scuola-01-001-1000x1000.png","contentUrl":"https:\/\/www.scuola.cl\/sivm\/wp-content\/uploads\/2019\/06\/Logo_Scuola-01-001-1000x1000.png","width":1000,"height":1000,"caption":"Scuola Italiana Vittorio Montiglio"},"image":{"@id":"https:\/\/www.scuola.cl\/sivm\/#\/schema\/logo\/image\/"}},{"@type":"Person","@id":"https:\/\/www.scuola.cl\/sivm\/#\/schema\/person\/2ac68abc1b548ee6d8e16c4d3727d1b2","name":"Comunicaciones","image":{"@type":"ImageObject","inLanguage":"es","@id":"https:\/\/www.scuola.cl\/sivm\/#\/schema\/person\/image\/","url":"https:\/\/secure.gravatar.com\/avatar\/0b29fd7cdce1ec9939eded19ce85d6ed73acf03fb52d098b0641aed356fe6aeb?s=96&d=mm&r=g","contentUrl":"https:\/\/secure.gravatar.com\/avatar\/0b29fd7cdce1ec9939eded19ce85d6ed73acf03fb52d098b0641aed356fe6aeb?s=96&d=mm&r=g","caption":"Comunicaciones"},"url":"https:\/\/www.scuola.cl\/sivm\/author\/comunicaciones-scuola\/"}]}},"_links":{"self":[{"href":"https:\/\/www.scuola.cl\/sivm\/wp-json\/wp\/v2\/posts\/18870","targetHints":{"allow":["GET"]}}],"collection":[{"href":"https:\/\/www.scuola.cl\/sivm\/wp-json\/wp\/v2\/posts"}],"about":[{"href":"https:\/\/www.scuola.cl\/sivm\/wp-json\/wp\/v2\/types\/post"}],"author":[{"embeddable":true,"href":"https:\/\/www.scuola.cl\/sivm\/wp-json\/wp\/v2\/users\/2"}],"replies":[{"embeddable":true,"href":"https:\/\/www.scuola.cl\/sivm\/wp-json\/wp\/v2\/comments?post=18870"}],"version-history":[{"count":5,"href":"https:\/\/www.scuola.cl\/sivm\/wp-json\/wp\/v2\/posts\/18870\/revisions"}],"predecessor-version":[{"id":18878,"href":"https:\/\/www.scuola.cl\/sivm\/wp-json\/wp\/v2\/posts\/18870\/revisions\/18878"}],"wp:featuredmedia":[{"embeddable":true,"href":"https:\/\/www.scuola.cl\/sivm\/wp-json\/wp\/v2\/media\/18873"}],"wp:attachment":[{"href":"https:\/\/www.scuola.cl\/sivm\/wp-json\/wp\/v2\/media?parent=18870"}],"wp:term":[{"taxonomy":"category","embeddable":true,"href":"https:\/\/www.scuola.cl\/sivm\/wp-json\/wp\/v2\/categories?post=18870"},{"taxonomy":"post_tag","embeddable":true,"href":"https:\/\/www.scuola.cl\/sivm\/wp-json\/wp\/v2\/tags?post=18870"}],"curies":[{"name":"wp","href":"https:\/\/api.w.org\/{rel}","templated":true}]}}