{"id":18057,"date":"2022-05-16T11:44:20","date_gmt":"2022-05-16T14:44:20","guid":{"rendered":"https:\/\/www.scuola.cl\/sivm\/?p=18057"},"modified":"2022-05-17T10:44:36","modified_gmt":"2022-05-17T13:44:36","slug":"regulacion-emocional-infantil","status":"publish","type":"post","link":"https:\/\/www.scuola.cl\/sivm\/regulacion-emocional-infantil\/","title":{"rendered":"Regulaci\u00f3n emocional Infantil"},"content":{"rendered":"\n<p><em>(Por Equipo de Orientaci\u00f3n de Scuola Nido e Infanzia)<\/em><\/p>\n<p>La regulaci\u00f3n emocional es la capacidad de sentir, expresar y modular de forma adaptativa nuestras emociones. Esta capacidad se va desarrollando en el tiempo, vi\u00e9ndose influida por nuestras experiencias personales. En la primera infancia (0-5 a\u00f1os) los ni\u00f1os\/as necesitan de un otro que los ayude a regularse, al no contar a\u00fan con las herramientas para hacerlo por s\u00ed solos.<\/p>\n<p>La manera en que los padres regulan sus propias emociones, funciona como modelo en los ni\u00f1os para su autorregulaci\u00f3n. De ah\u00ed la importancia de que los adultos puedan auto observarse y preguntarse: \u00bfQu\u00e9 espacio le damos a nuestras emociones y c\u00f3mo las expresamos?<\/p>\n<p>A continuaci\u00f3n, les proponemos como <strong>recomendaciones para favorecer la regulaci\u00f3n emocional<\/strong> de sus hijos e hijas:<\/p>\n<ol>\n<li><em>Mantener la calma como adulto<\/em>. La sobre reacci\u00f3n puede aumentar una desregulaci\u00f3n.<\/li>\n<\/ol>\n<ol start=\"2\">\n<li><em>Establecer contacto f\u00edsico y visual.<\/em> Ubicarse por debajo del nivel de sus ojos. Si el ni\u00f1o no lo permite, simplemente acompa\u00f1ar, e ir acerc\u00e1ndose a medida que se muestre m\u00e1s receptivo.<\/li>\n<\/ol>\n<ol start=\"3\">\n<li><em>Reflejar y validar su emoci\u00f3n<\/em>: \u201cveo que te sientes triste. Entiendo que \u201cX situaci\u00f3n\u201d te haya hecho sentir as\u00ed. Yo tambi\u00e9n me hubiera sentido triste \/ enojado por esto\u201d.<\/li>\n<\/ol>\n<ol start=\"4\">\n<li><em>Redirigir conducta<\/em>. Una vez que se volvi\u00f3 a la calma y el ni\u00f1o se encuentre m\u00e1s receptivo a escuchar, explicarle: \u201cAunque est\u00e9s enojado, no corresponde que le pegues a los dem\u00e1s\u201d. Se recomienda entregar explicaciones breves, para no saturarlos de informaci\u00f3n.<\/li>\n<\/ol>\n<p>&nbsp;<\/p>\n<p><strong><em>Por su parte, lo que se sugiere evitar es:<\/em><\/strong><\/p>\n<ol>\n<li><em>Recurrir al castigo.<\/em> Se recomienda en cambio generar en los ni\u00f1os la toma de conciencia de sus actos.<\/li>\n<\/ol>\n<ol start=\"2\">\n<li><em>Los gritos<\/em>.<\/li>\n<li><em>Ignorar al ni\u00f1o<\/em>. Nuestro lenguaje no verbal puede comunicar igual o m\u00e1s que el verbal.<\/li>\n<\/ol>\n<ol start=\"4\">\n<li><em>Irse del lugar y dejar al ni\u00f1o\/a solo\/a.<\/em><\/li>\n<li><em>Olvidarse del ni\u00f1o una vez pasado el llanto.<\/em><\/li>\n<\/ol>\n<p>&nbsp;<\/p>\n<p><img loading=\"lazy\" decoding=\"async\" class=\"alignnone wp-image-18064 size-full\" src=\"https:\/\/www.scuola.cl\/sivm\/wp-content\/uploads\/2022\/05\/Regulacion-emocional-1.png\" alt=\"\" width=\"530\" height=\"526\" srcset=\"https:\/\/www.scuola.cl\/sivm\/wp-content\/uploads\/2022\/05\/Regulacion-emocional-1.png 530w, https:\/\/www.scuola.cl\/sivm\/wp-content\/uploads\/2022\/05\/Regulacion-emocional-1-250x248.png 250w, https:\/\/www.scuola.cl\/sivm\/wp-content\/uploads\/2022\/05\/Regulacion-emocional-1-150x150.png 150w, https:\/\/www.scuola.cl\/sivm\/wp-content\/uploads\/2022\/05\/Regulacion-emocional-1-120x119.png 120w\" sizes=\"auto, (max-width: 530px) 100vw, 530px\" \/><\/p>\n<p><img loading=\"lazy\" decoding=\"async\" class=\"alignnone wp-image-18065 size-full\" src=\"https:\/\/www.scuola.cl\/sivm\/wp-content\/uploads\/2022\/05\/Regulacion-emocional-2.png\" alt=\"\" width=\"529\" height=\"533\" srcset=\"https:\/\/www.scuola.cl\/sivm\/wp-content\/uploads\/2022\/05\/Regulacion-emocional-2.png 529w, https:\/\/www.scuola.cl\/sivm\/wp-content\/uploads\/2022\/05\/Regulacion-emocional-2-250x252.png 250w, https:\/\/www.scuola.cl\/sivm\/wp-content\/uploads\/2022\/05\/Regulacion-emocional-2-150x150.png 150w, https:\/\/www.scuola.cl\/sivm\/wp-content\/uploads\/2022\/05\/Regulacion-emocional-2-120x121.png 120w\" sizes=\"auto, (max-width: 529px) 100vw, 529px\" \/><\/p>\n<p><img loading=\"lazy\" decoding=\"async\" class=\"alignnone wp-image-18066 \" src=\"https:\/\/www.scuola.cl\/sivm\/wp-content\/uploads\/2022\/05\/Regulacion-emocional-3.png\" alt=\"\" width=\"532\" height=\"533\" srcset=\"https:\/\/www.scuola.cl\/sivm\/wp-content\/uploads\/2022\/05\/Regulacion-emocional-3.png 594w, https:\/\/www.scuola.cl\/sivm\/wp-content\/uploads\/2022\/05\/Regulacion-emocional-3-250x250.png 250w, https:\/\/www.scuola.cl\/sivm\/wp-content\/uploads\/2022\/05\/Regulacion-emocional-3-150x150.png 150w, https:\/\/www.scuola.cl\/sivm\/wp-content\/uploads\/2022\/05\/Regulacion-emocional-3-120x120.png 120w\" sizes=\"auto, (max-width: 532px) 100vw, 532px\" \/><\/p>\n","protected":false},"excerpt":{"rendered":"La regulaci\u00f3n emocional es la capacidad de sentir, expresar y modular de forma adaptativa\nnuestras emociones. Esta capacidad se va desarrollando en el tiempo, vi\u00e9ndose influida por\nnuestras experiencias. \n","protected":false},"author":2,"featured_media":18061,"comment_status":"closed","ping_status":"closed","sticky":false,"template":"","format":"standard","meta":{"_acf_changed":false,"footnotes":""},"categories":[5,24],"tags":[],"class_list":["post-18057","post","type-post","status-publish","format-standard","has-post-thumbnail","hentry","category-noticias","category-scuola"],"acf":[],"yoast_head":"<!-- This site is optimized with the Yoast SEO plugin v27.1.1 - https:\/\/yoast.com\/product\/yoast-seo-wordpress\/ -->\n<title>Regulaci\u00f3n emocional Infantil - Scuola Italiana<\/title>\n<meta name=\"robots\" content=\"index, follow, max-snippet:-1, max-image-preview:large, max-video-preview:-1\" \/>\n<link rel=\"canonical\" href=\"https:\/\/www.scuola.cl\/sivm\/regulacion-emocional-infantil\/\" \/>\n<meta property=\"og:locale\" content=\"es_ES\" \/>\n<meta property=\"og:type\" content=\"article\" \/>\n<meta property=\"og:title\" content=\"Regulaci\u00f3n emocional Infantil - Scuola Italiana\" \/>\n<meta property=\"og:description\" content=\"La regulaci\u00f3n emocional es la capacidad de sentir, expresar y modular de forma adaptativa nuestras emociones. Esta capacidad se va desarrollando en el tiempo, vi\u00e9ndose influida por nuestras experiencias.\" \/>\n<meta property=\"og:url\" content=\"https:\/\/www.scuola.cl\/sivm\/regulacion-emocional-infantil\/\" \/>\n<meta property=\"og:site_name\" content=\"Scuola Italiana\" \/>\n<meta property=\"article:published_time\" content=\"2022-05-16T14:44:20+00:00\" \/>\n<meta property=\"article:modified_time\" content=\"2022-05-17T13:44:36+00:00\" \/>\n<meta property=\"og:image\" content=\"https:\/\/www.scuola.cl\/sivm\/wp-content\/uploads\/2022\/05\/Regulacion-emocional-web.jpg\" \/>\n\t<meta property=\"og:image:width\" content=\"900\" \/>\n\t<meta property=\"og:image:height\" content=\"610\" \/>\n\t<meta property=\"og:image:type\" content=\"image\/jpeg\" \/>\n<meta name=\"author\" content=\"Comunicaciones\" \/>\n<meta name=\"twitter:card\" content=\"summary_large_image\" \/>\n<meta name=\"twitter:label1\" content=\"Escrito por\" \/>\n\t<meta name=\"twitter:data1\" content=\"Comunicaciones\" \/>\n\t<meta name=\"twitter:label2\" content=\"Tiempo de lectura\" \/>\n\t<meta name=\"twitter:data2\" content=\"2 minutos\" \/>\n<script type=\"application\/ld+json\" class=\"yoast-schema-graph\">{\"@context\":\"https:\/\/schema.org\",\"@graph\":[{\"@type\":\"Article\",\"@id\":\"https:\/\/www.scuola.cl\/sivm\/regulacion-emocional-infantil\/#article\",\"isPartOf\":{\"@id\":\"https:\/\/www.scuola.cl\/sivm\/regulacion-emocional-infantil\/\"},\"author\":{\"name\":\"Comunicaciones\",\"@id\":\"https:\/\/www.scuola.cl\/sivm\/#\/schema\/person\/2ac68abc1b548ee6d8e16c4d3727d1b2\"},\"headline\":\"Regulaci\u00f3n emocional Infantil\",\"datePublished\":\"2022-05-16T14:44:20+00:00\",\"dateModified\":\"2022-05-17T13:44:36+00:00\",\"mainEntityOfPage\":{\"@id\":\"https:\/\/www.scuola.cl\/sivm\/regulacion-emocional-infantil\/\"},\"wordCount\":339,\"publisher\":{\"@id\":\"https:\/\/www.scuola.cl\/sivm\/#organization\"},\"image\":{\"@id\":\"https:\/\/www.scuola.cl\/sivm\/regulacion-emocional-infantil\/#primaryimage\"},\"thumbnailUrl\":\"https:\/\/www.scuola.cl\/sivm\/wp-content\/uploads\/2022\/05\/Regulacion-emocional-web.jpg\",\"articleSection\":[\"Noticias\",\"Scuola\"],\"inLanguage\":\"es\"},{\"@type\":\"WebPage\",\"@id\":\"https:\/\/www.scuola.cl\/sivm\/regulacion-emocional-infantil\/\",\"url\":\"https:\/\/www.scuola.cl\/sivm\/regulacion-emocional-infantil\/\",\"name\":\"Regulaci\u00f3n emocional Infantil - Scuola Italiana\",\"isPartOf\":{\"@id\":\"https:\/\/www.scuola.cl\/sivm\/#website\"},\"primaryImageOfPage\":{\"@id\":\"https:\/\/www.scuola.cl\/sivm\/regulacion-emocional-infantil\/#primaryimage\"},\"image\":{\"@id\":\"https:\/\/www.scuola.cl\/sivm\/regulacion-emocional-infantil\/#primaryimage\"},\"thumbnailUrl\":\"https:\/\/www.scuola.cl\/sivm\/wp-content\/uploads\/2022\/05\/Regulacion-emocional-web.jpg\",\"datePublished\":\"2022-05-16T14:44:20+00:00\",\"dateModified\":\"2022-05-17T13:44:36+00:00\",\"breadcrumb\":{\"@id\":\"https:\/\/www.scuola.cl\/sivm\/regulacion-emocional-infantil\/#breadcrumb\"},\"inLanguage\":\"es\",\"potentialAction\":[{\"@type\":\"ReadAction\",\"target\":[\"https:\/\/www.scuola.cl\/sivm\/regulacion-emocional-infantil\/\"]}]},{\"@type\":\"ImageObject\",\"inLanguage\":\"es\",\"@id\":\"https:\/\/www.scuola.cl\/sivm\/regulacion-emocional-infantil\/#primaryimage\",\"url\":\"https:\/\/www.scuola.cl\/sivm\/wp-content\/uploads\/2022\/05\/Regulacion-emocional-web.jpg\",\"contentUrl\":\"https:\/\/www.scuola.cl\/sivm\/wp-content\/uploads\/2022\/05\/Regulacion-emocional-web.jpg\",\"width\":900,\"height\":610},{\"@type\":\"BreadcrumbList\",\"@id\":\"https:\/\/www.scuola.cl\/sivm\/regulacion-emocional-infantil\/#breadcrumb\",\"itemListElement\":[{\"@type\":\"ListItem\",\"position\":1,\"name\":\"Inicio\",\"item\":\"https:\/\/www.scuola.cl\/sivm\/\"},{\"@type\":\"ListItem\",\"position\":2,\"name\":\"Noticias\",\"item\":\"https:\/\/www.scuola.cl\/sivm\/category\/noticias\/\"},{\"@type\":\"ListItem\",\"position\":3,\"name\":\"Regulaci\u00f3n emocional Infantil\"}]},{\"@type\":\"WebSite\",\"@id\":\"https:\/\/www.scuola.cl\/sivm\/#website\",\"url\":\"https:\/\/www.scuola.cl\/sivm\/\",\"name\":\"Scuola Italiana\",\"description\":\"Vittorio Montiglio\",\"publisher\":{\"@id\":\"https:\/\/www.scuola.cl\/sivm\/#organization\"},\"potentialAction\":[{\"@type\":\"SearchAction\",\"target\":{\"@type\":\"EntryPoint\",\"urlTemplate\":\"https:\/\/www.scuola.cl\/sivm\/?s={search_term_string}\"},\"query-input\":{\"@type\":\"PropertyValueSpecification\",\"valueRequired\":true,\"valueName\":\"search_term_string\"}}],\"inLanguage\":\"es\"},{\"@type\":\"Organization\",\"@id\":\"https:\/\/www.scuola.cl\/sivm\/#organization\",\"name\":\"Scuola Italiana Vittorio Montiglio\",\"url\":\"https:\/\/www.scuola.cl\/sivm\/\",\"logo\":{\"@type\":\"ImageObject\",\"inLanguage\":\"es\",\"@id\":\"https:\/\/www.scuola.cl\/sivm\/#\/schema\/logo\/image\/\",\"url\":\"https:\/\/www.scuola.cl\/sivm\/wp-content\/uploads\/2019\/06\/Logo_Scuola-01-001-1000x1000.png\",\"contentUrl\":\"https:\/\/www.scuola.cl\/sivm\/wp-content\/uploads\/2019\/06\/Logo_Scuola-01-001-1000x1000.png\",\"width\":1000,\"height\":1000,\"caption\":\"Scuola Italiana Vittorio Montiglio\"},\"image\":{\"@id\":\"https:\/\/www.scuola.cl\/sivm\/#\/schema\/logo\/image\/\"}},{\"@type\":\"Person\",\"@id\":\"https:\/\/www.scuola.cl\/sivm\/#\/schema\/person\/2ac68abc1b548ee6d8e16c4d3727d1b2\",\"name\":\"Comunicaciones\",\"image\":{\"@type\":\"ImageObject\",\"inLanguage\":\"es\",\"@id\":\"https:\/\/www.scuola.cl\/sivm\/#\/schema\/person\/image\/\",\"url\":\"https:\/\/secure.gravatar.com\/avatar\/0b29fd7cdce1ec9939eded19ce85d6ed73acf03fb52d098b0641aed356fe6aeb?s=96&d=mm&r=g\",\"contentUrl\":\"https:\/\/secure.gravatar.com\/avatar\/0b29fd7cdce1ec9939eded19ce85d6ed73acf03fb52d098b0641aed356fe6aeb?s=96&d=mm&r=g\",\"caption\":\"Comunicaciones\"},\"url\":\"https:\/\/www.scuola.cl\/sivm\/author\/comunicaciones-scuola\/\"}]}<\/script>\n<!-- \/ Yoast SEO plugin. -->","yoast_head_json":{"title":"Regulaci\u00f3n emocional Infantil - Scuola Italiana","robots":{"index":"index","follow":"follow","max-snippet":"max-snippet:-1","max-image-preview":"max-image-preview:large","max-video-preview":"max-video-preview:-1"},"canonical":"https:\/\/www.scuola.cl\/sivm\/regulacion-emocional-infantil\/","og_locale":"es_ES","og_type":"article","og_title":"Regulaci\u00f3n emocional Infantil - Scuola Italiana","og_description":"La regulaci\u00f3n emocional es la capacidad de sentir, expresar y modular de forma adaptativa nuestras emociones. Esta capacidad se va desarrollando en el tiempo, vi\u00e9ndose influida por nuestras experiencias.","og_url":"https:\/\/www.scuola.cl\/sivm\/regulacion-emocional-infantil\/","og_site_name":"Scuola Italiana","article_published_time":"2022-05-16T14:44:20+00:00","article_modified_time":"2022-05-17T13:44:36+00:00","og_image":[{"width":900,"height":610,"url":"https:\/\/www.scuola.cl\/sivm\/wp-content\/uploads\/2022\/05\/Regulacion-emocional-web.jpg","type":"image\/jpeg"}],"author":"Comunicaciones","twitter_card":"summary_large_image","twitter_misc":{"Escrito por":"Comunicaciones","Tiempo de lectura":"2 minutos"},"schema":{"@context":"https:\/\/schema.org","@graph":[{"@type":"Article","@id":"https:\/\/www.scuola.cl\/sivm\/regulacion-emocional-infantil\/#article","isPartOf":{"@id":"https:\/\/www.scuola.cl\/sivm\/regulacion-emocional-infantil\/"},"author":{"name":"Comunicaciones","@id":"https:\/\/www.scuola.cl\/sivm\/#\/schema\/person\/2ac68abc1b548ee6d8e16c4d3727d1b2"},"headline":"Regulaci\u00f3n emocional Infantil","datePublished":"2022-05-16T14:44:20+00:00","dateModified":"2022-05-17T13:44:36+00:00","mainEntityOfPage":{"@id":"https:\/\/www.scuola.cl\/sivm\/regulacion-emocional-infantil\/"},"wordCount":339,"publisher":{"@id":"https:\/\/www.scuola.cl\/sivm\/#organization"},"image":{"@id":"https:\/\/www.scuola.cl\/sivm\/regulacion-emocional-infantil\/#primaryimage"},"thumbnailUrl":"https:\/\/www.scuola.cl\/sivm\/wp-content\/uploads\/2022\/05\/Regulacion-emocional-web.jpg","articleSection":["Noticias","Scuola"],"inLanguage":"es"},{"@type":"WebPage","@id":"https:\/\/www.scuola.cl\/sivm\/regulacion-emocional-infantil\/","url":"https:\/\/www.scuola.cl\/sivm\/regulacion-emocional-infantil\/","name":"Regulaci\u00f3n emocional Infantil - Scuola Italiana","isPartOf":{"@id":"https:\/\/www.scuola.cl\/sivm\/#website"},"primaryImageOfPage":{"@id":"https:\/\/www.scuola.cl\/sivm\/regulacion-emocional-infantil\/#primaryimage"},"image":{"@id":"https:\/\/www.scuola.cl\/sivm\/regulacion-emocional-infantil\/#primaryimage"},"thumbnailUrl":"https:\/\/www.scuola.cl\/sivm\/wp-content\/uploads\/2022\/05\/Regulacion-emocional-web.jpg","datePublished":"2022-05-16T14:44:20+00:00","dateModified":"2022-05-17T13:44:36+00:00","breadcrumb":{"@id":"https:\/\/www.scuola.cl\/sivm\/regulacion-emocional-infantil\/#breadcrumb"},"inLanguage":"es","potentialAction":[{"@type":"ReadAction","target":["https:\/\/www.scuola.cl\/sivm\/regulacion-emocional-infantil\/"]}]},{"@type":"ImageObject","inLanguage":"es","@id":"https:\/\/www.scuola.cl\/sivm\/regulacion-emocional-infantil\/#primaryimage","url":"https:\/\/www.scuola.cl\/sivm\/wp-content\/uploads\/2022\/05\/Regulacion-emocional-web.jpg","contentUrl":"https:\/\/www.scuola.cl\/sivm\/wp-content\/uploads\/2022\/05\/Regulacion-emocional-web.jpg","width":900,"height":610},{"@type":"BreadcrumbList","@id":"https:\/\/www.scuola.cl\/sivm\/regulacion-emocional-infantil\/#breadcrumb","itemListElement":[{"@type":"ListItem","position":1,"name":"Inicio","item":"https:\/\/www.scuola.cl\/sivm\/"},{"@type":"ListItem","position":2,"name":"Noticias","item":"https:\/\/www.scuola.cl\/sivm\/category\/noticias\/"},{"@type":"ListItem","position":3,"name":"Regulaci\u00f3n emocional Infantil"}]},{"@type":"WebSite","@id":"https:\/\/www.scuola.cl\/sivm\/#website","url":"https:\/\/www.scuola.cl\/sivm\/","name":"Scuola Italiana","description":"Vittorio Montiglio","publisher":{"@id":"https:\/\/www.scuola.cl\/sivm\/#organization"},"potentialAction":[{"@type":"SearchAction","target":{"@type":"EntryPoint","urlTemplate":"https:\/\/www.scuola.cl\/sivm\/?s={search_term_string}"},"query-input":{"@type":"PropertyValueSpecification","valueRequired":true,"valueName":"search_term_string"}}],"inLanguage":"es"},{"@type":"Organization","@id":"https:\/\/www.scuola.cl\/sivm\/#organization","name":"Scuola Italiana Vittorio Montiglio","url":"https:\/\/www.scuola.cl\/sivm\/","logo":{"@type":"ImageObject","inLanguage":"es","@id":"https:\/\/www.scuola.cl\/sivm\/#\/schema\/logo\/image\/","url":"https:\/\/www.scuola.cl\/sivm\/wp-content\/uploads\/2019\/06\/Logo_Scuola-01-001-1000x1000.png","contentUrl":"https:\/\/www.scuola.cl\/sivm\/wp-content\/uploads\/2019\/06\/Logo_Scuola-01-001-1000x1000.png","width":1000,"height":1000,"caption":"Scuola Italiana Vittorio Montiglio"},"image":{"@id":"https:\/\/www.scuola.cl\/sivm\/#\/schema\/logo\/image\/"}},{"@type":"Person","@id":"https:\/\/www.scuola.cl\/sivm\/#\/schema\/person\/2ac68abc1b548ee6d8e16c4d3727d1b2","name":"Comunicaciones","image":{"@type":"ImageObject","inLanguage":"es","@id":"https:\/\/www.scuola.cl\/sivm\/#\/schema\/person\/image\/","url":"https:\/\/secure.gravatar.com\/avatar\/0b29fd7cdce1ec9939eded19ce85d6ed73acf03fb52d098b0641aed356fe6aeb?s=96&d=mm&r=g","contentUrl":"https:\/\/secure.gravatar.com\/avatar\/0b29fd7cdce1ec9939eded19ce85d6ed73acf03fb52d098b0641aed356fe6aeb?s=96&d=mm&r=g","caption":"Comunicaciones"},"url":"https:\/\/www.scuola.cl\/sivm\/author\/comunicaciones-scuola\/"}]}},"_links":{"self":[{"href":"https:\/\/www.scuola.cl\/sivm\/wp-json\/wp\/v2\/posts\/18057","targetHints":{"allow":["GET"]}}],"collection":[{"href":"https:\/\/www.scuola.cl\/sivm\/wp-json\/wp\/v2\/posts"}],"about":[{"href":"https:\/\/www.scuola.cl\/sivm\/wp-json\/wp\/v2\/types\/post"}],"author":[{"embeddable":true,"href":"https:\/\/www.scuola.cl\/sivm\/wp-json\/wp\/v2\/users\/2"}],"replies":[{"embeddable":true,"href":"https:\/\/www.scuola.cl\/sivm\/wp-json\/wp\/v2\/comments?post=18057"}],"version-history":[{"count":6,"href":"https:\/\/www.scuola.cl\/sivm\/wp-json\/wp\/v2\/posts\/18057\/revisions"}],"predecessor-version":[{"id":18084,"href":"https:\/\/www.scuola.cl\/sivm\/wp-json\/wp\/v2\/posts\/18057\/revisions\/18084"}],"wp:featuredmedia":[{"embeddable":true,"href":"https:\/\/www.scuola.cl\/sivm\/wp-json\/wp\/v2\/media\/18061"}],"wp:attachment":[{"href":"https:\/\/www.scuola.cl\/sivm\/wp-json\/wp\/v2\/media?parent=18057"}],"wp:term":[{"taxonomy":"category","embeddable":true,"href":"https:\/\/www.scuola.cl\/sivm\/wp-json\/wp\/v2\/categories?post=18057"},{"taxonomy":"post_tag","embeddable":true,"href":"https:\/\/www.scuola.cl\/sivm\/wp-json\/wp\/v2\/tags?post=18057"}],"curies":[{"name":"wp","href":"https:\/\/api.w.org\/{rel}","templated":true}]}}