{"id":17052,"date":"2021-12-20T20:59:00","date_gmt":"2021-12-20T23:59:00","guid":{"rendered":"https:\/\/www.scuola.cl\/sivm\/?p=17052"},"modified":"2022-01-21T06:41:50","modified_gmt":"2022-01-21T09:41:50","slug":"resumen-solidaridad","status":"publish","type":"post","link":"https:\/\/www.scuola.cl\/sivm\/resumen-solidaridad\/","title":{"rendered":"Resumen Solidaridad"},"content":{"rendered":"\n<div>\n<table align=\"center\">\n<tbody>\n<tr>\n<td>\n<table>\n<tbody>\n<tr>\n<td>\n<table>\n<tbody>\n<tr>\n<td>\n<div>\n<p>Mencionamos algunas de las \u00faltimas actividades realizadas por Solidaridad a fin de a\u00f1o.<\/p>\n<p>En el mes de noviembre hicimos entrega al Hogar Italiano de varias pieceras y chales para los abuelitos del Hogar Italiano, ya que siguieron llegando cuadrados de lana de la campa\u00f1a que realizamos en el invierno para gente en situaci\u00f3n de calle.<\/p>\n<\/div>\n<p>\u00a0<\/p>\n<\/td>\n<\/tr>\n<\/tbody>\n<\/table>\n<\/td>\n<\/tr>\n<\/tbody>\n<\/table>\n<\/td>\n<\/tr>\n<\/tbody>\n<\/table>\n<\/div>\n<div>\n<table align=\"center\">\n<tbody>\n<tr>\n<td><u><\/u><u><\/u><u><\/u><u><\/u>\n<table>\n<tbody>\n<tr>\n<td>\n<table>\n<tbody>\n<tr>\n<td><img decoding=\"async\" class=\"CToWUd\" src=\"https:\/\/ci6.googleusercontent.com\/proxy\/DZ1LKXh7dVutq8roYCCI5JwUWqnSooQgPoC63ghDw76pfY4aa-iZaut6OgXGstXrIRlBrTh8GIQe5tVAt2BosBp_a0fV8K3lk7VL3e3AGiDc1rkO1k3lH8yM84iufoR6hSwV38gzkto4Z8_OuzXUwNuQ3R-wCf1gFtbDOcrwzAprTKJ3NehobchnQMUdcw=s0-d-e1-ft#https:\/\/comunicaciones.colegium.com\/publico\/5\/716eec38-ed17-4f91-8b64-63ecf9e5b43a\/3682b2d3-8c3f-4982-b5b5-dd9540d03b46.png\" \/><\/td>\n<\/tr>\n<\/tbody>\n<\/table>\n<\/td>\n<td>\n<table>\n<tbody>\n<tr>\n<td><img decoding=\"async\" class=\"CToWUd\" src=\"https:\/\/ci6.googleusercontent.com\/proxy\/r4A7skW0qHtHqSc1WRr7qpV0yYstcyOtxoUFjrUwj5gkmQ4x-7NfPyRWxFDx72LmdpIEAOFHb4mcgrr4_0ffOrQzBHCNSMYhdOi2RWcI8t3bReC61uMzhgWUZ29AA0a183SQVYqtYwvBefI3TrpGJ5GdnaJEKOrBQtuW_zjzQaPtS3EDEL-q2GFZcuNHaA=s0-d-e1-ft#https:\/\/comunicaciones.colegium.com\/publico\/5\/716eec38-ed17-4f91-8b64-63ecf9e5b43a\/0e8d4484-1757-4a1d-b501-77c99ee0ff0f.png\" \/><\/td>\n<\/tr>\n<\/tbody>\n<\/table>\n<\/td>\n<\/tr>\n<\/tbody>\n<\/table>\n<\/td>\n<\/tr>\n<\/tbody>\n<\/table>\n<\/div>\n<div>\n<table align=\"center\">\n<tbody>\n<tr>\n<td><u><\/u><u><\/u><u><\/u><u><\/u>\n<table>\n<tbody>\n<tr>\n<td>\n<table>\n<tbody>\n<tr>\n<td>\n<p>\u00a0<\/p>\n<div>\n<p>Los alumnos de la Media Inferior realizaron una campa\u00f1a solidaria en su \u00abPiccola Settimana\u00bb, recolectando diversos materiales para que i nonni confeccionaran manualidades navide\u00f1as en sus talleres.<\/p>\n<\/div>\n<p>\u00a0<\/p>\n<\/td>\n<\/tr>\n<\/tbody>\n<\/table>\n<\/td>\n<\/tr>\n<\/tbody>\n<\/table>\n<\/td>\n<\/tr>\n<\/tbody>\n<\/table>\n<\/div>\n<div>\n<table align=\"center\">\n<tbody>\n<tr>\n<td>\n<table>\n<tbody>\n<tr>\n<td>\n<table>\n<tbody>\n<tr>\n<td><img decoding=\"async\" class=\"CToWUd\" src=\"https:\/\/ci3.googleusercontent.com\/proxy\/MnGKmasNUXRo3rgrsmPjisnPuZjoZv2kxSdv8fks_rgq7Xd6FqFU5pe2f5xUJs5SUFG9YeT6DaMmaKGxU5THsAWSBk0Iy3uRx_bMxjspjRRkdJ61auEDMA8HR87XHc88-O_tLgzoEJ1zK0_MZNVOss71tUNwZ2oEZNfuP9nyR5Hn_3Uqwf4RShmhUniGlA=s0-d-e1-ft#https:\/\/comunicaciones.colegium.com\/publico\/5\/716eec38-ed17-4f91-8b64-63ecf9e5b43a\/b6a35085-b7f9-4aca-8f87-0c54e74f6f06.png\" \/><\/td>\n<\/tr>\n<\/tbody>\n<\/table>\n<\/td>\n<td>\n<table>\n<tbody>\n<tr>\n<td><img decoding=\"async\" class=\"CToWUd\" src=\"https:\/\/ci3.googleusercontent.com\/proxy\/rwdokJoYPZkUgKeJcgRCfKY1REpiuays5npCB7ZrBO-Ng3RJ4OwMQ8sSiSO7YlWDOHlxsb7mJLGHHwvd_40va8AiBJWNPU0tfZs7FPOPE9lLgF00gCKp2Hx9Ov5R-lRpfg3Au2ZZmnpghyeNrE54ElVSLtQrVIHFogEGItgM8M-tnVI8rfOSL6cbD3RNCQ=s0-d-e1-ft#https:\/\/comunicaciones.colegium.com\/publico\/5\/716eec38-ed17-4f91-8b64-63ecf9e5b43a\/9cf32b26-7dae-458d-a10a-61e9187f1f61.png\" \/><\/td>\n<\/tr>\n<\/tbody>\n<\/table>\n<\/td>\n<\/tr>\n<\/tbody>\n<\/table>\n<\/td>\n<\/tr>\n<\/tbody>\n<\/table>\n<\/div>\n<div>\n<table align=\"center\">\n<tbody>\n<tr>\n<td><u><\/u><u><\/u><u><\/u><u><\/u>\n<table>\n<tbody>\n<tr>\n<td>\n<table>\n<tbody>\n<tr>\n<td>\n<p>\u00a0<\/p>\n<div>\n<p>Los estudiantes de 6\u00b0A y D, junto a su profesora de Lenguaje y Comunicaci\u00f3n, Jacqueline Dur\u00e1n, contribuyeron con una solidaria donaci\u00f3n de libros a la Fundaci\u00f3n Green Libros.<br \/>En el contexto de la unidad \u201cTu voz puede cambiar al mundo\u201d, los alumnos quisieron compartir diversos t\u00edtu-los otorgando la oportunidad de que otros ni\u00f1os puedan vivir una gran experiencia lectora.<br \/>Dem\u00e1s est\u00e1 decir que el aporte a la Fundaci\u00f3n ser\u00e1 constante durante todo el a\u00f1o.<\/p>\n<\/div>\n<p>\u00a0<\/p>\n<\/td>\n<\/tr>\n<\/tbody>\n<\/table>\n<\/td>\n<\/tr>\n<\/tbody>\n<\/table>\n<\/td>\n<\/tr>\n<\/tbody>\n<\/table>\n<\/div>\n<div>\n<table align=\"center\">\n<tbody>\n<tr>\n<td>\n<table>\n<tbody>\n<tr>\n<td>\n<table>\n<tbody>\n<tr>\n<td><img decoding=\"async\" class=\"CToWUd\" src=\"https:\/\/ci3.googleusercontent.com\/proxy\/JOm0qdqEzf-KsPOi9zVowor2z6HdlUAC-GTDgHsgbFTepjrIbGabOH_03u-K0SZAWp--oF7vDeLdcNDBvpPJnlvEL1cIpshF-T3fEPRI-3A8tRMnUK2qrK5zBtOP_8JbPMr3ZhQ_3KI_RmGcyubu50vf59DseA5jE5VJk5GatVo_amlGYcrDhDok4ZWiOiY=s0-d-e1-ft#https:\/\/comunicaciones.colegium.com\/publico\/5\/716eec38-ed17-4f91-8b64-63ecf9e5b43a\/0628cad2-6536-4dec-aa67-e8c612fe530d.jpeg\" \/><\/td>\n<\/tr>\n<\/tbody>\n<\/table>\n<\/td>\n<td>\n<table>\n<tbody>\n<tr>\n<td><img decoding=\"async\" class=\"CToWUd\" src=\"https:\/\/ci4.googleusercontent.com\/proxy\/m8LaT6Dx06MaDaBBh-ua6fhl3EgvAgDp1CCyHTFBPcM0Z-M6-PSJEt5a16IZTK1Vvklgaav9Eym_8LUML61WSfd9otX2L4FwKcdDXPK9jh2iOAqxeO45EfbwYsfiDdqNpZ6iJk-SmQFtIInZXAwwjSjGUck0AoYwiR6UWqhQh0LTNkc4mbiV4XMQmlpqY3M=s0-d-e1-ft#https:\/\/comunicaciones.colegium.com\/publico\/5\/716eec38-ed17-4f91-8b64-63ecf9e5b43a\/8fa6c179-be82-4a40-ab12-0f18640d18de.jpeg\" \/><\/td>\n<\/tr>\n<\/tbody>\n<\/table>\n<\/td>\n<\/tr>\n<\/tbody>\n<\/table>\n<\/td>\n<\/tr>\n<\/tbody>\n<\/table>\n<\/div>\n<div>\n<table align=\"center\">\n<tbody>\n<tr>\n<td><u><\/u><u><\/u><u><\/u><u><\/u>\n<table>\n<tbody>\n<tr>\n<td>\n<table>\n<tbody>\n<tr>\n<td>\n<p>\u00a0<\/p>\n<div>\n<p>Los ni\u00f1os de la Terza Sezione plantaron diversos tipos de semillas donadas por Anasac, para los abuelitos. Durante dos meses cuidaron\u00a0las hortalizas y hierbas medicinales con\u00a0 esmero y dedicaci\u00f3n, tal como cuidan el huerto que tienen en su \u00e1rea, las que luego enviaron al Hogar con lindos mensajes y videos. Ahora i nonni tendr\u00e1n entretenci\u00f3n y la preocupaci\u00f3n de regar y\u00a0cuidar.<\/p>\n<\/div>\n<p>\u00a0<\/p>\n<\/td>\n<\/tr>\n<\/tbody>\n<\/table>\n<\/td>\n<\/tr>\n<\/tbody>\n<\/table>\n<\/td>\n<\/tr>\n<\/tbody>\n<\/table>\n<\/div>\n<div>\n<table align=\"center\">\n<tbody>\n<tr>\n<td>\n<table>\n<tbody>\n<tr>\n<td>\n<table>\n<tbody>\n<tr>\n<td><img decoding=\"async\" class=\"CToWUd\" src=\"https:\/\/ci6.googleusercontent.com\/proxy\/Vr8T6S584QFBubXG7sMhn75oJGLGkbNhn7KI95KnC1CSe3bX-TM-eM9-0Fir01L-7eYiKrT8bU1QAzRbApIP8du5_SVYNxK5gIX_OFuxFyfd63dtjtoeTZOuVxyApmmlG_i-KYpEr0zsRAhcpL8TTRpPUXidss9MT28Z-p1GncE8CgTUWigCvyQIwnXUAoM=s0-d-e1-ft#https:\/\/comunicaciones.colegium.com\/publico\/5\/716eec38-ed17-4f91-8b64-63ecf9e5b43a\/785f9ef6-d8c9-48af-93e7-8eebb97a1672.jpeg\" \/><\/td>\n<\/tr>\n<\/tbody>\n<\/table>\n<\/td>\n<td>\n<table>\n<tbody>\n<tr>\n<td><img decoding=\"async\" class=\"CToWUd\" src=\"https:\/\/ci3.googleusercontent.com\/proxy\/rgtWNe0d7HOR37iVi1WA8Ilg01vkcxfueL_w-TnB4CnOuxvyzGwRY-nrsdYWHWhjVLxwNRVt9w3sylYG4DkwqlWiuZfGCr4w519DmZiyPPHfBWWEoHAyXKU0Mmzk_wzzmEYfijl668ZKfJPZravGJdBU1lBgr5G9TIPxbKh3LdhnB9WB4Ugy2Ev6ZMDgffQ=s0-d-e1-ft#https:\/\/comunicaciones.colegium.com\/publico\/5\/716eec38-ed17-4f91-8b64-63ecf9e5b43a\/08307b29-14e2-43c0-a40c-d7ad96407492.jpeg\" \/><\/td>\n<\/tr>\n<\/tbody>\n<\/table>\n<\/td>\n<\/tr>\n<\/tbody>\n<\/table>\n<\/td>\n<\/tr>\n<\/tbody>\n<\/table>\n<\/div>\n<div>\n<table align=\"center\">\n<tbody>\n<tr>\n<td><u><\/u><u><\/u><u><\/u><u><\/u>\n<table>\n<tbody>\n<tr>\n<td>\n<table>\n<tbody>\n<tr>\n<td>\n<p>Para finalizar compartimos con ustedes el excelente resultado en la campa\u00f1a donemos a Coaniquem, recaudando 1.356 kilos equivalentes a 354 curaciones.<\/p>\n<\/td>\n<\/tr>\n<\/tbody>\n<\/table>\n<\/td>\n<\/tr>\n<\/tbody>\n<\/table>\n<\/td>\n<\/tr>\n<\/tbody>\n<\/table>\n<\/div>\n<div>\n<table align=\"center\">\n<tbody>\n<tr>\n<td>\n<table>\n<tbody>\n<tr>\n<td>\n<table>\n<tbody>\n<tr>\n<td><img decoding=\"async\" class=\"CToWUd\" src=\"https:\/\/ci3.googleusercontent.com\/proxy\/CShrOCgvlSiHq2JvAjBTJOLYwawhrbP7TDn9IFD4DAxIz8wl10Udjx6-M_Zsb2Z6tULFeqgW3xoFmLYRNql_VLvDlXC-47mgKYzJ42fZoqrMDt8RaVvVkaDqGbmktAT4ClegXX6OTuX26R6KoUkc3opg487CvCvj2UjS1Vzd__dXM8B_z44sdWl0K8Wgj0Q=s0-d-e1-ft#https:\/\/comunicaciones.colegium.com\/publico\/5\/716eec38-ed17-4f91-8b64-63ecf9e5b43a\/7e1212e2-7960-44b1-8bf1-3795195f5f86.jpeg\" \/><\/td>\n<\/tr>\n<\/tbody>\n<\/table>\n<\/td>\n<td>\n<table>\n<tbody>\n<tr>\n<td><img decoding=\"async\" class=\"CToWUd\" src=\"https:\/\/ci5.googleusercontent.com\/proxy\/JofWqeJVIcKUmvelGP1jgC9fkNWKNPM3uz9lojLsasI9dkZggIGY0BrJ2k4qFr7Unl-HoXTkzVpA5eo7QVK7enOI4AJbmhjKDHJe73029SR-TAv_727q_zBCMagnShCuTYETBPoHk5KpM56u2GOEedthd5L_EbrE5Xd8EXEB9Av3qBqToGSabiue0Yd7EQY=s0-d-e1-ft#https:\/\/comunicaciones.colegium.com\/publico\/5\/716eec38-ed17-4f91-8b64-63ecf9e5b43a\/7fc60e58-eb68-4c91-83a8-1a03ba2caedd.jpeg\" \/><\/td>\n<\/tr>\n<\/tbody>\n<\/table>\n<\/td>\n<\/tr>\n<\/tbody>\n<\/table>\n<\/td>\n<\/tr>\n<\/tbody>\n<\/table>\n<\/div>\n<div>\n<table align=\"center\">\n<tbody>\n<tr>\n<td><u><\/u><u><\/u><u><\/u><u><\/u>\n<table>\n<tbody>\n<tr>\n<td>\n<table>\n<tbody>\n<tr>\n<td>\n<p>\u00a0<\/p>\n<div>\n<p>Infinitas gracias a todos quienes se sumaron a estas nobles causas.<\/p>\n<p>\u00a0<\/p>\n<p>Carmen Cecilia Stockebrand<\/p>\n<p>Coordinadora Solidaridad<\/p>\n<\/div>\n<\/td>\n<\/tr>\n<\/tbody>\n<\/table>\n<\/td>\n<\/tr>\n<\/tbody>\n<\/table>\n<\/td>\n<\/tr>\n<\/tbody>\n<\/table>\n<\/div>\n","protected":false},"excerpt":{"rendered":"Destacamos algunas de las actividades realizadas por Solidaridad Scuola a fin de a\u00f1o. Dentro de ellas la plantaci\u00f3n de la Scuola dell\u2019Infanzia, las pieceras para el Hogar Italiano, la donaci\u00f3n de libros y los 1.356 kg. de ropa para Coaniquem.\n","protected":false},"author":2,"featured_media":17054,"comment_status":"closed","ping_status":"closed","sticky":false,"template":"","format":"standard","meta":{"_acf_changed":false,"footnotes":""},"categories":[5,23],"tags":[],"class_list":["post-17052","post","type-post","status-publish","format-standard","has-post-thumbnail","hentry","category-noticias","category-solidaridad"],"acf":[],"yoast_head":"<!-- This site is optimized with the Yoast SEO plugin v27.1.1 - https:\/\/yoast.com\/product\/yoast-seo-wordpress\/ -->\n<title>Resumen Solidaridad - Scuola Italiana<\/title>\n<meta name=\"robots\" content=\"index, follow, max-snippet:-1, max-image-preview:large, max-video-preview:-1\" \/>\n<link rel=\"canonical\" href=\"https:\/\/www.scuola.cl\/sivm\/resumen-solidaridad\/\" \/>\n<meta property=\"og:locale\" content=\"es_ES\" \/>\n<meta property=\"og:type\" content=\"article\" \/>\n<meta property=\"og:title\" content=\"Resumen Solidaridad - Scuola Italiana\" \/>\n<meta property=\"og:description\" content=\"Destacamos algunas de las actividades realizadas por Solidaridad Scuola a fin de a\u00f1o. Dentro de ellas la plantaci\u00f3n de la Scuola dell\u2019Infanzia, las pieceras para el Hogar Italiano, la donaci\u00f3n de libros y los 1.356 kg. de ropa para Coaniquem.\" \/>\n<meta property=\"og:url\" content=\"https:\/\/www.scuola.cl\/sivm\/resumen-solidaridad\/\" \/>\n<meta property=\"og:site_name\" content=\"Scuola Italiana\" \/>\n<meta property=\"article:published_time\" content=\"2021-12-20T23:59:00+00:00\" \/>\n<meta property=\"article:modified_time\" content=\"2022-01-21T09:41:50+00:00\" \/>\n<meta property=\"og:image\" content=\"https:\/\/www.scuola.cl\/sivm\/wp-content\/uploads\/2021\/12\/Resumen-solidaridad.jpg\" \/>\n\t<meta property=\"og:image:width\" content=\"900\" \/>\n\t<meta property=\"og:image:height\" content=\"610\" \/>\n\t<meta property=\"og:image:type\" content=\"image\/jpeg\" \/>\n<meta name=\"author\" content=\"Comunicaciones\" \/>\n<meta name=\"twitter:card\" content=\"summary_large_image\" \/>\n<meta name=\"twitter:label1\" content=\"Escrito por\" \/>\n\t<meta name=\"twitter:data1\" content=\"Comunicaciones\" \/>\n\t<meta name=\"twitter:label2\" content=\"Tiempo de lectura\" \/>\n\t<meta name=\"twitter:data2\" content=\"4 minutos\" \/>\n<script type=\"application\/ld+json\" class=\"yoast-schema-graph\">{\"@context\":\"https:\/\/schema.org\",\"@graph\":[{\"@type\":\"Article\",\"@id\":\"https:\/\/www.scuola.cl\/sivm\/resumen-solidaridad\/#article\",\"isPartOf\":{\"@id\":\"https:\/\/www.scuola.cl\/sivm\/resumen-solidaridad\/\"},\"author\":{\"name\":\"Comunicaciones\",\"@id\":\"https:\/\/www.scuola.cl\/sivm\/#\/schema\/person\/2ac68abc1b548ee6d8e16c4d3727d1b2\"},\"headline\":\"Resumen Solidaridad\",\"datePublished\":\"2021-12-20T23:59:00+00:00\",\"dateModified\":\"2022-01-21T09:41:50+00:00\",\"mainEntityOfPage\":{\"@id\":\"https:\/\/www.scuola.cl\/sivm\/resumen-solidaridad\/\"},\"wordCount\":276,\"publisher\":{\"@id\":\"https:\/\/www.scuola.cl\/sivm\/#organization\"},\"image\":{\"@id\":\"https:\/\/www.scuola.cl\/sivm\/resumen-solidaridad\/#primaryimage\"},\"thumbnailUrl\":\"https:\/\/www.scuola.cl\/sivm\/wp-content\/uploads\/2021\/12\/Resumen-solidaridad.jpg\",\"articleSection\":[\"Noticias\",\"Solidaridad\"],\"inLanguage\":\"es\"},{\"@type\":\"WebPage\",\"@id\":\"https:\/\/www.scuola.cl\/sivm\/resumen-solidaridad\/\",\"url\":\"https:\/\/www.scuola.cl\/sivm\/resumen-solidaridad\/\",\"name\":\"Resumen Solidaridad - Scuola Italiana\",\"isPartOf\":{\"@id\":\"https:\/\/www.scuola.cl\/sivm\/#website\"},\"primaryImageOfPage\":{\"@id\":\"https:\/\/www.scuola.cl\/sivm\/resumen-solidaridad\/#primaryimage\"},\"image\":{\"@id\":\"https:\/\/www.scuola.cl\/sivm\/resumen-solidaridad\/#primaryimage\"},\"thumbnailUrl\":\"https:\/\/www.scuola.cl\/sivm\/wp-content\/uploads\/2021\/12\/Resumen-solidaridad.jpg\",\"datePublished\":\"2021-12-20T23:59:00+00:00\",\"dateModified\":\"2022-01-21T09:41:50+00:00\",\"breadcrumb\":{\"@id\":\"https:\/\/www.scuola.cl\/sivm\/resumen-solidaridad\/#breadcrumb\"},\"inLanguage\":\"es\",\"potentialAction\":[{\"@type\":\"ReadAction\",\"target\":[\"https:\/\/www.scuola.cl\/sivm\/resumen-solidaridad\/\"]}]},{\"@type\":\"ImageObject\",\"inLanguage\":\"es\",\"@id\":\"https:\/\/www.scuola.cl\/sivm\/resumen-solidaridad\/#primaryimage\",\"url\":\"https:\/\/www.scuola.cl\/sivm\/wp-content\/uploads\/2021\/12\/Resumen-solidaridad.jpg\",\"contentUrl\":\"https:\/\/www.scuola.cl\/sivm\/wp-content\/uploads\/2021\/12\/Resumen-solidaridad.jpg\",\"width\":900,\"height\":610},{\"@type\":\"BreadcrumbList\",\"@id\":\"https:\/\/www.scuola.cl\/sivm\/resumen-solidaridad\/#breadcrumb\",\"itemListElement\":[{\"@type\":\"ListItem\",\"position\":1,\"name\":\"Inicio\",\"item\":\"https:\/\/www.scuola.cl\/sivm\/\"},{\"@type\":\"ListItem\",\"position\":2,\"name\":\"Noticias\",\"item\":\"https:\/\/www.scuola.cl\/sivm\/category\/noticias\/\"},{\"@type\":\"ListItem\",\"position\":3,\"name\":\"Resumen Solidaridad\"}]},{\"@type\":\"WebSite\",\"@id\":\"https:\/\/www.scuola.cl\/sivm\/#website\",\"url\":\"https:\/\/www.scuola.cl\/sivm\/\",\"name\":\"Scuola Italiana\",\"description\":\"Vittorio Montiglio\",\"publisher\":{\"@id\":\"https:\/\/www.scuola.cl\/sivm\/#organization\"},\"potentialAction\":[{\"@type\":\"SearchAction\",\"target\":{\"@type\":\"EntryPoint\",\"urlTemplate\":\"https:\/\/www.scuola.cl\/sivm\/?s={search_term_string}\"},\"query-input\":{\"@type\":\"PropertyValueSpecification\",\"valueRequired\":true,\"valueName\":\"search_term_string\"}}],\"inLanguage\":\"es\"},{\"@type\":\"Organization\",\"@id\":\"https:\/\/www.scuola.cl\/sivm\/#organization\",\"name\":\"Scuola Italiana Vittorio Montiglio\",\"url\":\"https:\/\/www.scuola.cl\/sivm\/\",\"logo\":{\"@type\":\"ImageObject\",\"inLanguage\":\"es\",\"@id\":\"https:\/\/www.scuola.cl\/sivm\/#\/schema\/logo\/image\/\",\"url\":\"https:\/\/www.scuola.cl\/sivm\/wp-content\/uploads\/2019\/06\/Logo_Scuola-01-001-1000x1000.png\",\"contentUrl\":\"https:\/\/www.scuola.cl\/sivm\/wp-content\/uploads\/2019\/06\/Logo_Scuola-01-001-1000x1000.png\",\"width\":1000,\"height\":1000,\"caption\":\"Scuola Italiana Vittorio Montiglio\"},\"image\":{\"@id\":\"https:\/\/www.scuola.cl\/sivm\/#\/schema\/logo\/image\/\"}},{\"@type\":\"Person\",\"@id\":\"https:\/\/www.scuola.cl\/sivm\/#\/schema\/person\/2ac68abc1b548ee6d8e16c4d3727d1b2\",\"name\":\"Comunicaciones\",\"image\":{\"@type\":\"ImageObject\",\"inLanguage\":\"es\",\"@id\":\"https:\/\/www.scuola.cl\/sivm\/#\/schema\/person\/image\/\",\"url\":\"https:\/\/secure.gravatar.com\/avatar\/0b29fd7cdce1ec9939eded19ce85d6ed73acf03fb52d098b0641aed356fe6aeb?s=96&d=mm&r=g\",\"contentUrl\":\"https:\/\/secure.gravatar.com\/avatar\/0b29fd7cdce1ec9939eded19ce85d6ed73acf03fb52d098b0641aed356fe6aeb?s=96&d=mm&r=g\",\"caption\":\"Comunicaciones\"},\"url\":\"https:\/\/www.scuola.cl\/sivm\/author\/comunicaciones-scuola\/\"}]}<\/script>\n<!-- \/ Yoast SEO plugin. -->","yoast_head_json":{"title":"Resumen Solidaridad - Scuola Italiana","robots":{"index":"index","follow":"follow","max-snippet":"max-snippet:-1","max-image-preview":"max-image-preview:large","max-video-preview":"max-video-preview:-1"},"canonical":"https:\/\/www.scuola.cl\/sivm\/resumen-solidaridad\/","og_locale":"es_ES","og_type":"article","og_title":"Resumen Solidaridad - Scuola Italiana","og_description":"Destacamos algunas de las actividades realizadas por Solidaridad Scuola a fin de a\u00f1o. Dentro de ellas la plantaci\u00f3n de la Scuola dell\u2019Infanzia, las pieceras para el Hogar Italiano, la donaci\u00f3n de libros y los 1.356 kg. de ropa para Coaniquem.","og_url":"https:\/\/www.scuola.cl\/sivm\/resumen-solidaridad\/","og_site_name":"Scuola Italiana","article_published_time":"2021-12-20T23:59:00+00:00","article_modified_time":"2022-01-21T09:41:50+00:00","og_image":[{"width":900,"height":610,"url":"https:\/\/www.scuola.cl\/sivm\/wp-content\/uploads\/2021\/12\/Resumen-solidaridad.jpg","type":"image\/jpeg"}],"author":"Comunicaciones","twitter_card":"summary_large_image","twitter_misc":{"Escrito por":"Comunicaciones","Tiempo de lectura":"4 minutos"},"schema":{"@context":"https:\/\/schema.org","@graph":[{"@type":"Article","@id":"https:\/\/www.scuola.cl\/sivm\/resumen-solidaridad\/#article","isPartOf":{"@id":"https:\/\/www.scuola.cl\/sivm\/resumen-solidaridad\/"},"author":{"name":"Comunicaciones","@id":"https:\/\/www.scuola.cl\/sivm\/#\/schema\/person\/2ac68abc1b548ee6d8e16c4d3727d1b2"},"headline":"Resumen Solidaridad","datePublished":"2021-12-20T23:59:00+00:00","dateModified":"2022-01-21T09:41:50+00:00","mainEntityOfPage":{"@id":"https:\/\/www.scuola.cl\/sivm\/resumen-solidaridad\/"},"wordCount":276,"publisher":{"@id":"https:\/\/www.scuola.cl\/sivm\/#organization"},"image":{"@id":"https:\/\/www.scuola.cl\/sivm\/resumen-solidaridad\/#primaryimage"},"thumbnailUrl":"https:\/\/www.scuola.cl\/sivm\/wp-content\/uploads\/2021\/12\/Resumen-solidaridad.jpg","articleSection":["Noticias","Solidaridad"],"inLanguage":"es"},{"@type":"WebPage","@id":"https:\/\/www.scuola.cl\/sivm\/resumen-solidaridad\/","url":"https:\/\/www.scuola.cl\/sivm\/resumen-solidaridad\/","name":"Resumen Solidaridad - Scuola Italiana","isPartOf":{"@id":"https:\/\/www.scuola.cl\/sivm\/#website"},"primaryImageOfPage":{"@id":"https:\/\/www.scuola.cl\/sivm\/resumen-solidaridad\/#primaryimage"},"image":{"@id":"https:\/\/www.scuola.cl\/sivm\/resumen-solidaridad\/#primaryimage"},"thumbnailUrl":"https:\/\/www.scuola.cl\/sivm\/wp-content\/uploads\/2021\/12\/Resumen-solidaridad.jpg","datePublished":"2021-12-20T23:59:00+00:00","dateModified":"2022-01-21T09:41:50+00:00","breadcrumb":{"@id":"https:\/\/www.scuola.cl\/sivm\/resumen-solidaridad\/#breadcrumb"},"inLanguage":"es","potentialAction":[{"@type":"ReadAction","target":["https:\/\/www.scuola.cl\/sivm\/resumen-solidaridad\/"]}]},{"@type":"ImageObject","inLanguage":"es","@id":"https:\/\/www.scuola.cl\/sivm\/resumen-solidaridad\/#primaryimage","url":"https:\/\/www.scuola.cl\/sivm\/wp-content\/uploads\/2021\/12\/Resumen-solidaridad.jpg","contentUrl":"https:\/\/www.scuola.cl\/sivm\/wp-content\/uploads\/2021\/12\/Resumen-solidaridad.jpg","width":900,"height":610},{"@type":"BreadcrumbList","@id":"https:\/\/www.scuola.cl\/sivm\/resumen-solidaridad\/#breadcrumb","itemListElement":[{"@type":"ListItem","position":1,"name":"Inicio","item":"https:\/\/www.scuola.cl\/sivm\/"},{"@type":"ListItem","position":2,"name":"Noticias","item":"https:\/\/www.scuola.cl\/sivm\/category\/noticias\/"},{"@type":"ListItem","position":3,"name":"Resumen Solidaridad"}]},{"@type":"WebSite","@id":"https:\/\/www.scuola.cl\/sivm\/#website","url":"https:\/\/www.scuola.cl\/sivm\/","name":"Scuola Italiana","description":"Vittorio Montiglio","publisher":{"@id":"https:\/\/www.scuola.cl\/sivm\/#organization"},"potentialAction":[{"@type":"SearchAction","target":{"@type":"EntryPoint","urlTemplate":"https:\/\/www.scuola.cl\/sivm\/?s={search_term_string}"},"query-input":{"@type":"PropertyValueSpecification","valueRequired":true,"valueName":"search_term_string"}}],"inLanguage":"es"},{"@type":"Organization","@id":"https:\/\/www.scuola.cl\/sivm\/#organization","name":"Scuola Italiana Vittorio Montiglio","url":"https:\/\/www.scuola.cl\/sivm\/","logo":{"@type":"ImageObject","inLanguage":"es","@id":"https:\/\/www.scuola.cl\/sivm\/#\/schema\/logo\/image\/","url":"https:\/\/www.scuola.cl\/sivm\/wp-content\/uploads\/2019\/06\/Logo_Scuola-01-001-1000x1000.png","contentUrl":"https:\/\/www.scuola.cl\/sivm\/wp-content\/uploads\/2019\/06\/Logo_Scuola-01-001-1000x1000.png","width":1000,"height":1000,"caption":"Scuola Italiana Vittorio Montiglio"},"image":{"@id":"https:\/\/www.scuola.cl\/sivm\/#\/schema\/logo\/image\/"}},{"@type":"Person","@id":"https:\/\/www.scuola.cl\/sivm\/#\/schema\/person\/2ac68abc1b548ee6d8e16c4d3727d1b2","name":"Comunicaciones","image":{"@type":"ImageObject","inLanguage":"es","@id":"https:\/\/www.scuola.cl\/sivm\/#\/schema\/person\/image\/","url":"https:\/\/secure.gravatar.com\/avatar\/0b29fd7cdce1ec9939eded19ce85d6ed73acf03fb52d098b0641aed356fe6aeb?s=96&d=mm&r=g","contentUrl":"https:\/\/secure.gravatar.com\/avatar\/0b29fd7cdce1ec9939eded19ce85d6ed73acf03fb52d098b0641aed356fe6aeb?s=96&d=mm&r=g","caption":"Comunicaciones"},"url":"https:\/\/www.scuola.cl\/sivm\/author\/comunicaciones-scuola\/"}]}},"_links":{"self":[{"href":"https:\/\/www.scuola.cl\/sivm\/wp-json\/wp\/v2\/posts\/17052","targetHints":{"allow":["GET"]}}],"collection":[{"href":"https:\/\/www.scuola.cl\/sivm\/wp-json\/wp\/v2\/posts"}],"about":[{"href":"https:\/\/www.scuola.cl\/sivm\/wp-json\/wp\/v2\/types\/post"}],"author":[{"embeddable":true,"href":"https:\/\/www.scuola.cl\/sivm\/wp-json\/wp\/v2\/users\/2"}],"replies":[{"embeddable":true,"href":"https:\/\/www.scuola.cl\/sivm\/wp-json\/wp\/v2\/comments?post=17052"}],"version-history":[{"count":9,"href":"https:\/\/www.scuola.cl\/sivm\/wp-json\/wp\/v2\/posts\/17052\/revisions"}],"predecessor-version":[{"id":17275,"href":"https:\/\/www.scuola.cl\/sivm\/wp-json\/wp\/v2\/posts\/17052\/revisions\/17275"}],"wp:featuredmedia":[{"embeddable":true,"href":"https:\/\/www.scuola.cl\/sivm\/wp-json\/wp\/v2\/media\/17054"}],"wp:attachment":[{"href":"https:\/\/www.scuola.cl\/sivm\/wp-json\/wp\/v2\/media?parent=17052"}],"wp:term":[{"taxonomy":"category","embeddable":true,"href":"https:\/\/www.scuola.cl\/sivm\/wp-json\/wp\/v2\/categories?post=17052"},{"taxonomy":"post_tag","embeddable":true,"href":"https:\/\/www.scuola.cl\/sivm\/wp-json\/wp\/v2\/tags?post=17052"}],"curies":[{"name":"wp","href":"https:\/\/api.w.org\/{rel}","templated":true}]}}