{"id":15302,"date":"2021-04-24T00:14:00","date_gmt":"2021-04-24T03:14:00","guid":{"rendered":"https:\/\/www.scuola.cl\/sivm\/?p=15302"},"modified":"2021-04-25T00:35:55","modified_gmt":"2021-04-25T03:35:55","slug":"buon-25-aprile","status":"publish","type":"post","link":"https:\/\/www.scuola.cl\/sivm\/buon-25-aprile\/","title":{"rendered":"Buon 25 aprile!"},"content":{"rendered":"\n<p style=\"text-align: center;\" align=\"center\"><span style=\"font-family: arial, sans-serif;\"><strong><span lang=\"IT\">25 APRILE 1945- 25 APRILE 2021<\/span><\/strong><b><\/b><\/span><\/p>\n<p><span lang=\"IT\"><span style=\"font-family: arial, sans-serif;\">&nbsp;<\/span><\/span><\/p>\n<p><span lang=\"IT\"><span style=\"font-family: arial, sans-serif;\">E&#8217; un 25 aprile diverso, sotto il segno della pandemia del Coronavirus. Il 25 aprile \u00e8 una delle giornate pi\u00f9 significative della Repubblica italiana: la festa della Liberazione, che quest&#8217;anno raggiunge il 76esimo anniversario.<\/span><\/span><br><br><span lang=\"IT\"><span style=\"font-family: arial, sans-serif;\">&nbsp;<\/span><\/span><br><span lang=\"IT\"><span style=\"font-family: arial, sans-serif;\">Nella primavera del 1945 l\u2019Europa vide la fine della guerra e la sconfitta del nazifascismo. L\u2019idea di potenza, di superiorit\u00e0 di razza, di sopraffazione di un popolo contro l\u2019altro, all\u2019origine della seconda guerra mondiale, lasci\u00f2 il posto a quella di cooperazione nella libert\u00e0 e nella pace e, in coerenza con quella scelta, pochi anni dopo \u00e8 nata la Comunit\u00e1 Europea (oggi Unione Europea).<\/span><\/span><br><span lang=\"IT\"><span style=\"font-family: arial, sans-serif;\">&nbsp;<\/span><\/span><br><br><span lang=\"IT\"><span style=\"font-family: arial, sans-serif;\">Oggi si celebra il settantaseiesimo anniversario della Liberazione, data fondatrice dell\u2019esperienza democratica di cui la Repubblica \u00e8 presidio con la sua Costituzione.<\/span><\/span><br><br><span lang=\"IT\"><span style=\"font-family: arial, sans-serif;\">Questo \u00e8 un momento giusto per riconoscere tutti coloro che oggi si trovano in prima linea per combattere il virus e a quanti permettono il funzionamento delle nostre citt\u00e1. Loro rappresentano oggi, col loro spirito solidale, il segno della continuit\u00e0 dei valori che furono alla base del 25 aprile 1945.<\/span><\/span><br><br><br><span lang=\"IT\"><span style=\"font-family: arial, sans-serif;\">Oggi, 25 aprile, fare memoria della Resistenza, della lotta di Liberazione, di quelle pagine decisive della storia italiana, dei coraggiosi che vi ebbero parte, resistendo all\u2019oppressione, rischiando per la libert\u00e0 di tutti, significa ribadire i valori di libert\u00e0, giustizia e coesione sociale, che ne furono alla base.<\/span><\/span><br><br><span lang=\"IT\"><span style=\"font-family: arial, sans-serif;\">La Repubblica Democratica, nata dalla lotta partigiana iniziata dopo l&#8217;8 settembre del &#8217;43, ha fatto propri i valori fondativi della Resistenza italiana che costituiscono un tratto essenziale della storia politica e culturale dell\u2019Italia: dai Comitati di Liberazione Nazionali prende avvio la nuova Italia che si raccoglie intorno agli ideali di libert\u00e0 e giustizia, e che riesce a trovare, con un grandioso sforzo unitario, l&#8217;impeto morale per riscattarsi e risorgere.<\/span><\/span><br><br><br><span lang=\"IT\"><span style=\"font-family: arial, sans-serif;\">Nasceva allora una nuova Italia e il popolo, a partire da una condizione di grande sofferenza, unito intorno a valori morali e civili di portata universale, ha saputo costruire il proprio futuro. Con tenacia, con spirito di sacrificio e senso di appartenenza alla comunit\u00e0 nazionale, l\u2019Italia \u00e8 riuscita a superare ostacoli che sembravano insormontabili.<\/span><\/span><br><br><img loading=\"lazy\" decoding=\"async\" class=\"alignnone wp-image-15308 size-full\" src=\"https:\/\/www.scuola.cl\/sivm\/wp-content\/uploads\/2021\/04\/25-aprile-1.png\" alt=\"\" width=\"497\" height=\"184\" srcset=\"https:\/\/www.scuola.cl\/sivm\/wp-content\/uploads\/2021\/04\/25-aprile-1.png 497w, https:\/\/www.scuola.cl\/sivm\/wp-content\/uploads\/2021\/04\/25-aprile-1-250x93.png 250w, https:\/\/www.scuola.cl\/sivm\/wp-content\/uploads\/2021\/04\/25-aprile-1-120x44.png 120w\" sizes=\"auto, (max-width: 497px) 100vw, 497px\" \/><\/p>\n<p><img loading=\"lazy\" decoding=\"async\" class=\"alignnone wp-image-15309 size-full\" src=\"https:\/\/www.scuola.cl\/sivm\/wp-content\/uploads\/2021\/04\/25-aprile-2.png\" alt=\"\" width=\"649\" height=\"396\" srcset=\"https:\/\/www.scuola.cl\/sivm\/wp-content\/uploads\/2021\/04\/25-aprile-2.png 649w, https:\/\/www.scuola.cl\/sivm\/wp-content\/uploads\/2021\/04\/25-aprile-2-250x153.png 250w, https:\/\/www.scuola.cl\/sivm\/wp-content\/uploads\/2021\/04\/25-aprile-2-120x73.png 120w\" sizes=\"auto, (max-width: 649px) 100vw, 649px\" \/><\/p>\n<p><strong>Da vedere:<\/strong><\/p>\n<p>&nbsp;<\/p>\n<p>25 APRILE ANNIVERSARIO DELLA LIBERAZIONE D\u2019ITALIA<\/p>\n<p><u><a href=\"https:\/\/www.youtube.com\/watch?v=RYDXmHjpGOE&amp;t=179s\">https:\/\/www.youtube.com\/watch?v=RYDXmHjpGOE&amp;t=179s<\/a><\/u><\/p>\n<p>&nbsp;<\/p>\n<p>1943 1945 la mappa della Liberazione<\/p>\n<p><u><a href=\"https:\/\/www.youtube.com\/watch?v=4Xu_T2TGrnY\">https:\/\/www.youtube.com\/watch?v=4Xu_T2TGrnY<\/a><\/u><\/p>\n<p>&nbsp;<\/p>\n<p>Alessandro Barbero &nbsp; Perch\u00e9 ancora il 25 Aprile &nbsp;(Torino, 25 Aprile 2020)<\/p>\n<p><u><a href=\"https:\/\/www.youtube.com\/watch?v=DuolTI3CsYc\">https:\/\/www.youtube.com\/watch?v=DuolTI3CsYc<\/a><\/u><\/p>\n<p>&nbsp;<\/p>\n<p>Il 25 aprile festeggiamo la liberazione dell&#8217;Italia<\/p>\n<p><a href=\"https:\/\/www.youtube.com\/watch?v=usDdQ9VhQZU\">https:\/\/www.youtube.com\/watch?v=usDdQ9VhQZU<\/a><\/p>\n<p>&nbsp;<\/p>\n<p>Quando arrivarono gli americani\u00bb, la Liberazione raccontata dai bambini di 76 anni fa<\/p>\n<p><a href=\"https:\/\/www.youtube.com\/watch?v=fBRgLAcqNE0\">https:\/\/www.youtube.com\/watch?v=fBRgLAcqNE0<\/a><\/p>\n<p><img loading=\"lazy\" decoding=\"async\" class=\"alignnone wp-image-15310 size-full\" src=\"https:\/\/www.scuola.cl\/sivm\/wp-content\/uploads\/2021\/04\/25-aprile-3.png\" alt=\"\" width=\"849\" height=\"378\" srcset=\"https:\/\/www.scuola.cl\/sivm\/wp-content\/uploads\/2021\/04\/25-aprile-3.png 849w, https:\/\/www.scuola.cl\/sivm\/wp-content\/uploads\/2021\/04\/25-aprile-3-250x111.png 250w, https:\/\/www.scuola.cl\/sivm\/wp-content\/uploads\/2021\/04\/25-aprile-3-700x312.png 700w, https:\/\/www.scuola.cl\/sivm\/wp-content\/uploads\/2021\/04\/25-aprile-3-768x342.png 768w, https:\/\/www.scuola.cl\/sivm\/wp-content\/uploads\/2021\/04\/25-aprile-3-120x53.png 120w\" sizes=\"auto, (max-width: 849px) 100vw, 849px\" \/><\/p>\n<p>Prof Claudio Martini Mercandino<\/p>\n<p>Dipartimento di storia, filosofia e religione<\/p>\n","protected":false},"excerpt":{"rendered":"E&#8217; un 25 aprile diverso, sotto il segno della pandemia del Coronavirus. Il 25 aprile \u00e8 una delle giornate pi\u00f9 significative della Repubblica italiana: la festa della Liberazione, che quest&#8217;anno raggiunge il 76esimo anniversario. ","protected":false},"author":2,"featured_media":15304,"comment_status":"closed","ping_status":"closed","sticky":false,"template":"","format":"standard","meta":{"_acf_changed":false,"footnotes":""},"categories":[22,5,24],"tags":[],"class_list":["post-15302","post","type-post","status-publish","format-standard","has-post-thumbnail","hentry","category-cultura","category-noticias","category-scuola"],"acf":[],"yoast_head":"<!-- This site is optimized with the Yoast SEO plugin v27.1.1 - https:\/\/yoast.com\/product\/yoast-seo-wordpress\/ -->\n<title>Buon 25 aprile! - Scuola Italiana<\/title>\n<meta name=\"robots\" content=\"index, follow, max-snippet:-1, max-image-preview:large, max-video-preview:-1\" \/>\n<link rel=\"canonical\" href=\"https:\/\/www.scuola.cl\/sivm\/buon-25-aprile\/\" \/>\n<meta property=\"og:locale\" content=\"es_ES\" \/>\n<meta property=\"og:type\" content=\"article\" \/>\n<meta property=\"og:title\" content=\"Buon 25 aprile! - Scuola Italiana\" \/>\n<meta property=\"og:description\" content=\"E&#039; un 25 aprile diverso, sotto il segno della pandemia del Coronavirus. Il 25 aprile \u00e8 una delle giornate pi\u00f9 significative della Repubblica italiana: la festa della Liberazione, che quest&#039;anno raggiunge il 76esimo anniversario.\" \/>\n<meta property=\"og:url\" content=\"https:\/\/www.scuola.cl\/sivm\/buon-25-aprile\/\" \/>\n<meta property=\"og:site_name\" content=\"Scuola Italiana\" \/>\n<meta property=\"article:published_time\" content=\"2021-04-24T03:14:00+00:00\" \/>\n<meta property=\"article:modified_time\" content=\"2021-04-25T03:35:55+00:00\" \/>\n<meta property=\"og:image\" content=\"https:\/\/www.scuola.cl\/sivm\/wp-content\/uploads\/2021\/04\/25-aprile-web.jpg\" \/>\n\t<meta property=\"og:image:width\" content=\"900\" \/>\n\t<meta property=\"og:image:height\" content=\"610\" \/>\n\t<meta property=\"og:image:type\" content=\"image\/jpeg\" \/>\n<meta name=\"author\" content=\"Comunicaciones\" \/>\n<meta name=\"twitter:card\" content=\"summary_large_image\" \/>\n<meta name=\"twitter:label1\" content=\"Escrito por\" \/>\n\t<meta name=\"twitter:data1\" content=\"Comunicaciones\" \/>\n\t<meta name=\"twitter:label2\" content=\"Tiempo de lectura\" \/>\n\t<meta name=\"twitter:data2\" content=\"3 minutos\" \/>\n<script type=\"application\/ld+json\" class=\"yoast-schema-graph\">{\"@context\":\"https:\/\/schema.org\",\"@graph\":[{\"@type\":\"Article\",\"@id\":\"https:\/\/www.scuola.cl\/sivm\/buon-25-aprile\/#article\",\"isPartOf\":{\"@id\":\"https:\/\/www.scuola.cl\/sivm\/buon-25-aprile\/\"},\"author\":{\"name\":\"Comunicaciones\",\"@id\":\"https:\/\/www.scuola.cl\/sivm\/#\/schema\/person\/2ac68abc1b548ee6d8e16c4d3727d1b2\"},\"headline\":\"Buon 25 aprile!\",\"datePublished\":\"2021-04-24T03:14:00+00:00\",\"dateModified\":\"2021-04-25T03:35:55+00:00\",\"mainEntityOfPage\":{\"@id\":\"https:\/\/www.scuola.cl\/sivm\/buon-25-aprile\/\"},\"wordCount\":441,\"publisher\":{\"@id\":\"https:\/\/www.scuola.cl\/sivm\/#organization\"},\"image\":{\"@id\":\"https:\/\/www.scuola.cl\/sivm\/buon-25-aprile\/#primaryimage\"},\"thumbnailUrl\":\"https:\/\/www.scuola.cl\/sivm\/wp-content\/uploads\/2021\/04\/25-aprile-web.jpg\",\"articleSection\":[\"Cultura\",\"Noticias\",\"Scuola\"],\"inLanguage\":\"es\"},{\"@type\":\"WebPage\",\"@id\":\"https:\/\/www.scuola.cl\/sivm\/buon-25-aprile\/\",\"url\":\"https:\/\/www.scuola.cl\/sivm\/buon-25-aprile\/\",\"name\":\"Buon 25 aprile! - Scuola Italiana\",\"isPartOf\":{\"@id\":\"https:\/\/www.scuola.cl\/sivm\/#website\"},\"primaryImageOfPage\":{\"@id\":\"https:\/\/www.scuola.cl\/sivm\/buon-25-aprile\/#primaryimage\"},\"image\":{\"@id\":\"https:\/\/www.scuola.cl\/sivm\/buon-25-aprile\/#primaryimage\"},\"thumbnailUrl\":\"https:\/\/www.scuola.cl\/sivm\/wp-content\/uploads\/2021\/04\/25-aprile-web.jpg\",\"datePublished\":\"2021-04-24T03:14:00+00:00\",\"dateModified\":\"2021-04-25T03:35:55+00:00\",\"breadcrumb\":{\"@id\":\"https:\/\/www.scuola.cl\/sivm\/buon-25-aprile\/#breadcrumb\"},\"inLanguage\":\"es\",\"potentialAction\":[{\"@type\":\"ReadAction\",\"target\":[\"https:\/\/www.scuola.cl\/sivm\/buon-25-aprile\/\"]}]},{\"@type\":\"ImageObject\",\"inLanguage\":\"es\",\"@id\":\"https:\/\/www.scuola.cl\/sivm\/buon-25-aprile\/#primaryimage\",\"url\":\"https:\/\/www.scuola.cl\/sivm\/wp-content\/uploads\/2021\/04\/25-aprile-web.jpg\",\"contentUrl\":\"https:\/\/www.scuola.cl\/sivm\/wp-content\/uploads\/2021\/04\/25-aprile-web.jpg\",\"width\":900,\"height\":610},{\"@type\":\"BreadcrumbList\",\"@id\":\"https:\/\/www.scuola.cl\/sivm\/buon-25-aprile\/#breadcrumb\",\"itemListElement\":[{\"@type\":\"ListItem\",\"position\":1,\"name\":\"Inicio\",\"item\":\"https:\/\/www.scuola.cl\/sivm\/\"},{\"@type\":\"ListItem\",\"position\":2,\"name\":\"Noticias\",\"item\":\"https:\/\/www.scuola.cl\/sivm\/category\/noticias\/\"},{\"@type\":\"ListItem\",\"position\":3,\"name\":\"Buon 25 aprile!\"}]},{\"@type\":\"WebSite\",\"@id\":\"https:\/\/www.scuola.cl\/sivm\/#website\",\"url\":\"https:\/\/www.scuola.cl\/sivm\/\",\"name\":\"Scuola Italiana\",\"description\":\"Vittorio Montiglio\",\"publisher\":{\"@id\":\"https:\/\/www.scuola.cl\/sivm\/#organization\"},\"potentialAction\":[{\"@type\":\"SearchAction\",\"target\":{\"@type\":\"EntryPoint\",\"urlTemplate\":\"https:\/\/www.scuola.cl\/sivm\/?s={search_term_string}\"},\"query-input\":{\"@type\":\"PropertyValueSpecification\",\"valueRequired\":true,\"valueName\":\"search_term_string\"}}],\"inLanguage\":\"es\"},{\"@type\":\"Organization\",\"@id\":\"https:\/\/www.scuola.cl\/sivm\/#organization\",\"name\":\"Scuola Italiana Vittorio Montiglio\",\"url\":\"https:\/\/www.scuola.cl\/sivm\/\",\"logo\":{\"@type\":\"ImageObject\",\"inLanguage\":\"es\",\"@id\":\"https:\/\/www.scuola.cl\/sivm\/#\/schema\/logo\/image\/\",\"url\":\"https:\/\/www.scuola.cl\/sivm\/wp-content\/uploads\/2019\/06\/Logo_Scuola-01-001-1000x1000.png\",\"contentUrl\":\"https:\/\/www.scuola.cl\/sivm\/wp-content\/uploads\/2019\/06\/Logo_Scuola-01-001-1000x1000.png\",\"width\":1000,\"height\":1000,\"caption\":\"Scuola Italiana Vittorio Montiglio\"},\"image\":{\"@id\":\"https:\/\/www.scuola.cl\/sivm\/#\/schema\/logo\/image\/\"}},{\"@type\":\"Person\",\"@id\":\"https:\/\/www.scuola.cl\/sivm\/#\/schema\/person\/2ac68abc1b548ee6d8e16c4d3727d1b2\",\"name\":\"Comunicaciones\",\"image\":{\"@type\":\"ImageObject\",\"inLanguage\":\"es\",\"@id\":\"https:\/\/www.scuola.cl\/sivm\/#\/schema\/person\/image\/\",\"url\":\"https:\/\/secure.gravatar.com\/avatar\/0b29fd7cdce1ec9939eded19ce85d6ed73acf03fb52d098b0641aed356fe6aeb?s=96&d=mm&r=g\",\"contentUrl\":\"https:\/\/secure.gravatar.com\/avatar\/0b29fd7cdce1ec9939eded19ce85d6ed73acf03fb52d098b0641aed356fe6aeb?s=96&d=mm&r=g\",\"caption\":\"Comunicaciones\"},\"url\":\"https:\/\/www.scuola.cl\/sivm\/author\/comunicaciones-scuola\/\"}]}<\/script>\n<!-- \/ Yoast SEO plugin. -->","yoast_head_json":{"title":"Buon 25 aprile! - Scuola Italiana","robots":{"index":"index","follow":"follow","max-snippet":"max-snippet:-1","max-image-preview":"max-image-preview:large","max-video-preview":"max-video-preview:-1"},"canonical":"https:\/\/www.scuola.cl\/sivm\/buon-25-aprile\/","og_locale":"es_ES","og_type":"article","og_title":"Buon 25 aprile! - Scuola Italiana","og_description":"E' un 25 aprile diverso, sotto il segno della pandemia del Coronavirus. Il 25 aprile \u00e8 una delle giornate pi\u00f9 significative della Repubblica italiana: la festa della Liberazione, che quest'anno raggiunge il 76esimo anniversario.","og_url":"https:\/\/www.scuola.cl\/sivm\/buon-25-aprile\/","og_site_name":"Scuola Italiana","article_published_time":"2021-04-24T03:14:00+00:00","article_modified_time":"2021-04-25T03:35:55+00:00","og_image":[{"width":900,"height":610,"url":"https:\/\/www.scuola.cl\/sivm\/wp-content\/uploads\/2021\/04\/25-aprile-web.jpg","type":"image\/jpeg"}],"author":"Comunicaciones","twitter_card":"summary_large_image","twitter_misc":{"Escrito por":"Comunicaciones","Tiempo de lectura":"3 minutos"},"schema":{"@context":"https:\/\/schema.org","@graph":[{"@type":"Article","@id":"https:\/\/www.scuola.cl\/sivm\/buon-25-aprile\/#article","isPartOf":{"@id":"https:\/\/www.scuola.cl\/sivm\/buon-25-aprile\/"},"author":{"name":"Comunicaciones","@id":"https:\/\/www.scuola.cl\/sivm\/#\/schema\/person\/2ac68abc1b548ee6d8e16c4d3727d1b2"},"headline":"Buon 25 aprile!","datePublished":"2021-04-24T03:14:00+00:00","dateModified":"2021-04-25T03:35:55+00:00","mainEntityOfPage":{"@id":"https:\/\/www.scuola.cl\/sivm\/buon-25-aprile\/"},"wordCount":441,"publisher":{"@id":"https:\/\/www.scuola.cl\/sivm\/#organization"},"image":{"@id":"https:\/\/www.scuola.cl\/sivm\/buon-25-aprile\/#primaryimage"},"thumbnailUrl":"https:\/\/www.scuola.cl\/sivm\/wp-content\/uploads\/2021\/04\/25-aprile-web.jpg","articleSection":["Cultura","Noticias","Scuola"],"inLanguage":"es"},{"@type":"WebPage","@id":"https:\/\/www.scuola.cl\/sivm\/buon-25-aprile\/","url":"https:\/\/www.scuola.cl\/sivm\/buon-25-aprile\/","name":"Buon 25 aprile! - Scuola Italiana","isPartOf":{"@id":"https:\/\/www.scuola.cl\/sivm\/#website"},"primaryImageOfPage":{"@id":"https:\/\/www.scuola.cl\/sivm\/buon-25-aprile\/#primaryimage"},"image":{"@id":"https:\/\/www.scuola.cl\/sivm\/buon-25-aprile\/#primaryimage"},"thumbnailUrl":"https:\/\/www.scuola.cl\/sivm\/wp-content\/uploads\/2021\/04\/25-aprile-web.jpg","datePublished":"2021-04-24T03:14:00+00:00","dateModified":"2021-04-25T03:35:55+00:00","breadcrumb":{"@id":"https:\/\/www.scuola.cl\/sivm\/buon-25-aprile\/#breadcrumb"},"inLanguage":"es","potentialAction":[{"@type":"ReadAction","target":["https:\/\/www.scuola.cl\/sivm\/buon-25-aprile\/"]}]},{"@type":"ImageObject","inLanguage":"es","@id":"https:\/\/www.scuola.cl\/sivm\/buon-25-aprile\/#primaryimage","url":"https:\/\/www.scuola.cl\/sivm\/wp-content\/uploads\/2021\/04\/25-aprile-web.jpg","contentUrl":"https:\/\/www.scuola.cl\/sivm\/wp-content\/uploads\/2021\/04\/25-aprile-web.jpg","width":900,"height":610},{"@type":"BreadcrumbList","@id":"https:\/\/www.scuola.cl\/sivm\/buon-25-aprile\/#breadcrumb","itemListElement":[{"@type":"ListItem","position":1,"name":"Inicio","item":"https:\/\/www.scuola.cl\/sivm\/"},{"@type":"ListItem","position":2,"name":"Noticias","item":"https:\/\/www.scuola.cl\/sivm\/category\/noticias\/"},{"@type":"ListItem","position":3,"name":"Buon 25 aprile!"}]},{"@type":"WebSite","@id":"https:\/\/www.scuola.cl\/sivm\/#website","url":"https:\/\/www.scuola.cl\/sivm\/","name":"Scuola Italiana","description":"Vittorio Montiglio","publisher":{"@id":"https:\/\/www.scuola.cl\/sivm\/#organization"},"potentialAction":[{"@type":"SearchAction","target":{"@type":"EntryPoint","urlTemplate":"https:\/\/www.scuola.cl\/sivm\/?s={search_term_string}"},"query-input":{"@type":"PropertyValueSpecification","valueRequired":true,"valueName":"search_term_string"}}],"inLanguage":"es"},{"@type":"Organization","@id":"https:\/\/www.scuola.cl\/sivm\/#organization","name":"Scuola Italiana Vittorio Montiglio","url":"https:\/\/www.scuola.cl\/sivm\/","logo":{"@type":"ImageObject","inLanguage":"es","@id":"https:\/\/www.scuola.cl\/sivm\/#\/schema\/logo\/image\/","url":"https:\/\/www.scuola.cl\/sivm\/wp-content\/uploads\/2019\/06\/Logo_Scuola-01-001-1000x1000.png","contentUrl":"https:\/\/www.scuola.cl\/sivm\/wp-content\/uploads\/2019\/06\/Logo_Scuola-01-001-1000x1000.png","width":1000,"height":1000,"caption":"Scuola Italiana Vittorio Montiglio"},"image":{"@id":"https:\/\/www.scuola.cl\/sivm\/#\/schema\/logo\/image\/"}},{"@type":"Person","@id":"https:\/\/www.scuola.cl\/sivm\/#\/schema\/person\/2ac68abc1b548ee6d8e16c4d3727d1b2","name":"Comunicaciones","image":{"@type":"ImageObject","inLanguage":"es","@id":"https:\/\/www.scuola.cl\/sivm\/#\/schema\/person\/image\/","url":"https:\/\/secure.gravatar.com\/avatar\/0b29fd7cdce1ec9939eded19ce85d6ed73acf03fb52d098b0641aed356fe6aeb?s=96&d=mm&r=g","contentUrl":"https:\/\/secure.gravatar.com\/avatar\/0b29fd7cdce1ec9939eded19ce85d6ed73acf03fb52d098b0641aed356fe6aeb?s=96&d=mm&r=g","caption":"Comunicaciones"},"url":"https:\/\/www.scuola.cl\/sivm\/author\/comunicaciones-scuola\/"}]}},"_links":{"self":[{"href":"https:\/\/www.scuola.cl\/sivm\/wp-json\/wp\/v2\/posts\/15302","targetHints":{"allow":["GET"]}}],"collection":[{"href":"https:\/\/www.scuola.cl\/sivm\/wp-json\/wp\/v2\/posts"}],"about":[{"href":"https:\/\/www.scuola.cl\/sivm\/wp-json\/wp\/v2\/types\/post"}],"author":[{"embeddable":true,"href":"https:\/\/www.scuola.cl\/sivm\/wp-json\/wp\/v2\/users\/2"}],"replies":[{"embeddable":true,"href":"https:\/\/www.scuola.cl\/sivm\/wp-json\/wp\/v2\/comments?post=15302"}],"version-history":[{"count":11,"href":"https:\/\/www.scuola.cl\/sivm\/wp-json\/wp\/v2\/posts\/15302\/revisions"}],"predecessor-version":[{"id":15321,"href":"https:\/\/www.scuola.cl\/sivm\/wp-json\/wp\/v2\/posts\/15302\/revisions\/15321"}],"wp:featuredmedia":[{"embeddable":true,"href":"https:\/\/www.scuola.cl\/sivm\/wp-json\/wp\/v2\/media\/15304"}],"wp:attachment":[{"href":"https:\/\/www.scuola.cl\/sivm\/wp-json\/wp\/v2\/media?parent=15302"}],"wp:term":[{"taxonomy":"category","embeddable":true,"href":"https:\/\/www.scuola.cl\/sivm\/wp-json\/wp\/v2\/categories?post=15302"},{"taxonomy":"post_tag","embeddable":true,"href":"https:\/\/www.scuola.cl\/sivm\/wp-json\/wp\/v2\/tags?post=15302"}],"curies":[{"name":"wp","href":"https:\/\/api.w.org\/{rel}","templated":true}]}}