{"id":1408,"date":"2016-08-22T09:27:49","date_gmt":"2016-08-22T12:27:49","guid":{"rendered":"http:\/\/www.scuola.cl\/sivm\/?p=1408"},"modified":"2016-11-16T09:35:06","modified_gmt":"2016-11-16T12:35:06","slug":"olimpiadi-nazionali-di-matematica","status":"publish","type":"post","link":"https:\/\/www.scuola.cl\/sivm\/olimpiadi-nazionali-di-matematica\/","title":{"rendered":"Olimpiadi Nazionali di Matematica"},"content":{"rendered":"<p>Siamo finalmente arrivati ad uno dei momenti importanti per il dipartimento di Matematica e Fisica ma soprattutto per i nostri alunni ed alunne che amano mettersi alla prova con la matematica o almeno noi pensiamo e speriamo che sia cos\u00ec. Questo momento sono le Olimpiadi Nazionali di Matematica per le quali questo sabato 20 di agosto un gruppo di 10 alunni ed alunne della nostra scuola si \u00e9 riunito nel Campus San Joaquin della Pontificia Un<span class=\"text_exposed_show\">iversidad Cat\u00f3lica de Chile. <\/span><\/p>\n<p>&nbsp;<\/p>\n<p><span class=\"text_exposed_show\"><br \/>\nCarla Rivera e Daniel Heimlich I medio A, Guillermo Torrealba I medio C, Vicente Acevedo III medio B, Nicol\u00e1s Pisani IV medio A, Paolo Comunian, Crist\u00f3bal Fierro IV medio B, Santiago Arriazu, Fabio Ch\u00e1vez e Hans Hartmann IV medio C hanno trascorso il loro sabato pomeriggio, dalle 14:00 alle 17:00, cercando ed inventando strategie per risolvere problemi che sono abbastanza diversi da quelli che si risolvono abitualmente a scuola e per i quali i nostri alunni hanno dovuto attingere a tutte le loro risorse.<\/span><\/p>\n<p>&nbsp;<\/p>\n<p><span class=\"text_exposed_show\"><br \/>\nIl dipartimento di Matematica e Fisica ringrazia la loro partecipazione e ringrazia anche quegli alunni che avrebbero voluto partecipare ma a causa del numero limitato di posti non hanno potuto, dicendogli non vi preoccupate arriver\u00e1 anche il vostro momento.<\/span><\/p>\n<p>&nbsp;<\/p>\n<p><span class=\"text_exposed_show\"><br \/>\nGrazie anche ai genitori che hanno cambiato i programmi del loro fine settimana per permettere ai nostri alunnni ed alunne di partecipare, in particolare i genitori dei ragazzi di I medio che li hanno accompagnati, Un grazie particolare alla mamma di Daniele e al pap\u00e1 di Carla che sono rimasti ad aspettare fino alla fine della prova e che per questo mi sono stati di grande aiuto anche a me che ho accompagnato i nostri ragazzi e ragazze in questa impresa.<\/span><\/p>\n<p>&nbsp;<\/p>\n<p>&nbsp;<\/p>\n<div class=\"text_exposed_show\">\n<p>Insomma grazie a tutti, ma ancora grazie ai nostri ragazzi e ragazze della Scuola Italiana con questa passione per la matematica che spero non li abbandoni mai!!!<\/p>\n<\/div>\n<p>&nbsp;<\/p>\n<div class=\"text_exposed_show\">\n<p>Un abbraccio grande<br \/>\nLa professoressa Michela E tutto il Dipartimento di Matematica e Fisica<\/p>\n<p><img loading=\"lazy\" decoding=\"async\" width=\"700\" height=\"474\" class=\"alignnone size-large wp-image-1409\" src=\"http:\/\/www.scuola.cl\/sivm\/wp-content\/uploads\/2016\/11\/Olimpiadi_Matematica-700x474.jpg\" alt=\"olimpiadi_matematica\" srcset=\"https:\/\/www.scuola.cl\/sivm\/wp-content\/uploads\/2016\/11\/Olimpiadi_Matematica-700x474.jpg 700w, https:\/\/www.scuola.cl\/sivm\/wp-content\/uploads\/2016\/11\/Olimpiadi_Matematica-250x169.jpg 250w, https:\/\/www.scuola.cl\/sivm\/wp-content\/uploads\/2016\/11\/Olimpiadi_Matematica-768x521.jpg 768w, https:\/\/www.scuola.cl\/sivm\/wp-content\/uploads\/2016\/11\/Olimpiadi_Matematica-120x81.jpg 120w, https:\/\/www.scuola.cl\/sivm\/wp-content\/uploads\/2016\/11\/Olimpiadi_Matematica.jpg 900w\" sizes=\"auto, (max-width: 700px) 100vw, 700px\" \/><\/p>\n<\/div>\n","protected":false},"excerpt":{"rendered":"Siamo finalmente arrivati ad uno dei momenti importanti per il dipartimento di Matematica e Fisica ma soprattutto per i nostri alunni ed alunne che amano mettersi alla prova con la matematica.","protected":false},"author":2,"featured_media":1409,"comment_status":"open","ping_status":"open","sticky":false,"template":"","format":"standard","meta":{"_acf_changed":false,"footnotes":""},"categories":[5,24],"tags":[],"class_list":["post-1408","post","type-post","status-publish","format-standard","has-post-thumbnail","hentry","category-noticias","category-scuola"],"acf":[],"yoast_head":"<!-- This site is optimized with the Yoast SEO plugin v27.1.1 - https:\/\/yoast.com\/product\/yoast-seo-wordpress\/ -->\n<title>Olimpiadi Nazionali di Matematica - Scuola Italiana<\/title>\n<meta name=\"robots\" content=\"index, follow, max-snippet:-1, max-image-preview:large, max-video-preview:-1\" \/>\n<link rel=\"canonical\" href=\"https:\/\/www.scuola.cl\/sivm\/olimpiadi-nazionali-di-matematica\/\" \/>\n<meta property=\"og:locale\" content=\"es_ES\" \/>\n<meta property=\"og:type\" content=\"article\" \/>\n<meta property=\"og:title\" content=\"Olimpiadi Nazionali di Matematica - Scuola Italiana\" \/>\n<meta property=\"og:description\" content=\"Siamo finalmente arrivati ad uno dei momenti importanti per il dipartimento di Matematica e Fisica ma soprattutto per i nostri alunni ed alunne che amano mettersi alla prova con la matematica.\" \/>\n<meta property=\"og:url\" content=\"https:\/\/www.scuola.cl\/sivm\/olimpiadi-nazionali-di-matematica\/\" \/>\n<meta property=\"og:site_name\" content=\"Scuola Italiana\" \/>\n<meta property=\"article:published_time\" content=\"2016-08-22T12:27:49+00:00\" \/>\n<meta property=\"article:modified_time\" content=\"2016-11-16T12:35:06+00:00\" \/>\n<meta property=\"og:image\" content=\"https:\/\/www.scuola.cl\/sivm\/wp-content\/uploads\/2016\/11\/Olimpiadi_Matematica.jpg\" \/>\n\t<meta property=\"og:image:width\" content=\"900\" \/>\n\t<meta property=\"og:image:height\" content=\"610\" \/>\n\t<meta property=\"og:image:type\" content=\"image\/jpeg\" \/>\n<meta name=\"author\" content=\"Comunicaciones\" \/>\n<meta name=\"twitter:card\" content=\"summary_large_image\" \/>\n<meta name=\"twitter:label1\" content=\"Escrito por\" \/>\n\t<meta name=\"twitter:data1\" content=\"Comunicaciones\" \/>\n\t<meta name=\"twitter:label2\" content=\"Tiempo de lectura\" \/>\n\t<meta name=\"twitter:data2\" content=\"2 minutos\" \/>\n<script type=\"application\/ld+json\" class=\"yoast-schema-graph\">{\"@context\":\"https:\/\/schema.org\",\"@graph\":[{\"@type\":\"Article\",\"@id\":\"https:\/\/www.scuola.cl\/sivm\/olimpiadi-nazionali-di-matematica\/#article\",\"isPartOf\":{\"@id\":\"https:\/\/www.scuola.cl\/sivm\/olimpiadi-nazionali-di-matematica\/\"},\"author\":{\"name\":\"Comunicaciones\",\"@id\":\"https:\/\/www.scuola.cl\/sivm\/#\/schema\/person\/2ac68abc1b548ee6d8e16c4d3727d1b2\"},\"headline\":\"Olimpiadi Nazionali di Matematica\",\"datePublished\":\"2016-08-22T12:27:49+00:00\",\"dateModified\":\"2016-11-16T12:35:06+00:00\",\"mainEntityOfPage\":{\"@id\":\"https:\/\/www.scuola.cl\/sivm\/olimpiadi-nazionali-di-matematica\/\"},\"wordCount\":333,\"commentCount\":0,\"publisher\":{\"@id\":\"https:\/\/www.scuola.cl\/sivm\/#organization\"},\"image\":{\"@id\":\"https:\/\/www.scuola.cl\/sivm\/olimpiadi-nazionali-di-matematica\/#primaryimage\"},\"thumbnailUrl\":\"https:\/\/www.scuola.cl\/sivm\/wp-content\/uploads\/2016\/11\/Olimpiadi_Matematica.jpg\",\"articleSection\":[\"Noticias\",\"Scuola\"],\"inLanguage\":\"es\",\"potentialAction\":[{\"@type\":\"CommentAction\",\"name\":\"Comment\",\"target\":[\"https:\/\/www.scuola.cl\/sivm\/olimpiadi-nazionali-di-matematica\/#respond\"]}]},{\"@type\":\"WebPage\",\"@id\":\"https:\/\/www.scuola.cl\/sivm\/olimpiadi-nazionali-di-matematica\/\",\"url\":\"https:\/\/www.scuola.cl\/sivm\/olimpiadi-nazionali-di-matematica\/\",\"name\":\"Olimpiadi Nazionali di Matematica - Scuola Italiana\",\"isPartOf\":{\"@id\":\"https:\/\/www.scuola.cl\/sivm\/#website\"},\"primaryImageOfPage\":{\"@id\":\"https:\/\/www.scuola.cl\/sivm\/olimpiadi-nazionali-di-matematica\/#primaryimage\"},\"image\":{\"@id\":\"https:\/\/www.scuola.cl\/sivm\/olimpiadi-nazionali-di-matematica\/#primaryimage\"},\"thumbnailUrl\":\"https:\/\/www.scuola.cl\/sivm\/wp-content\/uploads\/2016\/11\/Olimpiadi_Matematica.jpg\",\"datePublished\":\"2016-08-22T12:27:49+00:00\",\"dateModified\":\"2016-11-16T12:35:06+00:00\",\"breadcrumb\":{\"@id\":\"https:\/\/www.scuola.cl\/sivm\/olimpiadi-nazionali-di-matematica\/#breadcrumb\"},\"inLanguage\":\"es\",\"potentialAction\":[{\"@type\":\"ReadAction\",\"target\":[\"https:\/\/www.scuola.cl\/sivm\/olimpiadi-nazionali-di-matematica\/\"]}]},{\"@type\":\"ImageObject\",\"inLanguage\":\"es\",\"@id\":\"https:\/\/www.scuola.cl\/sivm\/olimpiadi-nazionali-di-matematica\/#primaryimage\",\"url\":\"https:\/\/www.scuola.cl\/sivm\/wp-content\/uploads\/2016\/11\/Olimpiadi_Matematica.jpg\",\"contentUrl\":\"https:\/\/www.scuola.cl\/sivm\/wp-content\/uploads\/2016\/11\/Olimpiadi_Matematica.jpg\",\"width\":900,\"height\":610},{\"@type\":\"BreadcrumbList\",\"@id\":\"https:\/\/www.scuola.cl\/sivm\/olimpiadi-nazionali-di-matematica\/#breadcrumb\",\"itemListElement\":[{\"@type\":\"ListItem\",\"position\":1,\"name\":\"Inicio\",\"item\":\"https:\/\/www.scuola.cl\/sivm\/\"},{\"@type\":\"ListItem\",\"position\":2,\"name\":\"Noticias\",\"item\":\"https:\/\/www.scuola.cl\/sivm\/category\/noticias\/\"},{\"@type\":\"ListItem\",\"position\":3,\"name\":\"Olimpiadi Nazionali di Matematica\"}]},{\"@type\":\"WebSite\",\"@id\":\"https:\/\/www.scuola.cl\/sivm\/#website\",\"url\":\"https:\/\/www.scuola.cl\/sivm\/\",\"name\":\"Scuola Italiana\",\"description\":\"Vittorio Montiglio\",\"publisher\":{\"@id\":\"https:\/\/www.scuola.cl\/sivm\/#organization\"},\"potentialAction\":[{\"@type\":\"SearchAction\",\"target\":{\"@type\":\"EntryPoint\",\"urlTemplate\":\"https:\/\/www.scuola.cl\/sivm\/?s={search_term_string}\"},\"query-input\":{\"@type\":\"PropertyValueSpecification\",\"valueRequired\":true,\"valueName\":\"search_term_string\"}}],\"inLanguage\":\"es\"},{\"@type\":\"Organization\",\"@id\":\"https:\/\/www.scuola.cl\/sivm\/#organization\",\"name\":\"Scuola Italiana Vittorio Montiglio\",\"url\":\"https:\/\/www.scuola.cl\/sivm\/\",\"logo\":{\"@type\":\"ImageObject\",\"inLanguage\":\"es\",\"@id\":\"https:\/\/www.scuola.cl\/sivm\/#\/schema\/logo\/image\/\",\"url\":\"https:\/\/www.scuola.cl\/sivm\/wp-content\/uploads\/2019\/06\/Logo_Scuola-01-001-1000x1000.png\",\"contentUrl\":\"https:\/\/www.scuola.cl\/sivm\/wp-content\/uploads\/2019\/06\/Logo_Scuola-01-001-1000x1000.png\",\"width\":1000,\"height\":1000,\"caption\":\"Scuola Italiana Vittorio Montiglio\"},\"image\":{\"@id\":\"https:\/\/www.scuola.cl\/sivm\/#\/schema\/logo\/image\/\"}},{\"@type\":\"Person\",\"@id\":\"https:\/\/www.scuola.cl\/sivm\/#\/schema\/person\/2ac68abc1b548ee6d8e16c4d3727d1b2\",\"name\":\"Comunicaciones\",\"image\":{\"@type\":\"ImageObject\",\"inLanguage\":\"es\",\"@id\":\"https:\/\/www.scuola.cl\/sivm\/#\/schema\/person\/image\/\",\"url\":\"https:\/\/secure.gravatar.com\/avatar\/0b29fd7cdce1ec9939eded19ce85d6ed73acf03fb52d098b0641aed356fe6aeb?s=96&d=mm&r=g\",\"contentUrl\":\"https:\/\/secure.gravatar.com\/avatar\/0b29fd7cdce1ec9939eded19ce85d6ed73acf03fb52d098b0641aed356fe6aeb?s=96&d=mm&r=g\",\"caption\":\"Comunicaciones\"},\"url\":\"https:\/\/www.scuola.cl\/sivm\/author\/comunicaciones-scuola\/\"}]}<\/script>\n<!-- \/ Yoast SEO plugin. -->","yoast_head_json":{"title":"Olimpiadi Nazionali di Matematica - Scuola Italiana","robots":{"index":"index","follow":"follow","max-snippet":"max-snippet:-1","max-image-preview":"max-image-preview:large","max-video-preview":"max-video-preview:-1"},"canonical":"https:\/\/www.scuola.cl\/sivm\/olimpiadi-nazionali-di-matematica\/","og_locale":"es_ES","og_type":"article","og_title":"Olimpiadi Nazionali di Matematica - Scuola Italiana","og_description":"Siamo finalmente arrivati ad uno dei momenti importanti per il dipartimento di Matematica e Fisica ma soprattutto per i nostri alunni ed alunne che amano mettersi alla prova con la matematica.","og_url":"https:\/\/www.scuola.cl\/sivm\/olimpiadi-nazionali-di-matematica\/","og_site_name":"Scuola Italiana","article_published_time":"2016-08-22T12:27:49+00:00","article_modified_time":"2016-11-16T12:35:06+00:00","og_image":[{"width":900,"height":610,"url":"https:\/\/www.scuola.cl\/sivm\/wp-content\/uploads\/2016\/11\/Olimpiadi_Matematica.jpg","type":"image\/jpeg"}],"author":"Comunicaciones","twitter_card":"summary_large_image","twitter_misc":{"Escrito por":"Comunicaciones","Tiempo de lectura":"2 minutos"},"schema":{"@context":"https:\/\/schema.org","@graph":[{"@type":"Article","@id":"https:\/\/www.scuola.cl\/sivm\/olimpiadi-nazionali-di-matematica\/#article","isPartOf":{"@id":"https:\/\/www.scuola.cl\/sivm\/olimpiadi-nazionali-di-matematica\/"},"author":{"name":"Comunicaciones","@id":"https:\/\/www.scuola.cl\/sivm\/#\/schema\/person\/2ac68abc1b548ee6d8e16c4d3727d1b2"},"headline":"Olimpiadi Nazionali di Matematica","datePublished":"2016-08-22T12:27:49+00:00","dateModified":"2016-11-16T12:35:06+00:00","mainEntityOfPage":{"@id":"https:\/\/www.scuola.cl\/sivm\/olimpiadi-nazionali-di-matematica\/"},"wordCount":333,"commentCount":0,"publisher":{"@id":"https:\/\/www.scuola.cl\/sivm\/#organization"},"image":{"@id":"https:\/\/www.scuola.cl\/sivm\/olimpiadi-nazionali-di-matematica\/#primaryimage"},"thumbnailUrl":"https:\/\/www.scuola.cl\/sivm\/wp-content\/uploads\/2016\/11\/Olimpiadi_Matematica.jpg","articleSection":["Noticias","Scuola"],"inLanguage":"es","potentialAction":[{"@type":"CommentAction","name":"Comment","target":["https:\/\/www.scuola.cl\/sivm\/olimpiadi-nazionali-di-matematica\/#respond"]}]},{"@type":"WebPage","@id":"https:\/\/www.scuola.cl\/sivm\/olimpiadi-nazionali-di-matematica\/","url":"https:\/\/www.scuola.cl\/sivm\/olimpiadi-nazionali-di-matematica\/","name":"Olimpiadi Nazionali di Matematica - Scuola Italiana","isPartOf":{"@id":"https:\/\/www.scuola.cl\/sivm\/#website"},"primaryImageOfPage":{"@id":"https:\/\/www.scuola.cl\/sivm\/olimpiadi-nazionali-di-matematica\/#primaryimage"},"image":{"@id":"https:\/\/www.scuola.cl\/sivm\/olimpiadi-nazionali-di-matematica\/#primaryimage"},"thumbnailUrl":"https:\/\/www.scuola.cl\/sivm\/wp-content\/uploads\/2016\/11\/Olimpiadi_Matematica.jpg","datePublished":"2016-08-22T12:27:49+00:00","dateModified":"2016-11-16T12:35:06+00:00","breadcrumb":{"@id":"https:\/\/www.scuola.cl\/sivm\/olimpiadi-nazionali-di-matematica\/#breadcrumb"},"inLanguage":"es","potentialAction":[{"@type":"ReadAction","target":["https:\/\/www.scuola.cl\/sivm\/olimpiadi-nazionali-di-matematica\/"]}]},{"@type":"ImageObject","inLanguage":"es","@id":"https:\/\/www.scuola.cl\/sivm\/olimpiadi-nazionali-di-matematica\/#primaryimage","url":"https:\/\/www.scuola.cl\/sivm\/wp-content\/uploads\/2016\/11\/Olimpiadi_Matematica.jpg","contentUrl":"https:\/\/www.scuola.cl\/sivm\/wp-content\/uploads\/2016\/11\/Olimpiadi_Matematica.jpg","width":900,"height":610},{"@type":"BreadcrumbList","@id":"https:\/\/www.scuola.cl\/sivm\/olimpiadi-nazionali-di-matematica\/#breadcrumb","itemListElement":[{"@type":"ListItem","position":1,"name":"Inicio","item":"https:\/\/www.scuola.cl\/sivm\/"},{"@type":"ListItem","position":2,"name":"Noticias","item":"https:\/\/www.scuola.cl\/sivm\/category\/noticias\/"},{"@type":"ListItem","position":3,"name":"Olimpiadi Nazionali di Matematica"}]},{"@type":"WebSite","@id":"https:\/\/www.scuola.cl\/sivm\/#website","url":"https:\/\/www.scuola.cl\/sivm\/","name":"Scuola Italiana","description":"Vittorio Montiglio","publisher":{"@id":"https:\/\/www.scuola.cl\/sivm\/#organization"},"potentialAction":[{"@type":"SearchAction","target":{"@type":"EntryPoint","urlTemplate":"https:\/\/www.scuola.cl\/sivm\/?s={search_term_string}"},"query-input":{"@type":"PropertyValueSpecification","valueRequired":true,"valueName":"search_term_string"}}],"inLanguage":"es"},{"@type":"Organization","@id":"https:\/\/www.scuola.cl\/sivm\/#organization","name":"Scuola Italiana Vittorio Montiglio","url":"https:\/\/www.scuola.cl\/sivm\/","logo":{"@type":"ImageObject","inLanguage":"es","@id":"https:\/\/www.scuola.cl\/sivm\/#\/schema\/logo\/image\/","url":"https:\/\/www.scuola.cl\/sivm\/wp-content\/uploads\/2019\/06\/Logo_Scuola-01-001-1000x1000.png","contentUrl":"https:\/\/www.scuola.cl\/sivm\/wp-content\/uploads\/2019\/06\/Logo_Scuola-01-001-1000x1000.png","width":1000,"height":1000,"caption":"Scuola Italiana Vittorio Montiglio"},"image":{"@id":"https:\/\/www.scuola.cl\/sivm\/#\/schema\/logo\/image\/"}},{"@type":"Person","@id":"https:\/\/www.scuola.cl\/sivm\/#\/schema\/person\/2ac68abc1b548ee6d8e16c4d3727d1b2","name":"Comunicaciones","image":{"@type":"ImageObject","inLanguage":"es","@id":"https:\/\/www.scuola.cl\/sivm\/#\/schema\/person\/image\/","url":"https:\/\/secure.gravatar.com\/avatar\/0b29fd7cdce1ec9939eded19ce85d6ed73acf03fb52d098b0641aed356fe6aeb?s=96&d=mm&r=g","contentUrl":"https:\/\/secure.gravatar.com\/avatar\/0b29fd7cdce1ec9939eded19ce85d6ed73acf03fb52d098b0641aed356fe6aeb?s=96&d=mm&r=g","caption":"Comunicaciones"},"url":"https:\/\/www.scuola.cl\/sivm\/author\/comunicaciones-scuola\/"}]}},"_links":{"self":[{"href":"https:\/\/www.scuola.cl\/sivm\/wp-json\/wp\/v2\/posts\/1408","targetHints":{"allow":["GET"]}}],"collection":[{"href":"https:\/\/www.scuola.cl\/sivm\/wp-json\/wp\/v2\/posts"}],"about":[{"href":"https:\/\/www.scuola.cl\/sivm\/wp-json\/wp\/v2\/types\/post"}],"author":[{"embeddable":true,"href":"https:\/\/www.scuola.cl\/sivm\/wp-json\/wp\/v2\/users\/2"}],"replies":[{"embeddable":true,"href":"https:\/\/www.scuola.cl\/sivm\/wp-json\/wp\/v2\/comments?post=1408"}],"version-history":[{"count":2,"href":"https:\/\/www.scuola.cl\/sivm\/wp-json\/wp\/v2\/posts\/1408\/revisions"}],"predecessor-version":[{"id":1411,"href":"https:\/\/www.scuola.cl\/sivm\/wp-json\/wp\/v2\/posts\/1408\/revisions\/1411"}],"wp:featuredmedia":[{"embeddable":true,"href":"https:\/\/www.scuola.cl\/sivm\/wp-json\/wp\/v2\/media\/1409"}],"wp:attachment":[{"href":"https:\/\/www.scuola.cl\/sivm\/wp-json\/wp\/v2\/media?parent=1408"}],"wp:term":[{"taxonomy":"category","embeddable":true,"href":"https:\/\/www.scuola.cl\/sivm\/wp-json\/wp\/v2\/categories?post=1408"},{"taxonomy":"post_tag","embeddable":true,"href":"https:\/\/www.scuola.cl\/sivm\/wp-json\/wp\/v2\/tags?post=1408"}],"curies":[{"name":"wp","href":"https:\/\/api.w.org\/{rel}","templated":true}]}}