{"id":14077,"date":"2020-11-14T22:01:00","date_gmt":"2020-11-15T01:01:00","guid":{"rendered":"https:\/\/www.scuola.cl\/sivm\/?p=14077"},"modified":"2020-12-04T18:49:24","modified_gmt":"2020-12-04T21:49:24","slug":"500-anni-di-magallanes","status":"publish","type":"post","link":"https:\/\/www.scuola.cl\/sivm\/500-anni-di-magallanes\/","title":{"rendered":"500 anni di Magallanes"},"content":{"rendered":"\n<p><strong>Por Depto de Historia, Ciencias Sociales, Filosof\u00eda y Religi\u00f3n<\/strong><\/p>\n<p>&nbsp;<\/p>\n<p><span style=\"font-weight: 400;\">Este a\u00f1o se conmemoran los 500 a\u00f1os de la llegada de la expedici\u00f3n del navegante Hernando de Magallanes al Estrecho que hoy llamamos con su nombre.&nbsp; Este viaje de exploraci\u00f3n, iniciado un a\u00f1o antes, ten\u00eda como objetivo buscar un paso natural que conectara los Oc\u00e9anos Atl\u00e1ntico y Pac\u00edfico.&nbsp; La llegada de Magallanes al Estrecho en 1520, hoy es un hito en nuestra historia no tan solo porque fue el primer contacto entre el europeo y selk\u2019nam, que habitaba en esa regi\u00f3n, sino tambi\u00e9n porque fue el primer avistamiento que hac\u00edan de nuestro Chile personas que ven\u00edan de otro continente.<\/span><\/p>\n<p>&nbsp;<\/p>\n<p><span style=\"font-weight: 400;\">Tanto para el mundo acad\u00e9mico, como para la comunidad en general, esta fecha ha favorecido una interesante y profunda reflexi\u00f3n puesto que, al igual que el viaje de Cristoforo Colombo en 1492, la consideramos fundamental pues representa uno de esos momentos que produjo grandes cambios.&nbsp; La llegada de la expedici\u00f3n de Magallanes al Estrecho, con el pasar del tiempo, ha pasado a ser parte de un proceso de resignificaci\u00f3n muy importante para presentar nuevos enfoques que resulten un aporte en el construir una historia que incorpore, cada vez, a m\u00e1s actores.<\/span><\/p>\n<p>&nbsp;<\/p>\n<p><span style=\"font-weight: 400;\">Como departamento de Historia, Ciencias Sociales, Filosof\u00eda y Religi\u00f3n, no quisimos dejar pasar la oportunidad de reflexionar respecto al significado de nuestros hitos hist\u00f3ricos y, especialmente, aportar con una mirada que sea un complemento desde nuestra disciplina.&nbsp;<\/span><\/p>\n<p>&nbsp;<\/p>\n<p><span style=\"font-weight: 400;\">Fue as\u00ed que, por una parte, primero trabajamos con los 7 b\u00e1sicos un \u00abdiario di Bordo\u00bb del viaje de la expedici\u00f3n de Magallanes, donde los y las estudiantes imaginaron que acompa\u00f1aban al navegante en esta fascinante y arriesgada aventura hasta su llegada al Estrecho. Y adem\u00e1s, como comunidad, decidimos que m\u00e1s que analizar el viaje de Magallanes en s\u00ed o los roles de Antonio Pigafetta o de Juan Sebasti\u00e1n Elcano en esta traves\u00eda que ya hab\u00edan hecho, preferimos invitarlos a poner su atenci\u00f3n en el espacio geogr\u00e1fico-cultural que significa en s\u00ed mismo este \u201cEstrecho de Magallanes\u201d. Para ello, elaboramos una peque\u00f1a c\u00e1psula en la cual han sido los propios magall\u00e1nicos y magall\u00e1nicas quienes nos han contado, seg\u00fan su memoria, qu\u00e9 significa el \u201cEstrecho\u201d en sus vidas, entendi\u00e9ndolo como un espacio geogr\u00e1fico-cultural que ha permitido conformar una identidad, con un gran sentido de pertenencia a la regi\u00f3n y su territorio, claro reflejo de la profunda significaci\u00f3n de este espacio geogr\u00e1fico.<\/span><\/p>\n<p>&nbsp;<\/p>\n<p><span style=\"font-weight: 400;\">Les dejamos a continuaci\u00f3n el fruto de este trabajo, esperando que sea un aporte a la formaci\u00f3n social-cultural de nuestra comunidad, y agradecemos a cada uno y una de las personas que nos brindaron su importante testimonio de nuestro \u201cEstrecho\u201d.<\/span><\/p>\n<p>&nbsp;<\/p>\n<h5><a href=\"https:\/\/drive.google.com\/file\/d\/1oFiWd5LB62pzGK58x22oFBMl89wWgvKu\/view?usp=sharing\" target=\"_blank\" rel=\"noopener noreferrer\">Ver video<\/a><\/h5>\n<p>&nbsp;<\/p>\n<p><a href=\"https:\/\/drive.google.com\/file\/d\/1oFiWd5LB62pzGK58x22oFBMl89wWgvKu\/view?usp=sharing\"><img loading=\"lazy\" decoding=\"async\" class=\"alignnone wp-image-14085 size-large\" src=\"https:\/\/www.scuola.cl\/sivm\/wp-content\/uploads\/2020\/11\/500-anos-Magallanes-2-700x474.jpg\" alt=\"\" width=\"700\" height=\"474\" srcset=\"https:\/\/www.scuola.cl\/sivm\/wp-content\/uploads\/2020\/11\/500-anos-Magallanes-2-700x474.jpg 700w, https:\/\/www.scuola.cl\/sivm\/wp-content\/uploads\/2020\/11\/500-anos-Magallanes-2-250x169.jpg 250w, https:\/\/www.scuola.cl\/sivm\/wp-content\/uploads\/2020\/11\/500-anos-Magallanes-2-768x521.jpg 768w, https:\/\/www.scuola.cl\/sivm\/wp-content\/uploads\/2020\/11\/500-anos-Magallanes-2-120x81.jpg 120w, https:\/\/www.scuola.cl\/sivm\/wp-content\/uploads\/2020\/11\/500-anos-Magallanes-2.jpg 900w\" sizes=\"auto, (max-width: 700px) 100vw, 700px\" \/><\/a><\/p>\n","protected":false},"excerpt":{"rendered":"Este a\u00f1o se conmemoran 500 a\u00f1os de la llegada de la expedici\u00f3n de Hernando de Magallanes al Estrecho que hoy lleva su nombre.\u00a0Esta exploraci\u00f3n, ten\u00eda como objetivo buscar un paso natural que conectara el Atl\u00e1ntico y Pac\u00edfico.","protected":false},"author":2,"featured_media":14085,"comment_status":"closed","ping_status":"closed","sticky":false,"template":"","format":"standard","meta":{"_acf_changed":false,"footnotes":""},"categories":[22,5,24],"tags":[],"class_list":["post-14077","post","type-post","status-publish","format-standard","has-post-thumbnail","hentry","category-cultura","category-noticias","category-scuola"],"acf":[],"yoast_head":"<!-- This site is optimized with the Yoast SEO plugin v27.1.1 - https:\/\/yoast.com\/product\/yoast-seo-wordpress\/ -->\n<title>500 anni di Magallanes - Scuola Italiana<\/title>\n<meta name=\"robots\" content=\"index, follow, max-snippet:-1, max-image-preview:large, max-video-preview:-1\" \/>\n<link rel=\"canonical\" href=\"https:\/\/www.scuola.cl\/sivm\/500-anni-di-magallanes\/\" \/>\n<meta property=\"og:locale\" content=\"es_ES\" \/>\n<meta property=\"og:type\" content=\"article\" \/>\n<meta property=\"og:title\" content=\"500 anni di Magallanes - Scuola Italiana\" \/>\n<meta property=\"og:description\" content=\"Este a\u00f1o se conmemoran 500 a\u00f1os de la llegada de la expedici\u00f3n de Hernando de Magallanes al Estrecho que hoy lleva su nombre.\u00a0Esta exploraci\u00f3n, ten\u00eda como objetivo buscar un paso natural que conectara el Atl\u00e1ntico y Pac\u00edfico.\" \/>\n<meta property=\"og:url\" content=\"https:\/\/www.scuola.cl\/sivm\/500-anni-di-magallanes\/\" \/>\n<meta property=\"og:site_name\" content=\"Scuola Italiana\" \/>\n<meta property=\"article:published_time\" content=\"2020-11-15T01:01:00+00:00\" \/>\n<meta property=\"article:modified_time\" content=\"2020-12-04T21:49:24+00:00\" \/>\n<meta property=\"og:image\" content=\"https:\/\/www.scuola.cl\/sivm\/wp-content\/uploads\/2020\/11\/500-anos-Magallanes-2.jpg\" \/>\n\t<meta property=\"og:image:width\" content=\"900\" \/>\n\t<meta property=\"og:image:height\" content=\"610\" \/>\n\t<meta property=\"og:image:type\" content=\"image\/jpeg\" \/>\n<meta name=\"author\" content=\"Comunicaciones\" \/>\n<meta name=\"twitter:card\" content=\"summary_large_image\" \/>\n<meta name=\"twitter:label1\" content=\"Escrito por\" \/>\n\t<meta name=\"twitter:data1\" content=\"Comunicaciones\" \/>\n\t<meta name=\"twitter:label2\" content=\"Tiempo de lectura\" \/>\n\t<meta name=\"twitter:data2\" content=\"2 minutos\" \/>\n<script type=\"application\/ld+json\" class=\"yoast-schema-graph\">{\"@context\":\"https:\/\/schema.org\",\"@graph\":[{\"@type\":\"Article\",\"@id\":\"https:\/\/www.scuola.cl\/sivm\/500-anni-di-magallanes\/#article\",\"isPartOf\":{\"@id\":\"https:\/\/www.scuola.cl\/sivm\/500-anni-di-magallanes\/\"},\"author\":{\"name\":\"Comunicaciones\",\"@id\":\"https:\/\/www.scuola.cl\/sivm\/#\/schema\/person\/2ac68abc1b548ee6d8e16c4d3727d1b2\"},\"headline\":\"500 anni di Magallanes\",\"datePublished\":\"2020-11-15T01:01:00+00:00\",\"dateModified\":\"2020-12-04T21:49:24+00:00\",\"mainEntityOfPage\":{\"@id\":\"https:\/\/www.scuola.cl\/sivm\/500-anni-di-magallanes\/\"},\"wordCount\":493,\"publisher\":{\"@id\":\"https:\/\/www.scuola.cl\/sivm\/#organization\"},\"image\":{\"@id\":\"https:\/\/www.scuola.cl\/sivm\/500-anni-di-magallanes\/#primaryimage\"},\"thumbnailUrl\":\"https:\/\/www.scuola.cl\/sivm\/wp-content\/uploads\/2020\/11\/500-anos-Magallanes-2.jpg\",\"articleSection\":[\"Cultura\",\"Noticias\",\"Scuola\"],\"inLanguage\":\"es\"},{\"@type\":\"WebPage\",\"@id\":\"https:\/\/www.scuola.cl\/sivm\/500-anni-di-magallanes\/\",\"url\":\"https:\/\/www.scuola.cl\/sivm\/500-anni-di-magallanes\/\",\"name\":\"500 anni di Magallanes - Scuola Italiana\",\"isPartOf\":{\"@id\":\"https:\/\/www.scuola.cl\/sivm\/#website\"},\"primaryImageOfPage\":{\"@id\":\"https:\/\/www.scuola.cl\/sivm\/500-anni-di-magallanes\/#primaryimage\"},\"image\":{\"@id\":\"https:\/\/www.scuola.cl\/sivm\/500-anni-di-magallanes\/#primaryimage\"},\"thumbnailUrl\":\"https:\/\/www.scuola.cl\/sivm\/wp-content\/uploads\/2020\/11\/500-anos-Magallanes-2.jpg\",\"datePublished\":\"2020-11-15T01:01:00+00:00\",\"dateModified\":\"2020-12-04T21:49:24+00:00\",\"breadcrumb\":{\"@id\":\"https:\/\/www.scuola.cl\/sivm\/500-anni-di-magallanes\/#breadcrumb\"},\"inLanguage\":\"es\",\"potentialAction\":[{\"@type\":\"ReadAction\",\"target\":[\"https:\/\/www.scuola.cl\/sivm\/500-anni-di-magallanes\/\"]}]},{\"@type\":\"ImageObject\",\"inLanguage\":\"es\",\"@id\":\"https:\/\/www.scuola.cl\/sivm\/500-anni-di-magallanes\/#primaryimage\",\"url\":\"https:\/\/www.scuola.cl\/sivm\/wp-content\/uploads\/2020\/11\/500-anos-Magallanes-2.jpg\",\"contentUrl\":\"https:\/\/www.scuola.cl\/sivm\/wp-content\/uploads\/2020\/11\/500-anos-Magallanes-2.jpg\",\"width\":900,\"height\":610},{\"@type\":\"BreadcrumbList\",\"@id\":\"https:\/\/www.scuola.cl\/sivm\/500-anni-di-magallanes\/#breadcrumb\",\"itemListElement\":[{\"@type\":\"ListItem\",\"position\":1,\"name\":\"Inicio\",\"item\":\"https:\/\/www.scuola.cl\/sivm\/\"},{\"@type\":\"ListItem\",\"position\":2,\"name\":\"Noticias\",\"item\":\"https:\/\/www.scuola.cl\/sivm\/category\/noticias\/\"},{\"@type\":\"ListItem\",\"position\":3,\"name\":\"500 anni di Magallanes\"}]},{\"@type\":\"WebSite\",\"@id\":\"https:\/\/www.scuola.cl\/sivm\/#website\",\"url\":\"https:\/\/www.scuola.cl\/sivm\/\",\"name\":\"Scuola Italiana\",\"description\":\"Vittorio Montiglio\",\"publisher\":{\"@id\":\"https:\/\/www.scuola.cl\/sivm\/#organization\"},\"potentialAction\":[{\"@type\":\"SearchAction\",\"target\":{\"@type\":\"EntryPoint\",\"urlTemplate\":\"https:\/\/www.scuola.cl\/sivm\/?s={search_term_string}\"},\"query-input\":{\"@type\":\"PropertyValueSpecification\",\"valueRequired\":true,\"valueName\":\"search_term_string\"}}],\"inLanguage\":\"es\"},{\"@type\":\"Organization\",\"@id\":\"https:\/\/www.scuola.cl\/sivm\/#organization\",\"name\":\"Scuola Italiana Vittorio Montiglio\",\"url\":\"https:\/\/www.scuola.cl\/sivm\/\",\"logo\":{\"@type\":\"ImageObject\",\"inLanguage\":\"es\",\"@id\":\"https:\/\/www.scuola.cl\/sivm\/#\/schema\/logo\/image\/\",\"url\":\"https:\/\/www.scuola.cl\/sivm\/wp-content\/uploads\/2019\/06\/Logo_Scuola-01-001-1000x1000.png\",\"contentUrl\":\"https:\/\/www.scuola.cl\/sivm\/wp-content\/uploads\/2019\/06\/Logo_Scuola-01-001-1000x1000.png\",\"width\":1000,\"height\":1000,\"caption\":\"Scuola Italiana Vittorio Montiglio\"},\"image\":{\"@id\":\"https:\/\/www.scuola.cl\/sivm\/#\/schema\/logo\/image\/\"}},{\"@type\":\"Person\",\"@id\":\"https:\/\/www.scuola.cl\/sivm\/#\/schema\/person\/2ac68abc1b548ee6d8e16c4d3727d1b2\",\"name\":\"Comunicaciones\",\"image\":{\"@type\":\"ImageObject\",\"inLanguage\":\"es\",\"@id\":\"https:\/\/www.scuola.cl\/sivm\/#\/schema\/person\/image\/\",\"url\":\"https:\/\/secure.gravatar.com\/avatar\/0b29fd7cdce1ec9939eded19ce85d6ed73acf03fb52d098b0641aed356fe6aeb?s=96&d=mm&r=g\",\"contentUrl\":\"https:\/\/secure.gravatar.com\/avatar\/0b29fd7cdce1ec9939eded19ce85d6ed73acf03fb52d098b0641aed356fe6aeb?s=96&d=mm&r=g\",\"caption\":\"Comunicaciones\"},\"url\":\"https:\/\/www.scuola.cl\/sivm\/author\/comunicaciones-scuola\/\"}]}<\/script>\n<!-- \/ Yoast SEO plugin. -->","yoast_head_json":{"title":"500 anni di Magallanes - Scuola Italiana","robots":{"index":"index","follow":"follow","max-snippet":"max-snippet:-1","max-image-preview":"max-image-preview:large","max-video-preview":"max-video-preview:-1"},"canonical":"https:\/\/www.scuola.cl\/sivm\/500-anni-di-magallanes\/","og_locale":"es_ES","og_type":"article","og_title":"500 anni di Magallanes - Scuola Italiana","og_description":"Este a\u00f1o se conmemoran 500 a\u00f1os de la llegada de la expedici\u00f3n de Hernando de Magallanes al Estrecho que hoy lleva su nombre.\u00a0Esta exploraci\u00f3n, ten\u00eda como objetivo buscar un paso natural que conectara el Atl\u00e1ntico y Pac\u00edfico.","og_url":"https:\/\/www.scuola.cl\/sivm\/500-anni-di-magallanes\/","og_site_name":"Scuola Italiana","article_published_time":"2020-11-15T01:01:00+00:00","article_modified_time":"2020-12-04T21:49:24+00:00","og_image":[{"width":900,"height":610,"url":"https:\/\/www.scuola.cl\/sivm\/wp-content\/uploads\/2020\/11\/500-anos-Magallanes-2.jpg","type":"image\/jpeg"}],"author":"Comunicaciones","twitter_card":"summary_large_image","twitter_misc":{"Escrito por":"Comunicaciones","Tiempo de lectura":"2 minutos"},"schema":{"@context":"https:\/\/schema.org","@graph":[{"@type":"Article","@id":"https:\/\/www.scuola.cl\/sivm\/500-anni-di-magallanes\/#article","isPartOf":{"@id":"https:\/\/www.scuola.cl\/sivm\/500-anni-di-magallanes\/"},"author":{"name":"Comunicaciones","@id":"https:\/\/www.scuola.cl\/sivm\/#\/schema\/person\/2ac68abc1b548ee6d8e16c4d3727d1b2"},"headline":"500 anni di Magallanes","datePublished":"2020-11-15T01:01:00+00:00","dateModified":"2020-12-04T21:49:24+00:00","mainEntityOfPage":{"@id":"https:\/\/www.scuola.cl\/sivm\/500-anni-di-magallanes\/"},"wordCount":493,"publisher":{"@id":"https:\/\/www.scuola.cl\/sivm\/#organization"},"image":{"@id":"https:\/\/www.scuola.cl\/sivm\/500-anni-di-magallanes\/#primaryimage"},"thumbnailUrl":"https:\/\/www.scuola.cl\/sivm\/wp-content\/uploads\/2020\/11\/500-anos-Magallanes-2.jpg","articleSection":["Cultura","Noticias","Scuola"],"inLanguage":"es"},{"@type":"WebPage","@id":"https:\/\/www.scuola.cl\/sivm\/500-anni-di-magallanes\/","url":"https:\/\/www.scuola.cl\/sivm\/500-anni-di-magallanes\/","name":"500 anni di Magallanes - Scuola Italiana","isPartOf":{"@id":"https:\/\/www.scuola.cl\/sivm\/#website"},"primaryImageOfPage":{"@id":"https:\/\/www.scuola.cl\/sivm\/500-anni-di-magallanes\/#primaryimage"},"image":{"@id":"https:\/\/www.scuola.cl\/sivm\/500-anni-di-magallanes\/#primaryimage"},"thumbnailUrl":"https:\/\/www.scuola.cl\/sivm\/wp-content\/uploads\/2020\/11\/500-anos-Magallanes-2.jpg","datePublished":"2020-11-15T01:01:00+00:00","dateModified":"2020-12-04T21:49:24+00:00","breadcrumb":{"@id":"https:\/\/www.scuola.cl\/sivm\/500-anni-di-magallanes\/#breadcrumb"},"inLanguage":"es","potentialAction":[{"@type":"ReadAction","target":["https:\/\/www.scuola.cl\/sivm\/500-anni-di-magallanes\/"]}]},{"@type":"ImageObject","inLanguage":"es","@id":"https:\/\/www.scuola.cl\/sivm\/500-anni-di-magallanes\/#primaryimage","url":"https:\/\/www.scuola.cl\/sivm\/wp-content\/uploads\/2020\/11\/500-anos-Magallanes-2.jpg","contentUrl":"https:\/\/www.scuola.cl\/sivm\/wp-content\/uploads\/2020\/11\/500-anos-Magallanes-2.jpg","width":900,"height":610},{"@type":"BreadcrumbList","@id":"https:\/\/www.scuola.cl\/sivm\/500-anni-di-magallanes\/#breadcrumb","itemListElement":[{"@type":"ListItem","position":1,"name":"Inicio","item":"https:\/\/www.scuola.cl\/sivm\/"},{"@type":"ListItem","position":2,"name":"Noticias","item":"https:\/\/www.scuola.cl\/sivm\/category\/noticias\/"},{"@type":"ListItem","position":3,"name":"500 anni di Magallanes"}]},{"@type":"WebSite","@id":"https:\/\/www.scuola.cl\/sivm\/#website","url":"https:\/\/www.scuola.cl\/sivm\/","name":"Scuola Italiana","description":"Vittorio Montiglio","publisher":{"@id":"https:\/\/www.scuola.cl\/sivm\/#organization"},"potentialAction":[{"@type":"SearchAction","target":{"@type":"EntryPoint","urlTemplate":"https:\/\/www.scuola.cl\/sivm\/?s={search_term_string}"},"query-input":{"@type":"PropertyValueSpecification","valueRequired":true,"valueName":"search_term_string"}}],"inLanguage":"es"},{"@type":"Organization","@id":"https:\/\/www.scuola.cl\/sivm\/#organization","name":"Scuola Italiana Vittorio Montiglio","url":"https:\/\/www.scuola.cl\/sivm\/","logo":{"@type":"ImageObject","inLanguage":"es","@id":"https:\/\/www.scuola.cl\/sivm\/#\/schema\/logo\/image\/","url":"https:\/\/www.scuola.cl\/sivm\/wp-content\/uploads\/2019\/06\/Logo_Scuola-01-001-1000x1000.png","contentUrl":"https:\/\/www.scuola.cl\/sivm\/wp-content\/uploads\/2019\/06\/Logo_Scuola-01-001-1000x1000.png","width":1000,"height":1000,"caption":"Scuola Italiana Vittorio Montiglio"},"image":{"@id":"https:\/\/www.scuola.cl\/sivm\/#\/schema\/logo\/image\/"}},{"@type":"Person","@id":"https:\/\/www.scuola.cl\/sivm\/#\/schema\/person\/2ac68abc1b548ee6d8e16c4d3727d1b2","name":"Comunicaciones","image":{"@type":"ImageObject","inLanguage":"es","@id":"https:\/\/www.scuola.cl\/sivm\/#\/schema\/person\/image\/","url":"https:\/\/secure.gravatar.com\/avatar\/0b29fd7cdce1ec9939eded19ce85d6ed73acf03fb52d098b0641aed356fe6aeb?s=96&d=mm&r=g","contentUrl":"https:\/\/secure.gravatar.com\/avatar\/0b29fd7cdce1ec9939eded19ce85d6ed73acf03fb52d098b0641aed356fe6aeb?s=96&d=mm&r=g","caption":"Comunicaciones"},"url":"https:\/\/www.scuola.cl\/sivm\/author\/comunicaciones-scuola\/"}]}},"_links":{"self":[{"href":"https:\/\/www.scuola.cl\/sivm\/wp-json\/wp\/v2\/posts\/14077","targetHints":{"allow":["GET"]}}],"collection":[{"href":"https:\/\/www.scuola.cl\/sivm\/wp-json\/wp\/v2\/posts"}],"about":[{"href":"https:\/\/www.scuola.cl\/sivm\/wp-json\/wp\/v2\/types\/post"}],"author":[{"embeddable":true,"href":"https:\/\/www.scuola.cl\/sivm\/wp-json\/wp\/v2\/users\/2"}],"replies":[{"embeddable":true,"href":"https:\/\/www.scuola.cl\/sivm\/wp-json\/wp\/v2\/comments?post=14077"}],"version-history":[{"count":7,"href":"https:\/\/www.scuola.cl\/sivm\/wp-json\/wp\/v2\/posts\/14077\/revisions"}],"predecessor-version":[{"id":14087,"href":"https:\/\/www.scuola.cl\/sivm\/wp-json\/wp\/v2\/posts\/14077\/revisions\/14087"}],"wp:featuredmedia":[{"embeddable":true,"href":"https:\/\/www.scuola.cl\/sivm\/wp-json\/wp\/v2\/media\/14085"}],"wp:attachment":[{"href":"https:\/\/www.scuola.cl\/sivm\/wp-json\/wp\/v2\/media?parent=14077"}],"wp:term":[{"taxonomy":"category","embeddable":true,"href":"https:\/\/www.scuola.cl\/sivm\/wp-json\/wp\/v2\/categories?post=14077"},{"taxonomy":"post_tag","embeddable":true,"href":"https:\/\/www.scuola.cl\/sivm\/wp-json\/wp\/v2\/tags?post=14077"}],"curies":[{"name":"wp","href":"https:\/\/api.w.org\/{rel}","templated":true}]}}