{"id":13501,"date":"2020-09-04T21:21:47","date_gmt":"2020-09-05T00:21:47","guid":{"rendered":"https:\/\/www.scuola.cl\/sivm\/?p=13501"},"modified":"2020-09-10T23:31:59","modified_gmt":"2020-09-11T02:31:59","slug":"vincitori-uniamoci-2020","status":"publish","type":"post","link":"https:\/\/www.scuola.cl\/sivm\/vincitori-uniamoci-2020\/","title":{"rendered":"Vincitori Uniamoci 2020"},"content":{"rendered":"\n<p>Con gran \u00e9xito se realiz\u00f3 la primera versi\u00f3n on line del Uniamoci Cantando, tradicional festival de m\u00fasica que hace 34 a\u00f1os invita a los alumnos de 3\u00b0 b\u00e1sico a IV medio de la Scuola, a interpretar una canci\u00f3n en italiano en las categor\u00edas de solista y grupo.<\/p>\n<p>&nbsp;<\/p>\n<p>Este a\u00f1o, a pesar de la distancia, no quisimos que esta actividad que refuerza nuestros or\u00edgenes y tradiciones se viera suspendida por lo que, los alumnos de III Medio junto a sus profesores y el apoyo de los Departamentos de Arte &#8211; M\u00fasica y Tecnolog\u00eda, hicieron un tremendo esfuerzo para hacer los d\u00edas 2,3 y 4 de septiembre su primera versi\u00f3n online.<\/p>\n<p>&nbsp;<\/p>\n<p>&nbsp;<\/p>\n<p>A continuaci\u00f3n los dejamos con el listado de los ganadores:<\/p>\n<p>&nbsp;<\/p>\n<p><a href=\"https:\/\/www.scuola.cl\/sivm\/wp-content\/uploads\/2020\/09\/Vincitori-Uniamoci-2020.pdf\" target=\"_blank\" rel=\"noopener noreferrer\">Vincitori Uniamoci 2020<\/a><\/p>\n<p>&nbsp;<\/p>\n<p><img loading=\"lazy\" decoding=\"async\" class=\"alignnone wp-image-13584 size-large\" src=\"https:\/\/www.scuola.cl\/sivm\/wp-content\/uploads\/2020\/09\/Ganadoras-Uniamoci-700x474.jpg\" alt=\"\" width=\"700\" height=\"474\" srcset=\"https:\/\/www.scuola.cl\/sivm\/wp-content\/uploads\/2020\/09\/Ganadoras-Uniamoci-700x474.jpg 700w, https:\/\/www.scuola.cl\/sivm\/wp-content\/uploads\/2020\/09\/Ganadoras-Uniamoci-250x169.jpg 250w, https:\/\/www.scuola.cl\/sivm\/wp-content\/uploads\/2020\/09\/Ganadoras-Uniamoci-768x521.jpg 768w, https:\/\/www.scuola.cl\/sivm\/wp-content\/uploads\/2020\/09\/Ganadoras-Uniamoci-120x81.jpg 120w, https:\/\/www.scuola.cl\/sivm\/wp-content\/uploads\/2020\/09\/Ganadoras-Uniamoci.jpg 900w\" sizes=\"auto, (max-width: 700px) 100vw, 700px\" \/><\/p>\n<p>Para quienes no pudieron verlo o simplemente quieren verlo de nuevo, podr\u00e1n acceder a la transmisi\u00f3n en el siguiente link:&nbsp;<\/p>\n<p>&nbsp;<\/p>\n<p><a href=\"https:\/\/sites.google.com\/scuola.cl\/arteymusica\/uniamoci\/uniamoci2020?authuser=0\" target=\"_blank\" rel=\"noopener noreferrer\">Ve aqu\u00ed el Unimoci Cantando 2020<\/a><\/p>\n<p>&nbsp;<\/p>\n<p>Agradecemos a todos quienes hicieron posible la realizaci\u00f3n de esta linda actividad.<\/p>\n<p>&nbsp;<\/p>\n<p>Complimenti a tutti!&nbsp;<\/p>\n<p>&nbsp;<\/p>\n<p><img loading=\"lazy\" decoding=\"async\" class=\"alignnone wp-image-13516 size-large\" src=\"https:\/\/www.scuola.cl\/sivm\/wp-content\/uploads\/2020\/09\/uniamoci-web-1-700x474.jpg\" alt=\"\" width=\"700\" height=\"474\" srcset=\"https:\/\/www.scuola.cl\/sivm\/wp-content\/uploads\/2020\/09\/uniamoci-web-1-700x474.jpg 700w, https:\/\/www.scuola.cl\/sivm\/wp-content\/uploads\/2020\/09\/uniamoci-web-1-250x169.jpg 250w, https:\/\/www.scuola.cl\/sivm\/wp-content\/uploads\/2020\/09\/uniamoci-web-1-768x521.jpg 768w, https:\/\/www.scuola.cl\/sivm\/wp-content\/uploads\/2020\/09\/uniamoci-web-1-120x81.jpg 120w, https:\/\/www.scuola.cl\/sivm\/wp-content\/uploads\/2020\/09\/uniamoci-web-1.jpg 900w\" sizes=\"auto, (max-width: 700px) 100vw, 700px\" \/><\/p>\n<p>&nbsp;<\/p>\n<p>&nbsp;<\/p>\n","protected":false},"excerpt":{"rendered":"Con gran \u00e9xito se realiz\u00f3 la primera versi\u00f3n on line del Uniamoci Cantando, tradicional festival que hace 34 a\u00f1os re\u00fane a la Scuola en torno a la m\u00fasica italiana.\nA continuaci\u00f3n los dejamos con el listado de los ganadores.","protected":false},"author":2,"featured_media":13586,"comment_status":"closed","ping_status":"closed","sticky":false,"template":"","format":"standard","meta":{"_acf_changed":false,"footnotes":""},"categories":[22,5],"tags":[],"class_list":["post-13501","post","type-post","status-publish","format-standard","has-post-thumbnail","hentry","category-cultura","category-noticias"],"acf":[],"yoast_head":"<!-- This site is optimized with the Yoast SEO plugin v27.1.1 - https:\/\/yoast.com\/product\/yoast-seo-wordpress\/ -->\n<title>Vincitori Uniamoci 2020 - Scuola Italiana<\/title>\n<meta name=\"robots\" content=\"index, follow, max-snippet:-1, max-image-preview:large, max-video-preview:-1\" \/>\n<link rel=\"canonical\" href=\"https:\/\/www.scuola.cl\/sivm\/vincitori-uniamoci-2020\/\" \/>\n<meta property=\"og:locale\" content=\"es_ES\" \/>\n<meta property=\"og:type\" content=\"article\" \/>\n<meta property=\"og:title\" content=\"Vincitori Uniamoci 2020 - Scuola Italiana\" \/>\n<meta property=\"og:description\" content=\"Con gran \u00e9xito se realiz\u00f3 la primera versi\u00f3n on line del Uniamoci Cantando, tradicional festival que hace 34 a\u00f1os re\u00fane a la Scuola en torno a la m\u00fasica italiana. A continuaci\u00f3n los dejamos con el listado de los ganadores.\" \/>\n<meta property=\"og:url\" content=\"https:\/\/www.scuola.cl\/sivm\/vincitori-uniamoci-2020\/\" \/>\n<meta property=\"og:site_name\" content=\"Scuola Italiana\" \/>\n<meta property=\"article:published_time\" content=\"2020-09-05T00:21:47+00:00\" \/>\n<meta property=\"article:modified_time\" content=\"2020-09-11T02:31:59+00:00\" \/>\n<meta property=\"og:image\" content=\"https:\/\/www.scuola.cl\/sivm\/wp-content\/uploads\/2020\/09\/Ganadoras-Uniamoci-web.jpg\" \/>\n\t<meta property=\"og:image:width\" content=\"900\" \/>\n\t<meta property=\"og:image:height\" content=\"610\" \/>\n\t<meta property=\"og:image:type\" content=\"image\/jpeg\" \/>\n<meta name=\"author\" content=\"Comunicaciones\" \/>\n<meta name=\"twitter:card\" content=\"summary_large_image\" \/>\n<meta name=\"twitter:label1\" content=\"Escrito por\" \/>\n\t<meta name=\"twitter:data1\" content=\"Comunicaciones\" \/>\n\t<meta name=\"twitter:label2\" content=\"Tiempo de lectura\" \/>\n\t<meta name=\"twitter:data2\" content=\"1 minuto\" \/>\n<script type=\"application\/ld+json\" class=\"yoast-schema-graph\">{\"@context\":\"https:\/\/schema.org\",\"@graph\":[{\"@type\":\"Article\",\"@id\":\"https:\/\/www.scuola.cl\/sivm\/vincitori-uniamoci-2020\/#article\",\"isPartOf\":{\"@id\":\"https:\/\/www.scuola.cl\/sivm\/vincitori-uniamoci-2020\/\"},\"author\":{\"name\":\"Comunicaciones\",\"@id\":\"https:\/\/www.scuola.cl\/sivm\/#\/schema\/person\/2ac68abc1b548ee6d8e16c4d3727d1b2\"},\"headline\":\"Vincitori Uniamoci 2020\",\"datePublished\":\"2020-09-05T00:21:47+00:00\",\"dateModified\":\"2020-09-11T02:31:59+00:00\",\"mainEntityOfPage\":{\"@id\":\"https:\/\/www.scuola.cl\/sivm\/vincitori-uniamoci-2020\/\"},\"wordCount\":188,\"publisher\":{\"@id\":\"https:\/\/www.scuola.cl\/sivm\/#organization\"},\"image\":{\"@id\":\"https:\/\/www.scuola.cl\/sivm\/vincitori-uniamoci-2020\/#primaryimage\"},\"thumbnailUrl\":\"https:\/\/www.scuola.cl\/sivm\/wp-content\/uploads\/2020\/09\/Ganadoras-Uniamoci-web.jpg\",\"articleSection\":[\"Cultura\",\"Noticias\"],\"inLanguage\":\"es\"},{\"@type\":\"WebPage\",\"@id\":\"https:\/\/www.scuola.cl\/sivm\/vincitori-uniamoci-2020\/\",\"url\":\"https:\/\/www.scuola.cl\/sivm\/vincitori-uniamoci-2020\/\",\"name\":\"Vincitori Uniamoci 2020 - Scuola Italiana\",\"isPartOf\":{\"@id\":\"https:\/\/www.scuola.cl\/sivm\/#website\"},\"primaryImageOfPage\":{\"@id\":\"https:\/\/www.scuola.cl\/sivm\/vincitori-uniamoci-2020\/#primaryimage\"},\"image\":{\"@id\":\"https:\/\/www.scuola.cl\/sivm\/vincitori-uniamoci-2020\/#primaryimage\"},\"thumbnailUrl\":\"https:\/\/www.scuola.cl\/sivm\/wp-content\/uploads\/2020\/09\/Ganadoras-Uniamoci-web.jpg\",\"datePublished\":\"2020-09-05T00:21:47+00:00\",\"dateModified\":\"2020-09-11T02:31:59+00:00\",\"breadcrumb\":{\"@id\":\"https:\/\/www.scuola.cl\/sivm\/vincitori-uniamoci-2020\/#breadcrumb\"},\"inLanguage\":\"es\",\"potentialAction\":[{\"@type\":\"ReadAction\",\"target\":[\"https:\/\/www.scuola.cl\/sivm\/vincitori-uniamoci-2020\/\"]}]},{\"@type\":\"ImageObject\",\"inLanguage\":\"es\",\"@id\":\"https:\/\/www.scuola.cl\/sivm\/vincitori-uniamoci-2020\/#primaryimage\",\"url\":\"https:\/\/www.scuola.cl\/sivm\/wp-content\/uploads\/2020\/09\/Ganadoras-Uniamoci-web.jpg\",\"contentUrl\":\"https:\/\/www.scuola.cl\/sivm\/wp-content\/uploads\/2020\/09\/Ganadoras-Uniamoci-web.jpg\",\"width\":900,\"height\":610},{\"@type\":\"BreadcrumbList\",\"@id\":\"https:\/\/www.scuola.cl\/sivm\/vincitori-uniamoci-2020\/#breadcrumb\",\"itemListElement\":[{\"@type\":\"ListItem\",\"position\":1,\"name\":\"Inicio\",\"item\":\"https:\/\/www.scuola.cl\/sivm\/\"},{\"@type\":\"ListItem\",\"position\":2,\"name\":\"Noticias\",\"item\":\"https:\/\/www.scuola.cl\/sivm\/category\/noticias\/\"},{\"@type\":\"ListItem\",\"position\":3,\"name\":\"Vincitori Uniamoci 2020\"}]},{\"@type\":\"WebSite\",\"@id\":\"https:\/\/www.scuola.cl\/sivm\/#website\",\"url\":\"https:\/\/www.scuola.cl\/sivm\/\",\"name\":\"Scuola Italiana\",\"description\":\"Vittorio Montiglio\",\"publisher\":{\"@id\":\"https:\/\/www.scuola.cl\/sivm\/#organization\"},\"potentialAction\":[{\"@type\":\"SearchAction\",\"target\":{\"@type\":\"EntryPoint\",\"urlTemplate\":\"https:\/\/www.scuola.cl\/sivm\/?s={search_term_string}\"},\"query-input\":{\"@type\":\"PropertyValueSpecification\",\"valueRequired\":true,\"valueName\":\"search_term_string\"}}],\"inLanguage\":\"es\"},{\"@type\":\"Organization\",\"@id\":\"https:\/\/www.scuola.cl\/sivm\/#organization\",\"name\":\"Scuola Italiana Vittorio Montiglio\",\"url\":\"https:\/\/www.scuola.cl\/sivm\/\",\"logo\":{\"@type\":\"ImageObject\",\"inLanguage\":\"es\",\"@id\":\"https:\/\/www.scuola.cl\/sivm\/#\/schema\/logo\/image\/\",\"url\":\"https:\/\/www.scuola.cl\/sivm\/wp-content\/uploads\/2019\/06\/Logo_Scuola-01-001-1000x1000.png\",\"contentUrl\":\"https:\/\/www.scuola.cl\/sivm\/wp-content\/uploads\/2019\/06\/Logo_Scuola-01-001-1000x1000.png\",\"width\":1000,\"height\":1000,\"caption\":\"Scuola Italiana Vittorio Montiglio\"},\"image\":{\"@id\":\"https:\/\/www.scuola.cl\/sivm\/#\/schema\/logo\/image\/\"}},{\"@type\":\"Person\",\"@id\":\"https:\/\/www.scuola.cl\/sivm\/#\/schema\/person\/2ac68abc1b548ee6d8e16c4d3727d1b2\",\"name\":\"Comunicaciones\",\"image\":{\"@type\":\"ImageObject\",\"inLanguage\":\"es\",\"@id\":\"https:\/\/www.scuola.cl\/sivm\/#\/schema\/person\/image\/\",\"url\":\"https:\/\/secure.gravatar.com\/avatar\/0b29fd7cdce1ec9939eded19ce85d6ed73acf03fb52d098b0641aed356fe6aeb?s=96&d=mm&r=g\",\"contentUrl\":\"https:\/\/secure.gravatar.com\/avatar\/0b29fd7cdce1ec9939eded19ce85d6ed73acf03fb52d098b0641aed356fe6aeb?s=96&d=mm&r=g\",\"caption\":\"Comunicaciones\"},\"url\":\"https:\/\/www.scuola.cl\/sivm\/author\/comunicaciones-scuola\/\"}]}<\/script>\n<!-- \/ Yoast SEO plugin. -->","yoast_head_json":{"title":"Vincitori Uniamoci 2020 - Scuola Italiana","robots":{"index":"index","follow":"follow","max-snippet":"max-snippet:-1","max-image-preview":"max-image-preview:large","max-video-preview":"max-video-preview:-1"},"canonical":"https:\/\/www.scuola.cl\/sivm\/vincitori-uniamoci-2020\/","og_locale":"es_ES","og_type":"article","og_title":"Vincitori Uniamoci 2020 - Scuola Italiana","og_description":"Con gran \u00e9xito se realiz\u00f3 la primera versi\u00f3n on line del Uniamoci Cantando, tradicional festival que hace 34 a\u00f1os re\u00fane a la Scuola en torno a la m\u00fasica italiana. A continuaci\u00f3n los dejamos con el listado de los ganadores.","og_url":"https:\/\/www.scuola.cl\/sivm\/vincitori-uniamoci-2020\/","og_site_name":"Scuola Italiana","article_published_time":"2020-09-05T00:21:47+00:00","article_modified_time":"2020-09-11T02:31:59+00:00","og_image":[{"width":900,"height":610,"url":"https:\/\/www.scuola.cl\/sivm\/wp-content\/uploads\/2020\/09\/Ganadoras-Uniamoci-web.jpg","type":"image\/jpeg"}],"author":"Comunicaciones","twitter_card":"summary_large_image","twitter_misc":{"Escrito por":"Comunicaciones","Tiempo de lectura":"1 minuto"},"schema":{"@context":"https:\/\/schema.org","@graph":[{"@type":"Article","@id":"https:\/\/www.scuola.cl\/sivm\/vincitori-uniamoci-2020\/#article","isPartOf":{"@id":"https:\/\/www.scuola.cl\/sivm\/vincitori-uniamoci-2020\/"},"author":{"name":"Comunicaciones","@id":"https:\/\/www.scuola.cl\/sivm\/#\/schema\/person\/2ac68abc1b548ee6d8e16c4d3727d1b2"},"headline":"Vincitori Uniamoci 2020","datePublished":"2020-09-05T00:21:47+00:00","dateModified":"2020-09-11T02:31:59+00:00","mainEntityOfPage":{"@id":"https:\/\/www.scuola.cl\/sivm\/vincitori-uniamoci-2020\/"},"wordCount":188,"publisher":{"@id":"https:\/\/www.scuola.cl\/sivm\/#organization"},"image":{"@id":"https:\/\/www.scuola.cl\/sivm\/vincitori-uniamoci-2020\/#primaryimage"},"thumbnailUrl":"https:\/\/www.scuola.cl\/sivm\/wp-content\/uploads\/2020\/09\/Ganadoras-Uniamoci-web.jpg","articleSection":["Cultura","Noticias"],"inLanguage":"es"},{"@type":"WebPage","@id":"https:\/\/www.scuola.cl\/sivm\/vincitori-uniamoci-2020\/","url":"https:\/\/www.scuola.cl\/sivm\/vincitori-uniamoci-2020\/","name":"Vincitori Uniamoci 2020 - Scuola Italiana","isPartOf":{"@id":"https:\/\/www.scuola.cl\/sivm\/#website"},"primaryImageOfPage":{"@id":"https:\/\/www.scuola.cl\/sivm\/vincitori-uniamoci-2020\/#primaryimage"},"image":{"@id":"https:\/\/www.scuola.cl\/sivm\/vincitori-uniamoci-2020\/#primaryimage"},"thumbnailUrl":"https:\/\/www.scuola.cl\/sivm\/wp-content\/uploads\/2020\/09\/Ganadoras-Uniamoci-web.jpg","datePublished":"2020-09-05T00:21:47+00:00","dateModified":"2020-09-11T02:31:59+00:00","breadcrumb":{"@id":"https:\/\/www.scuola.cl\/sivm\/vincitori-uniamoci-2020\/#breadcrumb"},"inLanguage":"es","potentialAction":[{"@type":"ReadAction","target":["https:\/\/www.scuola.cl\/sivm\/vincitori-uniamoci-2020\/"]}]},{"@type":"ImageObject","inLanguage":"es","@id":"https:\/\/www.scuola.cl\/sivm\/vincitori-uniamoci-2020\/#primaryimage","url":"https:\/\/www.scuola.cl\/sivm\/wp-content\/uploads\/2020\/09\/Ganadoras-Uniamoci-web.jpg","contentUrl":"https:\/\/www.scuola.cl\/sivm\/wp-content\/uploads\/2020\/09\/Ganadoras-Uniamoci-web.jpg","width":900,"height":610},{"@type":"BreadcrumbList","@id":"https:\/\/www.scuola.cl\/sivm\/vincitori-uniamoci-2020\/#breadcrumb","itemListElement":[{"@type":"ListItem","position":1,"name":"Inicio","item":"https:\/\/www.scuola.cl\/sivm\/"},{"@type":"ListItem","position":2,"name":"Noticias","item":"https:\/\/www.scuola.cl\/sivm\/category\/noticias\/"},{"@type":"ListItem","position":3,"name":"Vincitori Uniamoci 2020"}]},{"@type":"WebSite","@id":"https:\/\/www.scuola.cl\/sivm\/#website","url":"https:\/\/www.scuola.cl\/sivm\/","name":"Scuola Italiana","description":"Vittorio Montiglio","publisher":{"@id":"https:\/\/www.scuola.cl\/sivm\/#organization"},"potentialAction":[{"@type":"SearchAction","target":{"@type":"EntryPoint","urlTemplate":"https:\/\/www.scuola.cl\/sivm\/?s={search_term_string}"},"query-input":{"@type":"PropertyValueSpecification","valueRequired":true,"valueName":"search_term_string"}}],"inLanguage":"es"},{"@type":"Organization","@id":"https:\/\/www.scuola.cl\/sivm\/#organization","name":"Scuola Italiana Vittorio Montiglio","url":"https:\/\/www.scuola.cl\/sivm\/","logo":{"@type":"ImageObject","inLanguage":"es","@id":"https:\/\/www.scuola.cl\/sivm\/#\/schema\/logo\/image\/","url":"https:\/\/www.scuola.cl\/sivm\/wp-content\/uploads\/2019\/06\/Logo_Scuola-01-001-1000x1000.png","contentUrl":"https:\/\/www.scuola.cl\/sivm\/wp-content\/uploads\/2019\/06\/Logo_Scuola-01-001-1000x1000.png","width":1000,"height":1000,"caption":"Scuola Italiana Vittorio Montiglio"},"image":{"@id":"https:\/\/www.scuola.cl\/sivm\/#\/schema\/logo\/image\/"}},{"@type":"Person","@id":"https:\/\/www.scuola.cl\/sivm\/#\/schema\/person\/2ac68abc1b548ee6d8e16c4d3727d1b2","name":"Comunicaciones","image":{"@type":"ImageObject","inLanguage":"es","@id":"https:\/\/www.scuola.cl\/sivm\/#\/schema\/person\/image\/","url":"https:\/\/secure.gravatar.com\/avatar\/0b29fd7cdce1ec9939eded19ce85d6ed73acf03fb52d098b0641aed356fe6aeb?s=96&d=mm&r=g","contentUrl":"https:\/\/secure.gravatar.com\/avatar\/0b29fd7cdce1ec9939eded19ce85d6ed73acf03fb52d098b0641aed356fe6aeb?s=96&d=mm&r=g","caption":"Comunicaciones"},"url":"https:\/\/www.scuola.cl\/sivm\/author\/comunicaciones-scuola\/"}]}},"_links":{"self":[{"href":"https:\/\/www.scuola.cl\/sivm\/wp-json\/wp\/v2\/posts\/13501","targetHints":{"allow":["GET"]}}],"collection":[{"href":"https:\/\/www.scuola.cl\/sivm\/wp-json\/wp\/v2\/posts"}],"about":[{"href":"https:\/\/www.scuola.cl\/sivm\/wp-json\/wp\/v2\/types\/post"}],"author":[{"embeddable":true,"href":"https:\/\/www.scuola.cl\/sivm\/wp-json\/wp\/v2\/users\/2"}],"replies":[{"embeddable":true,"href":"https:\/\/www.scuola.cl\/sivm\/wp-json\/wp\/v2\/comments?post=13501"}],"version-history":[{"count":24,"href":"https:\/\/www.scuola.cl\/sivm\/wp-json\/wp\/v2\/posts\/13501\/revisions"}],"predecessor-version":[{"id":13682,"href":"https:\/\/www.scuola.cl\/sivm\/wp-json\/wp\/v2\/posts\/13501\/revisions\/13682"}],"wp:featuredmedia":[{"embeddable":true,"href":"https:\/\/www.scuola.cl\/sivm\/wp-json\/wp\/v2\/media\/13586"}],"wp:attachment":[{"href":"https:\/\/www.scuola.cl\/sivm\/wp-json\/wp\/v2\/media?parent=13501"}],"wp:term":[{"taxonomy":"category","embeddable":true,"href":"https:\/\/www.scuola.cl\/sivm\/wp-json\/wp\/v2\/categories?post=13501"},{"taxonomy":"post_tag","embeddable":true,"href":"https:\/\/www.scuola.cl\/sivm\/wp-json\/wp\/v2\/tags?post=13501"}],"curies":[{"name":"wp","href":"https:\/\/api.w.org\/{rel}","templated":true}]}}