{"id":13434,"date":"2020-08-04T16:35:00","date_gmt":"2020-08-04T19:35:00","guid":{"rendered":"https:\/\/www.scuola.cl\/sivm\/?p=13434"},"modified":"2020-09-04T21:30:46","modified_gmt":"2020-09-05T00:30:46","slug":"sigue-la-transmision-del-uniamoci-2020","status":"publish","type":"post","link":"https:\/\/www.scuola.cl\/sivm\/sigue-la-transmision-del-uniamoci-2020\/","title":{"rendered":"Sigue la transmisi\u00f3n del Uniamoci"},"content":{"rendered":"\n<p>Recuerden el 2, 3 y 4 de septiembre realizaremos la 34\u00b0 Versi\u00f3n del tradicional festival de m\u00fasica italiana Uniamoci Cantando, que en esta oportunidad de realizar\u00e1 v\u00eda Streaming.<\/p>\n<p>&nbsp;<\/p>\n<p>Los alumnos inscritos participar\u00e1n en las categor\u00edas \u00abGrupo\u00bb, \u00abSolista\u00bb, \u00abInstrumental\u00bb y \u00abVoci dal Mondo\u00bb.<\/p>\n<p>&nbsp;<\/p>\n<p><a href=\"https:\/\/www.scuola.cl\/sivm\/wp-content\/uploads\/2020\/08\/PROGRAMMA-UNIAMOCI-def-2020.pdf\" target=\"_blank\" rel=\"noopener noreferrer\">Descarga la Programaci\u00f3n<\/a><\/p>\n<p>&nbsp;<\/p>\n<p><a href=\"https:\/\/sites.google.com\/scuola.cl\/arteymusica\/uniamoci\" target=\"_blank\" rel=\"noopener noreferrer\">Ver Transmisi\u00f3n aqu\u00ed<\/a><\/p>\n<p>&nbsp;<\/p>\n<p>Unitevi a noi in questo viaggio nel tempo e nello spazio dalle 14:30, cliccando sul link che trovate sui social e sul vostro tabellone di classroom.<\/p>\n<p>&nbsp;<\/p>\n<p>A continuaci\u00f3n les presentamos al jurado:<\/p>\n<p>&nbsp;<\/p>\n<p><strong>Andrea Tessa, cantante y ex alumna de la Scuola:<\/strong><\/p>\n<p><a href=\"https:\/\/drive.google.com\/file\/d\/1hF-kmEAKABx5CiIL67TwwIqANKyr33c8\/view?usp=sharing\"><img loading=\"lazy\" decoding=\"async\" class=\"alignnone wp-image-13495 size-full\" src=\"https:\/\/www.scuola.cl\/sivm\/wp-content\/uploads\/2020\/08\/a-tessa2.png\" alt=\"\" width=\"399\" height=\"662\" srcset=\"https:\/\/www.scuola.cl\/sivm\/wp-content\/uploads\/2020\/08\/a-tessa2.png 399w, https:\/\/www.scuola.cl\/sivm\/wp-content\/uploads\/2020\/08\/a-tessa2-250x415.png 250w, https:\/\/www.scuola.cl\/sivm\/wp-content\/uploads\/2020\/08\/a-tessa2-120x199.png 120w\" sizes=\"auto, (max-width: 399px) 100vw, 399px\" \/><\/a><\/p>\n<p>&nbsp;<\/p>\n<p><strong>Michelle Espinoza, cantante del grupo Mamasoul:&nbsp;<\/strong><\/p>\n<p>&nbsp;<\/p>\n<p><a href=\"https:\/\/drive.google.com\/file\/d\/1KZVF8-cUE-FSoUkVQnHlorP0jgR7htCw\/view\"><img loading=\"lazy\" decoding=\"async\" class=\"alignnone wp-image-13476\" src=\"https:\/\/www.scuola.cl\/sivm\/wp-content\/uploads\/2020\/08\/muchelle-web.png\" alt=\"\" width=\"322\" height=\"501\" srcset=\"https:\/\/www.scuola.cl\/sivm\/wp-content\/uploads\/2020\/08\/muchelle-web.png 281w, https:\/\/www.scuola.cl\/sivm\/wp-content\/uploads\/2020\/08\/muchelle-web-250x389.png 250w, https:\/\/www.scuola.cl\/sivm\/wp-content\/uploads\/2020\/08\/muchelle-web-120x187.png 120w\" sizes=\"auto, (max-width: 322px) 100vw, 322px\" \/><\/a><\/p>\n<p>&nbsp;<\/p>\n<p><strong>Camila Mu\u00f1oz, ex alumna y participante del Uniamoci:<\/strong><\/p>\n<p>&nbsp;<\/p>\n<div style=\"width: 540px;\" class=\"wp-video\"><!--[if lt IE 9]><script>document.createElement('video');<\/script><![endif]-->\n<video class=\"wp-video-shortcode\" id=\"video-13434-1\" width=\"540\" height=\"960\" preload=\"metadata\" controls=\"controls\"><source type=\"video\/mp4\" src=\"https:\/\/www.scuola.cl\/sivm\/wp-content\/uploads\/2020\/08\/Jurado-1.mp4?_=1\" \/><a href=\"https:\/\/www.scuola.cl\/sivm\/wp-content\/uploads\/2020\/08\/Jurado-1.mp4\">https:\/\/www.scuola.cl\/sivm\/wp-content\/uploads\/2020\/08\/Jurado-1.mp4<\/a><\/video><\/div>\n<p>&nbsp;<\/p>\n<p><strong>Fernanda Henr\u00edquez, profesora de Ed. F\u00edsica y Cantante de m\u00fasica popular:<\/strong><\/p>\n<p>&nbsp;<\/p>\n<div style=\"width: 540px;\" class=\"wp-video\"><video class=\"wp-video-shortcode\" id=\"video-13434-2\" width=\"540\" height=\"960\" preload=\"metadata\" controls=\"controls\"><source type=\"video\/mp4\" src=\"https:\/\/www.scuola.cl\/sivm\/wp-content\/uploads\/2020\/08\/Jurado-2.mp4?_=2\" \/><a href=\"https:\/\/www.scuola.cl\/sivm\/wp-content\/uploads\/2020\/08\/Jurado-2.mp4\">https:\/\/www.scuola.cl\/sivm\/wp-content\/uploads\/2020\/08\/Jurado-2.mp4<\/a><\/video><\/div>\n<p>&nbsp;<\/p>\n<p><strong>Silvia Bandera, pianista y profesora de m\u00fasica de la Scuola:<\/strong><\/p>\n<p>&nbsp;<\/p>\n<div style=\"width: 540px;\" class=\"wp-video\"><video class=\"wp-video-shortcode\" id=\"video-13434-3\" width=\"540\" height=\"960\" preload=\"metadata\" controls=\"controls\"><source type=\"video\/mp4\" src=\"https:\/\/www.scuola.cl\/sivm\/wp-content\/uploads\/2020\/08\/Jurado-3.mp4?_=3\" \/><a href=\"https:\/\/www.scuola.cl\/sivm\/wp-content\/uploads\/2020\/08\/Jurado-3.mp4\">https:\/\/www.scuola.cl\/sivm\/wp-content\/uploads\/2020\/08\/Jurado-3.mp4<\/a><\/video><\/div>\n","protected":false},"excerpt":{"rendered":"El 2, 3 y 4 de septiembre realizaremos el Uniamoci Cantando 2020, que en esta oportunidad ser\u00e1 v\u00eda Streaming. Los alumnos inscritos participar\u00e1n en las categor\u00edas \u00abGrupo\u00bb, \u00abSolista\u00bb, \u00abInstrumental\u00bb y \u00abVoci dal Mondo\u00bb.","protected":false},"author":2,"featured_media":13436,"comment_status":"closed","ping_status":"closed","sticky":false,"template":"","format":"standard","meta":{"_acf_changed":false,"footnotes":""},"categories":[22,5],"tags":[],"class_list":["post-13434","post","type-post","status-publish","format-standard","has-post-thumbnail","hentry","category-cultura","category-noticias"],"acf":[],"yoast_head":"<!-- This site is optimized with the Yoast SEO plugin v27.1.1 - https:\/\/yoast.com\/product\/yoast-seo-wordpress\/ -->\n<title>Sigue la transmisi\u00f3n del Uniamoci - Scuola Italiana<\/title>\n<meta name=\"robots\" content=\"index, follow, max-snippet:-1, max-image-preview:large, max-video-preview:-1\" \/>\n<link rel=\"canonical\" href=\"https:\/\/www.scuola.cl\/sivm\/sigue-la-transmision-del-uniamoci-2020\/\" \/>\n<meta property=\"og:locale\" content=\"es_ES\" \/>\n<meta property=\"og:type\" content=\"article\" \/>\n<meta property=\"og:title\" content=\"Sigue la transmisi\u00f3n del Uniamoci - Scuola Italiana\" \/>\n<meta property=\"og:description\" content=\"El 2, 3 y 4 de septiembre realizaremos el Uniamoci Cantando 2020, que en esta oportunidad ser\u00e1 v\u00eda Streaming. Los alumnos inscritos participar\u00e1n en las categor\u00edas &quot;Grupo&quot;, &quot;Solista&quot;, &quot;Instrumental&quot; y &quot;Voci dal Mondo&quot;.\" \/>\n<meta property=\"og:url\" content=\"https:\/\/www.scuola.cl\/sivm\/sigue-la-transmision-del-uniamoci-2020\/\" \/>\n<meta property=\"og:site_name\" content=\"Scuola Italiana\" \/>\n<meta property=\"article:published_time\" content=\"2020-08-04T19:35:00+00:00\" \/>\n<meta property=\"article:modified_time\" content=\"2020-09-05T00:30:46+00:00\" \/>\n<meta property=\"og:image\" content=\"https:\/\/www.scuola.cl\/sivm\/wp-content\/uploads\/2020\/08\/uniamoci-web.jpg\" \/>\n\t<meta property=\"og:image:width\" content=\"900\" \/>\n\t<meta property=\"og:image:height\" content=\"610\" \/>\n\t<meta property=\"og:image:type\" content=\"image\/jpeg\" \/>\n<meta name=\"author\" content=\"Comunicaciones\" \/>\n<meta name=\"twitter:card\" content=\"summary_large_image\" \/>\n<meta name=\"twitter:label1\" content=\"Escrito por\" \/>\n\t<meta name=\"twitter:data1\" content=\"Comunicaciones\" \/>\n\t<meta name=\"twitter:label2\" content=\"Tiempo de lectura\" \/>\n\t<meta name=\"twitter:data2\" content=\"1 minuto\" \/>\n<script type=\"application\/ld+json\" class=\"yoast-schema-graph\">{\"@context\":\"https:\/\/schema.org\",\"@graph\":[{\"@type\":\"Article\",\"@id\":\"https:\/\/www.scuola.cl\/sivm\/sigue-la-transmision-del-uniamoci-2020\/#article\",\"isPartOf\":{\"@id\":\"https:\/\/www.scuola.cl\/sivm\/sigue-la-transmision-del-uniamoci-2020\/\"},\"author\":{\"name\":\"Comunicaciones\",\"@id\":\"https:\/\/www.scuola.cl\/sivm\/#\/schema\/person\/2ac68abc1b548ee6d8e16c4d3727d1b2\"},\"headline\":\"Sigue la transmisi\u00f3n del Uniamoci\",\"datePublished\":\"2020-08-04T19:35:00+00:00\",\"dateModified\":\"2020-09-05T00:30:46+00:00\",\"mainEntityOfPage\":{\"@id\":\"https:\/\/www.scuola.cl\/sivm\/sigue-la-transmision-del-uniamoci-2020\/\"},\"wordCount\":195,\"publisher\":{\"@id\":\"https:\/\/www.scuola.cl\/sivm\/#organization\"},\"image\":{\"@id\":\"https:\/\/www.scuola.cl\/sivm\/sigue-la-transmision-del-uniamoci-2020\/#primaryimage\"},\"thumbnailUrl\":\"https:\/\/www.scuola.cl\/sivm\/wp-content\/uploads\/2020\/08\/uniamoci-web.jpg\",\"articleSection\":[\"Cultura\",\"Noticias\"],\"inLanguage\":\"es\"},{\"@type\":\"WebPage\",\"@id\":\"https:\/\/www.scuola.cl\/sivm\/sigue-la-transmision-del-uniamoci-2020\/\",\"url\":\"https:\/\/www.scuola.cl\/sivm\/sigue-la-transmision-del-uniamoci-2020\/\",\"name\":\"Sigue la transmisi\u00f3n del Uniamoci - Scuola Italiana\",\"isPartOf\":{\"@id\":\"https:\/\/www.scuola.cl\/sivm\/#website\"},\"primaryImageOfPage\":{\"@id\":\"https:\/\/www.scuola.cl\/sivm\/sigue-la-transmision-del-uniamoci-2020\/#primaryimage\"},\"image\":{\"@id\":\"https:\/\/www.scuola.cl\/sivm\/sigue-la-transmision-del-uniamoci-2020\/#primaryimage\"},\"thumbnailUrl\":\"https:\/\/www.scuola.cl\/sivm\/wp-content\/uploads\/2020\/08\/uniamoci-web.jpg\",\"datePublished\":\"2020-08-04T19:35:00+00:00\",\"dateModified\":\"2020-09-05T00:30:46+00:00\",\"breadcrumb\":{\"@id\":\"https:\/\/www.scuola.cl\/sivm\/sigue-la-transmision-del-uniamoci-2020\/#breadcrumb\"},\"inLanguage\":\"es\",\"potentialAction\":[{\"@type\":\"ReadAction\",\"target\":[\"https:\/\/www.scuola.cl\/sivm\/sigue-la-transmision-del-uniamoci-2020\/\"]}]},{\"@type\":\"ImageObject\",\"inLanguage\":\"es\",\"@id\":\"https:\/\/www.scuola.cl\/sivm\/sigue-la-transmision-del-uniamoci-2020\/#primaryimage\",\"url\":\"https:\/\/www.scuola.cl\/sivm\/wp-content\/uploads\/2020\/08\/uniamoci-web.jpg\",\"contentUrl\":\"https:\/\/www.scuola.cl\/sivm\/wp-content\/uploads\/2020\/08\/uniamoci-web.jpg\",\"width\":900,\"height\":610},{\"@type\":\"BreadcrumbList\",\"@id\":\"https:\/\/www.scuola.cl\/sivm\/sigue-la-transmision-del-uniamoci-2020\/#breadcrumb\",\"itemListElement\":[{\"@type\":\"ListItem\",\"position\":1,\"name\":\"Inicio\",\"item\":\"https:\/\/www.scuola.cl\/sivm\/\"},{\"@type\":\"ListItem\",\"position\":2,\"name\":\"Noticias\",\"item\":\"https:\/\/www.scuola.cl\/sivm\/category\/noticias\/\"},{\"@type\":\"ListItem\",\"position\":3,\"name\":\"Sigue la transmisi\u00f3n del Uniamoci\"}]},{\"@type\":\"WebSite\",\"@id\":\"https:\/\/www.scuola.cl\/sivm\/#website\",\"url\":\"https:\/\/www.scuola.cl\/sivm\/\",\"name\":\"Scuola Italiana\",\"description\":\"Vittorio Montiglio\",\"publisher\":{\"@id\":\"https:\/\/www.scuola.cl\/sivm\/#organization\"},\"potentialAction\":[{\"@type\":\"SearchAction\",\"target\":{\"@type\":\"EntryPoint\",\"urlTemplate\":\"https:\/\/www.scuola.cl\/sivm\/?s={search_term_string}\"},\"query-input\":{\"@type\":\"PropertyValueSpecification\",\"valueRequired\":true,\"valueName\":\"search_term_string\"}}],\"inLanguage\":\"es\"},{\"@type\":\"Organization\",\"@id\":\"https:\/\/www.scuola.cl\/sivm\/#organization\",\"name\":\"Scuola Italiana Vittorio Montiglio\",\"url\":\"https:\/\/www.scuola.cl\/sivm\/\",\"logo\":{\"@type\":\"ImageObject\",\"inLanguage\":\"es\",\"@id\":\"https:\/\/www.scuola.cl\/sivm\/#\/schema\/logo\/image\/\",\"url\":\"https:\/\/www.scuola.cl\/sivm\/wp-content\/uploads\/2019\/06\/Logo_Scuola-01-001-1000x1000.png\",\"contentUrl\":\"https:\/\/www.scuola.cl\/sivm\/wp-content\/uploads\/2019\/06\/Logo_Scuola-01-001-1000x1000.png\",\"width\":1000,\"height\":1000,\"caption\":\"Scuola Italiana Vittorio Montiglio\"},\"image\":{\"@id\":\"https:\/\/www.scuola.cl\/sivm\/#\/schema\/logo\/image\/\"}},{\"@type\":\"Person\",\"@id\":\"https:\/\/www.scuola.cl\/sivm\/#\/schema\/person\/2ac68abc1b548ee6d8e16c4d3727d1b2\",\"name\":\"Comunicaciones\",\"image\":{\"@type\":\"ImageObject\",\"inLanguage\":\"es\",\"@id\":\"https:\/\/www.scuola.cl\/sivm\/#\/schema\/person\/image\/\",\"url\":\"https:\/\/secure.gravatar.com\/avatar\/0b29fd7cdce1ec9939eded19ce85d6ed73acf03fb52d098b0641aed356fe6aeb?s=96&d=mm&r=g\",\"contentUrl\":\"https:\/\/secure.gravatar.com\/avatar\/0b29fd7cdce1ec9939eded19ce85d6ed73acf03fb52d098b0641aed356fe6aeb?s=96&d=mm&r=g\",\"caption\":\"Comunicaciones\"},\"url\":\"https:\/\/www.scuola.cl\/sivm\/author\/comunicaciones-scuola\/\"}]}<\/script>\n<!-- \/ Yoast SEO plugin. -->","yoast_head_json":{"title":"Sigue la transmisi\u00f3n del Uniamoci - Scuola Italiana","robots":{"index":"index","follow":"follow","max-snippet":"max-snippet:-1","max-image-preview":"max-image-preview:large","max-video-preview":"max-video-preview:-1"},"canonical":"https:\/\/www.scuola.cl\/sivm\/sigue-la-transmision-del-uniamoci-2020\/","og_locale":"es_ES","og_type":"article","og_title":"Sigue la transmisi\u00f3n del Uniamoci - Scuola Italiana","og_description":"El 2, 3 y 4 de septiembre realizaremos el Uniamoci Cantando 2020, que en esta oportunidad ser\u00e1 v\u00eda Streaming. Los alumnos inscritos participar\u00e1n en las categor\u00edas \"Grupo\", \"Solista\", \"Instrumental\" y \"Voci dal Mondo\".","og_url":"https:\/\/www.scuola.cl\/sivm\/sigue-la-transmision-del-uniamoci-2020\/","og_site_name":"Scuola Italiana","article_published_time":"2020-08-04T19:35:00+00:00","article_modified_time":"2020-09-05T00:30:46+00:00","og_image":[{"width":900,"height":610,"url":"https:\/\/www.scuola.cl\/sivm\/wp-content\/uploads\/2020\/08\/uniamoci-web.jpg","type":"image\/jpeg"}],"author":"Comunicaciones","twitter_card":"summary_large_image","twitter_misc":{"Escrito por":"Comunicaciones","Tiempo de lectura":"1 minuto"},"schema":{"@context":"https:\/\/schema.org","@graph":[{"@type":"Article","@id":"https:\/\/www.scuola.cl\/sivm\/sigue-la-transmision-del-uniamoci-2020\/#article","isPartOf":{"@id":"https:\/\/www.scuola.cl\/sivm\/sigue-la-transmision-del-uniamoci-2020\/"},"author":{"name":"Comunicaciones","@id":"https:\/\/www.scuola.cl\/sivm\/#\/schema\/person\/2ac68abc1b548ee6d8e16c4d3727d1b2"},"headline":"Sigue la transmisi\u00f3n del Uniamoci","datePublished":"2020-08-04T19:35:00+00:00","dateModified":"2020-09-05T00:30:46+00:00","mainEntityOfPage":{"@id":"https:\/\/www.scuola.cl\/sivm\/sigue-la-transmision-del-uniamoci-2020\/"},"wordCount":195,"publisher":{"@id":"https:\/\/www.scuola.cl\/sivm\/#organization"},"image":{"@id":"https:\/\/www.scuola.cl\/sivm\/sigue-la-transmision-del-uniamoci-2020\/#primaryimage"},"thumbnailUrl":"https:\/\/www.scuola.cl\/sivm\/wp-content\/uploads\/2020\/08\/uniamoci-web.jpg","articleSection":["Cultura","Noticias"],"inLanguage":"es"},{"@type":"WebPage","@id":"https:\/\/www.scuola.cl\/sivm\/sigue-la-transmision-del-uniamoci-2020\/","url":"https:\/\/www.scuola.cl\/sivm\/sigue-la-transmision-del-uniamoci-2020\/","name":"Sigue la transmisi\u00f3n del Uniamoci - Scuola Italiana","isPartOf":{"@id":"https:\/\/www.scuola.cl\/sivm\/#website"},"primaryImageOfPage":{"@id":"https:\/\/www.scuola.cl\/sivm\/sigue-la-transmision-del-uniamoci-2020\/#primaryimage"},"image":{"@id":"https:\/\/www.scuola.cl\/sivm\/sigue-la-transmision-del-uniamoci-2020\/#primaryimage"},"thumbnailUrl":"https:\/\/www.scuola.cl\/sivm\/wp-content\/uploads\/2020\/08\/uniamoci-web.jpg","datePublished":"2020-08-04T19:35:00+00:00","dateModified":"2020-09-05T00:30:46+00:00","breadcrumb":{"@id":"https:\/\/www.scuola.cl\/sivm\/sigue-la-transmision-del-uniamoci-2020\/#breadcrumb"},"inLanguage":"es","potentialAction":[{"@type":"ReadAction","target":["https:\/\/www.scuola.cl\/sivm\/sigue-la-transmision-del-uniamoci-2020\/"]}]},{"@type":"ImageObject","inLanguage":"es","@id":"https:\/\/www.scuola.cl\/sivm\/sigue-la-transmision-del-uniamoci-2020\/#primaryimage","url":"https:\/\/www.scuola.cl\/sivm\/wp-content\/uploads\/2020\/08\/uniamoci-web.jpg","contentUrl":"https:\/\/www.scuola.cl\/sivm\/wp-content\/uploads\/2020\/08\/uniamoci-web.jpg","width":900,"height":610},{"@type":"BreadcrumbList","@id":"https:\/\/www.scuola.cl\/sivm\/sigue-la-transmision-del-uniamoci-2020\/#breadcrumb","itemListElement":[{"@type":"ListItem","position":1,"name":"Inicio","item":"https:\/\/www.scuola.cl\/sivm\/"},{"@type":"ListItem","position":2,"name":"Noticias","item":"https:\/\/www.scuola.cl\/sivm\/category\/noticias\/"},{"@type":"ListItem","position":3,"name":"Sigue la transmisi\u00f3n del Uniamoci"}]},{"@type":"WebSite","@id":"https:\/\/www.scuola.cl\/sivm\/#website","url":"https:\/\/www.scuola.cl\/sivm\/","name":"Scuola Italiana","description":"Vittorio Montiglio","publisher":{"@id":"https:\/\/www.scuola.cl\/sivm\/#organization"},"potentialAction":[{"@type":"SearchAction","target":{"@type":"EntryPoint","urlTemplate":"https:\/\/www.scuola.cl\/sivm\/?s={search_term_string}"},"query-input":{"@type":"PropertyValueSpecification","valueRequired":true,"valueName":"search_term_string"}}],"inLanguage":"es"},{"@type":"Organization","@id":"https:\/\/www.scuola.cl\/sivm\/#organization","name":"Scuola Italiana Vittorio Montiglio","url":"https:\/\/www.scuola.cl\/sivm\/","logo":{"@type":"ImageObject","inLanguage":"es","@id":"https:\/\/www.scuola.cl\/sivm\/#\/schema\/logo\/image\/","url":"https:\/\/www.scuola.cl\/sivm\/wp-content\/uploads\/2019\/06\/Logo_Scuola-01-001-1000x1000.png","contentUrl":"https:\/\/www.scuola.cl\/sivm\/wp-content\/uploads\/2019\/06\/Logo_Scuola-01-001-1000x1000.png","width":1000,"height":1000,"caption":"Scuola Italiana Vittorio Montiglio"},"image":{"@id":"https:\/\/www.scuola.cl\/sivm\/#\/schema\/logo\/image\/"}},{"@type":"Person","@id":"https:\/\/www.scuola.cl\/sivm\/#\/schema\/person\/2ac68abc1b548ee6d8e16c4d3727d1b2","name":"Comunicaciones","image":{"@type":"ImageObject","inLanguage":"es","@id":"https:\/\/www.scuola.cl\/sivm\/#\/schema\/person\/image\/","url":"https:\/\/secure.gravatar.com\/avatar\/0b29fd7cdce1ec9939eded19ce85d6ed73acf03fb52d098b0641aed356fe6aeb?s=96&d=mm&r=g","contentUrl":"https:\/\/secure.gravatar.com\/avatar\/0b29fd7cdce1ec9939eded19ce85d6ed73acf03fb52d098b0641aed356fe6aeb?s=96&d=mm&r=g","caption":"Comunicaciones"},"url":"https:\/\/www.scuola.cl\/sivm\/author\/comunicaciones-scuola\/"}]}},"_links":{"self":[{"href":"https:\/\/www.scuola.cl\/sivm\/wp-json\/wp\/v2\/posts\/13434","targetHints":{"allow":["GET"]}}],"collection":[{"href":"https:\/\/www.scuola.cl\/sivm\/wp-json\/wp\/v2\/posts"}],"about":[{"href":"https:\/\/www.scuola.cl\/sivm\/wp-json\/wp\/v2\/types\/post"}],"author":[{"embeddable":true,"href":"https:\/\/www.scuola.cl\/sivm\/wp-json\/wp\/v2\/users\/2"}],"replies":[{"embeddable":true,"href":"https:\/\/www.scuola.cl\/sivm\/wp-json\/wp\/v2\/comments?post=13434"}],"version-history":[{"count":30,"href":"https:\/\/www.scuola.cl\/sivm\/wp-json\/wp\/v2\/posts\/13434\/revisions"}],"predecessor-version":[{"id":13498,"href":"https:\/\/www.scuola.cl\/sivm\/wp-json\/wp\/v2\/posts\/13434\/revisions\/13498"}],"wp:featuredmedia":[{"embeddable":true,"href":"https:\/\/www.scuola.cl\/sivm\/wp-json\/wp\/v2\/media\/13436"}],"wp:attachment":[{"href":"https:\/\/www.scuola.cl\/sivm\/wp-json\/wp\/v2\/media?parent=13434"}],"wp:term":[{"taxonomy":"category","embeddable":true,"href":"https:\/\/www.scuola.cl\/sivm\/wp-json\/wp\/v2\/categories?post=13434"},{"taxonomy":"post_tag","embeddable":true,"href":"https:\/\/www.scuola.cl\/sivm\/wp-json\/wp\/v2\/tags?post=13434"}],"curies":[{"name":"wp","href":"https:\/\/api.w.org\/{rel}","templated":true}]}}