{"id":1265,"date":"2016-08-29T14:36:23","date_gmt":"2016-08-29T17:36:23","guid":{"rendered":"http:\/\/www.scuola.cl\/sivm\/?p=1265"},"modified":"2016-11-15T15:28:26","modified_gmt":"2016-11-15T18:28:26","slug":"sfilata-di-moda","status":"publish","type":"post","link":"https:\/\/www.scuola.cl\/sivm\/sfilata-di-moda\/","title":{"rendered":"Sfilata di Moda"},"content":{"rendered":"<p>Los padres y alumnos de II\u00ba Medio los invitan a la Sfilata di Moda Pro Fondos viaje de estudios 2017, que se realizar\u00e1 el viernes 9 de septiembre a las 20:00 Hrs. en el Sal\u00f3n Michelangelo del Stadio Italiano.<br \/>\nEste evento contar\u00e1 con la animaci\u00f3n de nuestra querida apoderada y gran animadora Claudia Conserva.<br \/>\nHabr\u00e1 un rico c\u00f3ctel de bienvenida y muchas sorpresas y premios durante el evento.<br \/>\nLos invitamos a apoyar las nuevas generaciones de modelos Scuola:<\/p>\n<p>De 1\u00b0 a 3\u00b0 b\u00e1sico: Fiorenza Gambi, Camila Conca, Roberta Pe\u00f1afiel, Colomba Carniglia, Isabella Cannoni, Bianca Donnelly, Francesca Pisani, Luca Monticelli, Valentino Spinetto y Adriano Solari.<\/p>\n<p>De 4\u00b0 a 7\u00b0 B\u00e1sico: Javiera Gonz\u00e1lez, Martina Vallerini, Catalina Zamora, Fiorenza Imperatore, Catalina Rojas, Sofia Castillo, Martina C\u00f3rdova, Sofia Binetti, Magdalena Arteche, Yael Monticelli, Sofia Conca, Valentina Maestri e Isabella Pescetto.<\/p>\n<p>De I\u00b0 a IV\u00b0 Medio: Massimiliano Valdatta, Gianfranco Carniglia, Santiago Castillo, Tommaso Gritti, Ottavia Martini, Carlo Vitali, Franco Caiozzi, Maximiliano Ramirez, Ma Jesus Aguirre, Antonia Ferretti, Isidora Arn\u00e9s, Roc\u00edo Argomedo, Ma Jos\u00e9 Zentilli, Antonia Soto y Martina Gerola.<\/p>\n<p>Venta de entradas: (Sector Lupa)<br \/>\nViernes 2 septiembre: Scuola<br \/>\n7:45-8:15 Hrs. \/ 12:45-14:15 Hrs.<\/p>\n<p>Lunes 5 septiembre: Scuola<br \/>\n7:45-8:15 Hrs.\/ 12:45-13:15 Hrs.\/ 15:45-16:15 Hrs<\/p>\n<p>Martes 6 septiembre<br \/>\nStadio Italiano<\/p>\n<p>Mi\u00e9rcoles 7 septiembre Scuola<br \/>\n7:45-8:15 12:45-14:15 Hrs.<\/p>\n<p>Jueves 8 septiembre<br \/>\nStadio Italiano<\/p>\n<p>Viernes 9 septiembre Scuola<br \/>\n12:45-14:15 Hrs.<\/p>\n<p>&nbsp;<\/p>\n<p>&nbsp;<\/p>\n<p>Se podr\u00e1n solicitar tambi\u00e9n al mail viaggiostudio2017@gmail.com<\/p>\n<p>&nbsp;<\/p>\n<p>&nbsp;<\/p>\n<p>Los invitamos a poner me gusta en nuestras redes sociales.<\/p>\n<p>Facebook: Sfilata di Moda Scuola italiana \/ Instagram: sfilata_di_moda2016<\/p>\n<p>&nbsp;<\/p>\n<p>&nbsp;<\/p>\n<p>Atentamente,<br \/>\nComisi\u00f3n Viaggio 2017<\/p>\n","protected":false},"excerpt":{"rendered":"Los padres y alumnos de II\u00ba Medio los invitan a la Sfilata di Moda Pro Fondos viaje de estudios 2017, que se realizar\u00e1 el viernes 9 de septiembre a las 20:00 Hrs. en el Sal\u00f3n Michelangelo del Stadio Italiano.","protected":false},"author":2,"featured_media":1266,"comment_status":"open","ping_status":"open","sticky":false,"template":"","format":"standard","meta":{"_acf_changed":false,"footnotes":""},"categories":[25,5],"tags":[],"class_list":["post-1265","post","type-post","status-publish","format-standard","has-post-thumbnail","hentry","category-dvei","category-noticias"],"acf":[],"yoast_head":"<!-- This site is optimized with the Yoast SEO plugin v27.1.1 - https:\/\/yoast.com\/product\/yoast-seo-wordpress\/ -->\n<title>Sfilata di Moda - Scuola Italiana<\/title>\n<meta name=\"robots\" content=\"index, follow, max-snippet:-1, max-image-preview:large, max-video-preview:-1\" \/>\n<link rel=\"canonical\" href=\"https:\/\/www.scuola.cl\/sivm\/sfilata-di-moda\/\" \/>\n<meta property=\"og:locale\" content=\"es_ES\" \/>\n<meta property=\"og:type\" content=\"article\" \/>\n<meta property=\"og:title\" content=\"Sfilata di Moda - Scuola Italiana\" \/>\n<meta property=\"og:description\" content=\"Los padres y alumnos de II\u00ba Medio los invitan a la Sfilata di Moda Pro Fondos viaje de estudios 2017, que se realizar\u00e1 el viernes 9 de septiembre a las 20:00 Hrs. en el Sal\u00f3n Michelangelo del Stadio Italiano.\" \/>\n<meta property=\"og:url\" content=\"https:\/\/www.scuola.cl\/sivm\/sfilata-di-moda\/\" \/>\n<meta property=\"og:site_name\" content=\"Scuola Italiana\" \/>\n<meta property=\"article:published_time\" content=\"2016-08-29T17:36:23+00:00\" \/>\n<meta property=\"article:modified_time\" content=\"2016-11-15T18:28:26+00:00\" \/>\n<meta property=\"og:image\" content=\"https:\/\/www.scuola.cl\/sivm\/wp-content\/uploads\/2016\/11\/Sfilata.jpg\" \/>\n\t<meta property=\"og:image:width\" content=\"900\" \/>\n\t<meta property=\"og:image:height\" content=\"610\" \/>\n\t<meta property=\"og:image:type\" content=\"image\/jpeg\" \/>\n<meta name=\"author\" content=\"Comunicaciones\" \/>\n<meta name=\"twitter:card\" content=\"summary_large_image\" \/>\n<meta name=\"twitter:label1\" content=\"Escrito por\" \/>\n\t<meta name=\"twitter:data1\" content=\"Comunicaciones\" \/>\n\t<meta name=\"twitter:label2\" content=\"Tiempo de lectura\" \/>\n\t<meta name=\"twitter:data2\" content=\"1 minuto\" \/>\n<script type=\"application\/ld+json\" class=\"yoast-schema-graph\">{\"@context\":\"https:\/\/schema.org\",\"@graph\":[{\"@type\":\"Article\",\"@id\":\"https:\/\/www.scuola.cl\/sivm\/sfilata-di-moda\/#article\",\"isPartOf\":{\"@id\":\"https:\/\/www.scuola.cl\/sivm\/sfilata-di-moda\/\"},\"author\":{\"name\":\"Comunicaciones\",\"@id\":\"https:\/\/www.scuola.cl\/sivm\/#\/schema\/person\/2ac68abc1b548ee6d8e16c4d3727d1b2\"},\"headline\":\"Sfilata di Moda\",\"datePublished\":\"2016-08-29T17:36:23+00:00\",\"dateModified\":\"2016-11-15T18:28:26+00:00\",\"mainEntityOfPage\":{\"@id\":\"https:\/\/www.scuola.cl\/sivm\/sfilata-di-moda\/\"},\"wordCount\":262,\"commentCount\":0,\"publisher\":{\"@id\":\"https:\/\/www.scuola.cl\/sivm\/#organization\"},\"image\":{\"@id\":\"https:\/\/www.scuola.cl\/sivm\/sfilata-di-moda\/#primaryimage\"},\"thumbnailUrl\":\"https:\/\/www.scuola.cl\/sivm\/wp-content\/uploads\/2016\/11\/Sfilata.jpg\",\"articleSection\":[\"DVEI\",\"Noticias\"],\"inLanguage\":\"es\",\"potentialAction\":[{\"@type\":\"CommentAction\",\"name\":\"Comment\",\"target\":[\"https:\/\/www.scuola.cl\/sivm\/sfilata-di-moda\/#respond\"]}]},{\"@type\":\"WebPage\",\"@id\":\"https:\/\/www.scuola.cl\/sivm\/sfilata-di-moda\/\",\"url\":\"https:\/\/www.scuola.cl\/sivm\/sfilata-di-moda\/\",\"name\":\"Sfilata di Moda - Scuola Italiana\",\"isPartOf\":{\"@id\":\"https:\/\/www.scuola.cl\/sivm\/#website\"},\"primaryImageOfPage\":{\"@id\":\"https:\/\/www.scuola.cl\/sivm\/sfilata-di-moda\/#primaryimage\"},\"image\":{\"@id\":\"https:\/\/www.scuola.cl\/sivm\/sfilata-di-moda\/#primaryimage\"},\"thumbnailUrl\":\"https:\/\/www.scuola.cl\/sivm\/wp-content\/uploads\/2016\/11\/Sfilata.jpg\",\"datePublished\":\"2016-08-29T17:36:23+00:00\",\"dateModified\":\"2016-11-15T18:28:26+00:00\",\"breadcrumb\":{\"@id\":\"https:\/\/www.scuola.cl\/sivm\/sfilata-di-moda\/#breadcrumb\"},\"inLanguage\":\"es\",\"potentialAction\":[{\"@type\":\"ReadAction\",\"target\":[\"https:\/\/www.scuola.cl\/sivm\/sfilata-di-moda\/\"]}]},{\"@type\":\"ImageObject\",\"inLanguage\":\"es\",\"@id\":\"https:\/\/www.scuola.cl\/sivm\/sfilata-di-moda\/#primaryimage\",\"url\":\"https:\/\/www.scuola.cl\/sivm\/wp-content\/uploads\/2016\/11\/Sfilata.jpg\",\"contentUrl\":\"https:\/\/www.scuola.cl\/sivm\/wp-content\/uploads\/2016\/11\/Sfilata.jpg\",\"width\":900,\"height\":610},{\"@type\":\"BreadcrumbList\",\"@id\":\"https:\/\/www.scuola.cl\/sivm\/sfilata-di-moda\/#breadcrumb\",\"itemListElement\":[{\"@type\":\"ListItem\",\"position\":1,\"name\":\"Inicio\",\"item\":\"https:\/\/www.scuola.cl\/sivm\/\"},{\"@type\":\"ListItem\",\"position\":2,\"name\":\"Noticias\",\"item\":\"https:\/\/www.scuola.cl\/sivm\/category\/noticias\/\"},{\"@type\":\"ListItem\",\"position\":3,\"name\":\"Sfilata di Moda\"}]},{\"@type\":\"WebSite\",\"@id\":\"https:\/\/www.scuola.cl\/sivm\/#website\",\"url\":\"https:\/\/www.scuola.cl\/sivm\/\",\"name\":\"Scuola Italiana\",\"description\":\"Vittorio Montiglio\",\"publisher\":{\"@id\":\"https:\/\/www.scuola.cl\/sivm\/#organization\"},\"potentialAction\":[{\"@type\":\"SearchAction\",\"target\":{\"@type\":\"EntryPoint\",\"urlTemplate\":\"https:\/\/www.scuola.cl\/sivm\/?s={search_term_string}\"},\"query-input\":{\"@type\":\"PropertyValueSpecification\",\"valueRequired\":true,\"valueName\":\"search_term_string\"}}],\"inLanguage\":\"es\"},{\"@type\":\"Organization\",\"@id\":\"https:\/\/www.scuola.cl\/sivm\/#organization\",\"name\":\"Scuola Italiana Vittorio Montiglio\",\"url\":\"https:\/\/www.scuola.cl\/sivm\/\",\"logo\":{\"@type\":\"ImageObject\",\"inLanguage\":\"es\",\"@id\":\"https:\/\/www.scuola.cl\/sivm\/#\/schema\/logo\/image\/\",\"url\":\"https:\/\/www.scuola.cl\/sivm\/wp-content\/uploads\/2019\/06\/Logo_Scuola-01-001-1000x1000.png\",\"contentUrl\":\"https:\/\/www.scuola.cl\/sivm\/wp-content\/uploads\/2019\/06\/Logo_Scuola-01-001-1000x1000.png\",\"width\":1000,\"height\":1000,\"caption\":\"Scuola Italiana Vittorio Montiglio\"},\"image\":{\"@id\":\"https:\/\/www.scuola.cl\/sivm\/#\/schema\/logo\/image\/\"}},{\"@type\":\"Person\",\"@id\":\"https:\/\/www.scuola.cl\/sivm\/#\/schema\/person\/2ac68abc1b548ee6d8e16c4d3727d1b2\",\"name\":\"Comunicaciones\",\"image\":{\"@type\":\"ImageObject\",\"inLanguage\":\"es\",\"@id\":\"https:\/\/www.scuola.cl\/sivm\/#\/schema\/person\/image\/\",\"url\":\"https:\/\/secure.gravatar.com\/avatar\/0b29fd7cdce1ec9939eded19ce85d6ed73acf03fb52d098b0641aed356fe6aeb?s=96&d=mm&r=g\",\"contentUrl\":\"https:\/\/secure.gravatar.com\/avatar\/0b29fd7cdce1ec9939eded19ce85d6ed73acf03fb52d098b0641aed356fe6aeb?s=96&d=mm&r=g\",\"caption\":\"Comunicaciones\"},\"url\":\"https:\/\/www.scuola.cl\/sivm\/author\/comunicaciones-scuola\/\"}]}<\/script>\n<!-- \/ Yoast SEO plugin. -->","yoast_head_json":{"title":"Sfilata di Moda - Scuola Italiana","robots":{"index":"index","follow":"follow","max-snippet":"max-snippet:-1","max-image-preview":"max-image-preview:large","max-video-preview":"max-video-preview:-1"},"canonical":"https:\/\/www.scuola.cl\/sivm\/sfilata-di-moda\/","og_locale":"es_ES","og_type":"article","og_title":"Sfilata di Moda - Scuola Italiana","og_description":"Los padres y alumnos de II\u00ba Medio los invitan a la Sfilata di Moda Pro Fondos viaje de estudios 2017, que se realizar\u00e1 el viernes 9 de septiembre a las 20:00 Hrs. en el Sal\u00f3n Michelangelo del Stadio Italiano.","og_url":"https:\/\/www.scuola.cl\/sivm\/sfilata-di-moda\/","og_site_name":"Scuola Italiana","article_published_time":"2016-08-29T17:36:23+00:00","article_modified_time":"2016-11-15T18:28:26+00:00","og_image":[{"width":900,"height":610,"url":"https:\/\/www.scuola.cl\/sivm\/wp-content\/uploads\/2016\/11\/Sfilata.jpg","type":"image\/jpeg"}],"author":"Comunicaciones","twitter_card":"summary_large_image","twitter_misc":{"Escrito por":"Comunicaciones","Tiempo de lectura":"1 minuto"},"schema":{"@context":"https:\/\/schema.org","@graph":[{"@type":"Article","@id":"https:\/\/www.scuola.cl\/sivm\/sfilata-di-moda\/#article","isPartOf":{"@id":"https:\/\/www.scuola.cl\/sivm\/sfilata-di-moda\/"},"author":{"name":"Comunicaciones","@id":"https:\/\/www.scuola.cl\/sivm\/#\/schema\/person\/2ac68abc1b548ee6d8e16c4d3727d1b2"},"headline":"Sfilata di Moda","datePublished":"2016-08-29T17:36:23+00:00","dateModified":"2016-11-15T18:28:26+00:00","mainEntityOfPage":{"@id":"https:\/\/www.scuola.cl\/sivm\/sfilata-di-moda\/"},"wordCount":262,"commentCount":0,"publisher":{"@id":"https:\/\/www.scuola.cl\/sivm\/#organization"},"image":{"@id":"https:\/\/www.scuola.cl\/sivm\/sfilata-di-moda\/#primaryimage"},"thumbnailUrl":"https:\/\/www.scuola.cl\/sivm\/wp-content\/uploads\/2016\/11\/Sfilata.jpg","articleSection":["DVEI","Noticias"],"inLanguage":"es","potentialAction":[{"@type":"CommentAction","name":"Comment","target":["https:\/\/www.scuola.cl\/sivm\/sfilata-di-moda\/#respond"]}]},{"@type":"WebPage","@id":"https:\/\/www.scuola.cl\/sivm\/sfilata-di-moda\/","url":"https:\/\/www.scuola.cl\/sivm\/sfilata-di-moda\/","name":"Sfilata di Moda - Scuola Italiana","isPartOf":{"@id":"https:\/\/www.scuola.cl\/sivm\/#website"},"primaryImageOfPage":{"@id":"https:\/\/www.scuola.cl\/sivm\/sfilata-di-moda\/#primaryimage"},"image":{"@id":"https:\/\/www.scuola.cl\/sivm\/sfilata-di-moda\/#primaryimage"},"thumbnailUrl":"https:\/\/www.scuola.cl\/sivm\/wp-content\/uploads\/2016\/11\/Sfilata.jpg","datePublished":"2016-08-29T17:36:23+00:00","dateModified":"2016-11-15T18:28:26+00:00","breadcrumb":{"@id":"https:\/\/www.scuola.cl\/sivm\/sfilata-di-moda\/#breadcrumb"},"inLanguage":"es","potentialAction":[{"@type":"ReadAction","target":["https:\/\/www.scuola.cl\/sivm\/sfilata-di-moda\/"]}]},{"@type":"ImageObject","inLanguage":"es","@id":"https:\/\/www.scuola.cl\/sivm\/sfilata-di-moda\/#primaryimage","url":"https:\/\/www.scuola.cl\/sivm\/wp-content\/uploads\/2016\/11\/Sfilata.jpg","contentUrl":"https:\/\/www.scuola.cl\/sivm\/wp-content\/uploads\/2016\/11\/Sfilata.jpg","width":900,"height":610},{"@type":"BreadcrumbList","@id":"https:\/\/www.scuola.cl\/sivm\/sfilata-di-moda\/#breadcrumb","itemListElement":[{"@type":"ListItem","position":1,"name":"Inicio","item":"https:\/\/www.scuola.cl\/sivm\/"},{"@type":"ListItem","position":2,"name":"Noticias","item":"https:\/\/www.scuola.cl\/sivm\/category\/noticias\/"},{"@type":"ListItem","position":3,"name":"Sfilata di Moda"}]},{"@type":"WebSite","@id":"https:\/\/www.scuola.cl\/sivm\/#website","url":"https:\/\/www.scuola.cl\/sivm\/","name":"Scuola Italiana","description":"Vittorio Montiglio","publisher":{"@id":"https:\/\/www.scuola.cl\/sivm\/#organization"},"potentialAction":[{"@type":"SearchAction","target":{"@type":"EntryPoint","urlTemplate":"https:\/\/www.scuola.cl\/sivm\/?s={search_term_string}"},"query-input":{"@type":"PropertyValueSpecification","valueRequired":true,"valueName":"search_term_string"}}],"inLanguage":"es"},{"@type":"Organization","@id":"https:\/\/www.scuola.cl\/sivm\/#organization","name":"Scuola Italiana Vittorio Montiglio","url":"https:\/\/www.scuola.cl\/sivm\/","logo":{"@type":"ImageObject","inLanguage":"es","@id":"https:\/\/www.scuola.cl\/sivm\/#\/schema\/logo\/image\/","url":"https:\/\/www.scuola.cl\/sivm\/wp-content\/uploads\/2019\/06\/Logo_Scuola-01-001-1000x1000.png","contentUrl":"https:\/\/www.scuola.cl\/sivm\/wp-content\/uploads\/2019\/06\/Logo_Scuola-01-001-1000x1000.png","width":1000,"height":1000,"caption":"Scuola Italiana Vittorio Montiglio"},"image":{"@id":"https:\/\/www.scuola.cl\/sivm\/#\/schema\/logo\/image\/"}},{"@type":"Person","@id":"https:\/\/www.scuola.cl\/sivm\/#\/schema\/person\/2ac68abc1b548ee6d8e16c4d3727d1b2","name":"Comunicaciones","image":{"@type":"ImageObject","inLanguage":"es","@id":"https:\/\/www.scuola.cl\/sivm\/#\/schema\/person\/image\/","url":"https:\/\/secure.gravatar.com\/avatar\/0b29fd7cdce1ec9939eded19ce85d6ed73acf03fb52d098b0641aed356fe6aeb?s=96&d=mm&r=g","contentUrl":"https:\/\/secure.gravatar.com\/avatar\/0b29fd7cdce1ec9939eded19ce85d6ed73acf03fb52d098b0641aed356fe6aeb?s=96&d=mm&r=g","caption":"Comunicaciones"},"url":"https:\/\/www.scuola.cl\/sivm\/author\/comunicaciones-scuola\/"}]}},"_links":{"self":[{"href":"https:\/\/www.scuola.cl\/sivm\/wp-json\/wp\/v2\/posts\/1265","targetHints":{"allow":["GET"]}}],"collection":[{"href":"https:\/\/www.scuola.cl\/sivm\/wp-json\/wp\/v2\/posts"}],"about":[{"href":"https:\/\/www.scuola.cl\/sivm\/wp-json\/wp\/v2\/types\/post"}],"author":[{"embeddable":true,"href":"https:\/\/www.scuola.cl\/sivm\/wp-json\/wp\/v2\/users\/2"}],"replies":[{"embeddable":true,"href":"https:\/\/www.scuola.cl\/sivm\/wp-json\/wp\/v2\/comments?post=1265"}],"version-history":[{"count":3,"href":"https:\/\/www.scuola.cl\/sivm\/wp-json\/wp\/v2\/posts\/1265\/revisions"}],"predecessor-version":[{"id":1295,"href":"https:\/\/www.scuola.cl\/sivm\/wp-json\/wp\/v2\/posts\/1265\/revisions\/1295"}],"wp:featuredmedia":[{"embeddable":true,"href":"https:\/\/www.scuola.cl\/sivm\/wp-json\/wp\/v2\/media\/1266"}],"wp:attachment":[{"href":"https:\/\/www.scuola.cl\/sivm\/wp-json\/wp\/v2\/media?parent=1265"}],"wp:term":[{"taxonomy":"category","embeddable":true,"href":"https:\/\/www.scuola.cl\/sivm\/wp-json\/wp\/v2\/categories?post=1265"},{"taxonomy":"post_tag","embeddable":true,"href":"https:\/\/www.scuola.cl\/sivm\/wp-json\/wp\/v2\/tags?post=1265"}],"curies":[{"name":"wp","href":"https:\/\/api.w.org\/{rel}","templated":true}]}}