{"id":11287,"date":"2019-09-16T12:58:13","date_gmt":"2019-09-16T15:58:13","guid":{"rendered":"http:\/\/www.scuola.cl\/sivm\/?p=11287"},"modified":"2019-09-27T09:03:43","modified_gmt":"2019-09-27T12:03:43","slug":"dia-de-la-ciencia","status":"publish","type":"post","link":"https:\/\/www.scuola.cl\/sivm\/dia-de-la-ciencia\/","title":{"rendered":"D\u00eda de la Ciencia 2019"},"content":{"rendered":"\n<h3 style=\"text-align: center;\"><strong>\u00ab\u00c1brete a la ciencia, descubre el mundo\u00bb<\/strong><\/h3>\n<p>&nbsp;<\/p>\n<p style=\"font-weight: 400;\">En el contexto de la&nbsp;<strong>Semana de la Ciencia y la Tecnolog\u00eda<\/strong>&nbsp;a nivel nacional, el Departamento de Ciencias de la Scuola, tiene el agrado de invitarle a participar en el D\u00eda de la Ciencia 2019<strong>&nbsp;<\/strong>que se realizar\u00e1 el&nbsp;<strong>jueves 26 de septiembre<\/strong>.<\/p>\n<p style=\"font-weight: 400;\">&nbsp;<\/p>\n<p style=\"font-weight: 400;\"><strong>Las actividades ser\u00e1n las siguientes:<\/strong><\/p>\n<p>&nbsp;<\/p>\n<p style=\"font-weight: 400;\">1.-<strong>&nbsp;<\/strong>A las 8:15 Hrs. se dar\u00e1 inicio al evento con una Charla de la Dra. Carolina Otero (Laboratorio de Productos naturales bioactivos, Escuela de Qu\u00edmica y Farmacia, Facultad de Medicina, Universidad Andr\u00e9s Bello). \u00c9sta se realizar\u00e1 en el teatro Verdi y asiste el nivel de Media Superior.<\/p>\n<p>&nbsp;<\/p>\n<p style=\"font-weight: 400;\">2.- En el laboratorio de Elementare y su ingreso (1<sup>er<\/sup>&nbsp;piso), se desarrollar\u00e1 una exposici\u00f3n pr\u00e1ctico-demostrativa sobre tem\u00e1ticas cient\u00edficas a cargo del III Medio Diferenciado. Esta exposici\u00f3n ser\u00e1 visitada por todos los cursos desde 1\u00ba a 8\u00ba B\u00e1sico (Horario de 9:30 Hrs. a 12:00 Hrs.).<\/p>\n<p>&nbsp;<\/p>\n<p style=\"font-weight: 400;\">3.- En el ingreso del laboratorio de Elementare (1<sup>er<\/sup>&nbsp;piso), se realizar\u00e1 una exposici\u00f3n sobre Medicina Natural a cargo del IV Medio Diferenciado, la cual ser\u00e1 visitada por todos los cursos desde 1\u00ba a 8\u00ba B\u00e1sico (Horario 9:30 Hrs. a 12:00 Hrs.).<\/p>\n<p>&nbsp;<\/p>\n<p style=\"font-weight: 400;\">Las especificaciones y horarios de visita, se detallan a continuaci\u00f3n:<\/p>\n<p>&nbsp;<\/p>\n<p style=\"font-weight: 400;\">1.-&nbsp;<strong>8:15 Hrs<\/strong>.<\/p>\n<table style=\"font-weight: 400;\">\n<tbody>\n<tr>\n<td width=\"164\">\n<p>Acto Inaugural<\/p>\n<\/td>\n<td width=\"148\">\n<p>&nbsp;<\/p>\n<p>Teatro Verdi<\/p>\n<p>&nbsp;<\/p>\n<\/td>\n<td width=\"273\">\n<p>I a IV Medio<\/p>\n<\/td>\n<\/tr>\n<\/tbody>\n<\/table>\n<p>&nbsp;<\/p>\n<p style=\"font-weight: 400;\">2.-&nbsp;<strong>9:30 Hrs<\/strong>. Inmediaciones y Laboratorio de Elementare &#8211; Exposici\u00f3n<\/p>\n<p>&nbsp;<\/p>\n<table style=\"font-weight: 400; width: 100%;\">\n<tbody>\n<tr>\n<td style=\"width: 39.6552%;\" width=\"234\">\n<p>9:30 Hrs. a 10:30 Hrs<\/p>\n<\/td>\n<td style=\"width: 59.8276%;\" width=\"350\">\n<p>1\u00ba 2\u00b0 y 3\u00b0 B\u00e1sicos<\/p>\n<\/td>\n<\/tr>\n<tr>\n<td style=\"width: 39.6552%;\" width=\"234\">\n<p>10:30 Hrs. a 11:00 Hrs<\/p>\n<\/td>\n<td style=\"width: 59.8276%;\" width=\"350\">\n<p>4\u00ba &nbsp;5\u00b0 y 6 B\u00e1sicos<\/p>\n<\/td>\n<\/tr>\n<tr>\n<td style=\"width: 39.6552%;\" width=\"234\">\n<p>11:00 Hrs. a 11:20 Hrs<\/p>\n<\/td>\n<td style=\"width: 59.8276%;\" width=\"350\">\n<p>7\u00ba &nbsp;y 8\u00b0 B\u00e1sicos<\/p>\n<\/td>\n<\/tr>\n<tr>\n<td style=\"width: 39.6552%;\" width=\"234\">\n<p>11:20 Hrs. a&nbsp; 12:00 Hrs<\/p>\n<\/td>\n<td style=\"width: 59.8276%;\" width=\"350\">\n<p>Media Superior (optativo)<\/p>\n<\/td>\n<\/tr>\n<tr>\n<td style=\"width: 39.6552%;\" width=\"234\">\n<p>9:30 Hrs&nbsp; a 12:00 Hrs<\/p>\n<\/td>\n<td style=\"width: 59.8276%;\" width=\"350\">\n<p>Scuola dell\u00b4Infanzia (optativo)<\/p>\n<\/td>\n<\/tr>\n<\/tbody>\n<\/table>\n<p>&nbsp;<\/p>\n<p>Atentamente,<\/p>\n<p>Depto. de Ciencias y Tecnolog\u00eda<\/p>\n<p>Scuola Italiana<\/p>\n<p><img loading=\"lazy\" decoding=\"async\" width=\"700\" height=\"1082\" class=\"alignnone size-large wp-image-11294\" src=\"http:\/\/www.scuola.cl\/sivm\/wp-content\/uploads\/2019\/09\/Afiche-Dia-de-la-Ciencia-2019-700x1082.jpg\" alt=\"\" srcset=\"https:\/\/www.scuola.cl\/sivm\/wp-content\/uploads\/2019\/09\/Afiche-Dia-de-la-Ciencia-2019-700x1082.jpg 700w, https:\/\/www.scuola.cl\/sivm\/wp-content\/uploads\/2019\/09\/Afiche-Dia-de-la-Ciencia-2019-250x386.jpg 250w, https:\/\/www.scuola.cl\/sivm\/wp-content\/uploads\/2019\/09\/Afiche-Dia-de-la-Ciencia-2019-768x1187.jpg 768w, https:\/\/www.scuola.cl\/sivm\/wp-content\/uploads\/2019\/09\/Afiche-Dia-de-la-Ciencia-2019-120x185.jpg 120w\" sizes=\"auto, (max-width: 700px) 100vw, 700px\" \/><\/p>\n<p>&nbsp;<\/p>\n\n\n","protected":false},"excerpt":{"rendered":"\nEn el contexto de la Semana de la Ciencia y la Tecnolog\u00eda a nivel nacional, el Depto. de Ciencias de la Scuola, tiene el agrado de invitarle a participar en el D\u00eda de la Ciencia 2019 que se realizar\u00e1 el jueves 26 de septiembre.\n","protected":false},"author":2,"featured_media":11314,"comment_status":"open","ping_status":"open","sticky":false,"template":"","format":"standard","meta":{"_acf_changed":false,"footnotes":""},"categories":[5,24],"tags":[],"class_list":["post-11287","post","type-post","status-publish","format-standard","has-post-thumbnail","hentry","category-noticias","category-scuola"],"acf":[],"yoast_head":"<!-- This site is optimized with the Yoast SEO plugin v27.1.1 - https:\/\/yoast.com\/product\/yoast-seo-wordpress\/ -->\n<title>D\u00eda de la Ciencia 2019 - Scuola Italiana<\/title>\n<meta name=\"robots\" content=\"index, follow, max-snippet:-1, max-image-preview:large, max-video-preview:-1\" \/>\n<link rel=\"canonical\" href=\"https:\/\/www.scuola.cl\/sivm\/dia-de-la-ciencia\/\" \/>\n<meta property=\"og:locale\" content=\"es_ES\" \/>\n<meta property=\"og:type\" content=\"article\" \/>\n<meta property=\"og:title\" content=\"D\u00eda de la Ciencia 2019 - Scuola Italiana\" \/>\n<meta property=\"og:description\" content=\"En el contexto de la Semana de la Ciencia y la Tecnolog\u00eda a nivel nacional, el Depto. de Ciencias de la Scuola, tiene el agrado de invitarle a participar en el D\u00eda de la Ciencia 2019 que se realizar\u00e1 el jueves 26 de septiembre.\" \/>\n<meta property=\"og:url\" content=\"https:\/\/www.scuola.cl\/sivm\/dia-de-la-ciencia\/\" \/>\n<meta property=\"og:site_name\" content=\"Scuola Italiana\" \/>\n<meta property=\"article:published_time\" content=\"2019-09-16T15:58:13+00:00\" \/>\n<meta property=\"article:modified_time\" content=\"2019-09-27T12:03:43+00:00\" \/>\n<meta property=\"og:image\" content=\"https:\/\/www.scuola.cl\/sivm\/wp-content\/uploads\/2019\/09\/D\u00cdA-CIENCIA-WEB-def.jpg\" \/>\n\t<meta property=\"og:image:width\" content=\"900\" \/>\n\t<meta property=\"og:image:height\" content=\"610\" \/>\n\t<meta property=\"og:image:type\" content=\"image\/jpeg\" \/>\n<meta name=\"author\" content=\"Comunicaciones\" \/>\n<meta name=\"twitter:card\" content=\"summary_large_image\" \/>\n<meta name=\"twitter:label1\" content=\"Escrito por\" \/>\n\t<meta name=\"twitter:data1\" content=\"Comunicaciones\" \/>\n\t<meta name=\"twitter:label2\" content=\"Tiempo de lectura\" \/>\n\t<meta name=\"twitter:data2\" content=\"1 minuto\" \/>\n<script type=\"application\/ld+json\" class=\"yoast-schema-graph\">{\"@context\":\"https:\/\/schema.org\",\"@graph\":[{\"@type\":\"Article\",\"@id\":\"https:\/\/www.scuola.cl\/sivm\/dia-de-la-ciencia\/#article\",\"isPartOf\":{\"@id\":\"https:\/\/www.scuola.cl\/sivm\/dia-de-la-ciencia\/\"},\"author\":{\"name\":\"Comunicaciones\",\"@id\":\"https:\/\/www.scuola.cl\/sivm\/#\/schema\/person\/2ac68abc1b548ee6d8e16c4d3727d1b2\"},\"headline\":\"D\u00eda de la Ciencia 2019\",\"datePublished\":\"2019-09-16T15:58:13+00:00\",\"dateModified\":\"2019-09-27T12:03:43+00:00\",\"mainEntityOfPage\":{\"@id\":\"https:\/\/www.scuola.cl\/sivm\/dia-de-la-ciencia\/\"},\"wordCount\":295,\"commentCount\":0,\"publisher\":{\"@id\":\"https:\/\/www.scuola.cl\/sivm\/#organization\"},\"image\":{\"@id\":\"https:\/\/www.scuola.cl\/sivm\/dia-de-la-ciencia\/#primaryimage\"},\"thumbnailUrl\":\"https:\/\/www.scuola.cl\/sivm\/wp-content\/uploads\/2019\/09\/D\u00cdA-CIENCIA-WEB-def.jpg\",\"articleSection\":[\"Noticias\",\"Scuola\"],\"inLanguage\":\"es\",\"potentialAction\":[{\"@type\":\"CommentAction\",\"name\":\"Comment\",\"target\":[\"https:\/\/www.scuola.cl\/sivm\/dia-de-la-ciencia\/#respond\"]}]},{\"@type\":\"WebPage\",\"@id\":\"https:\/\/www.scuola.cl\/sivm\/dia-de-la-ciencia\/\",\"url\":\"https:\/\/www.scuola.cl\/sivm\/dia-de-la-ciencia\/\",\"name\":\"D\u00eda de la Ciencia 2019 - Scuola Italiana\",\"isPartOf\":{\"@id\":\"https:\/\/www.scuola.cl\/sivm\/#website\"},\"primaryImageOfPage\":{\"@id\":\"https:\/\/www.scuola.cl\/sivm\/dia-de-la-ciencia\/#primaryimage\"},\"image\":{\"@id\":\"https:\/\/www.scuola.cl\/sivm\/dia-de-la-ciencia\/#primaryimage\"},\"thumbnailUrl\":\"https:\/\/www.scuola.cl\/sivm\/wp-content\/uploads\/2019\/09\/D\u00cdA-CIENCIA-WEB-def.jpg\",\"datePublished\":\"2019-09-16T15:58:13+00:00\",\"dateModified\":\"2019-09-27T12:03:43+00:00\",\"breadcrumb\":{\"@id\":\"https:\/\/www.scuola.cl\/sivm\/dia-de-la-ciencia\/#breadcrumb\"},\"inLanguage\":\"es\",\"potentialAction\":[{\"@type\":\"ReadAction\",\"target\":[\"https:\/\/www.scuola.cl\/sivm\/dia-de-la-ciencia\/\"]}]},{\"@type\":\"ImageObject\",\"inLanguage\":\"es\",\"@id\":\"https:\/\/www.scuola.cl\/sivm\/dia-de-la-ciencia\/#primaryimage\",\"url\":\"https:\/\/www.scuola.cl\/sivm\/wp-content\/uploads\/2019\/09\/D\u00cdA-CIENCIA-WEB-def.jpg\",\"contentUrl\":\"https:\/\/www.scuola.cl\/sivm\/wp-content\/uploads\/2019\/09\/D\u00cdA-CIENCIA-WEB-def.jpg\",\"width\":900,\"height\":610},{\"@type\":\"BreadcrumbList\",\"@id\":\"https:\/\/www.scuola.cl\/sivm\/dia-de-la-ciencia\/#breadcrumb\",\"itemListElement\":[{\"@type\":\"ListItem\",\"position\":1,\"name\":\"Inicio\",\"item\":\"https:\/\/www.scuola.cl\/sivm\/\"},{\"@type\":\"ListItem\",\"position\":2,\"name\":\"Noticias\",\"item\":\"https:\/\/www.scuola.cl\/sivm\/category\/noticias\/\"},{\"@type\":\"ListItem\",\"position\":3,\"name\":\"D\u00eda de la Ciencia 2019\"}]},{\"@type\":\"WebSite\",\"@id\":\"https:\/\/www.scuola.cl\/sivm\/#website\",\"url\":\"https:\/\/www.scuola.cl\/sivm\/\",\"name\":\"Scuola Italiana\",\"description\":\"Vittorio Montiglio\",\"publisher\":{\"@id\":\"https:\/\/www.scuola.cl\/sivm\/#organization\"},\"potentialAction\":[{\"@type\":\"SearchAction\",\"target\":{\"@type\":\"EntryPoint\",\"urlTemplate\":\"https:\/\/www.scuola.cl\/sivm\/?s={search_term_string}\"},\"query-input\":{\"@type\":\"PropertyValueSpecification\",\"valueRequired\":true,\"valueName\":\"search_term_string\"}}],\"inLanguage\":\"es\"},{\"@type\":\"Organization\",\"@id\":\"https:\/\/www.scuola.cl\/sivm\/#organization\",\"name\":\"Scuola Italiana Vittorio Montiglio\",\"url\":\"https:\/\/www.scuola.cl\/sivm\/\",\"logo\":{\"@type\":\"ImageObject\",\"inLanguage\":\"es\",\"@id\":\"https:\/\/www.scuola.cl\/sivm\/#\/schema\/logo\/image\/\",\"url\":\"https:\/\/www.scuola.cl\/sivm\/wp-content\/uploads\/2019\/06\/Logo_Scuola-01-001-1000x1000.png\",\"contentUrl\":\"https:\/\/www.scuola.cl\/sivm\/wp-content\/uploads\/2019\/06\/Logo_Scuola-01-001-1000x1000.png\",\"width\":1000,\"height\":1000,\"caption\":\"Scuola Italiana Vittorio Montiglio\"},\"image\":{\"@id\":\"https:\/\/www.scuola.cl\/sivm\/#\/schema\/logo\/image\/\"}},{\"@type\":\"Person\",\"@id\":\"https:\/\/www.scuola.cl\/sivm\/#\/schema\/person\/2ac68abc1b548ee6d8e16c4d3727d1b2\",\"name\":\"Comunicaciones\",\"image\":{\"@type\":\"ImageObject\",\"inLanguage\":\"es\",\"@id\":\"https:\/\/www.scuola.cl\/sivm\/#\/schema\/person\/image\/\",\"url\":\"https:\/\/secure.gravatar.com\/avatar\/0b29fd7cdce1ec9939eded19ce85d6ed73acf03fb52d098b0641aed356fe6aeb?s=96&d=mm&r=g\",\"contentUrl\":\"https:\/\/secure.gravatar.com\/avatar\/0b29fd7cdce1ec9939eded19ce85d6ed73acf03fb52d098b0641aed356fe6aeb?s=96&d=mm&r=g\",\"caption\":\"Comunicaciones\"},\"url\":\"https:\/\/www.scuola.cl\/sivm\/author\/comunicaciones-scuola\/\"}]}<\/script>\n<!-- \/ Yoast SEO plugin. -->","yoast_head_json":{"title":"D\u00eda de la Ciencia 2019 - Scuola Italiana","robots":{"index":"index","follow":"follow","max-snippet":"max-snippet:-1","max-image-preview":"max-image-preview:large","max-video-preview":"max-video-preview:-1"},"canonical":"https:\/\/www.scuola.cl\/sivm\/dia-de-la-ciencia\/","og_locale":"es_ES","og_type":"article","og_title":"D\u00eda de la Ciencia 2019 - Scuola Italiana","og_description":"En el contexto de la Semana de la Ciencia y la Tecnolog\u00eda a nivel nacional, el Depto. de Ciencias de la Scuola, tiene el agrado de invitarle a participar en el D\u00eda de la Ciencia 2019 que se realizar\u00e1 el jueves 26 de septiembre.","og_url":"https:\/\/www.scuola.cl\/sivm\/dia-de-la-ciencia\/","og_site_name":"Scuola Italiana","article_published_time":"2019-09-16T15:58:13+00:00","article_modified_time":"2019-09-27T12:03:43+00:00","og_image":[{"width":900,"height":610,"url":"https:\/\/www.scuola.cl\/sivm\/wp-content\/uploads\/2019\/09\/D\u00cdA-CIENCIA-WEB-def.jpg","type":"image\/jpeg"}],"author":"Comunicaciones","twitter_card":"summary_large_image","twitter_misc":{"Escrito por":"Comunicaciones","Tiempo de lectura":"1 minuto"},"schema":{"@context":"https:\/\/schema.org","@graph":[{"@type":"Article","@id":"https:\/\/www.scuola.cl\/sivm\/dia-de-la-ciencia\/#article","isPartOf":{"@id":"https:\/\/www.scuola.cl\/sivm\/dia-de-la-ciencia\/"},"author":{"name":"Comunicaciones","@id":"https:\/\/www.scuola.cl\/sivm\/#\/schema\/person\/2ac68abc1b548ee6d8e16c4d3727d1b2"},"headline":"D\u00eda de la Ciencia 2019","datePublished":"2019-09-16T15:58:13+00:00","dateModified":"2019-09-27T12:03:43+00:00","mainEntityOfPage":{"@id":"https:\/\/www.scuola.cl\/sivm\/dia-de-la-ciencia\/"},"wordCount":295,"commentCount":0,"publisher":{"@id":"https:\/\/www.scuola.cl\/sivm\/#organization"},"image":{"@id":"https:\/\/www.scuola.cl\/sivm\/dia-de-la-ciencia\/#primaryimage"},"thumbnailUrl":"https:\/\/www.scuola.cl\/sivm\/wp-content\/uploads\/2019\/09\/D\u00cdA-CIENCIA-WEB-def.jpg","articleSection":["Noticias","Scuola"],"inLanguage":"es","potentialAction":[{"@type":"CommentAction","name":"Comment","target":["https:\/\/www.scuola.cl\/sivm\/dia-de-la-ciencia\/#respond"]}]},{"@type":"WebPage","@id":"https:\/\/www.scuola.cl\/sivm\/dia-de-la-ciencia\/","url":"https:\/\/www.scuola.cl\/sivm\/dia-de-la-ciencia\/","name":"D\u00eda de la Ciencia 2019 - Scuola Italiana","isPartOf":{"@id":"https:\/\/www.scuola.cl\/sivm\/#website"},"primaryImageOfPage":{"@id":"https:\/\/www.scuola.cl\/sivm\/dia-de-la-ciencia\/#primaryimage"},"image":{"@id":"https:\/\/www.scuola.cl\/sivm\/dia-de-la-ciencia\/#primaryimage"},"thumbnailUrl":"https:\/\/www.scuola.cl\/sivm\/wp-content\/uploads\/2019\/09\/D\u00cdA-CIENCIA-WEB-def.jpg","datePublished":"2019-09-16T15:58:13+00:00","dateModified":"2019-09-27T12:03:43+00:00","breadcrumb":{"@id":"https:\/\/www.scuola.cl\/sivm\/dia-de-la-ciencia\/#breadcrumb"},"inLanguage":"es","potentialAction":[{"@type":"ReadAction","target":["https:\/\/www.scuola.cl\/sivm\/dia-de-la-ciencia\/"]}]},{"@type":"ImageObject","inLanguage":"es","@id":"https:\/\/www.scuola.cl\/sivm\/dia-de-la-ciencia\/#primaryimage","url":"https:\/\/www.scuola.cl\/sivm\/wp-content\/uploads\/2019\/09\/D\u00cdA-CIENCIA-WEB-def.jpg","contentUrl":"https:\/\/www.scuola.cl\/sivm\/wp-content\/uploads\/2019\/09\/D\u00cdA-CIENCIA-WEB-def.jpg","width":900,"height":610},{"@type":"BreadcrumbList","@id":"https:\/\/www.scuola.cl\/sivm\/dia-de-la-ciencia\/#breadcrumb","itemListElement":[{"@type":"ListItem","position":1,"name":"Inicio","item":"https:\/\/www.scuola.cl\/sivm\/"},{"@type":"ListItem","position":2,"name":"Noticias","item":"https:\/\/www.scuola.cl\/sivm\/category\/noticias\/"},{"@type":"ListItem","position":3,"name":"D\u00eda de la Ciencia 2019"}]},{"@type":"WebSite","@id":"https:\/\/www.scuola.cl\/sivm\/#website","url":"https:\/\/www.scuola.cl\/sivm\/","name":"Scuola Italiana","description":"Vittorio Montiglio","publisher":{"@id":"https:\/\/www.scuola.cl\/sivm\/#organization"},"potentialAction":[{"@type":"SearchAction","target":{"@type":"EntryPoint","urlTemplate":"https:\/\/www.scuola.cl\/sivm\/?s={search_term_string}"},"query-input":{"@type":"PropertyValueSpecification","valueRequired":true,"valueName":"search_term_string"}}],"inLanguage":"es"},{"@type":"Organization","@id":"https:\/\/www.scuola.cl\/sivm\/#organization","name":"Scuola Italiana Vittorio Montiglio","url":"https:\/\/www.scuola.cl\/sivm\/","logo":{"@type":"ImageObject","inLanguage":"es","@id":"https:\/\/www.scuola.cl\/sivm\/#\/schema\/logo\/image\/","url":"https:\/\/www.scuola.cl\/sivm\/wp-content\/uploads\/2019\/06\/Logo_Scuola-01-001-1000x1000.png","contentUrl":"https:\/\/www.scuola.cl\/sivm\/wp-content\/uploads\/2019\/06\/Logo_Scuola-01-001-1000x1000.png","width":1000,"height":1000,"caption":"Scuola Italiana Vittorio Montiglio"},"image":{"@id":"https:\/\/www.scuola.cl\/sivm\/#\/schema\/logo\/image\/"}},{"@type":"Person","@id":"https:\/\/www.scuola.cl\/sivm\/#\/schema\/person\/2ac68abc1b548ee6d8e16c4d3727d1b2","name":"Comunicaciones","image":{"@type":"ImageObject","inLanguage":"es","@id":"https:\/\/www.scuola.cl\/sivm\/#\/schema\/person\/image\/","url":"https:\/\/secure.gravatar.com\/avatar\/0b29fd7cdce1ec9939eded19ce85d6ed73acf03fb52d098b0641aed356fe6aeb?s=96&d=mm&r=g","contentUrl":"https:\/\/secure.gravatar.com\/avatar\/0b29fd7cdce1ec9939eded19ce85d6ed73acf03fb52d098b0641aed356fe6aeb?s=96&d=mm&r=g","caption":"Comunicaciones"},"url":"https:\/\/www.scuola.cl\/sivm\/author\/comunicaciones-scuola\/"}]}},"_links":{"self":[{"href":"https:\/\/www.scuola.cl\/sivm\/wp-json\/wp\/v2\/posts\/11287","targetHints":{"allow":["GET"]}}],"collection":[{"href":"https:\/\/www.scuola.cl\/sivm\/wp-json\/wp\/v2\/posts"}],"about":[{"href":"https:\/\/www.scuola.cl\/sivm\/wp-json\/wp\/v2\/types\/post"}],"author":[{"embeddable":true,"href":"https:\/\/www.scuola.cl\/sivm\/wp-json\/wp\/v2\/users\/2"}],"replies":[{"embeddable":true,"href":"https:\/\/www.scuola.cl\/sivm\/wp-json\/wp\/v2\/comments?post=11287"}],"version-history":[{"count":12,"href":"https:\/\/www.scuola.cl\/sivm\/wp-json\/wp\/v2\/posts\/11287\/revisions"}],"predecessor-version":[{"id":11318,"href":"https:\/\/www.scuola.cl\/sivm\/wp-json\/wp\/v2\/posts\/11287\/revisions\/11318"}],"wp:featuredmedia":[{"embeddable":true,"href":"https:\/\/www.scuola.cl\/sivm\/wp-json\/wp\/v2\/media\/11314"}],"wp:attachment":[{"href":"https:\/\/www.scuola.cl\/sivm\/wp-json\/wp\/v2\/media?parent=11287"}],"wp:term":[{"taxonomy":"category","embeddable":true,"href":"https:\/\/www.scuola.cl\/sivm\/wp-json\/wp\/v2\/categories?post=11287"},{"taxonomy":"post_tag","embeddable":true,"href":"https:\/\/www.scuola.cl\/sivm\/wp-json\/wp\/v2\/tags?post=11287"}],"curies":[{"name":"wp","href":"https:\/\/api.w.org\/{rel}","templated":true}]}}