{"id":11262,"date":"2019-09-14T00:57:01","date_gmt":"2019-09-14T03:57:01","guid":{"rendered":"http:\/\/www.scuola.cl\/sivm\/?p=11262"},"modified":"2019-09-14T00:57:48","modified_gmt":"2019-09-14T03:57:48","slug":"fiestas-patrias-scuola-primaria-2","status":"publish","type":"post","link":"https:\/\/www.scuola.cl\/sivm\/fiestas-patrias-scuola-primaria-2\/","title":{"rendered":"Fiestas Patrias Scuola Primaria"},"content":{"rendered":"\n<p>El viernes 13 de septiembre la Scuola Primaria realiz\u00f3 el cierre del Proyecto \u201cNuestra historia bajo un mismo cielo\u201d. Este montaje, reflej\u00f3 un trabajo colaborativo de nuestros alumnos compartiendo conocimientos espec\u00edficos de cada una de las zonas de Chile, acompa\u00f1ados por sus profesoras de aula. Durante el proceso, los ni\u00f1os prepararon distintos bailes t\u00edpicos a cargo del Depto. de Educaci\u00f3n F\u00edsica, los que fueron presentados a sus apoderados en la Palestra de la Scuola.<\/p>\n<p>&nbsp;<\/p>\n<p><a href=\"https:\/\/www.facebook.com\/pg\/scuolaitaliana.santiago\/photos\/?tab=album&amp;album_id=1420446861436620&amp;__xts__%5B0%5D=68.ARANuIynIOvKqT7IUW0vaZ7DtCfscx7kbzJ0TJykH4V1rBXSLdicn6-TUWNQZJhOk3LcoXilBOzhTmlnpuKLXMDzVukLscR0Hg2qJxYYbwVvW3InFlA7jdrpHHVxXPPPkCaFgpcewWivUotRGB_nuU7sC1yuRhciMWCFWP6zuwB-M70m5dJUXlC88sRBI51vlJMcyKhl7oCCfEVsRfyLBs5CjLHkTgf3tpVzhjrWqM1AcbttPegK_2CFNcR5_kbwuhdq4bRWy2JjulJ9PIBg9GFXZeYg-pNuQSzD3ygSM-bVJBZHEpemj5Ra_qoWoAtvLU-r9AyjRZyrSldBa71ukvxa7UBqKkZCZn6xCDcXJBrSgrpMwX1Hnqrwx9atvOLMecF1ddAITJIzQgR9WWMMeL8pNH1OyMxf2HqH3q8XsoI1DiSrrRKVxdksg4qN2hBsatP8_vy_L7l7EG-4Rvqh&amp;__tn__=-UC-R\" target=\"_blank\" rel=\"noopener noreferrer\">Ver Galer\u00eda de im\u00e1genes<\/a><\/p>\n<p>&nbsp;<\/p>\n<p><img loading=\"lazy\" decoding=\"async\" width=\"700\" height=\"474\" class=\"alignnone size-large wp-image-11277\" src=\"http:\/\/www.scuola.cl\/sivm\/wp-content\/uploads\/2019\/09\/web-FP-primaria-700x474.jpg\" alt=\"\" srcset=\"https:\/\/www.scuola.cl\/sivm\/wp-content\/uploads\/2019\/09\/web-FP-primaria-700x474.jpg 700w, https:\/\/www.scuola.cl\/sivm\/wp-content\/uploads\/2019\/09\/web-FP-primaria-250x169.jpg 250w, https:\/\/www.scuola.cl\/sivm\/wp-content\/uploads\/2019\/09\/web-FP-primaria-768x521.jpg 768w, https:\/\/www.scuola.cl\/sivm\/wp-content\/uploads\/2019\/09\/web-FP-primaria-120x81.jpg 120w, https:\/\/www.scuola.cl\/sivm\/wp-content\/uploads\/2019\/09\/web-FP-primaria.jpg 900w\" sizes=\"auto, (max-width: 700px) 100vw, 700px\" \/><\/p>\n<p>&nbsp;<\/p>\n","protected":false},"excerpt":{"rendered":"El  13 de septiembre la Scuola Primaria realiz\u00f3 el cierre del Proyecto \u201cNuestra historia bajo un mismo cielo\u201d. Este montaje, reflej\u00f3 un trabajo colaborativo de nuestros alumnos con sus maestras y profesores de Educaci\u00f3n F\u00edsica.","protected":false},"author":2,"featured_media":11277,"comment_status":"open","ping_status":"open","sticky":false,"template":"","format":"standard","meta":{"_acf_changed":false,"footnotes":""},"categories":[5,24],"tags":[],"class_list":["post-11262","post","type-post","status-publish","format-standard","has-post-thumbnail","hentry","category-noticias","category-scuola"],"acf":[],"yoast_head":"<!-- This site is optimized with the Yoast SEO plugin v27.1.1 - https:\/\/yoast.com\/product\/yoast-seo-wordpress\/ -->\n<title>Fiestas Patrias Scuola Primaria - Scuola Italiana<\/title>\n<meta name=\"robots\" content=\"index, follow, max-snippet:-1, max-image-preview:large, max-video-preview:-1\" \/>\n<link rel=\"canonical\" href=\"https:\/\/www.scuola.cl\/sivm\/fiestas-patrias-scuola-primaria-2\/\" \/>\n<meta property=\"og:locale\" content=\"es_ES\" \/>\n<meta property=\"og:type\" content=\"article\" \/>\n<meta property=\"og:title\" content=\"Fiestas Patrias Scuola Primaria - Scuola Italiana\" \/>\n<meta property=\"og:description\" content=\"El 13 de septiembre la Scuola Primaria realiz\u00f3 el cierre del Proyecto \u201cNuestra historia bajo un mismo cielo\u201d. Este montaje, reflej\u00f3 un trabajo colaborativo de nuestros alumnos con sus maestras y profesores de Educaci\u00f3n F\u00edsica.\" \/>\n<meta property=\"og:url\" content=\"https:\/\/www.scuola.cl\/sivm\/fiestas-patrias-scuola-primaria-2\/\" \/>\n<meta property=\"og:site_name\" content=\"Scuola Italiana\" \/>\n<meta property=\"article:published_time\" content=\"2019-09-14T03:57:01+00:00\" \/>\n<meta property=\"article:modified_time\" content=\"2019-09-14T03:57:48+00:00\" \/>\n<meta property=\"og:image\" content=\"https:\/\/www.scuola.cl\/sivm\/wp-content\/uploads\/2019\/09\/web-FP-primaria.jpg\" \/>\n\t<meta property=\"og:image:width\" content=\"900\" \/>\n\t<meta property=\"og:image:height\" content=\"610\" \/>\n\t<meta property=\"og:image:type\" content=\"image\/jpeg\" \/>\n<meta name=\"author\" content=\"Comunicaciones\" \/>\n<meta name=\"twitter:card\" content=\"summary_large_image\" \/>\n<meta name=\"twitter:label1\" content=\"Escrito por\" \/>\n\t<meta name=\"twitter:data1\" content=\"Comunicaciones\" \/>\n<script type=\"application\/ld+json\" class=\"yoast-schema-graph\">{\"@context\":\"https:\/\/schema.org\",\"@graph\":[{\"@type\":\"Article\",\"@id\":\"https:\/\/www.scuola.cl\/sivm\/fiestas-patrias-scuola-primaria-2\/#article\",\"isPartOf\":{\"@id\":\"https:\/\/www.scuola.cl\/sivm\/fiestas-patrias-scuola-primaria-2\/\"},\"author\":{\"name\":\"Comunicaciones\",\"@id\":\"https:\/\/www.scuola.cl\/sivm\/#\/schema\/person\/2ac68abc1b548ee6d8e16c4d3727d1b2\"},\"headline\":\"Fiestas Patrias Scuola Primaria\",\"datePublished\":\"2019-09-14T03:57:01+00:00\",\"dateModified\":\"2019-09-14T03:57:48+00:00\",\"mainEntityOfPage\":{\"@id\":\"https:\/\/www.scuola.cl\/sivm\/fiestas-patrias-scuola-primaria-2\/\"},\"wordCount\":92,\"commentCount\":0,\"publisher\":{\"@id\":\"https:\/\/www.scuola.cl\/sivm\/#organization\"},\"image\":{\"@id\":\"https:\/\/www.scuola.cl\/sivm\/fiestas-patrias-scuola-primaria-2\/#primaryimage\"},\"thumbnailUrl\":\"https:\/\/www.scuola.cl\/sivm\/wp-content\/uploads\/2019\/09\/web-FP-primaria.jpg\",\"articleSection\":[\"Noticias\",\"Scuola\"],\"inLanguage\":\"es\",\"potentialAction\":[{\"@type\":\"CommentAction\",\"name\":\"Comment\",\"target\":[\"https:\/\/www.scuola.cl\/sivm\/fiestas-patrias-scuola-primaria-2\/#respond\"]}]},{\"@type\":\"WebPage\",\"@id\":\"https:\/\/www.scuola.cl\/sivm\/fiestas-patrias-scuola-primaria-2\/\",\"url\":\"https:\/\/www.scuola.cl\/sivm\/fiestas-patrias-scuola-primaria-2\/\",\"name\":\"Fiestas Patrias Scuola Primaria - Scuola Italiana\",\"isPartOf\":{\"@id\":\"https:\/\/www.scuola.cl\/sivm\/#website\"},\"primaryImageOfPage\":{\"@id\":\"https:\/\/www.scuola.cl\/sivm\/fiestas-patrias-scuola-primaria-2\/#primaryimage\"},\"image\":{\"@id\":\"https:\/\/www.scuola.cl\/sivm\/fiestas-patrias-scuola-primaria-2\/#primaryimage\"},\"thumbnailUrl\":\"https:\/\/www.scuola.cl\/sivm\/wp-content\/uploads\/2019\/09\/web-FP-primaria.jpg\",\"datePublished\":\"2019-09-14T03:57:01+00:00\",\"dateModified\":\"2019-09-14T03:57:48+00:00\",\"breadcrumb\":{\"@id\":\"https:\/\/www.scuola.cl\/sivm\/fiestas-patrias-scuola-primaria-2\/#breadcrumb\"},\"inLanguage\":\"es\",\"potentialAction\":[{\"@type\":\"ReadAction\",\"target\":[\"https:\/\/www.scuola.cl\/sivm\/fiestas-patrias-scuola-primaria-2\/\"]}]},{\"@type\":\"ImageObject\",\"inLanguage\":\"es\",\"@id\":\"https:\/\/www.scuola.cl\/sivm\/fiestas-patrias-scuola-primaria-2\/#primaryimage\",\"url\":\"https:\/\/www.scuola.cl\/sivm\/wp-content\/uploads\/2019\/09\/web-FP-primaria.jpg\",\"contentUrl\":\"https:\/\/www.scuola.cl\/sivm\/wp-content\/uploads\/2019\/09\/web-FP-primaria.jpg\",\"width\":900,\"height\":610},{\"@type\":\"BreadcrumbList\",\"@id\":\"https:\/\/www.scuola.cl\/sivm\/fiestas-patrias-scuola-primaria-2\/#breadcrumb\",\"itemListElement\":[{\"@type\":\"ListItem\",\"position\":1,\"name\":\"Inicio\",\"item\":\"https:\/\/www.scuola.cl\/sivm\/\"},{\"@type\":\"ListItem\",\"position\":2,\"name\":\"Noticias\",\"item\":\"https:\/\/www.scuola.cl\/sivm\/category\/noticias\/\"},{\"@type\":\"ListItem\",\"position\":3,\"name\":\"Fiestas Patrias Scuola Primaria\"}]},{\"@type\":\"WebSite\",\"@id\":\"https:\/\/www.scuola.cl\/sivm\/#website\",\"url\":\"https:\/\/www.scuola.cl\/sivm\/\",\"name\":\"Scuola Italiana\",\"description\":\"Vittorio Montiglio\",\"publisher\":{\"@id\":\"https:\/\/www.scuola.cl\/sivm\/#organization\"},\"potentialAction\":[{\"@type\":\"SearchAction\",\"target\":{\"@type\":\"EntryPoint\",\"urlTemplate\":\"https:\/\/www.scuola.cl\/sivm\/?s={search_term_string}\"},\"query-input\":{\"@type\":\"PropertyValueSpecification\",\"valueRequired\":true,\"valueName\":\"search_term_string\"}}],\"inLanguage\":\"es\"},{\"@type\":\"Organization\",\"@id\":\"https:\/\/www.scuola.cl\/sivm\/#organization\",\"name\":\"Scuola Italiana Vittorio Montiglio\",\"url\":\"https:\/\/www.scuola.cl\/sivm\/\",\"logo\":{\"@type\":\"ImageObject\",\"inLanguage\":\"es\",\"@id\":\"https:\/\/www.scuola.cl\/sivm\/#\/schema\/logo\/image\/\",\"url\":\"https:\/\/www.scuola.cl\/sivm\/wp-content\/uploads\/2019\/06\/Logo_Scuola-01-001-1000x1000.png\",\"contentUrl\":\"https:\/\/www.scuola.cl\/sivm\/wp-content\/uploads\/2019\/06\/Logo_Scuola-01-001-1000x1000.png\",\"width\":1000,\"height\":1000,\"caption\":\"Scuola Italiana Vittorio Montiglio\"},\"image\":{\"@id\":\"https:\/\/www.scuola.cl\/sivm\/#\/schema\/logo\/image\/\"}},{\"@type\":\"Person\",\"@id\":\"https:\/\/www.scuola.cl\/sivm\/#\/schema\/person\/2ac68abc1b548ee6d8e16c4d3727d1b2\",\"name\":\"Comunicaciones\",\"image\":{\"@type\":\"ImageObject\",\"inLanguage\":\"es\",\"@id\":\"https:\/\/www.scuola.cl\/sivm\/#\/schema\/person\/image\/\",\"url\":\"https:\/\/secure.gravatar.com\/avatar\/0b29fd7cdce1ec9939eded19ce85d6ed73acf03fb52d098b0641aed356fe6aeb?s=96&d=mm&r=g\",\"contentUrl\":\"https:\/\/secure.gravatar.com\/avatar\/0b29fd7cdce1ec9939eded19ce85d6ed73acf03fb52d098b0641aed356fe6aeb?s=96&d=mm&r=g\",\"caption\":\"Comunicaciones\"},\"url\":\"https:\/\/www.scuola.cl\/sivm\/author\/comunicaciones-scuola\/\"}]}<\/script>\n<!-- \/ Yoast SEO plugin. -->","yoast_head_json":{"title":"Fiestas Patrias Scuola Primaria - Scuola Italiana","robots":{"index":"index","follow":"follow","max-snippet":"max-snippet:-1","max-image-preview":"max-image-preview:large","max-video-preview":"max-video-preview:-1"},"canonical":"https:\/\/www.scuola.cl\/sivm\/fiestas-patrias-scuola-primaria-2\/","og_locale":"es_ES","og_type":"article","og_title":"Fiestas Patrias Scuola Primaria - Scuola Italiana","og_description":"El 13 de septiembre la Scuola Primaria realiz\u00f3 el cierre del Proyecto \u201cNuestra historia bajo un mismo cielo\u201d. Este montaje, reflej\u00f3 un trabajo colaborativo de nuestros alumnos con sus maestras y profesores de Educaci\u00f3n F\u00edsica.","og_url":"https:\/\/www.scuola.cl\/sivm\/fiestas-patrias-scuola-primaria-2\/","og_site_name":"Scuola Italiana","article_published_time":"2019-09-14T03:57:01+00:00","article_modified_time":"2019-09-14T03:57:48+00:00","og_image":[{"width":900,"height":610,"url":"https:\/\/www.scuola.cl\/sivm\/wp-content\/uploads\/2019\/09\/web-FP-primaria.jpg","type":"image\/jpeg"}],"author":"Comunicaciones","twitter_card":"summary_large_image","twitter_misc":{"Escrito por":"Comunicaciones"},"schema":{"@context":"https:\/\/schema.org","@graph":[{"@type":"Article","@id":"https:\/\/www.scuola.cl\/sivm\/fiestas-patrias-scuola-primaria-2\/#article","isPartOf":{"@id":"https:\/\/www.scuola.cl\/sivm\/fiestas-patrias-scuola-primaria-2\/"},"author":{"name":"Comunicaciones","@id":"https:\/\/www.scuola.cl\/sivm\/#\/schema\/person\/2ac68abc1b548ee6d8e16c4d3727d1b2"},"headline":"Fiestas Patrias Scuola Primaria","datePublished":"2019-09-14T03:57:01+00:00","dateModified":"2019-09-14T03:57:48+00:00","mainEntityOfPage":{"@id":"https:\/\/www.scuola.cl\/sivm\/fiestas-patrias-scuola-primaria-2\/"},"wordCount":92,"commentCount":0,"publisher":{"@id":"https:\/\/www.scuola.cl\/sivm\/#organization"},"image":{"@id":"https:\/\/www.scuola.cl\/sivm\/fiestas-patrias-scuola-primaria-2\/#primaryimage"},"thumbnailUrl":"https:\/\/www.scuola.cl\/sivm\/wp-content\/uploads\/2019\/09\/web-FP-primaria.jpg","articleSection":["Noticias","Scuola"],"inLanguage":"es","potentialAction":[{"@type":"CommentAction","name":"Comment","target":["https:\/\/www.scuola.cl\/sivm\/fiestas-patrias-scuola-primaria-2\/#respond"]}]},{"@type":"WebPage","@id":"https:\/\/www.scuola.cl\/sivm\/fiestas-patrias-scuola-primaria-2\/","url":"https:\/\/www.scuola.cl\/sivm\/fiestas-patrias-scuola-primaria-2\/","name":"Fiestas Patrias Scuola Primaria - Scuola Italiana","isPartOf":{"@id":"https:\/\/www.scuola.cl\/sivm\/#website"},"primaryImageOfPage":{"@id":"https:\/\/www.scuola.cl\/sivm\/fiestas-patrias-scuola-primaria-2\/#primaryimage"},"image":{"@id":"https:\/\/www.scuola.cl\/sivm\/fiestas-patrias-scuola-primaria-2\/#primaryimage"},"thumbnailUrl":"https:\/\/www.scuola.cl\/sivm\/wp-content\/uploads\/2019\/09\/web-FP-primaria.jpg","datePublished":"2019-09-14T03:57:01+00:00","dateModified":"2019-09-14T03:57:48+00:00","breadcrumb":{"@id":"https:\/\/www.scuola.cl\/sivm\/fiestas-patrias-scuola-primaria-2\/#breadcrumb"},"inLanguage":"es","potentialAction":[{"@type":"ReadAction","target":["https:\/\/www.scuola.cl\/sivm\/fiestas-patrias-scuola-primaria-2\/"]}]},{"@type":"ImageObject","inLanguage":"es","@id":"https:\/\/www.scuola.cl\/sivm\/fiestas-patrias-scuola-primaria-2\/#primaryimage","url":"https:\/\/www.scuola.cl\/sivm\/wp-content\/uploads\/2019\/09\/web-FP-primaria.jpg","contentUrl":"https:\/\/www.scuola.cl\/sivm\/wp-content\/uploads\/2019\/09\/web-FP-primaria.jpg","width":900,"height":610},{"@type":"BreadcrumbList","@id":"https:\/\/www.scuola.cl\/sivm\/fiestas-patrias-scuola-primaria-2\/#breadcrumb","itemListElement":[{"@type":"ListItem","position":1,"name":"Inicio","item":"https:\/\/www.scuola.cl\/sivm\/"},{"@type":"ListItem","position":2,"name":"Noticias","item":"https:\/\/www.scuola.cl\/sivm\/category\/noticias\/"},{"@type":"ListItem","position":3,"name":"Fiestas Patrias Scuola Primaria"}]},{"@type":"WebSite","@id":"https:\/\/www.scuola.cl\/sivm\/#website","url":"https:\/\/www.scuola.cl\/sivm\/","name":"Scuola Italiana","description":"Vittorio Montiglio","publisher":{"@id":"https:\/\/www.scuola.cl\/sivm\/#organization"},"potentialAction":[{"@type":"SearchAction","target":{"@type":"EntryPoint","urlTemplate":"https:\/\/www.scuola.cl\/sivm\/?s={search_term_string}"},"query-input":{"@type":"PropertyValueSpecification","valueRequired":true,"valueName":"search_term_string"}}],"inLanguage":"es"},{"@type":"Organization","@id":"https:\/\/www.scuola.cl\/sivm\/#organization","name":"Scuola Italiana Vittorio Montiglio","url":"https:\/\/www.scuola.cl\/sivm\/","logo":{"@type":"ImageObject","inLanguage":"es","@id":"https:\/\/www.scuola.cl\/sivm\/#\/schema\/logo\/image\/","url":"https:\/\/www.scuola.cl\/sivm\/wp-content\/uploads\/2019\/06\/Logo_Scuola-01-001-1000x1000.png","contentUrl":"https:\/\/www.scuola.cl\/sivm\/wp-content\/uploads\/2019\/06\/Logo_Scuola-01-001-1000x1000.png","width":1000,"height":1000,"caption":"Scuola Italiana Vittorio Montiglio"},"image":{"@id":"https:\/\/www.scuola.cl\/sivm\/#\/schema\/logo\/image\/"}},{"@type":"Person","@id":"https:\/\/www.scuola.cl\/sivm\/#\/schema\/person\/2ac68abc1b548ee6d8e16c4d3727d1b2","name":"Comunicaciones","image":{"@type":"ImageObject","inLanguage":"es","@id":"https:\/\/www.scuola.cl\/sivm\/#\/schema\/person\/image\/","url":"https:\/\/secure.gravatar.com\/avatar\/0b29fd7cdce1ec9939eded19ce85d6ed73acf03fb52d098b0641aed356fe6aeb?s=96&d=mm&r=g","contentUrl":"https:\/\/secure.gravatar.com\/avatar\/0b29fd7cdce1ec9939eded19ce85d6ed73acf03fb52d098b0641aed356fe6aeb?s=96&d=mm&r=g","caption":"Comunicaciones"},"url":"https:\/\/www.scuola.cl\/sivm\/author\/comunicaciones-scuola\/"}]}},"_links":{"self":[{"href":"https:\/\/www.scuola.cl\/sivm\/wp-json\/wp\/v2\/posts\/11262","targetHints":{"allow":["GET"]}}],"collection":[{"href":"https:\/\/www.scuola.cl\/sivm\/wp-json\/wp\/v2\/posts"}],"about":[{"href":"https:\/\/www.scuola.cl\/sivm\/wp-json\/wp\/v2\/types\/post"}],"author":[{"embeddable":true,"href":"https:\/\/www.scuola.cl\/sivm\/wp-json\/wp\/v2\/users\/2"}],"replies":[{"embeddable":true,"href":"https:\/\/www.scuola.cl\/sivm\/wp-json\/wp\/v2\/comments?post=11262"}],"version-history":[{"count":3,"href":"https:\/\/www.scuola.cl\/sivm\/wp-json\/wp\/v2\/posts\/11262\/revisions"}],"predecessor-version":[{"id":11279,"href":"https:\/\/www.scuola.cl\/sivm\/wp-json\/wp\/v2\/posts\/11262\/revisions\/11279"}],"wp:featuredmedia":[{"embeddable":true,"href":"https:\/\/www.scuola.cl\/sivm\/wp-json\/wp\/v2\/media\/11277"}],"wp:attachment":[{"href":"https:\/\/www.scuola.cl\/sivm\/wp-json\/wp\/v2\/media?parent=11262"}],"wp:term":[{"taxonomy":"category","embeddable":true,"href":"https:\/\/www.scuola.cl\/sivm\/wp-json\/wp\/v2\/categories?post=11262"},{"taxonomy":"post_tag","embeddable":true,"href":"https:\/\/www.scuola.cl\/sivm\/wp-json\/wp\/v2\/tags?post=11262"}],"curies":[{"name":"wp","href":"https:\/\/api.w.org\/{rel}","templated":true}]}}