{"id":11218,"date":"2019-09-16T12:52:53","date_gmt":"2019-09-16T15:52:53","guid":{"rendered":"http:\/\/www.scuola.cl\/sivm\/?p=11218"},"modified":"2019-09-23T09:10:11","modified_gmt":"2019-09-23T12:10:11","slug":"visita-paranal-2","status":"publish","type":"post","link":"https:\/\/www.scuola.cl\/sivm\/visita-paranal-2\/","title":{"rendered":"Visita Paranal"},"content":{"rendered":"\n<p>Ancora una volta gli alunni e alunne dell\u2019elettivo Matematico-Fisico di III liceo hanno potuto visitare e conoscere uno dei telescopi pi\u00fa importanti del mondo: l\u2019osservatorio Paranal&nbsp; della ESO (European Southern Organization) situato a 130 kilometri al sud della citt\u00e0 di Antofagasta ad una altitudine di&nbsp; 2.600 metri. L\u2019avventura, che ormai \u00e8 una tradizione per l\u2019elettivo matematico-f\u00edsico della Scuola,, \u00e9 cominciata venerd\u00ed 6 settembre alle sette del mattino, quando&nbsp; gli alunni e le alunne sono partiti dalla Scuola verso l\u2019aereoporto, con il bus guidato da uno degli autisti di fiducia della Scuola: Lucio. I ragazzi erano accompagnati dalle professoresse Carla Gonzalez e Michela Cuomo, incaricate ripetttivamente&nbsp; di fisica e matematica negli elettivi di III e IV liceo e da Alessandra Calcagni che aveva il non facile compito di aiutare i ragazzi in tutte le riprese audiovisuali necessarie per il lavoro che dovranno svolgere a partire da questa esperienza.<\/p>\n<p>Appena arrivati ad Antofagasta la prima tappa \u00e8 stata la famosa Portada, simbolo della citt\u00e0. Accompagnati da una guida abbiamo potuto apprezzare la belleza della zona e la ricchezza della fauna. Il viaggio \u00e8&nbsp; continuato con la visita al museo geologico Profesor Humberto Fuenzalida V. della Universidad Catolica del Norte. Visita interessantissima non solo per la quantit\u00e0 di pietre, minerali e fossili conservate nel museo ma anche per le spiegazioni date dalle guide che ci accompagnavano e che ci hanno permesso di conoscere la ricchezza di questa regione e del Cile in generale e dell\u2019importanza della geologia per il nostro paese.<\/p>\n<p>Finalmente il sabato abbiamo potuto vistare il Telescopio VLT del Paranal. (le visite sono permesse solo il sabato) . Sveglia alle sette e partenza alle 7:30 per poter arrivare al telescopio puntuali, la strada \u00e8 lunga e l\u2019ultimo tratto abbastanza tortuoso, infatti incontriamo un camion capovolto.&nbsp; La prima parte della visita \u00e8 proprio ai telescopi. Ci dividono in due gruppi ma per fortuna siamo ben organizzati e la separazione non ci distoglie dalla meta: i ragazzi devono intervistare le guide che ci accompagnano per ricavare informazioni per i loro progetti futuri. Le domande sono state preparate durante i mesi precedenti,&nbsp; gli ultimi ritocchi sono stati dati il giorno prima nell\u2019Hotel. Alessandra fa le riprese e la professoressa Carla aiuta con la registrazione dell\u2019audio. I ragazzi e le ragazze&nbsp; sono entusiasti, si sentono come su Marte, pronti per una spedizione spaziale. Le diomande che hanno preparato sono interessanti e le risposte aprono nuovi orrizonti e fanno sorgere altre domande. Dopo la visita al telescopio, possiamo vistare la residenza degli astronomi: magari un giorno uno dei nostri alunni e\/o alunne sar\u00e1 l\u00ec!&nbsp;&nbsp;<\/p>\n<p>\u00c8 terminata la visita, che si potr\u00e1 apprezzare in pieno quando vedremo i video che i nostri studenti prepareranno. Prima di tornare ad Antofagasta passiamo ad ammirare la Mano questo immenso monumento nel deserto dello scultore cileno Mario Irrar\u00e1zabal, che incredibile la mano di questo gigante che esce dalla terra.<\/p>\n<p>Siamo arrivati alla fine del viaggio, si ritorna a casa \u00e8 stata una bellissima esperienza per tutti, alunni, alunne e professori. Torniamo stanchi ma felici: sono stati due giorni intensi .<\/p>\n<p>&nbsp;<\/p>\n<p>Grazie Scuola, grazie ragazzi e ragazze.<\/p>\n<p>&nbsp;<\/p>\n<p>Viva la Matematica e la Fisica&nbsp; e Viva l\u2019Astronomia!!!<\/p>\n<p>&nbsp;<\/p>\n<p>Grazie Cile per darci uno dei cieli pi\u00fa belli al mondo!<\/p>\n<p>&nbsp;<\/p>\n<p><img loading=\"lazy\" decoding=\"async\" width=\"700\" height=\"474\" class=\"alignnone size-large wp-image-11219\" src=\"http:\/\/www.scuola.cl\/sivm\/wp-content\/uploads\/2019\/09\/paranal-2-700x474.jpg\" alt=\"\" srcset=\"https:\/\/www.scuola.cl\/sivm\/wp-content\/uploads\/2019\/09\/paranal-2-700x474.jpg 700w, https:\/\/www.scuola.cl\/sivm\/wp-content\/uploads\/2019\/09\/paranal-2-250x169.jpg 250w, https:\/\/www.scuola.cl\/sivm\/wp-content\/uploads\/2019\/09\/paranal-2-768x521.jpg 768w, https:\/\/www.scuola.cl\/sivm\/wp-content\/uploads\/2019\/09\/paranal-2-120x81.jpg 120w, https:\/\/www.scuola.cl\/sivm\/wp-content\/uploads\/2019\/09\/paranal-2.jpg 900w\" sizes=\"auto, (max-width: 700px) 100vw, 700px\" \/><\/p>\n","protected":false},"excerpt":{"rendered":"Ancora una volta gli alunni dell\u2019elettivo Matematico-Fisico di III liceo, hanno potuto conoscere uno dei telescopi pi\u00fa importanti del mondo: l\u2019osservatorio Paranal\u00a0della ESO situato a 130 km. della citt\u00e0 di Antofagasta.","protected":false},"author":2,"featured_media":11223,"comment_status":"open","ping_status":"open","sticky":false,"template":"","format":"standard","meta":{"_acf_changed":false,"footnotes":""},"categories":[5,24],"tags":[],"class_list":["post-11218","post","type-post","status-publish","format-standard","has-post-thumbnail","hentry","category-noticias","category-scuola"],"acf":[],"yoast_head":"<!-- This site is optimized with the Yoast SEO plugin v27.1.1 - https:\/\/yoast.com\/product\/yoast-seo-wordpress\/ -->\n<title>Visita Paranal - Scuola Italiana<\/title>\n<meta name=\"robots\" content=\"index, follow, max-snippet:-1, max-image-preview:large, max-video-preview:-1\" \/>\n<link rel=\"canonical\" href=\"https:\/\/www.scuola.cl\/sivm\/visita-paranal-2\/\" \/>\n<meta property=\"og:locale\" content=\"es_ES\" \/>\n<meta property=\"og:type\" content=\"article\" \/>\n<meta property=\"og:title\" content=\"Visita Paranal - Scuola Italiana\" \/>\n<meta property=\"og:description\" content=\"Ancora una volta gli alunni dell\u2019elettivo Matematico-Fisico di III liceo, hanno potuto conoscere uno dei telescopi pi\u00fa importanti del mondo: l\u2019osservatorio Paranal\u00a0della ESO situato a 130 km. della citt\u00e0 di Antofagasta.\" \/>\n<meta property=\"og:url\" content=\"https:\/\/www.scuola.cl\/sivm\/visita-paranal-2\/\" \/>\n<meta property=\"og:site_name\" content=\"Scuola Italiana\" \/>\n<meta property=\"article:published_time\" content=\"2019-09-16T15:52:53+00:00\" \/>\n<meta property=\"article:modified_time\" content=\"2019-09-23T12:10:11+00:00\" \/>\n<meta property=\"og:image\" content=\"https:\/\/www.scuola.cl\/sivm\/wp-content\/uploads\/2019\/09\/paranal-1.jpg\" \/>\n\t<meta property=\"og:image:width\" content=\"900\" \/>\n\t<meta property=\"og:image:height\" content=\"610\" \/>\n\t<meta property=\"og:image:type\" content=\"image\/jpeg\" \/>\n<meta name=\"author\" content=\"Comunicaciones\" \/>\n<meta name=\"twitter:card\" content=\"summary_large_image\" \/>\n<meta name=\"twitter:label1\" content=\"Escrito por\" \/>\n\t<meta name=\"twitter:data1\" content=\"Comunicaciones\" \/>\n\t<meta name=\"twitter:label2\" content=\"Tiempo de lectura\" \/>\n\t<meta name=\"twitter:data2\" content=\"3 minutos\" \/>\n<script type=\"application\/ld+json\" class=\"yoast-schema-graph\">{\"@context\":\"https:\/\/schema.org\",\"@graph\":[{\"@type\":\"Article\",\"@id\":\"https:\/\/www.scuola.cl\/sivm\/visita-paranal-2\/#article\",\"isPartOf\":{\"@id\":\"https:\/\/www.scuola.cl\/sivm\/visita-paranal-2\/\"},\"author\":{\"name\":\"Comunicaciones\",\"@id\":\"https:\/\/www.scuola.cl\/sivm\/#\/schema\/person\/2ac68abc1b548ee6d8e16c4d3727d1b2\"},\"headline\":\"Visita Paranal\",\"datePublished\":\"2019-09-16T15:52:53+00:00\",\"dateModified\":\"2019-09-23T12:10:11+00:00\",\"mainEntityOfPage\":{\"@id\":\"https:\/\/www.scuola.cl\/sivm\/visita-paranal-2\/\"},\"wordCount\":551,\"commentCount\":0,\"publisher\":{\"@id\":\"https:\/\/www.scuola.cl\/sivm\/#organization\"},\"image\":{\"@id\":\"https:\/\/www.scuola.cl\/sivm\/visita-paranal-2\/#primaryimage\"},\"thumbnailUrl\":\"https:\/\/www.scuola.cl\/sivm\/wp-content\/uploads\/2019\/09\/paranal-1.jpg\",\"articleSection\":[\"Noticias\",\"Scuola\"],\"inLanguage\":\"es\",\"potentialAction\":[{\"@type\":\"CommentAction\",\"name\":\"Comment\",\"target\":[\"https:\/\/www.scuola.cl\/sivm\/visita-paranal-2\/#respond\"]}]},{\"@type\":\"WebPage\",\"@id\":\"https:\/\/www.scuola.cl\/sivm\/visita-paranal-2\/\",\"url\":\"https:\/\/www.scuola.cl\/sivm\/visita-paranal-2\/\",\"name\":\"Visita Paranal - Scuola Italiana\",\"isPartOf\":{\"@id\":\"https:\/\/www.scuola.cl\/sivm\/#website\"},\"primaryImageOfPage\":{\"@id\":\"https:\/\/www.scuola.cl\/sivm\/visita-paranal-2\/#primaryimage\"},\"image\":{\"@id\":\"https:\/\/www.scuola.cl\/sivm\/visita-paranal-2\/#primaryimage\"},\"thumbnailUrl\":\"https:\/\/www.scuola.cl\/sivm\/wp-content\/uploads\/2019\/09\/paranal-1.jpg\",\"datePublished\":\"2019-09-16T15:52:53+00:00\",\"dateModified\":\"2019-09-23T12:10:11+00:00\",\"breadcrumb\":{\"@id\":\"https:\/\/www.scuola.cl\/sivm\/visita-paranal-2\/#breadcrumb\"},\"inLanguage\":\"es\",\"potentialAction\":[{\"@type\":\"ReadAction\",\"target\":[\"https:\/\/www.scuola.cl\/sivm\/visita-paranal-2\/\"]}]},{\"@type\":\"ImageObject\",\"inLanguage\":\"es\",\"@id\":\"https:\/\/www.scuola.cl\/sivm\/visita-paranal-2\/#primaryimage\",\"url\":\"https:\/\/www.scuola.cl\/sivm\/wp-content\/uploads\/2019\/09\/paranal-1.jpg\",\"contentUrl\":\"https:\/\/www.scuola.cl\/sivm\/wp-content\/uploads\/2019\/09\/paranal-1.jpg\",\"width\":900,\"height\":610},{\"@type\":\"BreadcrumbList\",\"@id\":\"https:\/\/www.scuola.cl\/sivm\/visita-paranal-2\/#breadcrumb\",\"itemListElement\":[{\"@type\":\"ListItem\",\"position\":1,\"name\":\"Inicio\",\"item\":\"https:\/\/www.scuola.cl\/sivm\/\"},{\"@type\":\"ListItem\",\"position\":2,\"name\":\"Noticias\",\"item\":\"https:\/\/www.scuola.cl\/sivm\/category\/noticias\/\"},{\"@type\":\"ListItem\",\"position\":3,\"name\":\"Visita Paranal\"}]},{\"@type\":\"WebSite\",\"@id\":\"https:\/\/www.scuola.cl\/sivm\/#website\",\"url\":\"https:\/\/www.scuola.cl\/sivm\/\",\"name\":\"Scuola Italiana\",\"description\":\"Vittorio Montiglio\",\"publisher\":{\"@id\":\"https:\/\/www.scuola.cl\/sivm\/#organization\"},\"potentialAction\":[{\"@type\":\"SearchAction\",\"target\":{\"@type\":\"EntryPoint\",\"urlTemplate\":\"https:\/\/www.scuola.cl\/sivm\/?s={search_term_string}\"},\"query-input\":{\"@type\":\"PropertyValueSpecification\",\"valueRequired\":true,\"valueName\":\"search_term_string\"}}],\"inLanguage\":\"es\"},{\"@type\":\"Organization\",\"@id\":\"https:\/\/www.scuola.cl\/sivm\/#organization\",\"name\":\"Scuola Italiana Vittorio Montiglio\",\"url\":\"https:\/\/www.scuola.cl\/sivm\/\",\"logo\":{\"@type\":\"ImageObject\",\"inLanguage\":\"es\",\"@id\":\"https:\/\/www.scuola.cl\/sivm\/#\/schema\/logo\/image\/\",\"url\":\"https:\/\/www.scuola.cl\/sivm\/wp-content\/uploads\/2019\/06\/Logo_Scuola-01-001-1000x1000.png\",\"contentUrl\":\"https:\/\/www.scuola.cl\/sivm\/wp-content\/uploads\/2019\/06\/Logo_Scuola-01-001-1000x1000.png\",\"width\":1000,\"height\":1000,\"caption\":\"Scuola Italiana Vittorio Montiglio\"},\"image\":{\"@id\":\"https:\/\/www.scuola.cl\/sivm\/#\/schema\/logo\/image\/\"}},{\"@type\":\"Person\",\"@id\":\"https:\/\/www.scuola.cl\/sivm\/#\/schema\/person\/2ac68abc1b548ee6d8e16c4d3727d1b2\",\"name\":\"Comunicaciones\",\"image\":{\"@type\":\"ImageObject\",\"inLanguage\":\"es\",\"@id\":\"https:\/\/www.scuola.cl\/sivm\/#\/schema\/person\/image\/\",\"url\":\"https:\/\/secure.gravatar.com\/avatar\/0b29fd7cdce1ec9939eded19ce85d6ed73acf03fb52d098b0641aed356fe6aeb?s=96&d=mm&r=g\",\"contentUrl\":\"https:\/\/secure.gravatar.com\/avatar\/0b29fd7cdce1ec9939eded19ce85d6ed73acf03fb52d098b0641aed356fe6aeb?s=96&d=mm&r=g\",\"caption\":\"Comunicaciones\"},\"url\":\"https:\/\/www.scuola.cl\/sivm\/author\/comunicaciones-scuola\/\"}]}<\/script>\n<!-- \/ Yoast SEO plugin. -->","yoast_head_json":{"title":"Visita Paranal - Scuola Italiana","robots":{"index":"index","follow":"follow","max-snippet":"max-snippet:-1","max-image-preview":"max-image-preview:large","max-video-preview":"max-video-preview:-1"},"canonical":"https:\/\/www.scuola.cl\/sivm\/visita-paranal-2\/","og_locale":"es_ES","og_type":"article","og_title":"Visita Paranal - Scuola Italiana","og_description":"Ancora una volta gli alunni dell\u2019elettivo Matematico-Fisico di III liceo, hanno potuto conoscere uno dei telescopi pi\u00fa importanti del mondo: l\u2019osservatorio Paranal\u00a0della ESO situato a 130 km. della citt\u00e0 di Antofagasta.","og_url":"https:\/\/www.scuola.cl\/sivm\/visita-paranal-2\/","og_site_name":"Scuola Italiana","article_published_time":"2019-09-16T15:52:53+00:00","article_modified_time":"2019-09-23T12:10:11+00:00","og_image":[{"width":900,"height":610,"url":"https:\/\/www.scuola.cl\/sivm\/wp-content\/uploads\/2019\/09\/paranal-1.jpg","type":"image\/jpeg"}],"author":"Comunicaciones","twitter_card":"summary_large_image","twitter_misc":{"Escrito por":"Comunicaciones","Tiempo de lectura":"3 minutos"},"schema":{"@context":"https:\/\/schema.org","@graph":[{"@type":"Article","@id":"https:\/\/www.scuola.cl\/sivm\/visita-paranal-2\/#article","isPartOf":{"@id":"https:\/\/www.scuola.cl\/sivm\/visita-paranal-2\/"},"author":{"name":"Comunicaciones","@id":"https:\/\/www.scuola.cl\/sivm\/#\/schema\/person\/2ac68abc1b548ee6d8e16c4d3727d1b2"},"headline":"Visita Paranal","datePublished":"2019-09-16T15:52:53+00:00","dateModified":"2019-09-23T12:10:11+00:00","mainEntityOfPage":{"@id":"https:\/\/www.scuola.cl\/sivm\/visita-paranal-2\/"},"wordCount":551,"commentCount":0,"publisher":{"@id":"https:\/\/www.scuola.cl\/sivm\/#organization"},"image":{"@id":"https:\/\/www.scuola.cl\/sivm\/visita-paranal-2\/#primaryimage"},"thumbnailUrl":"https:\/\/www.scuola.cl\/sivm\/wp-content\/uploads\/2019\/09\/paranal-1.jpg","articleSection":["Noticias","Scuola"],"inLanguage":"es","potentialAction":[{"@type":"CommentAction","name":"Comment","target":["https:\/\/www.scuola.cl\/sivm\/visita-paranal-2\/#respond"]}]},{"@type":"WebPage","@id":"https:\/\/www.scuola.cl\/sivm\/visita-paranal-2\/","url":"https:\/\/www.scuola.cl\/sivm\/visita-paranal-2\/","name":"Visita Paranal - Scuola Italiana","isPartOf":{"@id":"https:\/\/www.scuola.cl\/sivm\/#website"},"primaryImageOfPage":{"@id":"https:\/\/www.scuola.cl\/sivm\/visita-paranal-2\/#primaryimage"},"image":{"@id":"https:\/\/www.scuola.cl\/sivm\/visita-paranal-2\/#primaryimage"},"thumbnailUrl":"https:\/\/www.scuola.cl\/sivm\/wp-content\/uploads\/2019\/09\/paranal-1.jpg","datePublished":"2019-09-16T15:52:53+00:00","dateModified":"2019-09-23T12:10:11+00:00","breadcrumb":{"@id":"https:\/\/www.scuola.cl\/sivm\/visita-paranal-2\/#breadcrumb"},"inLanguage":"es","potentialAction":[{"@type":"ReadAction","target":["https:\/\/www.scuola.cl\/sivm\/visita-paranal-2\/"]}]},{"@type":"ImageObject","inLanguage":"es","@id":"https:\/\/www.scuola.cl\/sivm\/visita-paranal-2\/#primaryimage","url":"https:\/\/www.scuola.cl\/sivm\/wp-content\/uploads\/2019\/09\/paranal-1.jpg","contentUrl":"https:\/\/www.scuola.cl\/sivm\/wp-content\/uploads\/2019\/09\/paranal-1.jpg","width":900,"height":610},{"@type":"BreadcrumbList","@id":"https:\/\/www.scuola.cl\/sivm\/visita-paranal-2\/#breadcrumb","itemListElement":[{"@type":"ListItem","position":1,"name":"Inicio","item":"https:\/\/www.scuola.cl\/sivm\/"},{"@type":"ListItem","position":2,"name":"Noticias","item":"https:\/\/www.scuola.cl\/sivm\/category\/noticias\/"},{"@type":"ListItem","position":3,"name":"Visita Paranal"}]},{"@type":"WebSite","@id":"https:\/\/www.scuola.cl\/sivm\/#website","url":"https:\/\/www.scuola.cl\/sivm\/","name":"Scuola Italiana","description":"Vittorio Montiglio","publisher":{"@id":"https:\/\/www.scuola.cl\/sivm\/#organization"},"potentialAction":[{"@type":"SearchAction","target":{"@type":"EntryPoint","urlTemplate":"https:\/\/www.scuola.cl\/sivm\/?s={search_term_string}"},"query-input":{"@type":"PropertyValueSpecification","valueRequired":true,"valueName":"search_term_string"}}],"inLanguage":"es"},{"@type":"Organization","@id":"https:\/\/www.scuola.cl\/sivm\/#organization","name":"Scuola Italiana Vittorio Montiglio","url":"https:\/\/www.scuola.cl\/sivm\/","logo":{"@type":"ImageObject","inLanguage":"es","@id":"https:\/\/www.scuola.cl\/sivm\/#\/schema\/logo\/image\/","url":"https:\/\/www.scuola.cl\/sivm\/wp-content\/uploads\/2019\/06\/Logo_Scuola-01-001-1000x1000.png","contentUrl":"https:\/\/www.scuola.cl\/sivm\/wp-content\/uploads\/2019\/06\/Logo_Scuola-01-001-1000x1000.png","width":1000,"height":1000,"caption":"Scuola Italiana Vittorio Montiglio"},"image":{"@id":"https:\/\/www.scuola.cl\/sivm\/#\/schema\/logo\/image\/"}},{"@type":"Person","@id":"https:\/\/www.scuola.cl\/sivm\/#\/schema\/person\/2ac68abc1b548ee6d8e16c4d3727d1b2","name":"Comunicaciones","image":{"@type":"ImageObject","inLanguage":"es","@id":"https:\/\/www.scuola.cl\/sivm\/#\/schema\/person\/image\/","url":"https:\/\/secure.gravatar.com\/avatar\/0b29fd7cdce1ec9939eded19ce85d6ed73acf03fb52d098b0641aed356fe6aeb?s=96&d=mm&r=g","contentUrl":"https:\/\/secure.gravatar.com\/avatar\/0b29fd7cdce1ec9939eded19ce85d6ed73acf03fb52d098b0641aed356fe6aeb?s=96&d=mm&r=g","caption":"Comunicaciones"},"url":"https:\/\/www.scuola.cl\/sivm\/author\/comunicaciones-scuola\/"}]}},"_links":{"self":[{"href":"https:\/\/www.scuola.cl\/sivm\/wp-json\/wp\/v2\/posts\/11218","targetHints":{"allow":["GET"]}}],"collection":[{"href":"https:\/\/www.scuola.cl\/sivm\/wp-json\/wp\/v2\/posts"}],"about":[{"href":"https:\/\/www.scuola.cl\/sivm\/wp-json\/wp\/v2\/types\/post"}],"author":[{"embeddable":true,"href":"https:\/\/www.scuola.cl\/sivm\/wp-json\/wp\/v2\/users\/2"}],"replies":[{"embeddable":true,"href":"https:\/\/www.scuola.cl\/sivm\/wp-json\/wp\/v2\/comments?post=11218"}],"version-history":[{"count":4,"href":"https:\/\/www.scuola.cl\/sivm\/wp-json\/wp\/v2\/posts\/11218\/revisions"}],"predecessor-version":[{"id":11225,"href":"https:\/\/www.scuola.cl\/sivm\/wp-json\/wp\/v2\/posts\/11218\/revisions\/11225"}],"wp:featuredmedia":[{"embeddable":true,"href":"https:\/\/www.scuola.cl\/sivm\/wp-json\/wp\/v2\/media\/11223"}],"wp:attachment":[{"href":"https:\/\/www.scuola.cl\/sivm\/wp-json\/wp\/v2\/media?parent=11218"}],"wp:term":[{"taxonomy":"category","embeddable":true,"href":"https:\/\/www.scuola.cl\/sivm\/wp-json\/wp\/v2\/categories?post=11218"},{"taxonomy":"post_tag","embeddable":true,"href":"https:\/\/www.scuola.cl\/sivm\/wp-json\/wp\/v2\/tags?post=11218"}],"curies":[{"name":"wp","href":"https:\/\/api.w.org\/{rel}","templated":true}]}}